{"id":1019,"date":"2012-10-23T14:55:26","date_gmt":"2012-10-23T16:55:26","guid":{"rendered":"http:\/\/www.encontracentrosaopaulo.com.br\/noticias\/?p=1019"},"modified":"2019-04-29T16:21:37","modified_gmt":"2019-04-29T19:21:37","slug":"festival-contemporaneo-de-danca-comeca-dia-i-de-novembro-em-sao-paulo","status":"publish","type":"post","link":"https:\/\/www.encontracentrosaopaulo.com.br\/sobre\/festival-contemporaneo-de-danca-comeca-dia-i-de-novembro-em-sao-paulo\/","title":{"rendered":"Festival Contempor\u00e2neo de Dan\u00e7a come\u00e7a dia I de novembro em S\u00e3o Paulo"},"content":{"rendered":"<div class=\"d6585b5127f45a35450431d0abc3f90c\" data-index=\"1\" style=\"float: none; margin:0px;\">\n<!-- Anuncio display - global -->\r\n<ins class=\"adsbygoogle\"\r\n     style=\"display:block\"\r\n     data-ad-client=\"ca-pub-8585364105181520\"\r\n     data-ad-slot=\"8789329856\"\r\n     data-ad-format=\"auto\"\r\n     data-full-width-responsive=\"true\"><\/ins>\r\n<script>\r\n     (adsbygoogle = window.adsbygoogle || []).push({});\r\n<\/script>\n<\/div>\n<p>De 1\u00ba a 18 de novembro, S\u00e3o Paulo recebe a quinta edi\u00e7\u00e3o do Festival  Contempor\u00e2neo de Dan\u00e7a (FCD). Com 21 apresenta\u00e7\u00f5es de trabalhos  nacionais e internacionais, e artistas vindos de pa\u00edses como Alemanha,  Martinica (Caribe), Argentina, Su\u00e9cia, EUA, Holanda e diversos estados  brasileiros, o festival ocorre em tr\u00eas espa\u00e7os paulistanos \u2014 Galeria  Olido, Caixa Cultural da S\u00e9 e Centro Cultural Banco do Brasil, com entrada franca.<\/p>\n<p>Sob curadoria de Adriana Grechi e dire\u00e7\u00e3o de Amaury Cacciacarro Filhos,  o principal objetivo do evento \u00e9 trazer artistas que atualmente  expressam as novas dire\u00e7\u00f5es \u00e0 dan\u00e7a contempor\u00e2nea e, dessa forma,  expandem o entendimento do que pode ser a dan\u00e7a. Nesta edi\u00e7\u00e3o, o p\u00fablico  ainda contar\u00e1 com quatro oficinas de cria\u00e7\u00e3o voltadas para estudantes e  profissionais de dan\u00e7a oriundos de v\u00e1rias localidades do pa\u00eds.<\/p>\n<p><strong>Confira a programa\u00e7\u00e3o completa:<\/strong><\/p>\n<p><strong>Espet\u00e1culo:<\/strong> \u201cA Freak Show for S.\u201d; artista:  Annabel Gu\u00e9r\u00e9drat (Martinica\/Caribe); Caixa Cultural da S\u00e9; dias 1\u00ba, 2 e  3 de novembro, \u00e0s 19h;\u00a0O espet\u00e1culo \u00e9 uma homenagem da artista para  Sarah Baartman, a \u201cV\u00eanus Negra\u201d ou \u201cV\u00eanus Hotentote\u201d, \u00a0uma mulher levada  da regi\u00e3o da \u00c1frica para a Europa no in\u00edcio do s\u00e9culo 18 para ser  exibida como aberra\u00e7\u00e3o da natureza por ter as formas do corpo  avantajadas. Trata-se de um solo cujo tema \u00e9 o corpo da mulher negra,  exposto sob um vi\u00e9s pol\u00edtico e n\u00e3o apenas sexual: \u00e9 uma afirma\u00e7\u00e3o \u00e9tica  e, ao mesmo tempo, um corpo em revolta. Uma investida perform\u00e1tica cheia de energia de Annabel Gu\u00e9r\u00e9drat.<\/p>\n<p><strong>Espet\u00e1culo:<\/strong> \u201cThis is Concrete\u201d; artistas: Jefta van  Dinther (Estocolmo\/Amsterd\u00e3) e Thiago Granato (S\u00e3o Paulo\/Berlim);  Galeria OLIDO; dias 1\u00ba e 2 de novembro, \u00e0s 21h; O espet\u00e1culo apresenta  dois homens que se embrenham um no outro incessantemente, imersos em um  ambiente sonoro de batidas estonteantes e sombras girat\u00f3rias. A viagem  dos artistas \u00e9 longa, entorpecida e sexual. Na fus\u00e3o corporal e social  gerada entre eles, o trajeto se transforma gradativamente em prazer.<\/p>\n<p><strong>Espet\u00e1culo:<\/strong> \u201cYou Must\u201d; artista: Fernando Belfiore  (S\u00e3o Paulo \/ Amsterd\u00e3); Galeria OLIDO; dias 3 e 4 de novembro, 21h e  domingo, 19h30; No solo \u201cYou Must\u201d a coreografia \u00e9 concebida como um  artesanato c\u00eanico que aciona um exerc\u00edcio de percep\u00e7\u00e3o e imagina\u00e7\u00e3o. Com  o uso da voz, o performer cria uma colagem destacando a materialidade  do corpo e da cena a fim de estimular a produ\u00e7\u00e3o de sentidos. Como  transcender os limites e deveres estabelecidos? \u201cYou must\u201d prop\u00f5e um  universo de intensidade e fragilidade.<\/p>\n<p><strong>Espet\u00e1culo:<\/strong> \u201cChamando ela sem eles\u201d; artista: Sheila  Ribeiro (S\u00e3o Paulo);\u00a0Galeria OLIDO; dia\u00a04 de novembro, domingo, 18h;  \u201cChamando ela sem eles\u201d \u00e9 um jeito atrav\u00e9s da pot\u00eancia e do perigo \/ um  hub de del\u00edcias \/ para um mundo que a gente n\u00e3o sabe mais o que \u00e9.  CHAMANDO ELA \u00e9 uma companhia de conceitos no encontro bomb\u00e1stico de  Sheila Ribeiro, Tiago Lima e Jo\u00e3o Milet Meirelles, grupo que integra  pesquisas nas \u00e1reas: moda, dan\u00e7a, arquitetura e tecnologia.<\/p>\n<p><strong>Espet\u00e1culo:<\/strong> \u201cO.\u201d; artista: Elisabete Finger (Curitiba,  Paran\u00e1\/Berlim);\u00a0Galeria OLIDO; dias 8 e 9 de novembro, quinta e sexta,  \u00e0s 21h;\u00a0&#8220;O.\u201d \u00e9 o \u00faltimo trabalho da s\u00e9rie \u201cestudos para monstro\u201d,  concebido por Elisabete Finger. O espet\u00e1culo \u00e9 tudo que artista n\u00e3o v\u00ea,  mas o p\u00fablico v\u00ea.<\/p>\n<p><strong>Espet\u00e1culo:<\/strong> \u201cPr\u00eat-\u00e0-porter de V\u00edsceras II\u201d;  artista: Marcelo Gabriel (Belo Horizonte);\u00a0Galeria OLIDO; dias 10 e 11  de novembro, s\u00e1bado, 21h e domingo, 19h30; Pr\u00eat-\u00e0-Porter de V\u00edsceras II  retoma a discuss\u00e3o iniciada na primeira parte do trabalho apresentada em  1996, questionando a posi\u00e7\u00e3o dos livres pensadores diante da press\u00e3o da  sociedade contempor\u00e2nea. Aferindo o estado de anestesia est\u00e9tico social que  impede a democratiza\u00e7\u00e3o e a fertiliza\u00e7\u00e3o de novos processos e ideias, a  obra \u00e9 um libelo a favor da liberdade de express\u00e3o e autonomia em uma  estrutura imatura.<\/p>\n<p><strong>Espet\u00e1culo: <\/strong>\u201cManeries\u201d; artista: Luis Garay  (Bogot\u00e1\/Buenos Aires); Centro Cultural Banco do Brasil;\u00a0dias 10 e 11 de  novembro, s\u00e1bado, 19h30 e domingo, 18h; O espet\u00e1culo n\u00e3o se refere a  algo universal, (o corpo) nem ao particular: abra\u00e7a os dois. Luis Garay  procura mostrar que chegamos a um ponto em que falamos da linguagem, do  signo e da palavra, sendo que ela se esvaiu. O argentino traz um  trabalho detalhado, entrela\u00e7ando uma \u00a0reflex\u00e3o filos\u00f3fica que o  popularizou como um criador contundente.<\/p>\n<p><strong>Espet\u00e1culo:<\/strong> \u201cPiranha\u201d; artista: Wagner Schwartz (Volta  Redonda \/ Paris); Centro Cultural Banco do Brasil;\u00a0dias 14 e 15 de  novembro, quarta e quinta, 19h30;\u00a0Piranha \u00e9 a met\u00e1fora de um corpo em  reclus\u00e3o. Ele se agita nevralgicamente, entre uma din\u00e2mica volunt\u00e1ria e  involunt\u00e1ria, sitiado por uma composi\u00e7\u00e3o de ru\u00eddos digitais. O fluxo de  movimento que se enreda sob um feixe de luz desdobra, em seu pr\u00f3prio  corpo e no espa\u00e7o c\u00eanico, as varia\u00e7\u00f5es sutis de uma rave, de uma guerra,  de uma possess\u00e3o, de um susto, de uma morte.<\/p>\n<p><strong>Espet\u00e1culo:<\/strong> \u201cRobert and Maria\u201d; artistas: Maria  Hassabi (Nicosia-Chipre\/Nova Iorque) e Robert Steijn (Amsterd\u00e3);\u00a0Centro  Cultura Banco do Brasil; dias 16, 17 e 18 de novembro, sexta e s\u00e1bado  19h30, e domingo 18h; Neste primeiro dueto criado em parceria, eles se  perguntam onde as diferen\u00e7as externas encontram semelhan\u00e7as internas  enquanto selam um pacto de devo\u00e7\u00e3o incondicional. Esta \u00e9 a primeira vez  que os dois artistas, consagrados internacionalmente, pisam em terras  brasileiras para se apresentar.<\/p>\n<p><strong>Espet\u00e1culo:<\/strong> \u201c\u00c1rvores\u201d; artista: Clarice Lima  (Fortaleza \/ S\u00e3o Paulo);\u00a0Caixa Cultural da S\u00e9; dias \u00a017 e 18 de  novembro, s\u00e1bado e domingo, 16h; \u00c1rvores \u00e9 uma performance art\u00edstica que  exprime o desejo de perman\u00eancia, invertendo o espa\u00e7o e questionando o  tempo. At\u00e9 quando o corpo aguenta? O trabalho surge como desejo de  enraizamento na cidade, onde pessoas vestidas com o mesmo figurino ficam  de cabe\u00e7a para baixo, quase como \u00e1rvores, plantadas, at\u00e9 quando  suportarem.<br \/>\n<strong><br \/>\nServi\u00e7o: <\/strong><\/p>\n<p><strong>Local: Galeria Olido \u2013 Sala Paissandu <\/strong>&#8211; <strong>Lota\u00e7\u00e3o<\/strong>: 136 lugares<\/p>\n<p><strong>Endere\u00e7o:<\/strong> Avenida S\u00e3o Jo\u00e3o n\u00ba473 \/ Regi\u00e3o Central de SP<\/p>\n<p><strong>Informa\u00e7\u00f5es: <\/strong>(11) 3331-8399 e 3397-0171<\/p>\n<p><strong>Caixa Cultural S\u00e9 <\/strong>&#8211; <strong>Lota\u00e7\u00e3o<\/strong>: 65 lugares<\/p>\n<p><strong>Endere\u00e7o:<\/strong> Pra\u00e7a da S\u00e9 \u2013 n\u00ba 111<\/p>\n<p><strong>Informa\u00e7\u00f5es:<\/strong> (11) 3321-4400 \/ Centro de SP<\/p>\n<p><strong>Centro Cultural Banco do Brasil<\/strong> &#8211; Audit\u00f3rio 2\u00ba andar &#8211; <strong>Lota\u00e7\u00e3o<\/strong>: 158 lugares<\/p>\n<p><strong>Endere\u00e7o: <\/strong>Rua \u00c1lvares Penteado 112, S\u00e9 &#8211; Encontra S\u00e3o Paulo<\/p>\n<p><strong>Informa\u00e7\u00f5es: <\/strong>(11) 3113-3651<\/p>\n\n<div style=\"font-size: 0px; height: 0px; line-height: 0px; margin: 0; padding: 0; clear: both;\"><\/div>","protected":false},"excerpt":{"rendered":"<p>De 1\u00ba a 18 de novembro, S\u00e3o Paulo recebe a quinta edi\u00e7\u00e3o do Festival Contempor\u00e2neo de Dan\u00e7a (FCD). Com 21 apresenta\u00e7\u00f5es de trabalhos nacionais e internacionais, e artistas vindos de pa\u00edses como Alemanha, Martinica (Caribe), Argentina, Su\u00e9cia, EUA, Holanda e diversos estados brasileiros, o festival ocorre em tr\u00eas espa\u00e7os paulistanos \u2014 Galeria Olido, Caixa Cultural da S\u00e9 e Centro Cultural Banco do Brasil, com entrada franca. Sob curadoria de Adriana Grechi e dire\u00e7\u00e3o de Amaury Cacciacarro Filhos, o principal objetivo do evento \u00e9 trazer artistas que atualmente expressam as novas dire\u00e7\u00f5es \u00e0 dan\u00e7a contempor\u00e2nea e, dessa forma, expandem o entendimento <\/p>\n","protected":false},"author":1,"featured_media":0,"comment_status":"open","ping_status":"closed","sticky":false,"template":"","format":"standard","meta":{"footnotes":""},"categories":[6],"tags":[],"class_list":["post-1019","post","type-post","status-publish","format-standard","hentry","category-noticias-no-centro-sp"],"aioseo_notices":[],"aioseo_head":"\n\t\t<!-- All in One SEO 5.0.0.1 - aioseo.com -->\n\t<meta name=\"description\" content=\"De 1\u00ba a 18 de novembro, S\u00e3o Paulo recebe a quinta edi\u00e7\u00e3o do Festival Contempor\u00e2neo de Dan\u00e7a (FCD). Com 21 apresenta\u00e7\u00f5es de trabalhos nacionais e internacionais, e artistas vindos de pa\u00edses como Alemanha, Martinica (Caribe), Argentina, Su\u00e9cia, EUA, Holanda e diversos estados brasileiros, o festival ocorre em tr\u00eas espa\u00e7os paulistanos \u2014 Galeria Olido, Caixa Cultural\" \/>\n\t<meta name=\"robots\" content=\"max-image-preview:large\" \/>\n\t<meta name=\"author\" content=\"Encontra Centro SP\"\/>\n\t<link rel=\"canonical\" href=\"https:\/\/www.encontracentrosaopaulo.com.br\/sobre\/festival-contemporaneo-de-danca-comeca-dia-i-de-novembro-em-sao-paulo\/\" \/>\n\t<meta name=\"generator\" content=\"All in One SEO (AIOSEO) 5.0.0.1\" \/>\n\t\t<meta property=\"og:locale\" content=\"pt_BR\" \/>\n\t\t<meta property=\"og:site_name\" content=\"Encontra Centro SP | Not\u00edcias, eventos, informa\u00e7\u00f5es e dicas na cidade de Centro SP e regi\u00e3o.\" \/>\n\t\t<meta property=\"og:type\" content=\"article\" \/>\n\t\t<meta property=\"og:title\" content=\"Festival Contempor\u00e2neo de Dan\u00e7a come\u00e7a dia I de novembro em S\u00e3o Paulo | Encontra Centro SP\" \/>\n\t\t<meta property=\"og:description\" content=\"De 1\u00ba a 18 de novembro, S\u00e3o Paulo recebe a quinta edi\u00e7\u00e3o do Festival Contempor\u00e2neo de Dan\u00e7a (FCD). Com 21 apresenta\u00e7\u00f5es de trabalhos nacionais e internacionais, e artistas vindos de pa\u00edses como Alemanha, Martinica (Caribe), Argentina, Su\u00e9cia, EUA, Holanda e diversos estados brasileiros, o festival ocorre em tr\u00eas espa\u00e7os paulistanos \u2014 Galeria Olido, Caixa Cultural\" \/>\n\t\t<meta property=\"og:url\" content=\"https:\/\/www.encontracentrosaopaulo.com.br\/sobre\/festival-contemporaneo-de-danca-comeca-dia-i-de-novembro-em-sao-paulo\/\" \/>\n\t\t<meta property=\"article:published_time\" content=\"2012-10-23T16:55:26+00:00\" \/>\n\t\t<meta property=\"article:modified_time\" content=\"2019-04-29T19:21:37+00:00\" \/>\n\t\t<meta name=\"twitter:card\" content=\"summary\" \/>\n\t\t<meta name=\"twitter:title\" content=\"Festival Contempor\u00e2neo de Dan\u00e7a come\u00e7a dia I de novembro em S\u00e3o Paulo | Encontra Centro SP\" \/>\n\t\t<meta name=\"twitter:description\" content=\"De 1\u00ba a 18 de novembro, S\u00e3o Paulo recebe a quinta edi\u00e7\u00e3o do Festival Contempor\u00e2neo de Dan\u00e7a (FCD). Com 21 apresenta\u00e7\u00f5es de trabalhos nacionais e internacionais, e artistas vindos de pa\u00edses como Alemanha, Martinica (Caribe), Argentina, Su\u00e9cia, EUA, Holanda e diversos estados brasileiros, o festival ocorre em tr\u00eas espa\u00e7os paulistanos \u2014 Galeria Olido, Caixa Cultural\" \/>\n\t\t<script type=\"application\/ld+json\" class=\"aioseo-schema\">\n\t\t\t{\"@context\":\"https:\\\/\\\/schema.org\",\"@graph\":[{\"@type\":\"Article\",\"@id\":\"https:\\\/\\\/www.encontracentrosaopaulo.com.br\\\/sobre\\\/festival-contemporaneo-de-danca-comeca-dia-i-de-novembro-em-sao-paulo\\\/#article\",\"name\":\"Festival Contempor\\u00e2neo de Dan\\u00e7a come\\u00e7a dia I de novembro em S\\u00e3o Paulo | Encontra Centro SP\",\"headline\":\"Festival Contempor\\u00e2neo de Dan\\u00e7a come\\u00e7a dia I de novembro em S\\u00e3o Paulo\",\"author\":{\"@id\":\"https:\\\/\\\/www.encontracentrosaopaulo.com.br\\\/sobre\\\/author\\\/ecentrosaopaulo\\\/#author\"},\"publisher\":{\"@id\":\"https:\\\/\\\/www.encontracentrosaopaulo.com.br\\\/sobre\\\/#organization\"},\"datePublished\":\"2012-10-23T14:55:26-02:00\",\"dateModified\":\"2019-04-29T16:21:37-03:00\",\"inLanguage\":\"pt-BR\",\"mainEntityOfPage\":{\"@id\":\"https:\\\/\\\/www.encontracentrosaopaulo.com.br\\\/sobre\\\/festival-contemporaneo-de-danca-comeca-dia-i-de-novembro-em-sao-paulo\\\/#webpage\"},\"isPartOf\":{\"@id\":\"https:\\\/\\\/www.encontracentrosaopaulo.com.br\\\/sobre\\\/festival-contemporaneo-de-danca-comeca-dia-i-de-novembro-em-sao-paulo\\\/#webpage\"},\"articleSection\":\"Not\\u00edcias Centro SP\"},{\"@type\":\"BreadcrumbList\",\"@id\":\"https:\\\/\\\/www.encontracentrosaopaulo.com.br\\\/sobre\\\/festival-contemporaneo-de-danca-comeca-dia-i-de-novembro-em-sao-paulo\\\/#breadcrumblist\",\"itemListElement\":[{\"@type\":\"ListItem\",\"@id\":\"https:\\\/\\\/www.encontracentrosaopaulo.com.br\\\/sobre#listItem\",\"position\":1,\"name\":\"In\\u00edcio\",\"item\":\"https:\\\/\\\/www.encontracentrosaopaulo.com.br\\\/sobre\",\"nextItem\":{\"@type\":\"ListItem\",\"@id\":\"https:\\\/\\\/www.encontracentrosaopaulo.com.br\\\/sobre\\\/noticias-no-centro-sp\\\/#listItem\",\"name\":\"Not\\u00edcias Centro SP\"}},{\"@type\":\"ListItem\",\"@id\":\"https:\\\/\\\/www.encontracentrosaopaulo.com.br\\\/sobre\\\/noticias-no-centro-sp\\\/#listItem\",\"position\":2,\"name\":\"Not\\u00edcias Centro SP\",\"item\":\"https:\\\/\\\/www.encontracentrosaopaulo.com.br\\\/sobre\\\/noticias-no-centro-sp\\\/\",\"nextItem\":{\"@type\":\"ListItem\",\"@id\":\"https:\\\/\\\/www.encontracentrosaopaulo.com.br\\\/sobre\\\/festival-contemporaneo-de-danca-comeca-dia-i-de-novembro-em-sao-paulo\\\/#listItem\",\"name\":\"Festival Contempor\\u00e2neo de Dan\\u00e7a come\\u00e7a dia I de novembro em S\\u00e3o Paulo\"},\"previousItem\":{\"@type\":\"ListItem\",\"@id\":\"https:\\\/\\\/www.encontracentrosaopaulo.com.br\\\/sobre#listItem\",\"name\":\"In\\u00edcio\"}},{\"@type\":\"ListItem\",\"@id\":\"https:\\\/\\\/www.encontracentrosaopaulo.com.br\\\/sobre\\\/festival-contemporaneo-de-danca-comeca-dia-i-de-novembro-em-sao-paulo\\\/#listItem\",\"position\":3,\"name\":\"Festival Contempor\\u00e2neo de Dan\\u00e7a come\\u00e7a dia I de novembro em S\\u00e3o Paulo\",\"previousItem\":{\"@type\":\"ListItem\",\"@id\":\"https:\\\/\\\/www.encontracentrosaopaulo.com.br\\\/sobre\\\/noticias-no-centro-sp\\\/#listItem\",\"name\":\"Not\\u00edcias Centro SP\"}}]},{\"@type\":\"Organization\",\"@id\":\"https:\\\/\\\/www.encontracentrosaopaulo.com.br\\\/sobre\\\/#organization\",\"name\":\"Encontra Centro SP\",\"description\":\"Not\\u00edcias, eventos, informa\\u00e7\\u00f5es e dicas na cidade de Centro SP e regi\\u00e3o.\",\"url\":\"https:\\\/\\\/www.encontracentrosaopaulo.com.br\\\/sobre\\\/\"},{\"@type\":\"Person\",\"@id\":\"https:\\\/\\\/www.encontracentrosaopaulo.com.br\\\/sobre\\\/author\\\/ecentrosaopaulo\\\/#author\",\"url\":\"https:\\\/\\\/www.encontracentrosaopaulo.com.br\\\/sobre\\\/author\\\/ecentrosaopaulo\\\/\",\"name\":\"Encontra Centro SP\",\"image\":{\"@type\":\"ImageObject\",\"@id\":\"https:\\\/\\\/www.encontracentrosaopaulo.com.br\\\/sobre\\\/festival-contemporaneo-de-danca-comeca-dia-i-de-novembro-em-sao-paulo\\\/#authorImage\",\"url\":\"https:\\\/\\\/secure.gravatar.com\\\/avatar\\\/507340682b8270222e1f208e23198b6ae7e2c6a1033ae84e99bc6bce4f82a387?s=96&d=mm&r=g\",\"width\":96,\"height\":96,\"caption\":\"Encontra Centro SP\"}},{\"@type\":\"WebPage\",\"@id\":\"https:\\\/\\\/www.encontracentrosaopaulo.com.br\\\/sobre\\\/festival-contemporaneo-de-danca-comeca-dia-i-de-novembro-em-sao-paulo\\\/#webpage\",\"url\":\"https:\\\/\\\/www.encontracentrosaopaulo.com.br\\\/sobre\\\/festival-contemporaneo-de-danca-comeca-dia-i-de-novembro-em-sao-paulo\\\/\",\"name\":\"Festival Contempor\\u00e2neo de Dan\\u00e7a come\\u00e7a dia I de novembro em S\\u00e3o Paulo | Encontra Centro SP\",\"description\":\"De 1\\u00ba a 18 de novembro, S\\u00e3o Paulo recebe a quinta edi\\u00e7\\u00e3o do Festival Contempor\\u00e2neo de Dan\\u00e7a (FCD). Com 21 apresenta\\u00e7\\u00f5es de trabalhos nacionais e internacionais, e artistas vindos de pa\\u00edses como Alemanha, Martinica (Caribe), Argentina, Su\\u00e9cia, EUA, Holanda e diversos estados brasileiros, o festival ocorre em tr\\u00eas espa\\u00e7os paulistanos \\u2014 Galeria Olido, Caixa Cultural\",\"inLanguage\":\"pt-BR\",\"isPartOf\":{\"@id\":\"https:\\\/\\\/www.encontracentrosaopaulo.com.br\\\/sobre\\\/#website\"},\"breadcrumb\":{\"@id\":\"https:\\\/\\\/www.encontracentrosaopaulo.com.br\\\/sobre\\\/festival-contemporaneo-de-danca-comeca-dia-i-de-novembro-em-sao-paulo\\\/#breadcrumblist\"},\"author\":{\"@id\":\"https:\\\/\\\/www.encontracentrosaopaulo.com.br\\\/sobre\\\/author\\\/ecentrosaopaulo\\\/#author\"},\"creator\":{\"@id\":\"https:\\\/\\\/www.encontracentrosaopaulo.com.br\\\/sobre\\\/author\\\/ecentrosaopaulo\\\/#author\"},\"datePublished\":\"2012-10-23T14:55:26-02:00\",\"dateModified\":\"2019-04-29T16:21:37-03:00\"},{\"@type\":\"WebSite\",\"@id\":\"https:\\\/\\\/www.encontracentrosaopaulo.com.br\\\/sobre\\\/#website\",\"url\":\"https:\\\/\\\/www.encontracentrosaopaulo.com.br\\\/sobre\\\/\",\"name\":\"Encontra Centro SP\",\"description\":\"Not\\u00edcias, eventos, informa\\u00e7\\u00f5es e dicas na cidade de Centro SP e regi\\u00e3o.\",\"inLanguage\":\"pt-BR\",\"publisher\":{\"@id\":\"https:\\\/\\\/www.encontracentrosaopaulo.com.br\\\/sobre\\\/#organization\"}}]}\n\t\t<\/script>\n\t\t<!-- All in One SEO -->\n\n","aioseo_head_json":{"title":"Festival Contempor\u00e2neo de Dan\u00e7a come\u00e7a dia I de novembro em S\u00e3o Paulo | Encontra Centro SP","description":"De 1\u00ba a 18 de novembro, S\u00e3o Paulo recebe a quinta edi\u00e7\u00e3o do Festival Contempor\u00e2neo de Dan\u00e7a (FCD). Com 21 apresenta\u00e7\u00f5es de trabalhos nacionais e internacionais, e artistas vindos de pa\u00edses como Alemanha, Martinica (Caribe), Argentina, Su\u00e9cia, EUA, Holanda e diversos estados brasileiros, o festival ocorre em tr\u00eas espa\u00e7os paulistanos \u2014 Galeria Olido, Caixa Cultural","canonical_url":"https:\/\/www.encontracentrosaopaulo.com.br\/sobre\/festival-contemporaneo-de-danca-comeca-dia-i-de-novembro-em-sao-paulo\/","robots":"max-image-preview:large","keywords":"","webmasterTools":{"miscellaneous":""},"schema":{"@context":"https:\/\/schema.org","@graph":[{"@type":"Article","@id":"https:\/\/www.encontracentrosaopaulo.com.br\/sobre\/festival-contemporaneo-de-danca-comeca-dia-i-de-novembro-em-sao-paulo\/#article","name":"Festival Contempor\u00e2neo de Dan\u00e7a come\u00e7a dia I de novembro em S\u00e3o Paulo | Encontra Centro SP","headline":"Festival Contempor\u00e2neo de Dan\u00e7a come\u00e7a dia I de novembro em S\u00e3o Paulo","author":{"@id":"https:\/\/www.encontracentrosaopaulo.com.br\/sobre\/author\/ecentrosaopaulo\/#author"},"publisher":{"@id":"https:\/\/www.encontracentrosaopaulo.com.br\/sobre\/#organization"},"datePublished":"2012-10-23T14:55:26-02:00","dateModified":"2019-04-29T16:21:37-03:00","inLanguage":"pt-BR","mainEntityOfPage":{"@id":"https:\/\/www.encontracentrosaopaulo.com.br\/sobre\/festival-contemporaneo-de-danca-comeca-dia-i-de-novembro-em-sao-paulo\/#webpage"},"isPartOf":{"@id":"https:\/\/www.encontracentrosaopaulo.com.br\/sobre\/festival-contemporaneo-de-danca-comeca-dia-i-de-novembro-em-sao-paulo\/#webpage"},"articleSection":"Not\u00edcias Centro SP"},{"@type":"BreadcrumbList","@id":"https:\/\/www.encontracentrosaopaulo.com.br\/sobre\/festival-contemporaneo-de-danca-comeca-dia-i-de-novembro-em-sao-paulo\/#breadcrumblist","itemListElement":[{"@type":"ListItem","@id":"https:\/\/www.encontracentrosaopaulo.com.br\/sobre#listItem","position":1,"name":"In\u00edcio","item":"https:\/\/www.encontracentrosaopaulo.com.br\/sobre","nextItem":{"@type":"ListItem","@id":"https:\/\/www.encontracentrosaopaulo.com.br\/sobre\/noticias-no-centro-sp\/#listItem","name":"Not\u00edcias Centro SP"}},{"@type":"ListItem","@id":"https:\/\/www.encontracentrosaopaulo.com.br\/sobre\/noticias-no-centro-sp\/#listItem","position":2,"name":"Not\u00edcias Centro SP","item":"https:\/\/www.encontracentrosaopaulo.com.br\/sobre\/noticias-no-centro-sp\/","nextItem":{"@type":"ListItem","@id":"https:\/\/www.encontracentrosaopaulo.com.br\/sobre\/festival-contemporaneo-de-danca-comeca-dia-i-de-novembro-em-sao-paulo\/#listItem","name":"Festival Contempor\u00e2neo de Dan\u00e7a come\u00e7a dia I de novembro em S\u00e3o Paulo"},"previousItem":{"@type":"ListItem","@id":"https:\/\/www.encontracentrosaopaulo.com.br\/sobre#listItem","name":"In\u00edcio"}},{"@type":"ListItem","@id":"https:\/\/www.encontracentrosaopaulo.com.br\/sobre\/festival-contemporaneo-de-danca-comeca-dia-i-de-novembro-em-sao-paulo\/#listItem","position":3,"name":"Festival Contempor\u00e2neo de Dan\u00e7a come\u00e7a dia I de novembro em S\u00e3o Paulo","previousItem":{"@type":"ListItem","@id":"https:\/\/www.encontracentrosaopaulo.com.br\/sobre\/noticias-no-centro-sp\/#listItem","name":"Not\u00edcias Centro SP"}}]},{"@type":"Organization","@id":"https:\/\/www.encontracentrosaopaulo.com.br\/sobre\/#organization","name":"Encontra Centro SP","description":"Not\u00edcias, eventos, informa\u00e7\u00f5es e dicas na cidade de Centro SP e regi\u00e3o.","url":"https:\/\/www.encontracentrosaopaulo.com.br\/sobre\/"},{"@type":"Person","@id":"https:\/\/www.encontracentrosaopaulo.com.br\/sobre\/author\/ecentrosaopaulo\/#author","url":"https:\/\/www.encontracentrosaopaulo.com.br\/sobre\/author\/ecentrosaopaulo\/","name":"Encontra Centro SP","image":{"@type":"ImageObject","@id":"https:\/\/www.encontracentrosaopaulo.com.br\/sobre\/festival-contemporaneo-de-danca-comeca-dia-i-de-novembro-em-sao-paulo\/#authorImage","url":"https:\/\/secure.gravatar.com\/avatar\/507340682b8270222e1f208e23198b6ae7e2c6a1033ae84e99bc6bce4f82a387?s=96&d=mm&r=g","width":96,"height":96,"caption":"Encontra Centro SP"}},{"@type":"WebPage","@id":"https:\/\/www.encontracentrosaopaulo.com.br\/sobre\/festival-contemporaneo-de-danca-comeca-dia-i-de-novembro-em-sao-paulo\/#webpage","url":"https:\/\/www.encontracentrosaopaulo.com.br\/sobre\/festival-contemporaneo-de-danca-comeca-dia-i-de-novembro-em-sao-paulo\/","name":"Festival Contempor\u00e2neo de Dan\u00e7a come\u00e7a dia I de novembro em S\u00e3o Paulo | Encontra Centro SP","description":"De 1\u00ba a 18 de novembro, S\u00e3o Paulo recebe a quinta edi\u00e7\u00e3o do Festival Contempor\u00e2neo de Dan\u00e7a (FCD). Com 21 apresenta\u00e7\u00f5es de trabalhos nacionais e internacionais, e artistas vindos de pa\u00edses como Alemanha, Martinica (Caribe), Argentina, Su\u00e9cia, EUA, Holanda e diversos estados brasileiros, o festival ocorre em tr\u00eas espa\u00e7os paulistanos \u2014 Galeria Olido, Caixa Cultural","inLanguage":"pt-BR","isPartOf":{"@id":"https:\/\/www.encontracentrosaopaulo.com.br\/sobre\/#website"},"breadcrumb":{"@id":"https:\/\/www.encontracentrosaopaulo.com.br\/sobre\/festival-contemporaneo-de-danca-comeca-dia-i-de-novembro-em-sao-paulo\/#breadcrumblist"},"author":{"@id":"https:\/\/www.encontracentrosaopaulo.com.br\/sobre\/author\/ecentrosaopaulo\/#author"},"creator":{"@id":"https:\/\/www.encontracentrosaopaulo.com.br\/sobre\/author\/ecentrosaopaulo\/#author"},"datePublished":"2012-10-23T14:55:26-02:00","dateModified":"2019-04-29T16:21:37-03:00"},{"@type":"WebSite","@id":"https:\/\/www.encontracentrosaopaulo.com.br\/sobre\/#website","url":"https:\/\/www.encontracentrosaopaulo.com.br\/sobre\/","name":"Encontra Centro SP","description":"Not\u00edcias, eventos, informa\u00e7\u00f5es e dicas na cidade de Centro SP e regi\u00e3o.","inLanguage":"pt-BR","publisher":{"@id":"https:\/\/www.encontracentrosaopaulo.com.br\/sobre\/#organization"}}]},"og:locale":"pt_BR","og:site_name":"Encontra Centro SP | Not\u00edcias, eventos, informa\u00e7\u00f5es e dicas na cidade de Centro SP e regi\u00e3o.","og:type":"article","og:title":"Festival Contempor\u00e2neo de Dan\u00e7a come\u00e7a dia I de novembro em S\u00e3o Paulo | Encontra Centro SP","og:description":"De 1\u00ba a 18 de novembro, S\u00e3o Paulo recebe a quinta edi\u00e7\u00e3o do Festival Contempor\u00e2neo de Dan\u00e7a (FCD). Com 21 apresenta\u00e7\u00f5es de trabalhos nacionais e internacionais, e artistas vindos de pa\u00edses como Alemanha, Martinica (Caribe), Argentina, Su\u00e9cia, EUA, Holanda e diversos estados brasileiros, o festival ocorre em tr\u00eas espa\u00e7os paulistanos \u2014 Galeria Olido, Caixa Cultural","og:url":"https:\/\/www.encontracentrosaopaulo.com.br\/sobre\/festival-contemporaneo-de-danca-comeca-dia-i-de-novembro-em-sao-paulo\/","article:published_time":"2012-10-23T16:55:26+00:00","article:modified_time":"2019-04-29T19:21:37+00:00","twitter:card":"summary","twitter:title":"Festival Contempor\u00e2neo de Dan\u00e7a come\u00e7a dia I de novembro em S\u00e3o Paulo | Encontra Centro SP","twitter:description":"De 1\u00ba a 18 de novembro, S\u00e3o Paulo recebe a quinta edi\u00e7\u00e3o do Festival Contempor\u00e2neo de Dan\u00e7a (FCD). Com 21 apresenta\u00e7\u00f5es de trabalhos nacionais e internacionais, e artistas vindos de pa\u00edses como Alemanha, Martinica (Caribe), Argentina, Su\u00e9cia, EUA, Holanda e diversos estados brasileiros, o festival ocorre em tr\u00eas espa\u00e7os paulistanos \u2014 Galeria Olido, Caixa Cultural"},"aioseo_meta_data":{"post_id":"1019","title":null,"description":null,"keywords":null,"keyphrases":null,"primary_term":null,"canonical_url":null,"og_title":null,"og_description":null,"og_object_type":"default","og_image_type":"default","og_image_url":null,"og_image_width":null,"og_image_height":null,"og_image_custom_url":null,"og_image_custom_fields":null,"og_video":null,"og_custom_url":null,"og_article_section":null,"og_article_tags":null,"twitter_use_og":false,"twitter_card":"default","twitter_image_type":"default","twitter_image_url":null,"twitter_image_custom_url":null,"twitter_image_custom_fields":null,"twitter_title":null,"twitter_description":null,"schema":{"blockGraphs":[],"customGraphs":[],"default":{"data":{"Article":[],"Course":[],"Dataset":[],"FAQPage":[],"Movie":[],"Person":[],"Product":[],"ProductReview":[],"Car":[],"Recipe":[],"Service":[],"SoftwareApplication":[],"WebPage":[]},"graphName":"Article","isEnabled":true},"graphs":[]},"schema_type":null,"schema_type_options":null,"pillar_content":false,"robots_default":true,"robots_noindex":false,"robots_noarchive":false,"robots_nosnippet":false,"robots_nofollow":false,"robots_noimageindex":false,"robots_noodp":false,"robots_notranslate":false,"robots_max_snippet":null,"robots_max_videopreview":null,"robots_max_imagepreview":"large","priority":null,"frequency":null,"local_seo":null,"breadcrumb_settings":null,"limit_modified_date":false,"ai":null,"created":"2021-01-18 19:01:38","updated":"2025-11-15 10:06:36","seo_analyzer_scan_date":null,"focus_keyword":null,"additional_keywords":null,"truseo_locale":null},"aioseo_breadcrumb":"<div class=\"aioseo-breadcrumbs\"><span class=\"aioseo-breadcrumb\">\n\t\t\t<a href=\"https:\/\/www.encontracentrosaopaulo.com.br\/sobre\" title=\"In\u00edcio\">In\u00edcio<\/a>\n\t\t<\/span><span class=\"aioseo-breadcrumb-separator\">&raquo;<\/span><span class=\"aioseo-breadcrumb\">\n\t\t\t<a href=\"https:\/\/www.encontracentrosaopaulo.com.br\/sobre\/noticias-no-centro-sp\/\" title=\"Not\u00edcias Centro SP\">Not\u00edcias Centro SP<\/a>\n\t\t<\/span><span class=\"aioseo-breadcrumb-separator\">&raquo;<\/span><span class=\"aioseo-breadcrumb\">\n\t\t\tFestival Contempor\u00e2neo de Dan\u00e7a come\u00e7a dia I de novembro em S\u00e3o Paulo\n\t\t<\/span><\/div>","aioseo_breadcrumb_json":[{"label":"In\u00edcio","link":"https:\/\/www.encontracentrosaopaulo.com.br\/sobre"},{"label":"Not\u00edcias Centro SP","link":"https:\/\/www.encontracentrosaopaulo.com.br\/sobre\/noticias-no-centro-sp\/"},{"label":"Festival Contempor\u00e2neo de Dan\u00e7a come\u00e7a dia I de novembro em S\u00e3o Paulo","link":"https:\/\/www.encontracentrosaopaulo.com.br\/sobre\/festival-contemporaneo-de-danca-comeca-dia-i-de-novembro-em-sao-paulo\/"}],"_links":{"self":[{"href":"https:\/\/www.encontracentrosaopaulo.com.br\/sobre\/wp-json\/wp\/v2\/posts\/1019","targetHints":{"allow":["GET"]}}],"collection":[{"href":"https:\/\/www.encontracentrosaopaulo.com.br\/sobre\/wp-json\/wp\/v2\/posts"}],"about":[{"href":"https:\/\/www.encontracentrosaopaulo.com.br\/sobre\/wp-json\/wp\/v2\/types\/post"}],"author":[{"embeddable":true,"href":"https:\/\/www.encontracentrosaopaulo.com.br\/sobre\/wp-json\/wp\/v2\/users\/1"}],"replies":[{"embeddable":true,"href":"https:\/\/www.encontracentrosaopaulo.com.br\/sobre\/wp-json\/wp\/v2\/comments?post=1019"}],"version-history":[{"count":0,"href":"https:\/\/www.encontracentrosaopaulo.com.br\/sobre\/wp-json\/wp\/v2\/posts\/1019\/revisions"}],"wp:attachment":[{"href":"https:\/\/www.encontracentrosaopaulo.com.br\/sobre\/wp-json\/wp\/v2\/media?parent=1019"}],"wp:term":[{"taxonomy":"category","embeddable":true,"href":"https:\/\/www.encontracentrosaopaulo.com.br\/sobre\/wp-json\/wp\/v2\/categories?post=1019"},{"taxonomy":"post_tag","embeddable":true,"href":"https:\/\/www.encontracentrosaopaulo.com.br\/sobre\/wp-json\/wp\/v2\/tags?post=1019"}],"curies":[{"name":"wp","href":"https:\/\/api.w.org\/{rel}","templated":true}]}}