{"id":1136,"date":"2012-12-05T12:13:03","date_gmt":"2012-12-05T14:13:03","guid":{"rendered":"http:\/\/www.encontracentrosaopaulo.com.br\/noticias\/?p=1136"},"modified":"2019-04-29T16:21:34","modified_gmt":"2019-04-29T19:21:34","slug":"centro-de-sp-recebe-natal-iluminado-2012","status":"publish","type":"post","link":"https:\/\/www.encontracentrosaopaulo.com.br\/sobre\/centro-de-sp-recebe-natal-iluminado-2012\/","title":{"rendered":"Centro de SP recebe Natal Iluminado 2012"},"content":{"rendered":"<div class=\"d6585b5127f45a35450431d0abc3f90c\" data-index=\"1\" style=\"float: none; margin:0px;\">\n<!-- Anuncio display - global -->\r\n<ins class=\"adsbygoogle\"\r\n     style=\"display:block\"\r\n     data-ad-client=\"ca-pub-8585364105181520\"\r\n     data-ad-slot=\"8789329856\"\r\n     data-ad-format=\"auto\"\r\n     data-full-width-responsive=\"true\"><\/ins>\r\n<script>\r\n     (adsbygoogle = window.adsbygoogle || []).push({});\r\n<\/script>\n<\/div>\n<p>O Natal na cidade de S\u00e3o Paulo ganha mais luzes e cores. Com a chegada do fim do ano, a S\u00e3o Paulo  Turismo (SPTuris) realiza a montagem do Natal Iluminado 2012. O projeto  inclui a ilumina\u00e7\u00e3o de avenidas, pra\u00e7as e pr\u00e9dios, al\u00e9m de atra\u00e7\u00f5es e  apresenta\u00e7\u00f5es especiais que acontecem at\u00e9 o dia 6 de janeiro.<\/p>\n<p>A abertura oficial da programa\u00e7\u00e3o aconteceu no dia 30 de novembro, sexta-feira, na <a title=\"Catedral da S\u00e9\" href=\"http:\/\/www.encontracentrosaopaulo.com.br\/centro-sp\/catedral-da-se-no-centro.shtml\" target=\"_blank\">Catedral da S\u00e9<\/a>.  A Sinf\u00f4nica de Heli\u00f3polis, a Orquestra Jovem de Heli\u00f3polis e o Coral da  Gente fizeram apresenta\u00e7\u00f5es que foram transmitidas na fachada da  Catedral. Em seguida, iniciou-se o show de luzes na arquitetura do local.<\/p>\n<p>A  Fonte Multim\u00eddia do Ibirapuera tem duas apresenta\u00e7\u00f5es di\u00e1rias (\u00e0s 20h30 e \u00e0s 21h), o  espet\u00e1culo contar\u00e1 com can\u00e7\u00f5es de Maria Beth\u00e2nia e Dominguinhos. Mais  de 200 \u00e1rvores tamb\u00e9m receberam ilumina\u00e7\u00e3o especial.<\/p>\n<p>No dia 5  de dezembro, ser\u00e1 acesa a Pra\u00e7a de Natal da Avenida Paulista. Com mais  de mil m\u00b2 de estrutura, traz o tema \u201cBanda de Noeis\u201d, com um trio de  Papais Noeis com dez metros de altura. A pra\u00e7a est\u00e1 montada entre as  ruas Padre Jo\u00e3o Manuel e Ministro Rocha Azevedo.<\/p>\n<p>A sede da <a title=\"Prefeitura de S\u00e3o Paulo\" href=\"http:\/\/www.encontracentrosaopaulo.com.br\/centro-sp\/prefeitura-de-sao-paulo-no-centro.shtml\" target=\"_blank\">Prefeitura de S\u00e3o Paulo<\/a> receber\u00e1 o Pres\u00e9pio oficial da cidade, a partir de 7 de dezembro, com  figuras em tamanho real. No dia 8 acontece a inaugura\u00e7\u00e3o da \u00c1rvore de  Natal da Represa Guarapiranga. O local contar\u00e1 com uma Cortina d&#8217;\u00c1gua  com feixes de luz e 9 minutos de dura\u00e7\u00e3o.<\/p>\n<p>J\u00e1 no dia 9, a \u00c1rvore de Natal do Ibirapuera ser\u00e1 inaugurada. Al\u00e9m dela, o parque receber\u00e1 uma pista de patina\u00e7\u00e3o no gelo, totalmente gratuita, a partir do dia 10.<\/p>\n<p>Mais de dez mil pontos da cidade receber\u00e3o ilumina\u00e7\u00e3o de LED, como a Pra\u00e7a Charles Miller, Pra\u00e7a Roosevelt e na Pra\u00e7a Memorial 17 de julho. Os Arcos na Avenida 23 de Maio, a  Passarela Miguel Reale (Estaiadinha) e a Ponte Orestes Qu\u00e9rcia (Ponte Estaiada) tamb\u00e9m receber\u00e3o decora\u00e7\u00f5es especiais.<\/p>\n<p>Para conhecer os pontos decorados com visitas guiadas, o Turismetr\u00f4  realizar\u00e1 edi\u00e7\u00f5es especiais de Natal. Aos s\u00e1bados e domingos entre 8 e  23 de dezembro, os passeios que utilizam o metr\u00f4 como meio de transporte  acontecem \u00e0s 16h e tem o custo de tr\u00eas bilhetes de metr\u00f4 (R$ 9).<\/p>\n<p><strong><br \/>\nServi\u00e7o:<\/strong><strong><br \/>\n<\/strong><br \/>\n<strong>Fonte Multim\u00eddia do Ibirapuera<\/strong><br \/>\nProje\u00e7\u00f5es: \u00e0s 20h30 e 21h, diariamente.<br \/>\nData: a partir de 1\u00ba de dezembro.<br \/>\nEnd.: Lago do Ibirapuera.<strong> <\/strong><\/p>\n<p><strong> <\/strong><\/p>\n<p><strong>Pra\u00e7a de Natal da Avenida Paulista<\/strong><br \/>\nIlumina\u00e7\u00e3o da Pra\u00e7a de Natal<br \/>\nData: a partir de 5 de dezembro.<br \/>\nEnd.: entre a Rua Padre Jo\u00e3o Manuel e Ministro Rocha Azevedo.<em><br \/>\n* N\u00e3o haver\u00e1 visita\u00e7\u00e3o este ano.<\/em><strong> <\/strong><\/p>\n<p><strong> <\/strong><\/p>\n<p><strong>\u00c1rvore do Ibirapuera<\/strong><br \/>\nEvento  de inaugura\u00e7\u00e3o: 9 de dezembro, a partir das 18h. Apresenta\u00e7\u00e3o do  Instituto Baccarelli, do Coral C\u00eanico e da Orquestra Santander e queima  de fogos.<br \/>\nIlumina\u00e7\u00e3o: diariamente, das 19h \u00e0s 5h.<br \/>\nEnd.: Pra\u00e7a Aldo Chioratto, s\/n\u00b0.<strong> <\/strong><\/p>\n<p><strong> <\/strong><\/p>\n<p><strong>Inaugura\u00e7\u00e3o do Pres\u00e9pio na Prefeitura<\/strong><br \/>\nInaugura\u00e7\u00e3o: 7 de dezembro.<br \/>\nEnd.: Edif\u00edcio Matarazzo &#8211; <a title=\"Viaduto do Ch\u00e1\" href=\"http:\/\/www.encontracentrosaopaulo.com.br\/centro-sp\/viaduto-do-cha-no-centro.shtml\" target=\"_blank\">Viaduto do Ch\u00e1<\/a>, 15<strong> &#8211; <\/strong>Regi\u00e3o Central de SP<strong> <\/strong><\/p>\n<p><strong> <\/strong><\/p>\n<p><strong>Cortina d\u2019\u00c1gua da Guarapiranga e \u00c1rvore de Natal<\/strong><br \/>\nInaugura\u00e7\u00e3o: 8 de dezembro.<br \/>\nHor\u00e1rio: a partir das 20h30, com sess\u00f5es a cada 30 minutos.<br \/>\nEnd.: Av. Atl\u00e2ntica, na altura do n\u00ba 2500.<strong> <\/strong><\/p>\n<p><strong> <\/strong><\/p>\n<p><strong>Pista de Gelo no Parque do Ibirapuera<\/strong><br \/>\nInaugura\u00e7\u00e3o: 10 de dezembro.<br \/>\nHor\u00e1rio: das 14h \u00e0s 22h.<br \/>\nGr\u00e1tis.<br \/>\nEnd.: Clube Escola de Modelismo &#8211; Rua Curitiba 290\/292<br \/>\nAberta a maiores de 5 anos.<br \/>\n<strong><br \/>\nTurismetr\u00f4 Especial de Natal<\/strong><br \/>\nData: 8, 9, 15, 16, 22 e 23 de dezembro de 2012.<br \/>\nHor\u00e1rio: 16h.<br \/>\nPonto de partida: Esta\u00e7\u00e3o do Metr\u00f4 S\u00e9<br \/>\nIngressos: guich\u00ea do Turismetr\u00f4 na Esta\u00e7\u00e3o S\u00e9 (custo de tr\u00eas bilhetes de metr\u00f4).<\/p>\n\n<div style=\"font-size: 0px; height: 0px; line-height: 0px; margin: 0; padding: 0; clear: both;\"><\/div>","protected":false},"excerpt":{"rendered":"<p>O Natal na cidade de S\u00e3o Paulo ganha mais luzes e cores. Com a chegada do fim do ano, a S\u00e3o Paulo Turismo (SPTuris) realiza a montagem do Natal Iluminado 2012. O projeto inclui a ilumina\u00e7\u00e3o de avenidas, pra\u00e7as e pr\u00e9dios, al\u00e9m de atra\u00e7\u00f5es e apresenta\u00e7\u00f5es especiais que acontecem at\u00e9 o dia 6 de janeiro. A abertura oficial da programa\u00e7\u00e3o aconteceu no dia 30 de novembro, sexta-feira, na Catedral da S\u00e9. A Sinf\u00f4nica de Heli\u00f3polis, a Orquestra Jovem de Heli\u00f3polis e o Coral da Gente fizeram apresenta\u00e7\u00f5es que foram transmitidas na fachada da Catedral. Em seguida, iniciou-se o show de <\/p>\n","protected":false},"author":1,"featured_media":0,"comment_status":"open","ping_status":"closed","sticky":false,"template":"","format":"standard","meta":{"footnotes":""},"categories":[6],"tags":[],"class_list":["post-1136","post","type-post","status-publish","format-standard","hentry","category-noticias-no-centro-sp"],"aioseo_notices":[],"aioseo_head":"\n\t\t<!-- All in One SEO 5.0.0.1 - aioseo.com -->\n\t<meta name=\"description\" content=\"O Natal na cidade de S\u00e3o Paulo ganha mais luzes e cores. Com a chegada do fim do ano, a S\u00e3o Paulo Turismo (SPTuris) realiza a montagem do Natal Iluminado 2012. O projeto inclui a ilumina\u00e7\u00e3o de avenidas, pra\u00e7as e pr\u00e9dios, al\u00e9m de atra\u00e7\u00f5es e apresenta\u00e7\u00f5es especiais que acontecem at\u00e9 o dia 6 de janeiro.\" \/>\n\t<meta name=\"robots\" content=\"max-image-preview:large\" \/>\n\t<meta name=\"author\" content=\"Encontra Centro SP\"\/>\n\t<link rel=\"canonical\" href=\"https:\/\/www.encontracentrosaopaulo.com.br\/sobre\/centro-de-sp-recebe-natal-iluminado-2012\/\" \/>\n\t<meta name=\"generator\" content=\"All in One SEO (AIOSEO) 5.0.0.1\" \/>\n\t\t<meta property=\"og:locale\" content=\"pt_BR\" \/>\n\t\t<meta property=\"og:site_name\" content=\"Encontra Centro SP | Not\u00edcias, eventos, informa\u00e7\u00f5es e dicas na cidade de Centro SP e regi\u00e3o.\" \/>\n\t\t<meta property=\"og:type\" content=\"article\" \/>\n\t\t<meta property=\"og:title\" content=\"Centro de SP recebe Natal Iluminado 2012 | Encontra Centro SP\" \/>\n\t\t<meta property=\"og:description\" content=\"O Natal na cidade de S\u00e3o Paulo ganha mais luzes e cores. Com a chegada do fim do ano, a S\u00e3o Paulo Turismo (SPTuris) realiza a montagem do Natal Iluminado 2012. O projeto inclui a ilumina\u00e7\u00e3o de avenidas, pra\u00e7as e pr\u00e9dios, al\u00e9m de atra\u00e7\u00f5es e apresenta\u00e7\u00f5es especiais que acontecem at\u00e9 o dia 6 de janeiro.\" \/>\n\t\t<meta property=\"og:url\" content=\"https:\/\/www.encontracentrosaopaulo.com.br\/sobre\/centro-de-sp-recebe-natal-iluminado-2012\/\" \/>\n\t\t<meta property=\"article:published_time\" content=\"2012-12-05T14:13:03+00:00\" \/>\n\t\t<meta property=\"article:modified_time\" content=\"2019-04-29T19:21:34+00:00\" \/>\n\t\t<meta name=\"twitter:card\" content=\"summary\" \/>\n\t\t<meta name=\"twitter:title\" content=\"Centro de SP recebe Natal Iluminado 2012 | Encontra Centro SP\" \/>\n\t\t<meta name=\"twitter:description\" content=\"O Natal na cidade de S\u00e3o Paulo ganha mais luzes e cores. Com a chegada do fim do ano, a S\u00e3o Paulo Turismo (SPTuris) realiza a montagem do Natal Iluminado 2012. O projeto inclui a ilumina\u00e7\u00e3o de avenidas, pra\u00e7as e pr\u00e9dios, al\u00e9m de atra\u00e7\u00f5es e apresenta\u00e7\u00f5es especiais que acontecem at\u00e9 o dia 6 de janeiro.\" \/>\n\t\t<script type=\"application\/ld+json\" class=\"aioseo-schema\">\n\t\t\t{\"@context\":\"https:\\\/\\\/schema.org\",\"@graph\":[{\"@type\":\"Article\",\"@id\":\"https:\\\/\\\/www.encontracentrosaopaulo.com.br\\\/sobre\\\/centro-de-sp-recebe-natal-iluminado-2012\\\/#article\",\"name\":\"Centro de SP recebe Natal Iluminado 2012 | Encontra Centro SP\",\"headline\":\"Centro de SP recebe Natal Iluminado 2012\",\"author\":{\"@id\":\"https:\\\/\\\/www.encontracentrosaopaulo.com.br\\\/sobre\\\/author\\\/ecentrosaopaulo\\\/#author\"},\"publisher\":{\"@id\":\"https:\\\/\\\/www.encontracentrosaopaulo.com.br\\\/sobre\\\/#organization\"},\"datePublished\":\"2012-12-05T12:13:03-02:00\",\"dateModified\":\"2019-04-29T16:21:34-03:00\",\"inLanguage\":\"pt-BR\",\"mainEntityOfPage\":{\"@id\":\"https:\\\/\\\/www.encontracentrosaopaulo.com.br\\\/sobre\\\/centro-de-sp-recebe-natal-iluminado-2012\\\/#webpage\"},\"isPartOf\":{\"@id\":\"https:\\\/\\\/www.encontracentrosaopaulo.com.br\\\/sobre\\\/centro-de-sp-recebe-natal-iluminado-2012\\\/#webpage\"},\"articleSection\":\"Not\\u00edcias Centro SP\"},{\"@type\":\"BreadcrumbList\",\"@id\":\"https:\\\/\\\/www.encontracentrosaopaulo.com.br\\\/sobre\\\/centro-de-sp-recebe-natal-iluminado-2012\\\/#breadcrumblist\",\"itemListElement\":[{\"@type\":\"ListItem\",\"@id\":\"https:\\\/\\\/www.encontracentrosaopaulo.com.br\\\/sobre#listItem\",\"position\":1,\"name\":\"In\\u00edcio\",\"item\":\"https:\\\/\\\/www.encontracentrosaopaulo.com.br\\\/sobre\",\"nextItem\":{\"@type\":\"ListItem\",\"@id\":\"https:\\\/\\\/www.encontracentrosaopaulo.com.br\\\/sobre\\\/noticias-no-centro-sp\\\/#listItem\",\"name\":\"Not\\u00edcias Centro SP\"}},{\"@type\":\"ListItem\",\"@id\":\"https:\\\/\\\/www.encontracentrosaopaulo.com.br\\\/sobre\\\/noticias-no-centro-sp\\\/#listItem\",\"position\":2,\"name\":\"Not\\u00edcias Centro SP\",\"item\":\"https:\\\/\\\/www.encontracentrosaopaulo.com.br\\\/sobre\\\/noticias-no-centro-sp\\\/\",\"nextItem\":{\"@type\":\"ListItem\",\"@id\":\"https:\\\/\\\/www.encontracentrosaopaulo.com.br\\\/sobre\\\/centro-de-sp-recebe-natal-iluminado-2012\\\/#listItem\",\"name\":\"Centro de SP recebe Natal Iluminado 2012\"},\"previousItem\":{\"@type\":\"ListItem\",\"@id\":\"https:\\\/\\\/www.encontracentrosaopaulo.com.br\\\/sobre#listItem\",\"name\":\"In\\u00edcio\"}},{\"@type\":\"ListItem\",\"@id\":\"https:\\\/\\\/www.encontracentrosaopaulo.com.br\\\/sobre\\\/centro-de-sp-recebe-natal-iluminado-2012\\\/#listItem\",\"position\":3,\"name\":\"Centro de SP recebe Natal Iluminado 2012\",\"previousItem\":{\"@type\":\"ListItem\",\"@id\":\"https:\\\/\\\/www.encontracentrosaopaulo.com.br\\\/sobre\\\/noticias-no-centro-sp\\\/#listItem\",\"name\":\"Not\\u00edcias Centro SP\"}}]},{\"@type\":\"Organization\",\"@id\":\"https:\\\/\\\/www.encontracentrosaopaulo.com.br\\\/sobre\\\/#organization\",\"name\":\"Encontra Centro SP\",\"description\":\"Not\\u00edcias, eventos, informa\\u00e7\\u00f5es e dicas na cidade de Centro SP e regi\\u00e3o.\",\"url\":\"https:\\\/\\\/www.encontracentrosaopaulo.com.br\\\/sobre\\\/\"},{\"@type\":\"Person\",\"@id\":\"https:\\\/\\\/www.encontracentrosaopaulo.com.br\\\/sobre\\\/author\\\/ecentrosaopaulo\\\/#author\",\"url\":\"https:\\\/\\\/www.encontracentrosaopaulo.com.br\\\/sobre\\\/author\\\/ecentrosaopaulo\\\/\",\"name\":\"Encontra Centro SP\",\"image\":{\"@type\":\"ImageObject\",\"@id\":\"https:\\\/\\\/www.encontracentrosaopaulo.com.br\\\/sobre\\\/centro-de-sp-recebe-natal-iluminado-2012\\\/#authorImage\",\"url\":\"https:\\\/\\\/secure.gravatar.com\\\/avatar\\\/507340682b8270222e1f208e23198b6ae7e2c6a1033ae84e99bc6bce4f82a387?s=96&d=mm&r=g\",\"width\":96,\"height\":96,\"caption\":\"Encontra Centro SP\"}},{\"@type\":\"WebPage\",\"@id\":\"https:\\\/\\\/www.encontracentrosaopaulo.com.br\\\/sobre\\\/centro-de-sp-recebe-natal-iluminado-2012\\\/#webpage\",\"url\":\"https:\\\/\\\/www.encontracentrosaopaulo.com.br\\\/sobre\\\/centro-de-sp-recebe-natal-iluminado-2012\\\/\",\"name\":\"Centro de SP recebe Natal Iluminado 2012 | Encontra Centro SP\",\"description\":\"O Natal na cidade de S\\u00e3o Paulo ganha mais luzes e cores. Com a chegada do fim do ano, a S\\u00e3o Paulo Turismo (SPTuris) realiza a montagem do Natal Iluminado 2012. O projeto inclui a ilumina\\u00e7\\u00e3o de avenidas, pra\\u00e7as e pr\\u00e9dios, al\\u00e9m de atra\\u00e7\\u00f5es e apresenta\\u00e7\\u00f5es especiais que acontecem at\\u00e9 o dia 6 de janeiro.\",\"inLanguage\":\"pt-BR\",\"isPartOf\":{\"@id\":\"https:\\\/\\\/www.encontracentrosaopaulo.com.br\\\/sobre\\\/#website\"},\"breadcrumb\":{\"@id\":\"https:\\\/\\\/www.encontracentrosaopaulo.com.br\\\/sobre\\\/centro-de-sp-recebe-natal-iluminado-2012\\\/#breadcrumblist\"},\"author\":{\"@id\":\"https:\\\/\\\/www.encontracentrosaopaulo.com.br\\\/sobre\\\/author\\\/ecentrosaopaulo\\\/#author\"},\"creator\":{\"@id\":\"https:\\\/\\\/www.encontracentrosaopaulo.com.br\\\/sobre\\\/author\\\/ecentrosaopaulo\\\/#author\"},\"datePublished\":\"2012-12-05T12:13:03-02:00\",\"dateModified\":\"2019-04-29T16:21:34-03:00\"},{\"@type\":\"WebSite\",\"@id\":\"https:\\\/\\\/www.encontracentrosaopaulo.com.br\\\/sobre\\\/#website\",\"url\":\"https:\\\/\\\/www.encontracentrosaopaulo.com.br\\\/sobre\\\/\",\"name\":\"Encontra Centro SP\",\"description\":\"Not\\u00edcias, eventos, informa\\u00e7\\u00f5es e dicas na cidade de Centro SP e regi\\u00e3o.\",\"inLanguage\":\"pt-BR\",\"publisher\":{\"@id\":\"https:\\\/\\\/www.encontracentrosaopaulo.com.br\\\/sobre\\\/#organization\"}}]}\n\t\t<\/script>\n\t\t<!-- All in One SEO -->\n\n","aioseo_head_json":{"title":"Centro de SP recebe Natal Iluminado 2012 | Encontra Centro SP","description":"O Natal na cidade de S\u00e3o Paulo ganha mais luzes e cores. Com a chegada do fim do ano, a S\u00e3o Paulo Turismo (SPTuris) realiza a montagem do Natal Iluminado 2012. O projeto inclui a ilumina\u00e7\u00e3o de avenidas, pra\u00e7as e pr\u00e9dios, al\u00e9m de atra\u00e7\u00f5es e apresenta\u00e7\u00f5es especiais que acontecem at\u00e9 o dia 6 de janeiro.","canonical_url":"https:\/\/www.encontracentrosaopaulo.com.br\/sobre\/centro-de-sp-recebe-natal-iluminado-2012\/","robots":"max-image-preview:large","keywords":"","webmasterTools":{"miscellaneous":""},"schema":{"@context":"https:\/\/schema.org","@graph":[{"@type":"Article","@id":"https:\/\/www.encontracentrosaopaulo.com.br\/sobre\/centro-de-sp-recebe-natal-iluminado-2012\/#article","name":"Centro de SP recebe Natal Iluminado 2012 | Encontra Centro SP","headline":"Centro de SP recebe Natal Iluminado 2012","author":{"@id":"https:\/\/www.encontracentrosaopaulo.com.br\/sobre\/author\/ecentrosaopaulo\/#author"},"publisher":{"@id":"https:\/\/www.encontracentrosaopaulo.com.br\/sobre\/#organization"},"datePublished":"2012-12-05T12:13:03-02:00","dateModified":"2019-04-29T16:21:34-03:00","inLanguage":"pt-BR","mainEntityOfPage":{"@id":"https:\/\/www.encontracentrosaopaulo.com.br\/sobre\/centro-de-sp-recebe-natal-iluminado-2012\/#webpage"},"isPartOf":{"@id":"https:\/\/www.encontracentrosaopaulo.com.br\/sobre\/centro-de-sp-recebe-natal-iluminado-2012\/#webpage"},"articleSection":"Not\u00edcias Centro SP"},{"@type":"BreadcrumbList","@id":"https:\/\/www.encontracentrosaopaulo.com.br\/sobre\/centro-de-sp-recebe-natal-iluminado-2012\/#breadcrumblist","itemListElement":[{"@type":"ListItem","@id":"https:\/\/www.encontracentrosaopaulo.com.br\/sobre#listItem","position":1,"name":"In\u00edcio","item":"https:\/\/www.encontracentrosaopaulo.com.br\/sobre","nextItem":{"@type":"ListItem","@id":"https:\/\/www.encontracentrosaopaulo.com.br\/sobre\/noticias-no-centro-sp\/#listItem","name":"Not\u00edcias Centro SP"}},{"@type":"ListItem","@id":"https:\/\/www.encontracentrosaopaulo.com.br\/sobre\/noticias-no-centro-sp\/#listItem","position":2,"name":"Not\u00edcias Centro SP","item":"https:\/\/www.encontracentrosaopaulo.com.br\/sobre\/noticias-no-centro-sp\/","nextItem":{"@type":"ListItem","@id":"https:\/\/www.encontracentrosaopaulo.com.br\/sobre\/centro-de-sp-recebe-natal-iluminado-2012\/#listItem","name":"Centro de SP recebe Natal Iluminado 2012"},"previousItem":{"@type":"ListItem","@id":"https:\/\/www.encontracentrosaopaulo.com.br\/sobre#listItem","name":"In\u00edcio"}},{"@type":"ListItem","@id":"https:\/\/www.encontracentrosaopaulo.com.br\/sobre\/centro-de-sp-recebe-natal-iluminado-2012\/#listItem","position":3,"name":"Centro de SP recebe Natal Iluminado 2012","previousItem":{"@type":"ListItem","@id":"https:\/\/www.encontracentrosaopaulo.com.br\/sobre\/noticias-no-centro-sp\/#listItem","name":"Not\u00edcias Centro SP"}}]},{"@type":"Organization","@id":"https:\/\/www.encontracentrosaopaulo.com.br\/sobre\/#organization","name":"Encontra Centro SP","description":"Not\u00edcias, eventos, informa\u00e7\u00f5es e dicas na cidade de Centro SP e regi\u00e3o.","url":"https:\/\/www.encontracentrosaopaulo.com.br\/sobre\/"},{"@type":"Person","@id":"https:\/\/www.encontracentrosaopaulo.com.br\/sobre\/author\/ecentrosaopaulo\/#author","url":"https:\/\/www.encontracentrosaopaulo.com.br\/sobre\/author\/ecentrosaopaulo\/","name":"Encontra Centro SP","image":{"@type":"ImageObject","@id":"https:\/\/www.encontracentrosaopaulo.com.br\/sobre\/centro-de-sp-recebe-natal-iluminado-2012\/#authorImage","url":"https:\/\/secure.gravatar.com\/avatar\/507340682b8270222e1f208e23198b6ae7e2c6a1033ae84e99bc6bce4f82a387?s=96&d=mm&r=g","width":96,"height":96,"caption":"Encontra Centro SP"}},{"@type":"WebPage","@id":"https:\/\/www.encontracentrosaopaulo.com.br\/sobre\/centro-de-sp-recebe-natal-iluminado-2012\/#webpage","url":"https:\/\/www.encontracentrosaopaulo.com.br\/sobre\/centro-de-sp-recebe-natal-iluminado-2012\/","name":"Centro de SP recebe Natal Iluminado 2012 | Encontra Centro SP","description":"O Natal na cidade de S\u00e3o Paulo ganha mais luzes e cores. Com a chegada do fim do ano, a S\u00e3o Paulo Turismo (SPTuris) realiza a montagem do Natal Iluminado 2012. O projeto inclui a ilumina\u00e7\u00e3o de avenidas, pra\u00e7as e pr\u00e9dios, al\u00e9m de atra\u00e7\u00f5es e apresenta\u00e7\u00f5es especiais que acontecem at\u00e9 o dia 6 de janeiro.","inLanguage":"pt-BR","isPartOf":{"@id":"https:\/\/www.encontracentrosaopaulo.com.br\/sobre\/#website"},"breadcrumb":{"@id":"https:\/\/www.encontracentrosaopaulo.com.br\/sobre\/centro-de-sp-recebe-natal-iluminado-2012\/#breadcrumblist"},"author":{"@id":"https:\/\/www.encontracentrosaopaulo.com.br\/sobre\/author\/ecentrosaopaulo\/#author"},"creator":{"@id":"https:\/\/www.encontracentrosaopaulo.com.br\/sobre\/author\/ecentrosaopaulo\/#author"},"datePublished":"2012-12-05T12:13:03-02:00","dateModified":"2019-04-29T16:21:34-03:00"},{"@type":"WebSite","@id":"https:\/\/www.encontracentrosaopaulo.com.br\/sobre\/#website","url":"https:\/\/www.encontracentrosaopaulo.com.br\/sobre\/","name":"Encontra Centro SP","description":"Not\u00edcias, eventos, informa\u00e7\u00f5es e dicas na cidade de Centro SP e regi\u00e3o.","inLanguage":"pt-BR","publisher":{"@id":"https:\/\/www.encontracentrosaopaulo.com.br\/sobre\/#organization"}}]},"og:locale":"pt_BR","og:site_name":"Encontra Centro SP | Not\u00edcias, eventos, informa\u00e7\u00f5es e dicas na cidade de Centro SP e regi\u00e3o.","og:type":"article","og:title":"Centro de SP recebe Natal Iluminado 2012 | Encontra Centro SP","og:description":"O Natal na cidade de S\u00e3o Paulo ganha mais luzes e cores. Com a chegada do fim do ano, a S\u00e3o Paulo Turismo (SPTuris) realiza a montagem do Natal Iluminado 2012. O projeto inclui a ilumina\u00e7\u00e3o de avenidas, pra\u00e7as e pr\u00e9dios, al\u00e9m de atra\u00e7\u00f5es e apresenta\u00e7\u00f5es especiais que acontecem at\u00e9 o dia 6 de janeiro.","og:url":"https:\/\/www.encontracentrosaopaulo.com.br\/sobre\/centro-de-sp-recebe-natal-iluminado-2012\/","article:published_time":"2012-12-05T14:13:03+00:00","article:modified_time":"2019-04-29T19:21:34+00:00","twitter:card":"summary","twitter:title":"Centro de SP recebe Natal Iluminado 2012 | Encontra Centro SP","twitter:description":"O Natal na cidade de S\u00e3o Paulo ganha mais luzes e cores. Com a chegada do fim do ano, a S\u00e3o Paulo Turismo (SPTuris) realiza a montagem do Natal Iluminado 2012. O projeto inclui a ilumina\u00e7\u00e3o de avenidas, pra\u00e7as e pr\u00e9dios, al\u00e9m de atra\u00e7\u00f5es e apresenta\u00e7\u00f5es especiais que acontecem at\u00e9 o dia 6 de janeiro."},"aioseo_meta_data":{"post_id":"1136","title":null,"description":null,"keywords":null,"keyphrases":null,"primary_term":null,"canonical_url":null,"og_title":null,"og_description":null,"og_object_type":"default","og_image_type":"default","og_image_url":null,"og_image_width":null,"og_image_height":null,"og_image_custom_url":null,"og_image_custom_fields":null,"og_video":null,"og_custom_url":null,"og_article_section":null,"og_article_tags":null,"twitter_use_og":false,"twitter_card":"default","twitter_image_type":"default","twitter_image_url":null,"twitter_image_custom_url":null,"twitter_image_custom_fields":null,"twitter_title":null,"twitter_description":null,"schema":{"blockGraphs":[],"customGraphs":[],"default":{"data":{"Article":[],"Course":[],"Dataset":[],"FAQPage":[],"Movie":[],"Person":[],"Product":[],"ProductReview":[],"Car":[],"Recipe":[],"Service":[],"SoftwareApplication":[],"WebPage":[]},"graphName":"Article","isEnabled":true},"graphs":[]},"schema_type":null,"schema_type_options":null,"pillar_content":false,"robots_default":true,"robots_noindex":false,"robots_noarchive":false,"robots_nosnippet":false,"robots_nofollow":false,"robots_noimageindex":false,"robots_noodp":false,"robots_notranslate":false,"robots_max_snippet":null,"robots_max_videopreview":null,"robots_max_imagepreview":"large","priority":null,"frequency":null,"local_seo":null,"breadcrumb_settings":null,"limit_modified_date":false,"ai":null,"created":"2021-01-18 18:59:39","updated":"2025-11-15 23:40:17","seo_analyzer_scan_date":null,"focus_keyword":null,"additional_keywords":null,"truseo_locale":null},"aioseo_breadcrumb":"<div class=\"aioseo-breadcrumbs\"><span class=\"aioseo-breadcrumb\">\n\t\t\t<a href=\"https:\/\/www.encontracentrosaopaulo.com.br\/sobre\" title=\"In\u00edcio\">In\u00edcio<\/a>\n\t\t<\/span><span class=\"aioseo-breadcrumb-separator\">&raquo;<\/span><span class=\"aioseo-breadcrumb\">\n\t\t\t<a href=\"https:\/\/www.encontracentrosaopaulo.com.br\/sobre\/noticias-no-centro-sp\/\" title=\"Not\u00edcias Centro SP\">Not\u00edcias Centro SP<\/a>\n\t\t<\/span><span class=\"aioseo-breadcrumb-separator\">&raquo;<\/span><span class=\"aioseo-breadcrumb\">\n\t\t\tCentro de SP recebe Natal Iluminado 2012\n\t\t<\/span><\/div>","aioseo_breadcrumb_json":[{"label":"In\u00edcio","link":"https:\/\/www.encontracentrosaopaulo.com.br\/sobre"},{"label":"Not\u00edcias Centro SP","link":"https:\/\/www.encontracentrosaopaulo.com.br\/sobre\/noticias-no-centro-sp\/"},{"label":"Centro de SP recebe Natal Iluminado 2012","link":"https:\/\/www.encontracentrosaopaulo.com.br\/sobre\/centro-de-sp-recebe-natal-iluminado-2012\/"}],"_links":{"self":[{"href":"https:\/\/www.encontracentrosaopaulo.com.br\/sobre\/wp-json\/wp\/v2\/posts\/1136","targetHints":{"allow":["GET"]}}],"collection":[{"href":"https:\/\/www.encontracentrosaopaulo.com.br\/sobre\/wp-json\/wp\/v2\/posts"}],"about":[{"href":"https:\/\/www.encontracentrosaopaulo.com.br\/sobre\/wp-json\/wp\/v2\/types\/post"}],"author":[{"embeddable":true,"href":"https:\/\/www.encontracentrosaopaulo.com.br\/sobre\/wp-json\/wp\/v2\/users\/1"}],"replies":[{"embeddable":true,"href":"https:\/\/www.encontracentrosaopaulo.com.br\/sobre\/wp-json\/wp\/v2\/comments?post=1136"}],"version-history":[{"count":0,"href":"https:\/\/www.encontracentrosaopaulo.com.br\/sobre\/wp-json\/wp\/v2\/posts\/1136\/revisions"}],"wp:attachment":[{"href":"https:\/\/www.encontracentrosaopaulo.com.br\/sobre\/wp-json\/wp\/v2\/media?parent=1136"}],"wp:term":[{"taxonomy":"category","embeddable":true,"href":"https:\/\/www.encontracentrosaopaulo.com.br\/sobre\/wp-json\/wp\/v2\/categories?post=1136"},{"taxonomy":"post_tag","embeddable":true,"href":"https:\/\/www.encontracentrosaopaulo.com.br\/sobre\/wp-json\/wp\/v2\/tags?post=1136"}],"curies":[{"name":"wp","href":"https:\/\/api.w.org\/{rel}","templated":true}]}}