{"id":1317,"date":"2013-01-16T02:10:19","date_gmt":"2013-01-16T04:10:19","guid":{"rendered":"http:\/\/www.encontracentrosaopaulo.com.br\/noticias\/?p=1317"},"modified":"2019-04-29T16:20:58","modified_gmt":"2019-04-29T19:20:58","slug":"morador-de-rua-e-morto-a-tiros-no-centro-de-sao-paulo","status":"publish","type":"post","link":"https:\/\/www.encontracentrosaopaulo.com.br\/sobre\/morador-de-rua-e-morto-a-tiros-no-centro-de-sao-paulo\/","title":{"rendered":"Morador de rua \u00e9 morto a tiros no Centro de S\u00e3o Paulo"},"content":{"rendered":"<div class=\"d6585b5127f45a35450431d0abc3f90c\" data-index=\"1\" style=\"float: none; margin:0px;\">\n<!-- Anuncio display - global -->\r\n<ins class=\"adsbygoogle\"\r\n     style=\"display:block\"\r\n     data-ad-client=\"ca-pub-8585364105181520\"\r\n     data-ad-slot=\"8789329856\"\r\n     data-ad-format=\"auto\"\r\n     data-full-width-responsive=\"true\"><\/ins>\r\n<script>\r\n     (adsbygoogle = window.adsbygoogle || []).push({});\r\n<\/script>\n<\/div>\n<p>Um morador de rua foi morto a tiros na regi\u00e3o do parque Dom Pedro,  centro de S\u00e3o Paulo, no in\u00edcio da madrugada desta ter\u00e7a-feira (15).<\/p>\n<p>A v\u00edtima, ainda n\u00e3o identificada, foi baleada e morta ao lado do  terminal de \u00f4nibus. Policiais foram acionados por moradores e  encontraram o desconhecido com ferimentos a bala na cabe\u00e7a, ainda com  vida, e acionaram os bombeiros.<\/p>\n<p>Quando o resgate chegou, o homem j\u00e1 estava morto. O homic\u00eddio foi registrado no plant\u00e3o do 8\u00ba Distrito Policial, do Bel\u00e9m.<\/p>\n<p><em>Fonte: R7<\/em><\/p>\n\n<div style=\"font-size: 0px; height: 0px; line-height: 0px; margin: 0; padding: 0; clear: both;\"><\/div>","protected":false},"excerpt":{"rendered":"<p>Um morador de rua foi morto a tiros na regi\u00e3o do parque Dom Pedro, centro de S\u00e3o Paulo, no in\u00edcio da madrugada desta ter\u00e7a-feira (15). A v\u00edtima, ainda n\u00e3o identificada, foi baleada e morta ao lado do terminal de \u00f4nibus. Policiais foram acionados por moradores e encontraram o desconhecido com ferimentos a bala na cabe\u00e7a, ainda com vida, e acionaram os bombeiros. Quando o resgate chegou, o homem j\u00e1 estava morto. O homic\u00eddio foi registrado no plant\u00e3o do 8\u00ba Distrito Policial, do Bel\u00e9m. Fonte: R7<\/p>\n","protected":false},"author":1,"featured_media":0,"comment_status":"open","ping_status":"closed","sticky":false,"template":"","format":"standard","meta":{"footnotes":""},"categories":[6],"tags":[],"class_list":["post-1317","post","type-post","status-publish","format-standard","hentry","category-noticias-no-centro-sp"],"aioseo_notices":[],"_links":{"self":[{"href":"https:\/\/www.encontracentrosaopaulo.com.br\/sobre\/wp-json\/wp\/v2\/posts\/1317","targetHints":{"allow":["GET"]}}],"collection":[{"href":"https:\/\/www.encontracentrosaopaulo.com.br\/sobre\/wp-json\/wp\/v2\/posts"}],"about":[{"href":"https:\/\/www.encontracentrosaopaulo.com.br\/sobre\/wp-json\/wp\/v2\/types\/post"}],"author":[{"embeddable":true,"href":"https:\/\/www.encontracentrosaopaulo.com.br\/sobre\/wp-json\/wp\/v2\/users\/1"}],"replies":[{"embeddable":true,"href":"https:\/\/www.encontracentrosaopaulo.com.br\/sobre\/wp-json\/wp\/v2\/comments?post=1317"}],"version-history":[{"count":0,"href":"https:\/\/www.encontracentrosaopaulo.com.br\/sobre\/wp-json\/wp\/v2\/posts\/1317\/revisions"}],"wp:attachment":[{"href":"https:\/\/www.encontracentrosaopaulo.com.br\/sobre\/wp-json\/wp\/v2\/media?parent=1317"}],"wp:term":[{"taxonomy":"category","embeddable":true,"href":"https:\/\/www.encontracentrosaopaulo.com.br\/sobre\/wp-json\/wp\/v2\/categories?post=1317"},{"taxonomy":"post_tag","embeddable":true,"href":"https:\/\/www.encontracentrosaopaulo.com.br\/sobre\/wp-json\/wp\/v2\/tags?post=1317"}],"curies":[{"name":"wp","href":"https:\/\/api.w.org\/{rel}","templated":true}]}}