{"id":1353,"date":"2013-01-23T01:47:50","date_gmt":"2013-01-23T03:47:50","guid":{"rendered":"http:\/\/www.encontracentrosaopaulo.com.br\/noticias\/?p=1353"},"modified":"2019-04-29T16:20:57","modified_gmt":"2019-04-29T19:20:57","slug":"sp-459-anosvale-do-anhangabau-recebe-o-show-4-geracoes-cantam-sao-paulo","status":"publish","type":"post","link":"https:\/\/www.encontracentrosaopaulo.com.br\/sobre\/sp-459-anosvale-do-anhangabau-recebe-o-show-4-geracoes-cantam-sao-paulo\/","title":{"rendered":"SP 459 anos: Vale do Anhangaba\u00fa recebe o show 4 gera\u00e7\u00f5es cantam S\u00e3o Paulo"},"content":{"rendered":"<div class=\"d6585b5127f45a35450431d0abc3f90c\" data-index=\"1\" style=\"float: none; margin:0px;\">\n<!-- Anuncio display - global -->\r\n<ins class=\"adsbygoogle\"\r\n     style=\"display:block\"\r\n     data-ad-client=\"ca-pub-8585364105181520\"\r\n     data-ad-slot=\"8789329856\"\r\n     data-ad-format=\"auto\"\r\n     data-full-width-responsive=\"true\"><\/ins>\r\n<script>\r\n     (adsbygoogle = window.adsbygoogle || []).push({});\r\n<\/script>\n<\/div>\n<p>A cidade de S\u00e3o Paulo comemora, em 25 de janeiro, seus 459 anos  oferecendo aos cidad\u00e3os o que tem de melhor: conviv\u00eancia nos espa\u00e7os  p\u00fablicos, diversidade cultural e boa m\u00fasica.<\/p>\n<p>Para celebrar todas estas qualidades, a Secretaria Municipal de Cultura  promove, a partir das 15h, no Vale do Anhangaba\u00fa, o show <em>4 gera\u00e7\u00f5es cantam S\u00e3o Paulo<\/em>, com apresenta\u00e7\u00f5es de Z\u00e9lia Duncan, que traz o show <em>Tudo Esclarecido<\/em>, uma homenagem a Itamar Assump\u00e7\u00e3o, Criolo e Emicida, Arnaldo Antunes e o encerramento com a cantora Rita Lee.<\/p>\n<p><strong>Z\u00e9lia Duncan, 15h<\/strong><\/p>\n<p>O evento in\u00e9dito ter\u00e1 abertura da cantora Z\u00e9lia Duncan, que traz a S\u00e3o  Paulo seu novo show, Tudo Esclarecido. Nesta apresenta\u00e7\u00e3o, ela  interpreta 13 can\u00e7\u00f5es de Itamar Assump\u00e7\u00e3o, registradas recentemente em  disco hom\u00f4nimo lan\u00e7ado no final do ano passado.<\/p>\n<p>A homenagem de Z\u00e9lia a Itamar lembra os 10 anos da morte do compositor  que nasceu em Tiet\u00ea (SP), mas viveu grande parte de sua vida no bairro  da Penha. No repert\u00f3rio, ela canta <em>C\u00f3digo de Acesso<\/em>, <em>Fim de Festa<\/em>, <em>Mil\u00e1grimas<\/em>, <em>V\u00ea se me esquece<\/em> e <em>Leonor<\/em>.<\/p>\n<p>Nesta apresenta\u00e7\u00e3o, a cantora tamb\u00e9m reserva um momento para relembrar grandes sucessos de sua carreira como <em>Catedral<\/em> e <em>La vou eu<\/em>.<\/p>\n<p><strong>Criolo e Emicida, 17h<\/strong><\/p>\n<p>Criolo e Emicida t\u00eam carreiras-solo s\u00f3lidas e p\u00fablico cativo. Mas, suas  apresenta\u00e7\u00f5es conjuntas criam uma mistura interessante de sons e  p\u00fablico, que tem sido grande sucesso. Vindos de regi\u00f5es opostas da  cidade de S\u00e3o Paulo (Criolo da Sul e Emicida da Norte), encontraram-se  na Rinha dos MC&#8217;s, festa-batalha organizada por Criolo e DJ DanDan desde  junho de 2006. Na ocasi\u00e3o desse primeiro encontro,\u00a0 Criolo era o  apresentador do evento e Emicida um dos concorrentes.<\/p>\n<p>Emicida venceu 14 edi\u00e7\u00f5es da tradicional batalha de rimas e chamou a  aten\u00e7\u00e3o de Criolo por sua criatividade e agilidade na constru\u00e7\u00e3o dos  versos.<\/p>\n<p>No come\u00e7o do ano passado, atuaram juntos no videoclipe de <em>Ent\u00e3o Toma<\/em> de autoria de Emicida, que foi eleito o melhor clipe pelo j\u00fari  especializado do MTV V\u00eddeo Music Brasil (VMB). A dupla se prepara ainda  para lan\u00e7ar um DVD do show compartilhado no primeiro semestre deste ano.<\/p>\n<p><strong>Arnaldo Antunes, 19h<\/strong><\/p>\n<p>\u00c0s 19h, Arnaldo Antunes apresenta seu mais recente trabalho <em>Ac\u00fastico MTV<\/em>,  lan\u00e7ado no final de 2011. Ele sobe ao palco acompanhado de grandes  m\u00fasicos e instrumentistas da atualidade: Edgard Scandurra, Curumin,  Marcelo Jeneci, Bet\u00e3o Aguiar e Chico Salem. No repert\u00f3rio, can\u00e7\u00f5es como <em>Passe em casa<\/em>, composi\u00e7\u00e3o conhecida na voz dos Tribalistas, <em>Sem voc\u00ea<\/em>, <em>Comida<\/em> e a in\u00e9dita <em>Ligado a voc\u00ea<\/em>.<\/p>\n<p><strong>Rita Lee, 21h<\/strong><\/p>\n<p>O encerramento do evento <em>4 gera\u00e7\u00f5es cantam S\u00e3o Paulo<\/em> fica por  conta da cantora Rita Lee, que marca seu retorno aos palcos em seu  primeiro show do ano. Rita est\u00e1 celebrando 50 anos de sua trajet\u00f3ria  musical.<\/p>\n<p>Ex-integrante do grupo Os Mutantes e Tutti Frutti, a cantora  estabeleceu uma carreira solo de muito sucesso a partir do final da  d\u00e9cada de 1970. Em 2011, ela se apresentou no Palco J\u00falio Prestes  durante a edi\u00e7\u00e3o da Virada Cultural. Sucessos de todas as \u00e9pocas  integram o show: <em>Agora s\u00f3 falta voc\u00ea<\/em>, gravada com a banda Tutti Frutti, <em>Mania de voc\u00ea<\/em>, <em>Amor e Sexo<\/em>, <em>Doce Vampiro<\/em>, <em>Ovelha Negra<\/em>, entre outras.<\/p>\n<p><strong>Servi\u00e7o<\/strong><\/p>\n<p><strong>4 gera\u00e7\u00f5es cantam S\u00e3o Paulo<br \/>\nData:<\/strong> 25 de janeiro<strong><br \/>\nHor\u00e1rio:<\/strong> Z\u00e9lia Duncan \u2013 15h; Criolo e Emicida &#8211; 17h; Arnaldo Antunes &#8211; 19h; Rita Lee &#8211; 21h<br \/>\n<strong>Endere\u00e7o:<\/strong> <a title=\"Vale do Anhangaba\u00fa\" href=\"http:\/\/www.encontracentrosaopaulo.com.br\/centro-sp\/vale-do-anhangabau-no-centro.shtml\" target=\"_blank\">Vale do Anhangaba\u00fa<\/a>, pr\u00f3ximo ao <a title=\"Viaduto do Ch\u00e1\" href=\"http:\/\/www.encontracentrosaopaulo.com.br\/centro-sp\/viaduto-do-cha-no-centro.shtml\" target=\"_blank\">Viaduto do Ch\u00e1<\/a><br \/>\n<strong>Valor: <\/strong>Gr\u00e1tis<\/p>\n<p><em>Fonte: Prefeitura de S. Paulo<\/em><strong><br \/>\n<\/strong><\/p>\n\n<div style=\"font-size: 0px; height: 0px; line-height: 0px; margin: 0; padding: 0; clear: both;\"><\/div>","protected":false},"excerpt":{"rendered":"<p>A cidade de S\u00e3o Paulo comemora, em 25 de janeiro, seus 459 anos oferecendo aos cidad\u00e3os o que tem de melhor: conviv\u00eancia nos espa\u00e7os p\u00fablicos, diversidade cultural e boa m\u00fasica. Para celebrar todas estas qualidades, a Secretaria Municipal de Cultura promove, a partir das 15h, no Vale do Anhangaba\u00fa, o show 4 gera\u00e7\u00f5es cantam S\u00e3o Paulo, com apresenta\u00e7\u00f5es de Z\u00e9lia Duncan, que traz o show Tudo Esclarecido, uma homenagem a Itamar Assump\u00e7\u00e3o, Criolo e Emicida, Arnaldo Antunes e o encerramento com a cantora Rita Lee. Z\u00e9lia Duncan, 15h O evento in\u00e9dito ter\u00e1 abertura da cantora Z\u00e9lia Duncan, que traz a <\/p>\n","protected":false},"author":1,"featured_media":0,"comment_status":"open","ping_status":"closed","sticky":false,"template":"","format":"standard","meta":{"footnotes":""},"categories":[9],"tags":[],"class_list":["post-1353","post","type-post","status-publish","format-standard","hentry","category-shows-no-centro-sp"],"aioseo_notices":[],"_links":{"self":[{"href":"https:\/\/www.encontracentrosaopaulo.com.br\/sobre\/wp-json\/wp\/v2\/posts\/1353","targetHints":{"allow":["GET"]}}],"collection":[{"href":"https:\/\/www.encontracentrosaopaulo.com.br\/sobre\/wp-json\/wp\/v2\/posts"}],"about":[{"href":"https:\/\/www.encontracentrosaopaulo.com.br\/sobre\/wp-json\/wp\/v2\/types\/post"}],"author":[{"embeddable":true,"href":"https:\/\/www.encontracentrosaopaulo.com.br\/sobre\/wp-json\/wp\/v2\/users\/1"}],"replies":[{"embeddable":true,"href":"https:\/\/www.encontracentrosaopaulo.com.br\/sobre\/wp-json\/wp\/v2\/comments?post=1353"}],"version-history":[{"count":0,"href":"https:\/\/www.encontracentrosaopaulo.com.br\/sobre\/wp-json\/wp\/v2\/posts\/1353\/revisions"}],"wp:attachment":[{"href":"https:\/\/www.encontracentrosaopaulo.com.br\/sobre\/wp-json\/wp\/v2\/media?parent=1353"}],"wp:term":[{"taxonomy":"category","embeddable":true,"href":"https:\/\/www.encontracentrosaopaulo.com.br\/sobre\/wp-json\/wp\/v2\/categories?post=1353"},{"taxonomy":"post_tag","embeddable":true,"href":"https:\/\/www.encontracentrosaopaulo.com.br\/sobre\/wp-json\/wp\/v2\/tags?post=1353"}],"curies":[{"name":"wp","href":"https:\/\/api.w.org\/{rel}","templated":true}]}}