{"id":1355,"date":"2013-01-23T00:00:29","date_gmt":"2013-01-23T02:00:29","guid":{"rendered":"http:\/\/www.encontracentrosaopaulo.com.br\/noticias\/?p=1355"},"modified":"2019-04-29T16:20:57","modified_gmt":"2019-04-29T19:20:57","slug":"cinco-sao-presos-apos-pichar-fonte-no-centro-de-sp","status":"publish","type":"post","link":"https:\/\/www.encontracentrosaopaulo.com.br\/sobre\/cinco-sao-presos-apos-pichar-fonte-no-centro-de-sp\/","title":{"rendered":"Cinco s\u00e3o presos ap\u00f3s pichar fonte no Centro de SP"},"content":{"rendered":"<div class=\"d6585b5127f45a35450431d0abc3f90c\" data-index=\"1\" style=\"float: none; margin:0px;\">\n<!-- Anuncio display - global -->\r\n<ins class=\"adsbygoogle\"\r\n     style=\"display:block\"\r\n     data-ad-client=\"ca-pub-8585364105181520\"\r\n     data-ad-slot=\"8789329856\"\r\n     data-ad-format=\"auto\"\r\n     data-full-width-responsive=\"true\"><\/ins>\r\n<script>\r\n     (adsbygoogle = window.adsbygoogle || []).push({});\r\n<\/script>\n<\/div>\n<p>A Guarda Civil Metropolitana prendeu cinco pessoas com socos ingleses, facas e um rev\u00f3lver calibre 32, ap\u00f3s o grupo pichar su\u00e1sticas e express\u00f5es de teor nazista na Fonte dos Desejos, na Pra\u00e7a Ramos de Azevedo, na frente do <a title=\"Theatro Municipal\" href=\"http:\/\/www.encontracentrosaopaulo.com.br\/centro-sp\/museu-do-theatro-municipal-de-sao-paulo-no-centro.shtml\" target=\"_blank\">Theatro Municipal<\/a>, na regi\u00e3o central de SP, por volta das 21h de anteontem.<\/p>\n<p>Os detidos faziam parte de um grupo maior, mas a GCM n\u00e3o conseguiu prender todos. Entre os que foram levados para a delegacia, dois j\u00e1 tinham passagem por forma\u00e7\u00e3o de quadrilha e tentativa de homic\u00eddio. Eles foram indiciados tamb\u00e9m por forma\u00e7\u00e3o de quadrilha, vandalismo e porte ilegal de arma.<\/p>\n<p><em>Fonte: O Estado de S\u00e3o Paulo<\/em><\/p>\n\n<div style=\"font-size: 0px; height: 0px; line-height: 0px; margin: 0; padding: 0; clear: both;\"><\/div>","protected":false},"excerpt":{"rendered":"<p>A Guarda Civil Metropolitana prendeu cinco pessoas com socos ingleses, facas e um rev\u00f3lver calibre 32, ap\u00f3s o grupo pichar su\u00e1sticas e express\u00f5es de teor nazista na Fonte dos Desejos, na Pra\u00e7a Ramos de Azevedo, na frente do Theatro Municipal, na regi\u00e3o central de SP, por volta das 21h de anteontem. Os detidos faziam parte de um grupo maior, mas a GCM n\u00e3o conseguiu prender todos. Entre os que foram levados para a delegacia, dois j\u00e1 tinham passagem por forma\u00e7\u00e3o de quadrilha e tentativa de homic\u00eddio. Eles foram indiciados tamb\u00e9m por forma\u00e7\u00e3o de quadrilha, vandalismo e porte ilegal de arma. <\/p>\n","protected":false},"author":1,"featured_media":0,"comment_status":"open","ping_status":"closed","sticky":false,"template":"","format":"standard","meta":{"footnotes":""},"categories":[6],"tags":[],"class_list":["post-1355","post","type-post","status-publish","format-standard","hentry","category-noticias-no-centro-sp"],"aioseo_notices":[],"_links":{"self":[{"href":"https:\/\/www.encontracentrosaopaulo.com.br\/sobre\/wp-json\/wp\/v2\/posts\/1355","targetHints":{"allow":["GET"]}}],"collection":[{"href":"https:\/\/www.encontracentrosaopaulo.com.br\/sobre\/wp-json\/wp\/v2\/posts"}],"about":[{"href":"https:\/\/www.encontracentrosaopaulo.com.br\/sobre\/wp-json\/wp\/v2\/types\/post"}],"author":[{"embeddable":true,"href":"https:\/\/www.encontracentrosaopaulo.com.br\/sobre\/wp-json\/wp\/v2\/users\/1"}],"replies":[{"embeddable":true,"href":"https:\/\/www.encontracentrosaopaulo.com.br\/sobre\/wp-json\/wp\/v2\/comments?post=1355"}],"version-history":[{"count":0,"href":"https:\/\/www.encontracentrosaopaulo.com.br\/sobre\/wp-json\/wp\/v2\/posts\/1355\/revisions"}],"wp:attachment":[{"href":"https:\/\/www.encontracentrosaopaulo.com.br\/sobre\/wp-json\/wp\/v2\/media?parent=1355"}],"wp:term":[{"taxonomy":"category","embeddable":true,"href":"https:\/\/www.encontracentrosaopaulo.com.br\/sobre\/wp-json\/wp\/v2\/categories?post=1355"},{"taxonomy":"post_tag","embeddable":true,"href":"https:\/\/www.encontracentrosaopaulo.com.br\/sobre\/wp-json\/wp\/v2\/tags?post=1355"}],"curies":[{"name":"wp","href":"https:\/\/api.w.org\/{rel}","templated":true}]}}