{"id":155,"date":"2011-12-30T11:16:57","date_gmt":"2011-12-30T13:16:57","guid":{"rendered":"http:\/\/www.encontracentrosaopaulo.com.br\/noticias\/?p=155"},"modified":"2019-04-29T16:23:50","modified_gmt":"2019-04-29T19:23:50","slug":"155","status":"publish","type":"post","link":"https:\/\/www.encontracentrosaopaulo.com.br\/sobre\/155\/","title":{"rendered":"Bal\u00f5es enfeitam o c\u00e9u do Centro de SP no \u00faltimo dia \u00fatil de 2011"},"content":{"rendered":"<div class=\"d6585b5127f45a35450431d0abc3f90c\" data-index=\"1\" style=\"float: none; margin:0px;\">\n<!-- Anuncio display - global -->\r\n<ins class=\"adsbygoogle\"\r\n     style=\"display:block\"\r\n     data-ad-client=\"ca-pub-8585364105181520\"\r\n     data-ad-slot=\"8789329856\"\r\n     data-ad-format=\"auto\"\r\n     data-full-width-responsive=\"true\"><\/ins>\r\n<script>\r\n     (adsbygoogle = window.adsbygoogle || []).push({});\r\n<\/script>\n<\/div>\n<p>O c\u00e9u do Encontra centro de S\u00e3o Paulo foi tomado por bal\u00f5es nesta sexta-feira  (30). A festa promovida pela ACSP (Associa\u00e7\u00e3o Comercial de S\u00e3o Paulo) j\u00e1  \u00e9 uma tradi\u00e7\u00e3o sempre no\u00a0\u00faltimo dia \u00fatil de cada ano. No total 60 mil  bal\u00f5es biodegrad\u00e1veis foram soltos no P\u00e1teo do Col\u00e9gio.<\/p>\n<p>O prefeito Gilberto Kassab (PSD) participou da comemora\u00e7\u00e3o. Para  o\u00a0presidente da associa\u00e7\u00e3o, Rog\u00e9rio Amato, \u00e9 importante manter a  tradi\u00e7\u00e3o.<\/p>\n<p>&#8211; Esta comemora\u00e7\u00e3o representa o nosso empenho para que S\u00e3o Paulo  fique mais bonita e atrativa para seus moradores e turistas. Enfeitar o  c\u00e9u da cidade no \u00faltimo dia \u00fatil do ano serve tamb\u00e9m para comemorar tudo  de bom que juntos conquistamos em 2011.<\/p>\n<p>A ideia dos bal\u00f5es surgiu com os motoboys da entidade, em 1992,  quando resolveram soltar cem bexigas\u00a0ao inv\u00e9s de jogar pap\u00e9is picados  pelas janelas do pr\u00e9dio, como era feito antes. No ano seguinte, alguns  funcion\u00e1rios tamb\u00e9m aderiram \u00e0 comemora\u00e7\u00e3o e o n\u00famero de bal\u00f5es  aumentou. Em 1994, quando a ACSP assumiu o evento, foram  soltos\u00a05.000\u00a0bal\u00f5es.<\/p>\n<p><em>Fonte: R7<\/em><\/p>\n\n<div style=\"font-size: 0px; height: 0px; line-height: 0px; margin: 0; padding: 0; clear: both;\"><\/div>","protected":false},"excerpt":{"rendered":"<p>O c\u00e9u do Encontra centro de S\u00e3o Paulo foi tomado por bal\u00f5es nesta sexta-feira (30). A festa promovida pela ACSP (Associa\u00e7\u00e3o Comercial de S\u00e3o Paulo) j\u00e1 \u00e9 uma tradi\u00e7\u00e3o sempre no\u00a0\u00faltimo dia \u00fatil de cada ano. No total 60 mil bal\u00f5es biodegrad\u00e1veis foram soltos no P\u00e1teo do Col\u00e9gio. O prefeito Gilberto Kassab (PSD) participou da comemora\u00e7\u00e3o. Para o\u00a0presidente da associa\u00e7\u00e3o, Rog\u00e9rio Amato, \u00e9 importante manter a tradi\u00e7\u00e3o. &#8211; Esta comemora\u00e7\u00e3o representa o nosso empenho para que S\u00e3o Paulo fique mais bonita e atrativa para seus moradores e turistas. Enfeitar o c\u00e9u da cidade no \u00faltimo dia \u00fatil do ano serve <\/p>\n","protected":false},"author":1,"featured_media":0,"comment_status":"open","ping_status":"closed","sticky":false,"template":"","format":"standard","meta":{"footnotes":""},"categories":[6],"tags":[],"class_list":["post-155","post","type-post","status-publish","format-standard","hentry","category-noticias-no-centro-sp"],"aioseo_notices":[],"aioseo_head":"\n\t\t<!-- All in One SEO 5.0.0.1 - aioseo.com -->\n\t<meta name=\"description\" content=\"O c\u00e9u do Encontra centro de S\u00e3o Paulo foi tomado por bal\u00f5es nesta sexta-feira (30). A festa promovida pela ACSP (Associa\u00e7\u00e3o Comercial de S\u00e3o Paulo) j\u00e1 \u00e9 uma tradi\u00e7\u00e3o sempre no \u00faltimo dia \u00fatil de cada ano. No total 60 mil bal\u00f5es biodegrad\u00e1veis foram soltos no P\u00e1teo do Col\u00e9gio. O prefeito Gilberto Kassab (PSD) participou da\" \/>\n\t<meta name=\"robots\" content=\"max-image-preview:large\" \/>\n\t<meta name=\"author\" content=\"Encontra Centro SP\"\/>\n\t<link rel=\"canonical\" href=\"https:\/\/www.encontracentrosaopaulo.com.br\/sobre\/155\/\" \/>\n\t<meta name=\"generator\" content=\"All in One SEO (AIOSEO) 5.0.0.1\" \/>\n\t\t<meta property=\"og:locale\" content=\"pt_BR\" \/>\n\t\t<meta property=\"og:site_name\" content=\"Encontra Centro SP | Not\u00edcias, eventos, informa\u00e7\u00f5es e dicas na cidade de Centro SP e regi\u00e3o.\" \/>\n\t\t<meta property=\"og:type\" content=\"article\" \/>\n\t\t<meta property=\"og:title\" content=\"Bal\u00f5es enfeitam o c\u00e9u do Centro de SP no \u00faltimo dia \u00fatil de 2011 | Encontra Centro SP\" \/>\n\t\t<meta property=\"og:description\" content=\"O c\u00e9u do Encontra centro de S\u00e3o Paulo foi tomado por bal\u00f5es nesta sexta-feira (30). A festa promovida pela ACSP (Associa\u00e7\u00e3o Comercial de S\u00e3o Paulo) j\u00e1 \u00e9 uma tradi\u00e7\u00e3o sempre no \u00faltimo dia \u00fatil de cada ano. No total 60 mil bal\u00f5es biodegrad\u00e1veis foram soltos no P\u00e1teo do Col\u00e9gio. O prefeito Gilberto Kassab (PSD) participou da\" \/>\n\t\t<meta property=\"og:url\" content=\"https:\/\/www.encontracentrosaopaulo.com.br\/sobre\/155\/\" \/>\n\t\t<meta property=\"article:published_time\" content=\"2011-12-30T13:16:57+00:00\" \/>\n\t\t<meta property=\"article:modified_time\" content=\"2019-04-29T19:23:50+00:00\" \/>\n\t\t<meta name=\"twitter:card\" content=\"summary\" \/>\n\t\t<meta name=\"twitter:title\" content=\"Bal\u00f5es enfeitam o c\u00e9u do Centro de SP no \u00faltimo dia \u00fatil de 2011 | Encontra Centro SP\" \/>\n\t\t<meta name=\"twitter:description\" content=\"O c\u00e9u do Encontra centro de S\u00e3o Paulo foi tomado por bal\u00f5es nesta sexta-feira (30). A festa promovida pela ACSP (Associa\u00e7\u00e3o Comercial de S\u00e3o Paulo) j\u00e1 \u00e9 uma tradi\u00e7\u00e3o sempre no \u00faltimo dia \u00fatil de cada ano. No total 60 mil bal\u00f5es biodegrad\u00e1veis foram soltos no P\u00e1teo do Col\u00e9gio. O prefeito Gilberto Kassab (PSD) participou da\" \/>\n\t\t<script type=\"application\/ld+json\" class=\"aioseo-schema\">\n\t\t\t{\"@context\":\"https:\\\/\\\/schema.org\",\"@graph\":[{\"@type\":\"Article\",\"@id\":\"https:\\\/\\\/www.encontracentrosaopaulo.com.br\\\/sobre\\\/155\\\/#article\",\"name\":\"Bal\\u00f5es enfeitam o c\\u00e9u do Centro de SP no \\u00faltimo dia \\u00fatil de 2011 | Encontra Centro SP\",\"headline\":\"Bal\\u00f5es enfeitam o c\\u00e9u do Centro de SP no \\u00faltimo dia \\u00fatil de 2011\",\"author\":{\"@id\":\"https:\\\/\\\/www.encontracentrosaopaulo.com.br\\\/sobre\\\/author\\\/ecentrosaopaulo\\\/#author\"},\"publisher\":{\"@id\":\"https:\\\/\\\/www.encontracentrosaopaulo.com.br\\\/sobre\\\/#organization\"},\"datePublished\":\"2011-12-30T11:16:57-02:00\",\"dateModified\":\"2019-04-29T16:23:50-03:00\",\"inLanguage\":\"pt-BR\",\"mainEntityOfPage\":{\"@id\":\"https:\\\/\\\/www.encontracentrosaopaulo.com.br\\\/sobre\\\/155\\\/#webpage\"},\"isPartOf\":{\"@id\":\"https:\\\/\\\/www.encontracentrosaopaulo.com.br\\\/sobre\\\/155\\\/#webpage\"},\"articleSection\":\"Not\\u00edcias Centro SP\"},{\"@type\":\"BreadcrumbList\",\"@id\":\"https:\\\/\\\/www.encontracentrosaopaulo.com.br\\\/sobre\\\/155\\\/#breadcrumblist\",\"itemListElement\":[{\"@type\":\"ListItem\",\"@id\":\"https:\\\/\\\/www.encontracentrosaopaulo.com.br\\\/sobre#listItem\",\"position\":1,\"name\":\"In\\u00edcio\",\"item\":\"https:\\\/\\\/www.encontracentrosaopaulo.com.br\\\/sobre\",\"nextItem\":{\"@type\":\"ListItem\",\"@id\":\"https:\\\/\\\/www.encontracentrosaopaulo.com.br\\\/sobre\\\/noticias-no-centro-sp\\\/#listItem\",\"name\":\"Not\\u00edcias Centro SP\"}},{\"@type\":\"ListItem\",\"@id\":\"https:\\\/\\\/www.encontracentrosaopaulo.com.br\\\/sobre\\\/noticias-no-centro-sp\\\/#listItem\",\"position\":2,\"name\":\"Not\\u00edcias Centro SP\",\"item\":\"https:\\\/\\\/www.encontracentrosaopaulo.com.br\\\/sobre\\\/noticias-no-centro-sp\\\/\",\"nextItem\":{\"@type\":\"ListItem\",\"@id\":\"https:\\\/\\\/www.encontracentrosaopaulo.com.br\\\/sobre\\\/155\\\/#listItem\",\"name\":\"Bal\\u00f5es enfeitam o c\\u00e9u do Centro de SP no \\u00faltimo dia \\u00fatil de 2011\"},\"previousItem\":{\"@type\":\"ListItem\",\"@id\":\"https:\\\/\\\/www.encontracentrosaopaulo.com.br\\\/sobre#listItem\",\"name\":\"In\\u00edcio\"}},{\"@type\":\"ListItem\",\"@id\":\"https:\\\/\\\/www.encontracentrosaopaulo.com.br\\\/sobre\\\/155\\\/#listItem\",\"position\":3,\"name\":\"Bal\\u00f5es enfeitam o c\\u00e9u do Centro de SP no \\u00faltimo dia \\u00fatil de 2011\",\"previousItem\":{\"@type\":\"ListItem\",\"@id\":\"https:\\\/\\\/www.encontracentrosaopaulo.com.br\\\/sobre\\\/noticias-no-centro-sp\\\/#listItem\",\"name\":\"Not\\u00edcias Centro SP\"}}]},{\"@type\":\"Organization\",\"@id\":\"https:\\\/\\\/www.encontracentrosaopaulo.com.br\\\/sobre\\\/#organization\",\"name\":\"Encontra Centro SP\",\"description\":\"Not\\u00edcias, eventos, informa\\u00e7\\u00f5es e dicas na cidade de Centro SP e regi\\u00e3o.\",\"url\":\"https:\\\/\\\/www.encontracentrosaopaulo.com.br\\\/sobre\\\/\"},{\"@type\":\"Person\",\"@id\":\"https:\\\/\\\/www.encontracentrosaopaulo.com.br\\\/sobre\\\/author\\\/ecentrosaopaulo\\\/#author\",\"url\":\"https:\\\/\\\/www.encontracentrosaopaulo.com.br\\\/sobre\\\/author\\\/ecentrosaopaulo\\\/\",\"name\":\"Encontra Centro SP\",\"image\":{\"@type\":\"ImageObject\",\"@id\":\"https:\\\/\\\/www.encontracentrosaopaulo.com.br\\\/sobre\\\/155\\\/#authorImage\",\"url\":\"https:\\\/\\\/secure.gravatar.com\\\/avatar\\\/507340682b8270222e1f208e23198b6ae7e2c6a1033ae84e99bc6bce4f82a387?s=96&d=mm&r=g\",\"width\":96,\"height\":96,\"caption\":\"Encontra Centro SP\"}},{\"@type\":\"WebPage\",\"@id\":\"https:\\\/\\\/www.encontracentrosaopaulo.com.br\\\/sobre\\\/155\\\/#webpage\",\"url\":\"https:\\\/\\\/www.encontracentrosaopaulo.com.br\\\/sobre\\\/155\\\/\",\"name\":\"Bal\\u00f5es enfeitam o c\\u00e9u do Centro de SP no \\u00faltimo dia \\u00fatil de 2011 | Encontra Centro SP\",\"description\":\"O c\\u00e9u do Encontra centro de S\\u00e3o Paulo foi tomado por bal\\u00f5es nesta sexta-feira (30). A festa promovida pela ACSP (Associa\\u00e7\\u00e3o Comercial de S\\u00e3o Paulo) j\\u00e1 \\u00e9 uma tradi\\u00e7\\u00e3o sempre no \\u00faltimo dia \\u00fatil de cada ano. No total 60 mil bal\\u00f5es biodegrad\\u00e1veis foram soltos no P\\u00e1teo do Col\\u00e9gio. O prefeito Gilberto Kassab (PSD) participou da\",\"inLanguage\":\"pt-BR\",\"isPartOf\":{\"@id\":\"https:\\\/\\\/www.encontracentrosaopaulo.com.br\\\/sobre\\\/#website\"},\"breadcrumb\":{\"@id\":\"https:\\\/\\\/www.encontracentrosaopaulo.com.br\\\/sobre\\\/155\\\/#breadcrumblist\"},\"author\":{\"@id\":\"https:\\\/\\\/www.encontracentrosaopaulo.com.br\\\/sobre\\\/author\\\/ecentrosaopaulo\\\/#author\"},\"creator\":{\"@id\":\"https:\\\/\\\/www.encontracentrosaopaulo.com.br\\\/sobre\\\/author\\\/ecentrosaopaulo\\\/#author\"},\"datePublished\":\"2011-12-30T11:16:57-02:00\",\"dateModified\":\"2019-04-29T16:23:50-03:00\"},{\"@type\":\"WebSite\",\"@id\":\"https:\\\/\\\/www.encontracentrosaopaulo.com.br\\\/sobre\\\/#website\",\"url\":\"https:\\\/\\\/www.encontracentrosaopaulo.com.br\\\/sobre\\\/\",\"name\":\"Encontra Centro SP\",\"description\":\"Not\\u00edcias, eventos, informa\\u00e7\\u00f5es e dicas na cidade de Centro SP e regi\\u00e3o.\",\"inLanguage\":\"pt-BR\",\"publisher\":{\"@id\":\"https:\\\/\\\/www.encontracentrosaopaulo.com.br\\\/sobre\\\/#organization\"}}]}\n\t\t<\/script>\n\t\t<!-- All in One SEO -->\n\n","aioseo_head_json":{"title":"Bal\u00f5es enfeitam o c\u00e9u do Centro de SP no \u00faltimo dia \u00fatil de 2011 | Encontra Centro SP","description":"O c\u00e9u do Encontra centro de S\u00e3o Paulo foi tomado por bal\u00f5es nesta sexta-feira (30). A festa promovida pela ACSP (Associa\u00e7\u00e3o Comercial de S\u00e3o Paulo) j\u00e1 \u00e9 uma tradi\u00e7\u00e3o sempre no \u00faltimo dia \u00fatil de cada ano. No total 60 mil bal\u00f5es biodegrad\u00e1veis foram soltos no P\u00e1teo do Col\u00e9gio. O prefeito Gilberto Kassab (PSD) participou da","canonical_url":"https:\/\/www.encontracentrosaopaulo.com.br\/sobre\/155\/","robots":"max-image-preview:large","keywords":"","webmasterTools":{"miscellaneous":""},"schema":{"@context":"https:\/\/schema.org","@graph":[{"@type":"Article","@id":"https:\/\/www.encontracentrosaopaulo.com.br\/sobre\/155\/#article","name":"Bal\u00f5es enfeitam o c\u00e9u do Centro de SP no \u00faltimo dia \u00fatil de 2011 | Encontra Centro SP","headline":"Bal\u00f5es enfeitam o c\u00e9u do Centro de SP no \u00faltimo dia \u00fatil de 2011","author":{"@id":"https:\/\/www.encontracentrosaopaulo.com.br\/sobre\/author\/ecentrosaopaulo\/#author"},"publisher":{"@id":"https:\/\/www.encontracentrosaopaulo.com.br\/sobre\/#organization"},"datePublished":"2011-12-30T11:16:57-02:00","dateModified":"2019-04-29T16:23:50-03:00","inLanguage":"pt-BR","mainEntityOfPage":{"@id":"https:\/\/www.encontracentrosaopaulo.com.br\/sobre\/155\/#webpage"},"isPartOf":{"@id":"https:\/\/www.encontracentrosaopaulo.com.br\/sobre\/155\/#webpage"},"articleSection":"Not\u00edcias Centro SP"},{"@type":"BreadcrumbList","@id":"https:\/\/www.encontracentrosaopaulo.com.br\/sobre\/155\/#breadcrumblist","itemListElement":[{"@type":"ListItem","@id":"https:\/\/www.encontracentrosaopaulo.com.br\/sobre#listItem","position":1,"name":"In\u00edcio","item":"https:\/\/www.encontracentrosaopaulo.com.br\/sobre","nextItem":{"@type":"ListItem","@id":"https:\/\/www.encontracentrosaopaulo.com.br\/sobre\/noticias-no-centro-sp\/#listItem","name":"Not\u00edcias Centro SP"}},{"@type":"ListItem","@id":"https:\/\/www.encontracentrosaopaulo.com.br\/sobre\/noticias-no-centro-sp\/#listItem","position":2,"name":"Not\u00edcias Centro SP","item":"https:\/\/www.encontracentrosaopaulo.com.br\/sobre\/noticias-no-centro-sp\/","nextItem":{"@type":"ListItem","@id":"https:\/\/www.encontracentrosaopaulo.com.br\/sobre\/155\/#listItem","name":"Bal\u00f5es enfeitam o c\u00e9u do Centro de SP no \u00faltimo dia \u00fatil de 2011"},"previousItem":{"@type":"ListItem","@id":"https:\/\/www.encontracentrosaopaulo.com.br\/sobre#listItem","name":"In\u00edcio"}},{"@type":"ListItem","@id":"https:\/\/www.encontracentrosaopaulo.com.br\/sobre\/155\/#listItem","position":3,"name":"Bal\u00f5es enfeitam o c\u00e9u do Centro de SP no \u00faltimo dia \u00fatil de 2011","previousItem":{"@type":"ListItem","@id":"https:\/\/www.encontracentrosaopaulo.com.br\/sobre\/noticias-no-centro-sp\/#listItem","name":"Not\u00edcias Centro SP"}}]},{"@type":"Organization","@id":"https:\/\/www.encontracentrosaopaulo.com.br\/sobre\/#organization","name":"Encontra Centro SP","description":"Not\u00edcias, eventos, informa\u00e7\u00f5es e dicas na cidade de Centro SP e regi\u00e3o.","url":"https:\/\/www.encontracentrosaopaulo.com.br\/sobre\/"},{"@type":"Person","@id":"https:\/\/www.encontracentrosaopaulo.com.br\/sobre\/author\/ecentrosaopaulo\/#author","url":"https:\/\/www.encontracentrosaopaulo.com.br\/sobre\/author\/ecentrosaopaulo\/","name":"Encontra Centro SP","image":{"@type":"ImageObject","@id":"https:\/\/www.encontracentrosaopaulo.com.br\/sobre\/155\/#authorImage","url":"https:\/\/secure.gravatar.com\/avatar\/507340682b8270222e1f208e23198b6ae7e2c6a1033ae84e99bc6bce4f82a387?s=96&d=mm&r=g","width":96,"height":96,"caption":"Encontra Centro SP"}},{"@type":"WebPage","@id":"https:\/\/www.encontracentrosaopaulo.com.br\/sobre\/155\/#webpage","url":"https:\/\/www.encontracentrosaopaulo.com.br\/sobre\/155\/","name":"Bal\u00f5es enfeitam o c\u00e9u do Centro de SP no \u00faltimo dia \u00fatil de 2011 | Encontra Centro SP","description":"O c\u00e9u do Encontra centro de S\u00e3o Paulo foi tomado por bal\u00f5es nesta sexta-feira (30). A festa promovida pela ACSP (Associa\u00e7\u00e3o Comercial de S\u00e3o Paulo) j\u00e1 \u00e9 uma tradi\u00e7\u00e3o sempre no \u00faltimo dia \u00fatil de cada ano. No total 60 mil bal\u00f5es biodegrad\u00e1veis foram soltos no P\u00e1teo do Col\u00e9gio. O prefeito Gilberto Kassab (PSD) participou da","inLanguage":"pt-BR","isPartOf":{"@id":"https:\/\/www.encontracentrosaopaulo.com.br\/sobre\/#website"},"breadcrumb":{"@id":"https:\/\/www.encontracentrosaopaulo.com.br\/sobre\/155\/#breadcrumblist"},"author":{"@id":"https:\/\/www.encontracentrosaopaulo.com.br\/sobre\/author\/ecentrosaopaulo\/#author"},"creator":{"@id":"https:\/\/www.encontracentrosaopaulo.com.br\/sobre\/author\/ecentrosaopaulo\/#author"},"datePublished":"2011-12-30T11:16:57-02:00","dateModified":"2019-04-29T16:23:50-03:00"},{"@type":"WebSite","@id":"https:\/\/www.encontracentrosaopaulo.com.br\/sobre\/#website","url":"https:\/\/www.encontracentrosaopaulo.com.br\/sobre\/","name":"Encontra Centro SP","description":"Not\u00edcias, eventos, informa\u00e7\u00f5es e dicas na cidade de Centro SP e regi\u00e3o.","inLanguage":"pt-BR","publisher":{"@id":"https:\/\/www.encontracentrosaopaulo.com.br\/sobre\/#organization"}}]},"og:locale":"pt_BR","og:site_name":"Encontra Centro SP | Not\u00edcias, eventos, informa\u00e7\u00f5es e dicas na cidade de Centro SP e regi\u00e3o.","og:type":"article","og:title":"Bal\u00f5es enfeitam o c\u00e9u do Centro de SP no \u00faltimo dia \u00fatil de 2011 | Encontra Centro SP","og:description":"O c\u00e9u do Encontra centro de S\u00e3o Paulo foi tomado por bal\u00f5es nesta sexta-feira (30). A festa promovida pela ACSP (Associa\u00e7\u00e3o Comercial de S\u00e3o Paulo) j\u00e1 \u00e9 uma tradi\u00e7\u00e3o sempre no \u00faltimo dia \u00fatil de cada ano. No total 60 mil bal\u00f5es biodegrad\u00e1veis foram soltos no P\u00e1teo do Col\u00e9gio. O prefeito Gilberto Kassab (PSD) participou da","og:url":"https:\/\/www.encontracentrosaopaulo.com.br\/sobre\/155\/","article:published_time":"2011-12-30T13:16:57+00:00","article:modified_time":"2019-04-29T19:23:50+00:00","twitter:card":"summary","twitter:title":"Bal\u00f5es enfeitam o c\u00e9u do Centro de SP no \u00faltimo dia \u00fatil de 2011 | Encontra Centro SP","twitter:description":"O c\u00e9u do Encontra centro de S\u00e3o Paulo foi tomado por bal\u00f5es nesta sexta-feira (30). A festa promovida pela ACSP (Associa\u00e7\u00e3o Comercial de S\u00e3o Paulo) j\u00e1 \u00e9 uma tradi\u00e7\u00e3o sempre no \u00faltimo dia \u00fatil de cada ano. No total 60 mil bal\u00f5es biodegrad\u00e1veis foram soltos no P\u00e1teo do Col\u00e9gio. O prefeito Gilberto Kassab (PSD) participou da"},"aioseo_meta_data":{"post_id":"155","title":null,"description":null,"keywords":null,"keyphrases":null,"primary_term":null,"canonical_url":null,"og_title":null,"og_description":null,"og_object_type":"default","og_image_type":"default","og_image_url":null,"og_image_width":null,"og_image_height":null,"og_image_custom_url":null,"og_image_custom_fields":null,"og_video":null,"og_custom_url":null,"og_article_section":null,"og_article_tags":null,"twitter_use_og":false,"twitter_card":"default","twitter_image_type":"default","twitter_image_url":null,"twitter_image_custom_url":null,"twitter_image_custom_fields":null,"twitter_title":null,"twitter_description":null,"schema":{"blockGraphs":[],"customGraphs":[],"default":{"data":{"Article":[],"Course":[],"Dataset":[],"FAQPage":[],"Movie":[],"Person":[],"Product":[],"ProductReview":[],"Car":[],"Recipe":[],"Service":[],"SoftwareApplication":[],"WebPage":[]},"graphName":"Article","isEnabled":true},"graphs":[]},"schema_type":null,"schema_type_options":null,"pillar_content":false,"robots_default":true,"robots_noindex":false,"robots_noarchive":false,"robots_nosnippet":false,"robots_nofollow":false,"robots_noimageindex":false,"robots_noodp":false,"robots_notranslate":false,"robots_max_snippet":null,"robots_max_videopreview":null,"robots_max_imagepreview":"large","priority":null,"frequency":null,"local_seo":null,"breadcrumb_settings":null,"limit_modified_date":false,"ai":null,"created":"2021-01-18 18:51:07","updated":"2025-11-12 14:35:20","seo_analyzer_scan_date":null,"focus_keyword":null,"additional_keywords":null,"truseo_locale":null},"aioseo_breadcrumb":"<div class=\"aioseo-breadcrumbs\"><span class=\"aioseo-breadcrumb\">\n\t\t\t<a href=\"https:\/\/www.encontracentrosaopaulo.com.br\/sobre\" title=\"In\u00edcio\">In\u00edcio<\/a>\n\t\t<\/span><span class=\"aioseo-breadcrumb-separator\">&raquo;<\/span><span class=\"aioseo-breadcrumb\">\n\t\t\t<a href=\"https:\/\/www.encontracentrosaopaulo.com.br\/sobre\/noticias-no-centro-sp\/\" title=\"Not\u00edcias Centro SP\">Not\u00edcias Centro SP<\/a>\n\t\t<\/span><span class=\"aioseo-breadcrumb-separator\">&raquo;<\/span><span class=\"aioseo-breadcrumb\">\n\t\t\tBal\u00f5es enfeitam o c\u00e9u do Centro de SP no \u00faltimo dia \u00fatil de 2011\n\t\t<\/span><\/div>","aioseo_breadcrumb_json":[{"label":"In\u00edcio","link":"https:\/\/www.encontracentrosaopaulo.com.br\/sobre"},{"label":"Not\u00edcias Centro SP","link":"https:\/\/www.encontracentrosaopaulo.com.br\/sobre\/noticias-no-centro-sp\/"},{"label":"Bal\u00f5es enfeitam o c\u00e9u do Centro de SP no \u00faltimo dia \u00fatil de 2011","link":"https:\/\/www.encontracentrosaopaulo.com.br\/sobre\/155\/"}],"_links":{"self":[{"href":"https:\/\/www.encontracentrosaopaulo.com.br\/sobre\/wp-json\/wp\/v2\/posts\/155","targetHints":{"allow":["GET"]}}],"collection":[{"href":"https:\/\/www.encontracentrosaopaulo.com.br\/sobre\/wp-json\/wp\/v2\/posts"}],"about":[{"href":"https:\/\/www.encontracentrosaopaulo.com.br\/sobre\/wp-json\/wp\/v2\/types\/post"}],"author":[{"embeddable":true,"href":"https:\/\/www.encontracentrosaopaulo.com.br\/sobre\/wp-json\/wp\/v2\/users\/1"}],"replies":[{"embeddable":true,"href":"https:\/\/www.encontracentrosaopaulo.com.br\/sobre\/wp-json\/wp\/v2\/comments?post=155"}],"version-history":[{"count":0,"href":"https:\/\/www.encontracentrosaopaulo.com.br\/sobre\/wp-json\/wp\/v2\/posts\/155\/revisions"}],"wp:attachment":[{"href":"https:\/\/www.encontracentrosaopaulo.com.br\/sobre\/wp-json\/wp\/v2\/media?parent=155"}],"wp:term":[{"taxonomy":"category","embeddable":true,"href":"https:\/\/www.encontracentrosaopaulo.com.br\/sobre\/wp-json\/wp\/v2\/categories?post=155"},{"taxonomy":"post_tag","embeddable":true,"href":"https:\/\/www.encontracentrosaopaulo.com.br\/sobre\/wp-json\/wp\/v2\/tags?post=155"}],"curies":[{"name":"wp","href":"https:\/\/api.w.org\/{rel}","templated":true}]}}