{"id":1584,"date":"2013-05-13T10:33:46","date_gmt":"2013-05-13T12:33:46","guid":{"rendered":"http:\/\/www.encontracentrosaopaulo.com.br\/noticias\/?p=1584"},"modified":"2019-04-29T16:20:06","modified_gmt":"2019-04-29T19:20:06","slug":"saiba-tudo-sobre-a-virada-cultural-2013","status":"publish","type":"post","link":"https:\/\/www.encontracentrosaopaulo.com.br\/sobre\/saiba-tudo-sobre-a-virada-cultural-2013\/","title":{"rendered":"Saiba tudo sobre a Virada Cultural 2013"},"content":{"rendered":"<div class=\"d6585b5127f45a35450431d0abc3f90c\" data-index=\"1\" style=\"float: none; margin:0px;\">\n<!-- Anuncio display - global -->\r\n<ins class=\"adsbygoogle\"\r\n     style=\"display:block\"\r\n     data-ad-client=\"ca-pub-8585364105181520\"\r\n     data-ad-slot=\"8789329856\"\r\n     data-ad-format=\"auto\"\r\n     data-full-width-responsive=\"true\"><\/ins>\r\n<script>\r\n     (adsbygoogle = window.adsbygoogle || []).push({});\r\n<\/script>\n<\/div>\n<p>A Virada Cultural anunciou no \u00faltimo dia 02 de maio, \u00e0s 11h30, sua programa\u00e7\u00e3o completa. Al\u00e9m dos nomes j\u00e1 confirmados anteriormente, Gal Costa, Elza Soares + Gaby Amarantos, Jorge Mautner, Criolo, Pharoah Sanders, C\u00e9u e Otto se juntam \u00e0 imensa lista de artistas que tomar\u00e3o a cidade entre os dias 18 e 19 de maio.<\/p>\n<p>Este ano, Paulo Vanzolini (que ter\u00e1 um palco com seu nome no <a title=\"Pateo do Collegio\" href=\"http:\/\/www.encontracentrosaopaulo.com.br\/centro-sp\/patio-do-colegio-no-centro.shtml\" target=\"_blank\">Pateo do Collegio<\/a>), Chor\u00e3o e Marku Ribas ser\u00e3o homenageados. O cineasta Carlos Reichenbach tamb\u00e9m est\u00e1 na lista dos nomes lembrados. Entre as novidades, est\u00e1 um palco de choro no Mercado Municipal e um de MPB na Rua 25 de Mar\u00e7o. Uma virada especial s\u00f3 para crian\u00e7as, a Viradinha.<\/p>\n<p>Na Avenida S\u00e3o Luis, no domingo (19), das 8h \u00e0s 18h, haver\u00e1 a segunda edi\u00e7\u00e3o dos Chefs na Rua na Virada Cultural. Chefs de restaurantes famosos v\u00e3o vender suas del\u00edcias a pre\u00e7os populares. Participam: Jefferson Rueda, do Attimo, Raphael Despirite, do Marcel, Dagoberto Torres, do Suri, Juliana Motter, do Maria Brigadeiro, Marcelo Pinheiro, do Tarsila e Janaina Rueda, do Bar da Dona On\u00e7a.<\/p>\n<p>A Pra\u00e7a Roosevelt tamb\u00e9m ser\u00e1 ocupada no final de semana mais aguardado dos paulistanos: o teatro ter\u00e1 sua vez ali. Espet\u00e1culos como <em>As Tr\u00eas Velhas<\/em>, com Maria Alice Vergueiro, <em>Chorinho<\/em>, com Denise Fraga, e <em>O Terra\u00e7o<\/em>, com Vera Zimmermann, est\u00e3o no cronograma.<\/p>\n<p>At\u00e9 o \u00ednicio de mar\u00e7o estavam confirmadas as participa\u00e7\u00f5es de artistas como Daniela Mercury e Zimbo Trio, que abrem o palco J\u00falio Prestes, no dia 18 de maio. Faf\u00e1 de Bel\u00e9m e Lob\u00e3o anunciaram suas presen\u00e7as pelo Twitter. A cantora far\u00e1 o encerramento no palco do Largo do Arouche (espa\u00e7o dedicado \u00e0s lambadas, ax\u00e9s e aos carimb\u00f3s), e Lob\u00e3o abre o palco do rock, na Avenida S\u00e3o Jo\u00e3o.<\/p>\n<p>Entre as atra\u00e7\u00f5es da pra\u00e7a da Rep\u00fablica est\u00e1 o Fundo de Quintal. Atualmente formado por Bira Presidente, Ubirany, Sereno, D\u00e9lcio Luiz, Ademir Batera e Ronaldinho do Banjo, o grupo deve se encontrar com alguns de seus ex-integrantes: Jorge Arag\u00e3o, Sombrinha, M\u00e1rio S\u00e9rgio, Cleber Augusto e F\u00e1bio Silva, cotados para apresenta\u00e7\u00f5es individuais.<\/p>\n<p>O evento no Centro de S\u00e3o Paulo tamb\u00e9m confirmou o Ra\u00e7a Negra &#8211;Juca Ferreira, secret\u00e1rio de Cultura, contou durante uma coletiva de imprensa sobre o evento que recebeu um morador de rua no centro da cidade foi quem pediu a presen\u00e7a dos sambistas.<\/p>\n<p>O norte-americano George Clinton, fundador das bandas de funk Parliament e Funkadelic, e o duo de hip-hop Black Star, formado por Mos Def (agora Yasiin Bey) e Talib Kweli, comp\u00f5em a lista em parceria com o Sesc. Com isso, al\u00e9m de se apresentar no palco principal, na Pra\u00e7a J\u00falio Prestes, Clinton faz outro show no Sesc Ipiranga, no dia 19 (com entrada gratuita), e a dupla de rap se encontra com os f\u00e3s tamb\u00e9m no Sesc Pinheiros, no dia 17 (ingressos j\u00e1 esgotados).<\/p>\n<p>Mais importante banda de rap do Brasil, o Racionais MC\u00b4s foram a primeira atra\u00e7\u00e3o anunciada. O grupo liderado por Mano Brown n\u00e3o se apresenta na Virada desde 2007, quando o show do grupo, na Pra\u00e7a da S\u00e9, terminou devido a um confronto entre o p\u00fablico e a Pol\u00edcia Militar. Os rappers se apresentam \u00e0s 15h do dia 19 de maio, tamb\u00e9m na <a title=\"Esta\u00e7\u00e3o J\u00falio Prestes\" href=\"http:\/\/www.encontracentrosaopaulo.com.br\/centro-sp\/estacao-julio-prestes-no-centro.shtml\" target=\"_blank\">Esta\u00e7\u00e3o J\u00falio Prestes<\/a>.<\/p>\n<p><strong>\u00a0Virada o ano todo<\/strong><\/p>\n<p>A cada encontro com a imprensa, o secret\u00e1rio municipal de Cultural Juca Ferreira faz quest\u00e3o de refor\u00e7ar que est\u00e1 trabalhando para que a cidade tenha \u201cVirada o ano todo\u201d. &#8220;Temos que superar essa tens\u00e3o de querer colocar tudo dentro da Virada, porque ela n\u00e3o comporta\u201d, justifica.<\/p>\n<p>Segundo ele, a forma\u00e7\u00e3o da chamada Comiss\u00e3o de Curadoria Colegiada para a edi\u00e7\u00e3o deste ano \u00e9 um \u201cembri\u00e3o para um futuro setor de eventos dentro da Secretaria\u201d, ao qual caberia a fun\u00e7\u00e3o de criar uma agenda cultural gratuita anual.<\/p>\n<p>At\u00e9 ent\u00e3o centralizada nas m\u00e3os de Jos\u00e9 Mauro Gnaspini, a curadoria da Virada Cultural ganhou oito integrantes: o jornalista Alex Antunes, o produtor Alexandre Youssef (s\u00f3cio do Studio SP), a midiartista Giselle Beiguelman, o cr\u00edtico musical Marcus Preto, a mestre em teatro Maria Tendelau, o consultor e curador musical Pena Schmidt, o poeta e fundador da Cooperifa S\u00e9rgio Vaz e o doutor em Ci\u00eancias Sociais Ti\u00e3o Soares.<\/p>\n<p>De acordo com Ferreira, a secretaria procurou deixar a comiss\u00e3o &#8220;bem \u00e0 vontade&#8221; para formular uma proposta de programa\u00e7\u00e3o. &#8220;Mas a gente sugeriu algumas coisas. Primeiro, uma abertura no ch\u00e3o, e n\u00e3o nos palcos, para manifesta\u00e7\u00f5es populares da cidade e de outras partes do Brasil&#8221;, exemplifica. A sugest\u00e3o foi colocada em pr\u00e1tica e tornou-se uma das grandes apostas do evento.<\/p>\n<p>A diversifica\u00e7\u00e3o da programa\u00e7\u00e3o, com maior participa\u00e7\u00e3o do teatro, da dan\u00e7a e das artes pl\u00e1sticas, uma das metas para o ano, tamb\u00e9m pode ser observada na programa\u00e7\u00e3o.<\/p>\n<p><strong>\u00a0O evento<\/strong><\/p>\n<p>A Virada Cultural ocorre desde 2004 em S\u00e3o Paulo e re\u00fane centenas de atra\u00e7\u00f5es, de gra\u00e7a, em 24 ininterruptas de programa\u00e7\u00e3o.<\/p>\n<p>Nos \u00faltimos anos, cerca de 3 milh\u00f5es de pessoas (a cada edi\u00e7\u00e3o) circularam pelo centro da cidade para ouvir m\u00fasica de todos os g\u00eaneros, assistir a pe\u00e7as de teatro, shows de stand-up, coreografias de bal\u00e9, videomaping, interven\u00e7\u00f5es nas ruas, enfim, variadas formas de manifesta\u00e7\u00f5es art\u00edsticas foram vivenciadas pelo p\u00fablico.<\/p>\n<p>A maior parte dos eventos ocorre no centro velho, mas unidades do Sesc e CEUs, museus e centros culturais tamb\u00e9m costumam participar.<\/p>\n<p><em>Fonte: Portal Veja<\/em><\/p>\n\n<div style=\"font-size: 0px; height: 0px; line-height: 0px; margin: 0; padding: 0; clear: both;\"><\/div>","protected":false},"excerpt":{"rendered":"<p>A Virada Cultural anunciou no \u00faltimo dia 02 de maio, \u00e0s 11h30, sua programa\u00e7\u00e3o completa. Al\u00e9m dos nomes j\u00e1 confirmados anteriormente, Gal Costa, Elza Soares + Gaby Amarantos, Jorge Mautner, Criolo, Pharoah Sanders, C\u00e9u e Otto se juntam \u00e0 imensa lista de artistas que tomar\u00e3o a cidade entre os dias 18 e 19 de maio. Este ano, Paulo Vanzolini (que ter\u00e1 um palco com seu nome no Pateo do Collegio), Chor\u00e3o e Marku Ribas ser\u00e3o homenageados. O cineasta Carlos Reichenbach tamb\u00e9m est\u00e1 na lista dos nomes lembrados. Entre as novidades, est\u00e1 um palco de choro no Mercado Municipal e um <\/p>\n","protected":false},"author":1,"featured_media":0,"comment_status":"open","ping_status":"closed","sticky":false,"template":"","format":"standard","meta":{"footnotes":""},"categories":[9],"tags":[],"class_list":["post-1584","post","type-post","status-publish","format-standard","hentry","category-shows-no-centro-sp"],"aioseo_notices":[],"_links":{"self":[{"href":"https:\/\/www.encontracentrosaopaulo.com.br\/sobre\/wp-json\/wp\/v2\/posts\/1584","targetHints":{"allow":["GET"]}}],"collection":[{"href":"https:\/\/www.encontracentrosaopaulo.com.br\/sobre\/wp-json\/wp\/v2\/posts"}],"about":[{"href":"https:\/\/www.encontracentrosaopaulo.com.br\/sobre\/wp-json\/wp\/v2\/types\/post"}],"author":[{"embeddable":true,"href":"https:\/\/www.encontracentrosaopaulo.com.br\/sobre\/wp-json\/wp\/v2\/users\/1"}],"replies":[{"embeddable":true,"href":"https:\/\/www.encontracentrosaopaulo.com.br\/sobre\/wp-json\/wp\/v2\/comments?post=1584"}],"version-history":[{"count":0,"href":"https:\/\/www.encontracentrosaopaulo.com.br\/sobre\/wp-json\/wp\/v2\/posts\/1584\/revisions"}],"wp:attachment":[{"href":"https:\/\/www.encontracentrosaopaulo.com.br\/sobre\/wp-json\/wp\/v2\/media?parent=1584"}],"wp:term":[{"taxonomy":"category","embeddable":true,"href":"https:\/\/www.encontracentrosaopaulo.com.br\/sobre\/wp-json\/wp\/v2\/categories?post=1584"},{"taxonomy":"post_tag","embeddable":true,"href":"https:\/\/www.encontracentrosaopaulo.com.br\/sobre\/wp-json\/wp\/v2\/tags?post=1584"}],"curies":[{"name":"wp","href":"https:\/\/api.w.org\/{rel}","templated":true}]}}