{"id":160,"date":"2012-01-03T00:05:23","date_gmt":"2012-01-03T02:05:23","guid":{"rendered":"http:\/\/www.encontracentrosaopaulo.com.br\/noticias\/?p=160"},"modified":"2019-04-29T16:23:49","modified_gmt":"2019-04-29T19:23:49","slug":"linhas-de-trem-no-centro-de-sp-serao-liberadas-nesta-terca-diz-kassab","status":"publish","type":"post","link":"https:\/\/www.encontracentrosaopaulo.com.br\/sobre\/linhas-de-trem-no-centro-de-sp-serao-liberadas-nesta-terca-diz-kassab\/","title":{"rendered":"Linhas de trem no Centro de SP ser\u00e3o liberadas nesta ter\u00e7a, diz Kassab"},"content":{"rendered":"<div class=\"d6585b5127f45a35450431d0abc3f90c\" data-index=\"1\" style=\"float: none; margin:0px;\">\n<!-- Anuncio display - global -->\r\n<ins class=\"adsbygoogle\"\r\n     style=\"display:block\"\r\n     data-ad-client=\"ca-pub-8585364105181520\"\r\n     data-ad-slot=\"8789329856\"\r\n     data-ad-format=\"auto\"\r\n     data-full-width-responsive=\"true\"><\/ins>\r\n<script>\r\n     (adsbygoogle = window.adsbygoogle || []).push({});\r\n<\/script>\n<\/div>\n<p>O prefeito de S\u00e3o Paulo, Gilberto Kassab, afirmou na noite desta  segunda-feira (2), que as linhas 7-Rubi e 8-Diamante da Companhia  Paulista de Trens Metropolitanos (CPTM) voltar\u00e3o a funcionar na manh\u00e3  desta ter\u00e7a (3), a partir das 6h. Elas est\u00e3o parcialmente interditadas  desde um inc\u00eandio ocorrido na Favela do Moinho em 22 de dezembro, no bairro centro de S\u00e3o Paulo.<\/p>\n<p>Ap\u00f3s vistoria aos entulhos da demoli\u00e7\u00e3o parcial feita no domingo (1\u00ba), o  prefeito disse que a obra j\u00e1 n\u00e3o oferece riscos para a circula\u00e7\u00e3o dos  trens. A CPTM poder\u00e1 a partir das 23h desta segunda inspecionar as vias  a\u00e9reas e os trilhos e realizar os trabalhos de manuten\u00e7\u00e3o e limpeza.<\/p>\n<p>N\u00e3o haver\u00e1 tempo h\u00e1bil para que as linhas voltem a circular no hor\u00e1rio  normal da companhia (\u00e0s 4h), de acordo com Kassab. O prefeito estar\u00e1  presente no in\u00edcio da movimenta\u00e7\u00e3o dos trens no local afetado. Segundo a  Prefeitura, as composi\u00e7\u00f5es dever\u00e3o operar inicialmente em capacidade  reduzida para an\u00e1lise do comportamento da edifica\u00e7\u00e3o.<\/p>\n<p>A CPTM n\u00e3o se manifestou na noite desta segunda sobre a volta da circula\u00e7\u00e3o dos trens anunciada por Kassab.<\/p>\n<p>A implos\u00e3o \u00e9 motivo de estranheza entre engenheiros porque derrubou  apenas dois andares inferiores da edifica\u00e7\u00e3o e deixou os quatro  superiores em p\u00e9. Para Manoel Jorge Dias, engenheiro especialista em  implos\u00e3o, a quantidade de explosivos utilizada foi \u201cabsurda&#8221; \u2013 os  t\u00e9cnicos contratados pela Prefeitura estimaram em 800 quilos. \u201cUma coisa  como essa demandaria 75 quilos de explosivos, desde que instalados em  pontos estrat\u00e9gicos\u201d, afirmou. \u201cA implos\u00e3o, por mais que tenham  mencionado que foi um sucesso, mesmo para o mais leigo a expectativa era  de que o resultado fosse melhor.\u201d<\/p>\n<p>Segundo, Kassab, por\u00e9m, a implos\u00e3o foi \u201cmuito bem sucedida\u201d e saiu como  o planejado, pois o objetivo principal era liberar as linhas. \u201cN\u00e3o  poderia (ser tudo demolido) porque n\u00e3o poder\u00edamos restabelecer a  circula\u00e7\u00e3o\u201d, disse. Segundo o prefeito, o prazo estimado desde a  primeira inspe\u00e7\u00e3o para a implos\u00e3o total do pr\u00e9dio \u00e9 de 90 dias. O  restante da edifica\u00e7\u00e3o j\u00e1 est\u00e1 sendo retirado com o uso de escavadeiras.<\/p>\n<p>O prefeito estimou no domingo em R$ 3,5 milh\u00f5es o custo total da  demoli\u00e7\u00e3o. Nesta segunda, informou que o valor inclui tamb\u00e9m outros  trabalhos, como o reaproveitamento do concreto retirado na pavimenta\u00e7\u00e3o  da cidade. Obras em car\u00e1ter emergencial n\u00e3o t\u00eam pre\u00e7o pr\u00e9-definido.  Neste tipo de contrata\u00e7\u00e3o, o valor \u00e9 posteriormente auditado e pago. Ele  n\u00e3o confirmou que foram usados 800 quilos de explosivos.<\/p>\n<p>Nelson Sampaio, diretor da Fremix Engenharia, calculou que a empresa  receber\u00e1 pela obra daqui a seis meses. Ele disse n\u00e3o saber o pre\u00e7o.  \u201cTalvez R$ 2,5, R$ 3 ou R$ 1 milh\u00e3o. H\u00e1 uma s\u00e9rie de eventos que voc\u00ea  n\u00e3o est\u00e1 acostumado. \u00c1s vezes encarece ou diminui o pre\u00e7o da obra\u201d,  disse. O custo ser\u00e1 apurado, segundo ele, ao final da obra.<\/p>\n<p><strong>Avariadas<\/strong><br \/>\nMoradores de casas que ficaram avariadas em raz\u00e3o da implos\u00e3o ser\u00e3o  indenizados, segundo Kassab. Ele acrescentou que a estrat\u00e9gia utilizada  de demolir apenas os dois primeiros andares levou em conta o risco que  uma demoli\u00e7\u00e3o total e com mais explosivos traria aos moradores do  entorno.<br \/>\n<em><br \/>\nFonte: G1<\/em><\/p>\n\n<div style=\"font-size: 0px; height: 0px; line-height: 0px; margin: 0; padding: 0; clear: both;\"><\/div>","protected":false},"excerpt":{"rendered":"<p>O prefeito de S\u00e3o Paulo, Gilberto Kassab, afirmou na noite desta segunda-feira (2), que as linhas 7-Rubi e 8-Diamante da Companhia Paulista de Trens Metropolitanos (CPTM) voltar\u00e3o a funcionar na manh\u00e3 desta ter\u00e7a (3), a partir das 6h. Elas est\u00e3o parcialmente interditadas desde um inc\u00eandio ocorrido na Favela do Moinho em 22 de dezembro, no bairro centro de S\u00e3o Paulo. Ap\u00f3s vistoria aos entulhos da demoli\u00e7\u00e3o parcial feita no domingo (1\u00ba), o prefeito disse que a obra j\u00e1 n\u00e3o oferece riscos para a circula\u00e7\u00e3o dos trens. A CPTM poder\u00e1 a partir das 23h desta segunda inspecionar as vias a\u00e9reas e <\/p>\n","protected":false},"author":1,"featured_media":0,"comment_status":"open","ping_status":"closed","sticky":false,"template":"","format":"standard","meta":{"footnotes":""},"categories":[6],"tags":[],"class_list":["post-160","post","type-post","status-publish","format-standard","hentry","category-noticias-no-centro-sp"],"aioseo_notices":[],"_links":{"self":[{"href":"https:\/\/www.encontracentrosaopaulo.com.br\/sobre\/wp-json\/wp\/v2\/posts\/160","targetHints":{"allow":["GET"]}}],"collection":[{"href":"https:\/\/www.encontracentrosaopaulo.com.br\/sobre\/wp-json\/wp\/v2\/posts"}],"about":[{"href":"https:\/\/www.encontracentrosaopaulo.com.br\/sobre\/wp-json\/wp\/v2\/types\/post"}],"author":[{"embeddable":true,"href":"https:\/\/www.encontracentrosaopaulo.com.br\/sobre\/wp-json\/wp\/v2\/users\/1"}],"replies":[{"embeddable":true,"href":"https:\/\/www.encontracentrosaopaulo.com.br\/sobre\/wp-json\/wp\/v2\/comments?post=160"}],"version-history":[{"count":0,"href":"https:\/\/www.encontracentrosaopaulo.com.br\/sobre\/wp-json\/wp\/v2\/posts\/160\/revisions"}],"wp:attachment":[{"href":"https:\/\/www.encontracentrosaopaulo.com.br\/sobre\/wp-json\/wp\/v2\/media?parent=160"}],"wp:term":[{"taxonomy":"category","embeddable":true,"href":"https:\/\/www.encontracentrosaopaulo.com.br\/sobre\/wp-json\/wp\/v2\/categories?post=160"},{"taxonomy":"post_tag","embeddable":true,"href":"https:\/\/www.encontracentrosaopaulo.com.br\/sobre\/wp-json\/wp\/v2\/tags?post=160"}],"curies":[{"name":"wp","href":"https:\/\/api.w.org\/{rel}","templated":true}]}}