{"id":1625,"date":"2013-06-13T00:43:44","date_gmt":"2013-06-13T02:43:44","guid":{"rendered":"http:\/\/www.encontracentrosaopaulo.com.br\/noticias\/?p=1625"},"modified":"2019-04-29T16:20:05","modified_gmt":"2019-04-29T19:20:05","slug":"vale-do-anhangabau-tera-transmissoes-e-shows-na-copa-das-confederacoes","status":"publish","type":"post","link":"https:\/\/www.encontracentrosaopaulo.com.br\/sobre\/vale-do-anhangabau-tera-transmissoes-e-shows-na-copa-das-confederacoes\/","title":{"rendered":"Vale do Anhangaba\u00fa ter\u00e1 transmiss\u00f5es e shows na Copa das Confedera\u00e7\u00f5es"},"content":{"rendered":"<div class=\"d6585b5127f45a35450431d0abc3f90c\" data-index=\"1\" style=\"float: none; margin:0px;\">\n<!-- Anuncio display - global -->\r\n<ins class=\"adsbygoogle\"\r\n     style=\"display:block\"\r\n     data-ad-client=\"ca-pub-8585364105181520\"\r\n     data-ad-slot=\"8789329856\"\r\n     data-ad-format=\"auto\"\r\n     data-full-width-responsive=\"true\"><\/ins>\r\n<script>\r\n     (adsbygoogle = window.adsbygoogle || []).push({});\r\n<\/script>\n<\/div>\n<p>O <a title=\"Vale do Anhangaba\u00fa\" href=\"http:\/\/www.encontracentrosaopaulo.com.br\/centro-sp\/vale-do-anhangabau-no-centro.shtml\" target=\"_blank\">Vale do Anhangaba\u00fa<\/a>, na regi\u00e3o central de S\u00e3o Paulo, contar\u00e1 com atra\u00e7\u00f5es especiais entre os dias 15 e 30 de junho para os paulistanos que quiserem acompanhar os jogos da Copa das Confedera\u00e7\u00f5es. O projeto Concentra SP transmitir\u00e1 todas as partidas das oito sele\u00e7\u00f5es que participam do torneio e, tamb\u00e9m, contar\u00e1 com shows musicais.<\/p>\n<p>A expectativa \u00e9 que 50 mil pessoas compare\u00e7am no local em dias de jogos do Brasil. O evento, que ser\u00e1 gratuito e livre para todas as idades, foi apresentado oficialmente nesta sexta-feira (7), na Pra\u00e7a das Artes, pela vice-prefeita N\u00e1dia Campe\u00e3o, ao lado dos subprefeitos da S\u00e9 e do bairro de Itaquera, Marcos Barreto e Guilherme Henrique de Paula e Silva, al\u00e9m da coordenadora do Comit\u00ea Paulista da Copa do Mundo, Raquel Verdenatti.<\/p>\n<p>As partidas ser\u00e3o transmitidas em um tel\u00e3o de LED de 100 metros quadrados e outros dois auxiliares para facilitar a visibilidade dos jogos. Em todos os dias de evento, um palco de 400 metros ter\u00e1 shows de grandes artistas como a banda RPM, a cantora Anitta, o cantor Belo e os grupos Art Popular e Katinguel\u00ea.<\/p>\n<p>A arena contar\u00e1 ainda com a estrutura de camarotes, pra\u00e7a de alimenta\u00e7\u00e3o e mais de 200 banheiros qu\u00edmicos dispon\u00edveis. Um posto m\u00e9dico, com tr\u00eas Unidades de Tratamento Intensivo (UTI) m\u00f3vel, e duas ambul\u00e2ncias prestar\u00e3o atendimentos de sa\u00fade aos visitantes.<\/p>\n<p>\u201cQueremos fazer no Vale, pois se trata de uma \u00e1rea aberta e com muita circula\u00e7\u00e3o de pessoas\u201d, afirmou a vice-prefeita.<\/p>\n<p>O Concentra SP \u00e9 uma parceria da <a title=\"Prefeitura de S\u00e3o Paulo\" href=\"http:\/\/www.encontracentrosaopaulo.com.br\/centro-sp\/prefeitura-de-sao-paulo-no-centro.shtml\" target=\"_blank\">Prefeitura de S\u00e3o Paulo<\/a> com as empresas Playcorp e D+ Produ\u00e7\u00f5es. Brahma, Hyundai, Coca-Cola e Ita\u00fa patrocinam o evento e a promo\u00e7\u00e3o \u00e9 da Rede Globo.<strong><\/p>\n<p>Seguran\u00e7a<br \/>\n<\/strong>Para ampliar a seguran\u00e7a nos dias de evento, o Concentra SP ser\u00e1 totalmente gradeada. No interior do espa\u00e7o, a seguran\u00e7a ser\u00e1 feito por uma equipe privada e o entorno ter\u00e1 presen\u00e7a refor\u00e7ada da Pol\u00edcia Militar e da Guarda Civil Metropolitana (GCM).<\/p>\n<p>Al\u00e9m disso, haver\u00e1 um monitoramento por meio de pelo menos oito c\u00e2meras de seguran\u00e7a e um esquema de revista pessoal evitar\u00e1 a entrada de fogos de artif\u00edcio, garrafas de bebidas, objetos cortantes e pontiagudos.<\/p>\n<p>Durante a apresenta\u00e7\u00e3o oficial do evento, nesta sexta, a organiza\u00e7\u00e3o assinou um documento de doa\u00e7\u00e3o de 200 bicicletas \u00e0 Prefeitura para utiliza\u00e7\u00e3o pelo efetivo durante o Concentra.<\/p>\n<p><strong>Tr\u00e2nsito e transporte<br \/>\n<\/strong>Junto com a PM e a GCM, a Companhia de Engenharia de Tr\u00e1fego (CET) far\u00e1 a organiza\u00e7\u00e3o e fiscaliza\u00e7\u00e3o do tr\u00e2nsito na regi\u00e3o da arena do Concentra SP, durante os 15 dias de evento. A orienta\u00e7\u00e3o \u00e9 de que o p\u00fablico d\u00ea prefer\u00eancia para o transporte p\u00fablico para chegar \u00e0 arena.<\/p>\n<p><strong>Programa\u00e7\u00e3o dos eventos no Centro de S\u00e3o Paulo<\/strong><br \/>\n15 de junho \u2013 13 \u00e0s 23h<br \/>\n14h10 &#8211; 15h40 &#8211; Doce Encontro<br \/>\n18h10 &#8211; 19h10 &#8211; Bonde do Tigr\u00e3o<br \/>\n19h45 &#8211; 21h20 &#8211; Rodriguinho<\/p>\n<p>16 de junho &#8211; 13h \u00e0s 23h<br \/>\n17h40 &#8211; 18h50 &#8211; Indenso<br \/>\n21h10 &#8211; 22h40 &#8211; Art Popular<\/p>\n<p>17 de junho &#8211; 13h \u00e0s 21h<br \/>\n17h40 &#8211; 19h10 &#8211; Sampa Crew<br \/>\n19 de junho &#8211; 13h \u00e0s 22h<br \/>\n14h10 &#8211; 15h50 &#8211; Anitta<br \/>\n17h40 &#8211; 18h50 \u2013 Pollo<\/p>\n<p>20 de junho &#8211; 13h \u00e0s 22h<br \/>\n17h40 &#8211; 18h50 \u2013 Katinguel\u00ea<br \/>\n22 de junho &#8211; 13h \u00e0s 21h<br \/>\n14h10 &#8211; 15h50 &#8211; Samba Livre<br \/>\n19h &#8211; 20h45 \u2013 RPM<\/p>\n<p>23 de junho &#8211; 13h \u00e0s 22h<br \/>\n19h20 &#8211; 20h50 &#8211; Roger e Robson<\/p>\n<p>26 de junho &#8211; 13h \u00e0s 21h<br \/>\n18h10 &#8211; 19h40 &#8211; Jeito Moleque<\/p>\n<p>27 de junho &#8211; 13h \u00e0s 21h<br \/>\n18h10 &#8211; 19h40 &#8211; Batom na Cueca<\/p>\n<p>30 de junho &#8211; 11h \u00e0 0h<br \/>\n17h &#8211; 18h40 &#8211; Baile do Simonal<br \/>\n21h10 &#8211; 23h10 &#8211; Belo<\/p>\n<p><em>Fonte: Prefeitura de S. Paulo<\/em><\/p>\n\n<div style=\"font-size: 0px; height: 0px; line-height: 0px; margin: 0; padding: 0; clear: both;\"><\/div>","protected":false},"excerpt":{"rendered":"<p>O Vale do Anhangaba\u00fa, na regi\u00e3o central de S\u00e3o Paulo, contar\u00e1 com atra\u00e7\u00f5es especiais entre os dias 15 e 30 de junho para os paulistanos que quiserem acompanhar os jogos da Copa das Confedera\u00e7\u00f5es. O projeto Concentra SP transmitir\u00e1 todas as partidas das oito sele\u00e7\u00f5es que participam do torneio e, tamb\u00e9m, contar\u00e1 com shows musicais. A expectativa \u00e9 que 50 mil pessoas compare\u00e7am no local em dias de jogos do Brasil. O evento, que ser\u00e1 gratuito e livre para todas as idades, foi apresentado oficialmente nesta sexta-feira (7), na Pra\u00e7a das Artes, pela vice-prefeita N\u00e1dia Campe\u00e3o, ao lado dos subprefeitos <\/p>\n","protected":false},"author":1,"featured_media":0,"comment_status":"open","ping_status":"closed","sticky":false,"template":"","format":"standard","meta":{"footnotes":""},"categories":[6],"tags":[],"class_list":["post-1625","post","type-post","status-publish","format-standard","hentry","category-noticias-no-centro-sp"],"aioseo_notices":[],"aioseo_head":"\n\t\t<!-- All in One SEO 5.0.0.1 - aioseo.com -->\n\t<meta name=\"description\" content=\"O Vale do Anhangaba\u00fa, na regi\u00e3o central de S\u00e3o Paulo, contar\u00e1 com atra\u00e7\u00f5es especiais entre os dias 15 e 30 de junho para os paulistanos que quiserem acompanhar os jogos da Copa das Confedera\u00e7\u00f5es. O projeto Concentra SP transmitir\u00e1 todas as partidas das oito sele\u00e7\u00f5es que participam do torneio e, tamb\u00e9m, contar\u00e1 com shows musicais.\" \/>\n\t<meta name=\"robots\" content=\"max-image-preview:large\" \/>\n\t<meta name=\"author\" content=\"Encontra Centro SP\"\/>\n\t<link rel=\"canonical\" href=\"https:\/\/www.encontracentrosaopaulo.com.br\/sobre\/vale-do-anhangabau-tera-transmissoes-e-shows-na-copa-das-confederacoes\/\" \/>\n\t<meta name=\"generator\" content=\"All in One SEO (AIOSEO) 5.0.0.1\" \/>\n\t\t<meta property=\"og:locale\" content=\"pt_BR\" \/>\n\t\t<meta property=\"og:site_name\" content=\"Encontra Centro SP | Not\u00edcias, eventos, informa\u00e7\u00f5es e dicas na cidade de Centro SP e regi\u00e3o.\" \/>\n\t\t<meta property=\"og:type\" content=\"article\" \/>\n\t\t<meta property=\"og:title\" content=\"Vale do Anhangaba\u00fa ter\u00e1 transmiss\u00f5es e shows na Copa das Confedera\u00e7\u00f5es | Encontra Centro SP\" \/>\n\t\t<meta property=\"og:description\" content=\"O Vale do Anhangaba\u00fa, na regi\u00e3o central de S\u00e3o Paulo, contar\u00e1 com atra\u00e7\u00f5es especiais entre os dias 15 e 30 de junho para os paulistanos que quiserem acompanhar os jogos da Copa das Confedera\u00e7\u00f5es. O projeto Concentra SP transmitir\u00e1 todas as partidas das oito sele\u00e7\u00f5es que participam do torneio e, tamb\u00e9m, contar\u00e1 com shows musicais.\" \/>\n\t\t<meta property=\"og:url\" content=\"https:\/\/www.encontracentrosaopaulo.com.br\/sobre\/vale-do-anhangabau-tera-transmissoes-e-shows-na-copa-das-confederacoes\/\" \/>\n\t\t<meta property=\"article:published_time\" content=\"2013-06-13T02:43:44+00:00\" \/>\n\t\t<meta property=\"article:modified_time\" content=\"2019-04-29T19:20:05+00:00\" \/>\n\t\t<meta name=\"twitter:card\" content=\"summary\" \/>\n\t\t<meta name=\"twitter:title\" content=\"Vale do Anhangaba\u00fa ter\u00e1 transmiss\u00f5es e shows na Copa das Confedera\u00e7\u00f5es | Encontra Centro SP\" \/>\n\t\t<meta name=\"twitter:description\" content=\"O Vale do Anhangaba\u00fa, na regi\u00e3o central de S\u00e3o Paulo, contar\u00e1 com atra\u00e7\u00f5es especiais entre os dias 15 e 30 de junho para os paulistanos que quiserem acompanhar os jogos da Copa das Confedera\u00e7\u00f5es. O projeto Concentra SP transmitir\u00e1 todas as partidas das oito sele\u00e7\u00f5es que participam do torneio e, tamb\u00e9m, contar\u00e1 com shows musicais.\" \/>\n\t\t<script type=\"application\/ld+json\" class=\"aioseo-schema\">\n\t\t\t{\"@context\":\"https:\\\/\\\/schema.org\",\"@graph\":[{\"@type\":\"Article\",\"@id\":\"https:\\\/\\\/www.encontracentrosaopaulo.com.br\\\/sobre\\\/vale-do-anhangabau-tera-transmissoes-e-shows-na-copa-das-confederacoes\\\/#article\",\"name\":\"Vale do Anhangaba\\u00fa ter\\u00e1 transmiss\\u00f5es e shows na Copa das Confedera\\u00e7\\u00f5es | Encontra Centro SP\",\"headline\":\"Vale do Anhangaba\\u00fa ter\\u00e1 transmiss\\u00f5es e shows na Copa das Confedera\\u00e7\\u00f5es\",\"author\":{\"@id\":\"https:\\\/\\\/www.encontracentrosaopaulo.com.br\\\/sobre\\\/author\\\/ecentrosaopaulo\\\/#author\"},\"publisher\":{\"@id\":\"https:\\\/\\\/www.encontracentrosaopaulo.com.br\\\/sobre\\\/#organization\"},\"datePublished\":\"2013-06-13T00:43:44-03:00\",\"dateModified\":\"2019-04-29T16:20:05-03:00\",\"inLanguage\":\"pt-BR\",\"mainEntityOfPage\":{\"@id\":\"https:\\\/\\\/www.encontracentrosaopaulo.com.br\\\/sobre\\\/vale-do-anhangabau-tera-transmissoes-e-shows-na-copa-das-confederacoes\\\/#webpage\"},\"isPartOf\":{\"@id\":\"https:\\\/\\\/www.encontracentrosaopaulo.com.br\\\/sobre\\\/vale-do-anhangabau-tera-transmissoes-e-shows-na-copa-das-confederacoes\\\/#webpage\"},\"articleSection\":\"Not\\u00edcias Centro SP\"},{\"@type\":\"BreadcrumbList\",\"@id\":\"https:\\\/\\\/www.encontracentrosaopaulo.com.br\\\/sobre\\\/vale-do-anhangabau-tera-transmissoes-e-shows-na-copa-das-confederacoes\\\/#breadcrumblist\",\"itemListElement\":[{\"@type\":\"ListItem\",\"@id\":\"https:\\\/\\\/www.encontracentrosaopaulo.com.br\\\/sobre#listItem\",\"position\":1,\"name\":\"In\\u00edcio\",\"item\":\"https:\\\/\\\/www.encontracentrosaopaulo.com.br\\\/sobre\",\"nextItem\":{\"@type\":\"ListItem\",\"@id\":\"https:\\\/\\\/www.encontracentrosaopaulo.com.br\\\/sobre\\\/noticias-no-centro-sp\\\/#listItem\",\"name\":\"Not\\u00edcias Centro SP\"}},{\"@type\":\"ListItem\",\"@id\":\"https:\\\/\\\/www.encontracentrosaopaulo.com.br\\\/sobre\\\/noticias-no-centro-sp\\\/#listItem\",\"position\":2,\"name\":\"Not\\u00edcias Centro SP\",\"item\":\"https:\\\/\\\/www.encontracentrosaopaulo.com.br\\\/sobre\\\/noticias-no-centro-sp\\\/\",\"nextItem\":{\"@type\":\"ListItem\",\"@id\":\"https:\\\/\\\/www.encontracentrosaopaulo.com.br\\\/sobre\\\/vale-do-anhangabau-tera-transmissoes-e-shows-na-copa-das-confederacoes\\\/#listItem\",\"name\":\"Vale do Anhangaba\\u00fa ter\\u00e1 transmiss\\u00f5es e shows na Copa das Confedera\\u00e7\\u00f5es\"},\"previousItem\":{\"@type\":\"ListItem\",\"@id\":\"https:\\\/\\\/www.encontracentrosaopaulo.com.br\\\/sobre#listItem\",\"name\":\"In\\u00edcio\"}},{\"@type\":\"ListItem\",\"@id\":\"https:\\\/\\\/www.encontracentrosaopaulo.com.br\\\/sobre\\\/vale-do-anhangabau-tera-transmissoes-e-shows-na-copa-das-confederacoes\\\/#listItem\",\"position\":3,\"name\":\"Vale do Anhangaba\\u00fa ter\\u00e1 transmiss\\u00f5es e shows na Copa das Confedera\\u00e7\\u00f5es\",\"previousItem\":{\"@type\":\"ListItem\",\"@id\":\"https:\\\/\\\/www.encontracentrosaopaulo.com.br\\\/sobre\\\/noticias-no-centro-sp\\\/#listItem\",\"name\":\"Not\\u00edcias Centro SP\"}}]},{\"@type\":\"Organization\",\"@id\":\"https:\\\/\\\/www.encontracentrosaopaulo.com.br\\\/sobre\\\/#organization\",\"name\":\"Encontra Centro SP\",\"description\":\"Not\\u00edcias, eventos, informa\\u00e7\\u00f5es e dicas na cidade de Centro SP e regi\\u00e3o.\",\"url\":\"https:\\\/\\\/www.encontracentrosaopaulo.com.br\\\/sobre\\\/\"},{\"@type\":\"Person\",\"@id\":\"https:\\\/\\\/www.encontracentrosaopaulo.com.br\\\/sobre\\\/author\\\/ecentrosaopaulo\\\/#author\",\"url\":\"https:\\\/\\\/www.encontracentrosaopaulo.com.br\\\/sobre\\\/author\\\/ecentrosaopaulo\\\/\",\"name\":\"Encontra Centro SP\",\"image\":{\"@type\":\"ImageObject\",\"@id\":\"https:\\\/\\\/www.encontracentrosaopaulo.com.br\\\/sobre\\\/vale-do-anhangabau-tera-transmissoes-e-shows-na-copa-das-confederacoes\\\/#authorImage\",\"url\":\"https:\\\/\\\/secure.gravatar.com\\\/avatar\\\/507340682b8270222e1f208e23198b6ae7e2c6a1033ae84e99bc6bce4f82a387?s=96&d=mm&r=g\",\"width\":96,\"height\":96,\"caption\":\"Encontra Centro SP\"}},{\"@type\":\"WebPage\",\"@id\":\"https:\\\/\\\/www.encontracentrosaopaulo.com.br\\\/sobre\\\/vale-do-anhangabau-tera-transmissoes-e-shows-na-copa-das-confederacoes\\\/#webpage\",\"url\":\"https:\\\/\\\/www.encontracentrosaopaulo.com.br\\\/sobre\\\/vale-do-anhangabau-tera-transmissoes-e-shows-na-copa-das-confederacoes\\\/\",\"name\":\"Vale do Anhangaba\\u00fa ter\\u00e1 transmiss\\u00f5es e shows na Copa das Confedera\\u00e7\\u00f5es | Encontra Centro SP\",\"description\":\"O Vale do Anhangaba\\u00fa, na regi\\u00e3o central de S\\u00e3o Paulo, contar\\u00e1 com atra\\u00e7\\u00f5es especiais entre os dias 15 e 30 de junho para os paulistanos que quiserem acompanhar os jogos da Copa das Confedera\\u00e7\\u00f5es. O projeto Concentra SP transmitir\\u00e1 todas as partidas das oito sele\\u00e7\\u00f5es que participam do torneio e, tamb\\u00e9m, contar\\u00e1 com shows musicais.\",\"inLanguage\":\"pt-BR\",\"isPartOf\":{\"@id\":\"https:\\\/\\\/www.encontracentrosaopaulo.com.br\\\/sobre\\\/#website\"},\"breadcrumb\":{\"@id\":\"https:\\\/\\\/www.encontracentrosaopaulo.com.br\\\/sobre\\\/vale-do-anhangabau-tera-transmissoes-e-shows-na-copa-das-confederacoes\\\/#breadcrumblist\"},\"author\":{\"@id\":\"https:\\\/\\\/www.encontracentrosaopaulo.com.br\\\/sobre\\\/author\\\/ecentrosaopaulo\\\/#author\"},\"creator\":{\"@id\":\"https:\\\/\\\/www.encontracentrosaopaulo.com.br\\\/sobre\\\/author\\\/ecentrosaopaulo\\\/#author\"},\"datePublished\":\"2013-06-13T00:43:44-03:00\",\"dateModified\":\"2019-04-29T16:20:05-03:00\"},{\"@type\":\"WebSite\",\"@id\":\"https:\\\/\\\/www.encontracentrosaopaulo.com.br\\\/sobre\\\/#website\",\"url\":\"https:\\\/\\\/www.encontracentrosaopaulo.com.br\\\/sobre\\\/\",\"name\":\"Encontra Centro SP\",\"description\":\"Not\\u00edcias, eventos, informa\\u00e7\\u00f5es e dicas na cidade de Centro SP e regi\\u00e3o.\",\"inLanguage\":\"pt-BR\",\"publisher\":{\"@id\":\"https:\\\/\\\/www.encontracentrosaopaulo.com.br\\\/sobre\\\/#organization\"}}]}\n\t\t<\/script>\n\t\t<!-- All in One SEO -->\n\n","aioseo_head_json":{"title":"Vale do Anhangaba\u00fa ter\u00e1 transmiss\u00f5es e shows na Copa das Confedera\u00e7\u00f5es | Encontra Centro SP","description":"O Vale do Anhangaba\u00fa, na regi\u00e3o central de S\u00e3o Paulo, contar\u00e1 com atra\u00e7\u00f5es especiais entre os dias 15 e 30 de junho para os paulistanos que quiserem acompanhar os jogos da Copa das Confedera\u00e7\u00f5es. O projeto Concentra SP transmitir\u00e1 todas as partidas das oito sele\u00e7\u00f5es que participam do torneio e, tamb\u00e9m, contar\u00e1 com shows musicais.","canonical_url":"https:\/\/www.encontracentrosaopaulo.com.br\/sobre\/vale-do-anhangabau-tera-transmissoes-e-shows-na-copa-das-confederacoes\/","robots":"max-image-preview:large","keywords":"","webmasterTools":{"miscellaneous":""},"schema":{"@context":"https:\/\/schema.org","@graph":[{"@type":"Article","@id":"https:\/\/www.encontracentrosaopaulo.com.br\/sobre\/vale-do-anhangabau-tera-transmissoes-e-shows-na-copa-das-confederacoes\/#article","name":"Vale do Anhangaba\u00fa ter\u00e1 transmiss\u00f5es e shows na Copa das Confedera\u00e7\u00f5es | Encontra Centro SP","headline":"Vale do Anhangaba\u00fa ter\u00e1 transmiss\u00f5es e shows na Copa das Confedera\u00e7\u00f5es","author":{"@id":"https:\/\/www.encontracentrosaopaulo.com.br\/sobre\/author\/ecentrosaopaulo\/#author"},"publisher":{"@id":"https:\/\/www.encontracentrosaopaulo.com.br\/sobre\/#organization"},"datePublished":"2013-06-13T00:43:44-03:00","dateModified":"2019-04-29T16:20:05-03:00","inLanguage":"pt-BR","mainEntityOfPage":{"@id":"https:\/\/www.encontracentrosaopaulo.com.br\/sobre\/vale-do-anhangabau-tera-transmissoes-e-shows-na-copa-das-confederacoes\/#webpage"},"isPartOf":{"@id":"https:\/\/www.encontracentrosaopaulo.com.br\/sobre\/vale-do-anhangabau-tera-transmissoes-e-shows-na-copa-das-confederacoes\/#webpage"},"articleSection":"Not\u00edcias Centro SP"},{"@type":"BreadcrumbList","@id":"https:\/\/www.encontracentrosaopaulo.com.br\/sobre\/vale-do-anhangabau-tera-transmissoes-e-shows-na-copa-das-confederacoes\/#breadcrumblist","itemListElement":[{"@type":"ListItem","@id":"https:\/\/www.encontracentrosaopaulo.com.br\/sobre#listItem","position":1,"name":"In\u00edcio","item":"https:\/\/www.encontracentrosaopaulo.com.br\/sobre","nextItem":{"@type":"ListItem","@id":"https:\/\/www.encontracentrosaopaulo.com.br\/sobre\/noticias-no-centro-sp\/#listItem","name":"Not\u00edcias Centro SP"}},{"@type":"ListItem","@id":"https:\/\/www.encontracentrosaopaulo.com.br\/sobre\/noticias-no-centro-sp\/#listItem","position":2,"name":"Not\u00edcias Centro SP","item":"https:\/\/www.encontracentrosaopaulo.com.br\/sobre\/noticias-no-centro-sp\/","nextItem":{"@type":"ListItem","@id":"https:\/\/www.encontracentrosaopaulo.com.br\/sobre\/vale-do-anhangabau-tera-transmissoes-e-shows-na-copa-das-confederacoes\/#listItem","name":"Vale do Anhangaba\u00fa ter\u00e1 transmiss\u00f5es e shows na Copa das Confedera\u00e7\u00f5es"},"previousItem":{"@type":"ListItem","@id":"https:\/\/www.encontracentrosaopaulo.com.br\/sobre#listItem","name":"In\u00edcio"}},{"@type":"ListItem","@id":"https:\/\/www.encontracentrosaopaulo.com.br\/sobre\/vale-do-anhangabau-tera-transmissoes-e-shows-na-copa-das-confederacoes\/#listItem","position":3,"name":"Vale do Anhangaba\u00fa ter\u00e1 transmiss\u00f5es e shows na Copa das Confedera\u00e7\u00f5es","previousItem":{"@type":"ListItem","@id":"https:\/\/www.encontracentrosaopaulo.com.br\/sobre\/noticias-no-centro-sp\/#listItem","name":"Not\u00edcias Centro SP"}}]},{"@type":"Organization","@id":"https:\/\/www.encontracentrosaopaulo.com.br\/sobre\/#organization","name":"Encontra Centro SP","description":"Not\u00edcias, eventos, informa\u00e7\u00f5es e dicas na cidade de Centro SP e regi\u00e3o.","url":"https:\/\/www.encontracentrosaopaulo.com.br\/sobre\/"},{"@type":"Person","@id":"https:\/\/www.encontracentrosaopaulo.com.br\/sobre\/author\/ecentrosaopaulo\/#author","url":"https:\/\/www.encontracentrosaopaulo.com.br\/sobre\/author\/ecentrosaopaulo\/","name":"Encontra Centro SP","image":{"@type":"ImageObject","@id":"https:\/\/www.encontracentrosaopaulo.com.br\/sobre\/vale-do-anhangabau-tera-transmissoes-e-shows-na-copa-das-confederacoes\/#authorImage","url":"https:\/\/secure.gravatar.com\/avatar\/507340682b8270222e1f208e23198b6ae7e2c6a1033ae84e99bc6bce4f82a387?s=96&d=mm&r=g","width":96,"height":96,"caption":"Encontra Centro SP"}},{"@type":"WebPage","@id":"https:\/\/www.encontracentrosaopaulo.com.br\/sobre\/vale-do-anhangabau-tera-transmissoes-e-shows-na-copa-das-confederacoes\/#webpage","url":"https:\/\/www.encontracentrosaopaulo.com.br\/sobre\/vale-do-anhangabau-tera-transmissoes-e-shows-na-copa-das-confederacoes\/","name":"Vale do Anhangaba\u00fa ter\u00e1 transmiss\u00f5es e shows na Copa das Confedera\u00e7\u00f5es | Encontra Centro SP","description":"O Vale do Anhangaba\u00fa, na regi\u00e3o central de S\u00e3o Paulo, contar\u00e1 com atra\u00e7\u00f5es especiais entre os dias 15 e 30 de junho para os paulistanos que quiserem acompanhar os jogos da Copa das Confedera\u00e7\u00f5es. O projeto Concentra SP transmitir\u00e1 todas as partidas das oito sele\u00e7\u00f5es que participam do torneio e, tamb\u00e9m, contar\u00e1 com shows musicais.","inLanguage":"pt-BR","isPartOf":{"@id":"https:\/\/www.encontracentrosaopaulo.com.br\/sobre\/#website"},"breadcrumb":{"@id":"https:\/\/www.encontracentrosaopaulo.com.br\/sobre\/vale-do-anhangabau-tera-transmissoes-e-shows-na-copa-das-confederacoes\/#breadcrumblist"},"author":{"@id":"https:\/\/www.encontracentrosaopaulo.com.br\/sobre\/author\/ecentrosaopaulo\/#author"},"creator":{"@id":"https:\/\/www.encontracentrosaopaulo.com.br\/sobre\/author\/ecentrosaopaulo\/#author"},"datePublished":"2013-06-13T00:43:44-03:00","dateModified":"2019-04-29T16:20:05-03:00"},{"@type":"WebSite","@id":"https:\/\/www.encontracentrosaopaulo.com.br\/sobre\/#website","url":"https:\/\/www.encontracentrosaopaulo.com.br\/sobre\/","name":"Encontra Centro SP","description":"Not\u00edcias, eventos, informa\u00e7\u00f5es e dicas na cidade de Centro SP e regi\u00e3o.","inLanguage":"pt-BR","publisher":{"@id":"https:\/\/www.encontracentrosaopaulo.com.br\/sobre\/#organization"}}]},"og:locale":"pt_BR","og:site_name":"Encontra Centro SP | Not\u00edcias, eventos, informa\u00e7\u00f5es e dicas na cidade de Centro SP e regi\u00e3o.","og:type":"article","og:title":"Vale do Anhangaba\u00fa ter\u00e1 transmiss\u00f5es e shows na Copa das Confedera\u00e7\u00f5es | Encontra Centro SP","og:description":"O Vale do Anhangaba\u00fa, na regi\u00e3o central de S\u00e3o Paulo, contar\u00e1 com atra\u00e7\u00f5es especiais entre os dias 15 e 30 de junho para os paulistanos que quiserem acompanhar os jogos da Copa das Confedera\u00e7\u00f5es. O projeto Concentra SP transmitir\u00e1 todas as partidas das oito sele\u00e7\u00f5es que participam do torneio e, tamb\u00e9m, contar\u00e1 com shows musicais.","og:url":"https:\/\/www.encontracentrosaopaulo.com.br\/sobre\/vale-do-anhangabau-tera-transmissoes-e-shows-na-copa-das-confederacoes\/","article:published_time":"2013-06-13T02:43:44+00:00","article:modified_time":"2019-04-29T19:20:05+00:00","twitter:card":"summary","twitter:title":"Vale do Anhangaba\u00fa ter\u00e1 transmiss\u00f5es e shows na Copa das Confedera\u00e7\u00f5es | Encontra Centro SP","twitter:description":"O Vale do Anhangaba\u00fa, na regi\u00e3o central de S\u00e3o Paulo, contar\u00e1 com atra\u00e7\u00f5es especiais entre os dias 15 e 30 de junho para os paulistanos que quiserem acompanhar os jogos da Copa das Confedera\u00e7\u00f5es. O projeto Concentra SP transmitir\u00e1 todas as partidas das oito sele\u00e7\u00f5es que participam do torneio e, tamb\u00e9m, contar\u00e1 com shows musicais."},"aioseo_meta_data":{"post_id":"1625","title":null,"description":null,"keywords":null,"keyphrases":null,"primary_term":null,"canonical_url":null,"og_title":null,"og_description":null,"og_object_type":"default","og_image_type":"default","og_image_url":null,"og_image_width":null,"og_image_height":null,"og_image_custom_url":null,"og_image_custom_fields":null,"og_video":null,"og_custom_url":null,"og_article_section":null,"og_article_tags":null,"twitter_use_og":false,"twitter_card":"default","twitter_image_type":"default","twitter_image_url":null,"twitter_image_custom_url":null,"twitter_image_custom_fields":null,"twitter_title":null,"twitter_description":null,"schema":{"blockGraphs":[],"customGraphs":[],"default":{"data":{"Article":[],"Course":[],"Dataset":[],"FAQPage":[],"Movie":[],"Person":[],"Product":[],"ProductReview":[],"Car":[],"Recipe":[],"Service":[],"SoftwareApplication":[],"WebPage":[]},"graphName":"Article","isEnabled":true},"graphs":[]},"schema_type":null,"schema_type_options":null,"pillar_content":false,"robots_default":true,"robots_noindex":false,"robots_noarchive":false,"robots_nosnippet":false,"robots_nofollow":false,"robots_noimageindex":false,"robots_noodp":false,"robots_notranslate":false,"robots_max_snippet":null,"robots_max_videopreview":null,"robots_max_imagepreview":"large","priority":null,"frequency":null,"local_seo":null,"breadcrumb_settings":null,"limit_modified_date":false,"ai":null,"created":"2021-01-18 18:53:38","updated":"2025-11-17 22:08:52","seo_analyzer_scan_date":null,"focus_keyword":null,"additional_keywords":null,"truseo_locale":null},"aioseo_breadcrumb":"<div class=\"aioseo-breadcrumbs\"><span class=\"aioseo-breadcrumb\">\n\t\t\t<a href=\"https:\/\/www.encontracentrosaopaulo.com.br\/sobre\" title=\"In\u00edcio\">In\u00edcio<\/a>\n\t\t<\/span><span class=\"aioseo-breadcrumb-separator\">&raquo;<\/span><span class=\"aioseo-breadcrumb\">\n\t\t\t<a href=\"https:\/\/www.encontracentrosaopaulo.com.br\/sobre\/noticias-no-centro-sp\/\" title=\"Not\u00edcias Centro SP\">Not\u00edcias Centro SP<\/a>\n\t\t<\/span><span class=\"aioseo-breadcrumb-separator\">&raquo;<\/span><span class=\"aioseo-breadcrumb\">\n\t\t\tVale do Anhangaba\u00fa ter\u00e1 transmiss\u00f5es e shows na Copa das Confedera\u00e7\u00f5es\n\t\t<\/span><\/div>","aioseo_breadcrumb_json":[{"label":"In\u00edcio","link":"https:\/\/www.encontracentrosaopaulo.com.br\/sobre"},{"label":"Not\u00edcias Centro SP","link":"https:\/\/www.encontracentrosaopaulo.com.br\/sobre\/noticias-no-centro-sp\/"},{"label":"Vale do Anhangaba\u00fa ter\u00e1 transmiss\u00f5es e shows na Copa das Confedera\u00e7\u00f5es","link":"https:\/\/www.encontracentrosaopaulo.com.br\/sobre\/vale-do-anhangabau-tera-transmissoes-e-shows-na-copa-das-confederacoes\/"}],"_links":{"self":[{"href":"https:\/\/www.encontracentrosaopaulo.com.br\/sobre\/wp-json\/wp\/v2\/posts\/1625","targetHints":{"allow":["GET"]}}],"collection":[{"href":"https:\/\/www.encontracentrosaopaulo.com.br\/sobre\/wp-json\/wp\/v2\/posts"}],"about":[{"href":"https:\/\/www.encontracentrosaopaulo.com.br\/sobre\/wp-json\/wp\/v2\/types\/post"}],"author":[{"embeddable":true,"href":"https:\/\/www.encontracentrosaopaulo.com.br\/sobre\/wp-json\/wp\/v2\/users\/1"}],"replies":[{"embeddable":true,"href":"https:\/\/www.encontracentrosaopaulo.com.br\/sobre\/wp-json\/wp\/v2\/comments?post=1625"}],"version-history":[{"count":0,"href":"https:\/\/www.encontracentrosaopaulo.com.br\/sobre\/wp-json\/wp\/v2\/posts\/1625\/revisions"}],"wp:attachment":[{"href":"https:\/\/www.encontracentrosaopaulo.com.br\/sobre\/wp-json\/wp\/v2\/media?parent=1625"}],"wp:term":[{"taxonomy":"category","embeddable":true,"href":"https:\/\/www.encontracentrosaopaulo.com.br\/sobre\/wp-json\/wp\/v2\/categories?post=1625"},{"taxonomy":"post_tag","embeddable":true,"href":"https:\/\/www.encontracentrosaopaulo.com.br\/sobre\/wp-json\/wp\/v2\/tags?post=1625"}],"curies":[{"name":"wp","href":"https:\/\/api.w.org\/{rel}","templated":true}]}}