{"id":1757,"date":"2013-07-03T01:01:43","date_gmt":"2013-07-03T03:01:43","guid":{"rendered":"http:\/\/www.encontracentrosaopaulo.com.br\/noticias\/?p=1757"},"modified":"2019-04-29T16:20:05","modified_gmt":"2019-04-29T19:20:05","slug":"centro-recebe-arraial-de-sao-paulo","status":"publish","type":"post","link":"https:\/\/www.encontracentrosaopaulo.com.br\/sobre\/centro-recebe-arraial-de-sao-paulo\/","title":{"rendered":"Centro recebe Arraial de S\u00e3o Paulo"},"content":{"rendered":"<div class=\"d6585b5127f45a35450431d0abc3f90c\" data-index=\"1\" style=\"float: none; margin:0px;\">\n<!-- Anuncio display - global -->\r\n<ins class=\"adsbygoogle\"\r\n     style=\"display:block\"\r\n     data-ad-client=\"ca-pub-8585364105181520\"\r\n     data-ad-slot=\"8789329856\"\r\n     data-ad-format=\"auto\"\r\n     data-full-width-responsive=\"true\"><\/ins>\r\n<script>\r\n     (adsbygoogle = window.adsbygoogle || []).push({});\r\n<\/script>\n<\/div>\n<p>A Secretaria Municipal de Cultura vai promover entre os dias 6 e 7 julho o \u201cArraial de S\u00e3o Paulo\u201d. O evento, que ocorrer\u00e1 no Vale do Anhangaba\u00fa, contar\u00e1 com a presen\u00e7a de artistas renomados como Alceu Valen\u00e7a e Z\u00e9 Ramalho. Ao longo do m\u00eas, diversas outras atividades ser\u00e3o desenvolvidas tamb\u00e9m nos equipamentos culturais da secretaria, al\u00e9m de feira gastron\u00f4mica.<\/p>\n<p>De acordo com a secretaria, ser\u00e3o montados dois palcos &#8211; um principal e outro exclusivo &#8211; para trios de forr\u00f3 e uma tenda de cordel. A festa vai proporcionar tamb\u00e9m variedades de pratos da culin\u00e1ria regional servidos por chefs, bares e restaurantes da cidade. Caldo de mocot\u00f3, lingui\u00e7a artesanal, macaxeira com carne seca e arroz doce est\u00e3o s\u00e3o iguarias oferecidas com o custo popular de R$ 15,00. Cacha\u00e7a e quent\u00e3o tamb\u00e9m fazem parte do card\u00e1pio. Ao todo, ser\u00e3o cerca de 40 barracas de alimenta\u00e7\u00e3o.<\/p>\n<p>Entre as atra\u00e7\u00f5es musicais que animam o arraial, a abertura do palco principal acontece \u00e0s 16h, com o show \u201cQuatro Ases do Forr\u00f3\u201d, que re\u00fane Anast\u00e1cia, Amelinha, Duani e Milena. No repert\u00f3rio, can\u00e7\u00f5es tradicionais de Jackson do Pandeiro, Dominguinhos, entre outros compositores. \u00c0s 19h, Alceu Valen\u00e7a apresenta a \u201cTurn\u00ea Nordestina no S\u00e3o Jo\u00e3o 2013\u201d, com repert\u00f3rio formado por xotes, bai\u00f5es, forr\u00f3s, toadas e emboladas.<\/p>\n<p>No domingo, no palco principal, a banda Peixel\u00e9trico abre as festividades, \u00e0s 16h30, e o encerramento fica por conta do cantor Z\u00e9 Ramalho. O encerramento desse palco fica com o Circulad\u00f4 de Ful\u00f4.<\/p>\n<p>A festa paulistana ter\u00e1 cenografia criada especialmente para o evento, com elementos c\u00eanicos compostos de bandeirinhas, estandartes, gambiarras e toda a vestimenta de palco remontando a uma cidade do interior do nordeste. O projeto art\u00edstico \u00e9 inspirado nos grafismos do artista pl\u00e1stico \u00edtalo-brasileiro, Alfredo Volpi.<\/p>\n<p>A celebra\u00e7\u00e3o do S\u00e3o Jo\u00e3o nestes moldes \u00e9 uma novidade para S\u00e3o Paulo, capital que re\u00fane uma das maiores popula\u00e7\u00f5es de nordestinos do Brasil, em torno de 4 milh\u00f5es de pessoas. &#8220;Inserir a celebra\u00e7\u00e3o do S\u00e3o Jo\u00e3o no programa anual de eventos da Secretaria de Cultura atende a uma demanda da pr\u00f3pria cidade, que j\u00e1 incorporou a comemora\u00e7\u00e3o no seu pr\u00f3prio calend\u00e1rio a partir das festas promovidas pelas par\u00f3quias e outras institui\u00e7\u00f5es, promovidas at\u00e9 ent\u00e3o sem o apoio da Prefeitura&#8221;, ressalta o secret\u00e1rio municipal de Cultura, Juca Ferreira.<\/p>\n<p><strong>Rei do Bai\u00e3o na OCA<\/strong><br \/>\nAp\u00f3s passar pelo Museu Nacional de Belas Artes, no Rio de Janeiro, entre dezembro do ano passado e fevereiro de 2013, chega a S\u00e3o Paulo a exposi\u00e7\u00e3o \u201cO Imagin\u00e1rio do Rei &#8211; Vis\u00f5es sobre o Universo de Luiz Gonzaga\u201d. A mostra ocupar\u00e1, a partir do dia 13, a OCA, espa\u00e7o expositivo localizado no Parque Ibirapuera.<\/p>\n<p>Ao todo, est\u00e3o reunidas obras de 60 artistas de todas as regi\u00f5es do pa\u00eds, entre fotografias hist\u00f3ricas e raras, livros e discos. Podem ser vistas tamb\u00e9m mais de 160 pe\u00e7as de arte criadas para esta mostra coletiva. Ser\u00e3o projetados, ainda, quatro filmes: \u201cO Milagre de Santa Luzia\u201d, de S\u00e9rgio Roizenblit; \u201cViva S\u00e3o Jo\u00e3o!\u201d, de Andrucha Waddington; \u201cO Homem que Engarrafava Nuvens\u201d, de L\u00edrio Ferreira, e \u201cLuiz Gonzaga &#8211; A Luz dos Sert\u00f5es\u201d, de Rose Maria.<\/p>\n<p><strong>Programa\u00e7\u00e3o completa: <\/strong><\/p>\n<p><strong>Tenda de Cordel Chap\u00e9u de Palha <\/strong><br \/>\nCordelistas convidados: Jo\u00e3o Gomes de S\u00e1, Varneci Nascimento, Cac\u00e1 Lopes, Costa Senna, Cleusa Santo, Moreira de Acopiara, Pedro Monteiro, Marco Haurelio, Luiz Wilson e Eufra Modesto.<\/p>\n<p>Repentistas convidados: Ad\u00e3o Fernandes e Jo\u00e3o Doto.<br \/>\nExposi\u00e7\u00e3o, leituras, interpreta\u00e7\u00e3o de cord\u00e9is, poemas e apresenta\u00e7\u00f5es de cordel musicado com trava-l\u00edngua e pitadas da obra de Luiz Gonzaga.<br \/>\n| Dias 6 e 7, das 14h30 \u00e0s 22h<\/p>\n<p><strong>Feira gastron\u00f4mica chefs na rua<\/strong><br \/>\n| Dias 6 e 7, das 14h30 \u00e0s 22h (pre\u00e7os populares)<\/p>\n<p><strong>Shows no palco I<\/strong><\/p>\n<p>Quatro Ases do Forr\u00f3: Anast\u00e1cia, Amelinha, Duani E Milena<br \/>\n| Dia 6, \u00e0s 16h<\/p>\n<p>Alceu Valen\u00e7a<br \/>\n| Dia 6, \u00e0s 19h<\/p>\n<p>Peixel\u00e9trico<br \/>\n| Dia 7, \u00e0s 16h30<\/p>\n<p>Z\u00e9 Ramalho<br \/>\n| Dia 7, \u00e0s 19h30<\/p>\n<p><strong>Shows no palco II<\/strong><\/p>\n<p>Casa Amarela<br \/>\n| Dia 6, \u00e0s 14h30<\/p>\n<p>Trio Juazeiro<br \/>\n| Dia 6, \u00e0s 17h30<\/p>\n<p>\u00d3 do Forr\u00f3<br \/>\n| Dia 6, \u00e0s 20h30<\/p>\n<p>Diego Oliveira<br \/>\n| Dia 7, \u00e0s 15h<\/p>\n<p>Circulad\u00f4 de Ful\u00f4<br \/>\n| Dia 7, \u00e0s 18h<\/p>\n<p><em>Fonte: Prefeitura de S. Paulo<\/em><\/p>\n\n<div style=\"font-size: 0px; height: 0px; line-height: 0px; margin: 0; padding: 0; clear: both;\"><\/div>","protected":false},"excerpt":{"rendered":"<p>A Secretaria Municipal de Cultura vai promover entre os dias 6 e 7 julho o \u201cArraial de S\u00e3o Paulo\u201d. O evento, que ocorrer\u00e1 no Vale do Anhangaba\u00fa, contar\u00e1 com a presen\u00e7a de artistas renomados como Alceu Valen\u00e7a e Z\u00e9 Ramalho. Ao longo do m\u00eas, diversas outras atividades ser\u00e3o desenvolvidas tamb\u00e9m nos equipamentos culturais da secretaria, al\u00e9m de feira gastron\u00f4mica. De acordo com a secretaria, ser\u00e3o montados dois palcos &#8211; um principal e outro exclusivo &#8211; para trios de forr\u00f3 e uma tenda de cordel. A festa vai proporcionar tamb\u00e9m variedades de pratos da culin\u00e1ria regional servidos por chefs, bares e <\/p>\n","protected":false},"author":1,"featured_media":0,"comment_status":"open","ping_status":"closed","sticky":false,"template":"","format":"standard","meta":{"footnotes":""},"categories":[6],"tags":[],"class_list":["post-1757","post","type-post","status-publish","format-standard","hentry","category-noticias-no-centro-sp"],"aioseo_notices":[],"aioseo_head":"\n\t\t<!-- All in One SEO 5.0.0.1 - aioseo.com -->\n\t<meta name=\"description\" content=\"A Secretaria Municipal de Cultura vai promover entre os dias 6 e 7 julho o \u201cArraial de S\u00e3o Paulo\u201d. O evento, que ocorrer\u00e1 no Vale do Anhangaba\u00fa, contar\u00e1 com a presen\u00e7a de artistas renomados como Alceu Valen\u00e7a e Z\u00e9 Ramalho. Ao longo do m\u00eas, diversas outras atividades ser\u00e3o desenvolvidas tamb\u00e9m nos equipamentos culturais da secretaria,\" \/>\n\t<meta name=\"robots\" content=\"max-image-preview:large\" \/>\n\t<meta name=\"author\" content=\"Encontra Centro SP\"\/>\n\t<link rel=\"canonical\" href=\"https:\/\/www.encontracentrosaopaulo.com.br\/sobre\/centro-recebe-arraial-de-sao-paulo\/\" \/>\n\t<meta name=\"generator\" content=\"All in One SEO (AIOSEO) 5.0.0.1\" \/>\n\t\t<meta property=\"og:locale\" content=\"pt_BR\" \/>\n\t\t<meta property=\"og:site_name\" content=\"Encontra Centro SP | Not\u00edcias, eventos, informa\u00e7\u00f5es e dicas na cidade de Centro SP e regi\u00e3o.\" \/>\n\t\t<meta property=\"og:type\" content=\"article\" \/>\n\t\t<meta property=\"og:title\" content=\"Centro recebe Arraial de S\u00e3o Paulo | Encontra Centro SP\" \/>\n\t\t<meta property=\"og:description\" content=\"A Secretaria Municipal de Cultura vai promover entre os dias 6 e 7 julho o \u201cArraial de S\u00e3o Paulo\u201d. O evento, que ocorrer\u00e1 no Vale do Anhangaba\u00fa, contar\u00e1 com a presen\u00e7a de artistas renomados como Alceu Valen\u00e7a e Z\u00e9 Ramalho. Ao longo do m\u00eas, diversas outras atividades ser\u00e3o desenvolvidas tamb\u00e9m nos equipamentos culturais da secretaria,\" \/>\n\t\t<meta property=\"og:url\" content=\"https:\/\/www.encontracentrosaopaulo.com.br\/sobre\/centro-recebe-arraial-de-sao-paulo\/\" \/>\n\t\t<meta property=\"article:published_time\" content=\"2013-07-03T03:01:43+00:00\" \/>\n\t\t<meta property=\"article:modified_time\" content=\"2019-04-29T19:20:05+00:00\" \/>\n\t\t<meta name=\"twitter:card\" content=\"summary\" \/>\n\t\t<meta name=\"twitter:title\" content=\"Centro recebe Arraial de S\u00e3o Paulo | Encontra Centro SP\" \/>\n\t\t<meta name=\"twitter:description\" content=\"A Secretaria Municipal de Cultura vai promover entre os dias 6 e 7 julho o \u201cArraial de S\u00e3o Paulo\u201d. O evento, que ocorrer\u00e1 no Vale do Anhangaba\u00fa, contar\u00e1 com a presen\u00e7a de artistas renomados como Alceu Valen\u00e7a e Z\u00e9 Ramalho. Ao longo do m\u00eas, diversas outras atividades ser\u00e3o desenvolvidas tamb\u00e9m nos equipamentos culturais da secretaria,\" \/>\n\t\t<script type=\"application\/ld+json\" class=\"aioseo-schema\">\n\t\t\t{\"@context\":\"https:\\\/\\\/schema.org\",\"@graph\":[{\"@type\":\"Article\",\"@id\":\"https:\\\/\\\/www.encontracentrosaopaulo.com.br\\\/sobre\\\/centro-recebe-arraial-de-sao-paulo\\\/#article\",\"name\":\"Centro recebe Arraial de S\\u00e3o Paulo | Encontra Centro SP\",\"headline\":\"Centro recebe Arraial de S\\u00e3o Paulo\",\"author\":{\"@id\":\"https:\\\/\\\/www.encontracentrosaopaulo.com.br\\\/sobre\\\/author\\\/ecentrosaopaulo\\\/#author\"},\"publisher\":{\"@id\":\"https:\\\/\\\/www.encontracentrosaopaulo.com.br\\\/sobre\\\/#organization\"},\"datePublished\":\"2013-07-03T01:01:43-03:00\",\"dateModified\":\"2019-04-29T16:20:05-03:00\",\"inLanguage\":\"pt-BR\",\"mainEntityOfPage\":{\"@id\":\"https:\\\/\\\/www.encontracentrosaopaulo.com.br\\\/sobre\\\/centro-recebe-arraial-de-sao-paulo\\\/#webpage\"},\"isPartOf\":{\"@id\":\"https:\\\/\\\/www.encontracentrosaopaulo.com.br\\\/sobre\\\/centro-recebe-arraial-de-sao-paulo\\\/#webpage\"},\"articleSection\":\"Not\\u00edcias Centro SP\"},{\"@type\":\"BreadcrumbList\",\"@id\":\"https:\\\/\\\/www.encontracentrosaopaulo.com.br\\\/sobre\\\/centro-recebe-arraial-de-sao-paulo\\\/#breadcrumblist\",\"itemListElement\":[{\"@type\":\"ListItem\",\"@id\":\"https:\\\/\\\/www.encontracentrosaopaulo.com.br\\\/sobre#listItem\",\"position\":1,\"name\":\"In\\u00edcio\",\"item\":\"https:\\\/\\\/www.encontracentrosaopaulo.com.br\\\/sobre\",\"nextItem\":{\"@type\":\"ListItem\",\"@id\":\"https:\\\/\\\/www.encontracentrosaopaulo.com.br\\\/sobre\\\/noticias-no-centro-sp\\\/#listItem\",\"name\":\"Not\\u00edcias Centro SP\"}},{\"@type\":\"ListItem\",\"@id\":\"https:\\\/\\\/www.encontracentrosaopaulo.com.br\\\/sobre\\\/noticias-no-centro-sp\\\/#listItem\",\"position\":2,\"name\":\"Not\\u00edcias Centro SP\",\"item\":\"https:\\\/\\\/www.encontracentrosaopaulo.com.br\\\/sobre\\\/noticias-no-centro-sp\\\/\",\"nextItem\":{\"@type\":\"ListItem\",\"@id\":\"https:\\\/\\\/www.encontracentrosaopaulo.com.br\\\/sobre\\\/centro-recebe-arraial-de-sao-paulo\\\/#listItem\",\"name\":\"Centro recebe Arraial de S\\u00e3o Paulo\"},\"previousItem\":{\"@type\":\"ListItem\",\"@id\":\"https:\\\/\\\/www.encontracentrosaopaulo.com.br\\\/sobre#listItem\",\"name\":\"In\\u00edcio\"}},{\"@type\":\"ListItem\",\"@id\":\"https:\\\/\\\/www.encontracentrosaopaulo.com.br\\\/sobre\\\/centro-recebe-arraial-de-sao-paulo\\\/#listItem\",\"position\":3,\"name\":\"Centro recebe Arraial de S\\u00e3o Paulo\",\"previousItem\":{\"@type\":\"ListItem\",\"@id\":\"https:\\\/\\\/www.encontracentrosaopaulo.com.br\\\/sobre\\\/noticias-no-centro-sp\\\/#listItem\",\"name\":\"Not\\u00edcias Centro SP\"}}]},{\"@type\":\"Organization\",\"@id\":\"https:\\\/\\\/www.encontracentrosaopaulo.com.br\\\/sobre\\\/#organization\",\"name\":\"Encontra Centro SP\",\"description\":\"Not\\u00edcias, eventos, informa\\u00e7\\u00f5es e dicas na cidade de Centro SP e regi\\u00e3o.\",\"url\":\"https:\\\/\\\/www.encontracentrosaopaulo.com.br\\\/sobre\\\/\"},{\"@type\":\"Person\",\"@id\":\"https:\\\/\\\/www.encontracentrosaopaulo.com.br\\\/sobre\\\/author\\\/ecentrosaopaulo\\\/#author\",\"url\":\"https:\\\/\\\/www.encontracentrosaopaulo.com.br\\\/sobre\\\/author\\\/ecentrosaopaulo\\\/\",\"name\":\"Encontra Centro SP\",\"image\":{\"@type\":\"ImageObject\",\"@id\":\"https:\\\/\\\/www.encontracentrosaopaulo.com.br\\\/sobre\\\/centro-recebe-arraial-de-sao-paulo\\\/#authorImage\",\"url\":\"https:\\\/\\\/secure.gravatar.com\\\/avatar\\\/507340682b8270222e1f208e23198b6ae7e2c6a1033ae84e99bc6bce4f82a387?s=96&d=mm&r=g\",\"width\":96,\"height\":96,\"caption\":\"Encontra Centro SP\"}},{\"@type\":\"WebPage\",\"@id\":\"https:\\\/\\\/www.encontracentrosaopaulo.com.br\\\/sobre\\\/centro-recebe-arraial-de-sao-paulo\\\/#webpage\",\"url\":\"https:\\\/\\\/www.encontracentrosaopaulo.com.br\\\/sobre\\\/centro-recebe-arraial-de-sao-paulo\\\/\",\"name\":\"Centro recebe Arraial de S\\u00e3o Paulo | Encontra Centro SP\",\"description\":\"A Secretaria Municipal de Cultura vai promover entre os dias 6 e 7 julho o \\u201cArraial de S\\u00e3o Paulo\\u201d. O evento, que ocorrer\\u00e1 no Vale do Anhangaba\\u00fa, contar\\u00e1 com a presen\\u00e7a de artistas renomados como Alceu Valen\\u00e7a e Z\\u00e9 Ramalho. Ao longo do m\\u00eas, diversas outras atividades ser\\u00e3o desenvolvidas tamb\\u00e9m nos equipamentos culturais da secretaria,\",\"inLanguage\":\"pt-BR\",\"isPartOf\":{\"@id\":\"https:\\\/\\\/www.encontracentrosaopaulo.com.br\\\/sobre\\\/#website\"},\"breadcrumb\":{\"@id\":\"https:\\\/\\\/www.encontracentrosaopaulo.com.br\\\/sobre\\\/centro-recebe-arraial-de-sao-paulo\\\/#breadcrumblist\"},\"author\":{\"@id\":\"https:\\\/\\\/www.encontracentrosaopaulo.com.br\\\/sobre\\\/author\\\/ecentrosaopaulo\\\/#author\"},\"creator\":{\"@id\":\"https:\\\/\\\/www.encontracentrosaopaulo.com.br\\\/sobre\\\/author\\\/ecentrosaopaulo\\\/#author\"},\"datePublished\":\"2013-07-03T01:01:43-03:00\",\"dateModified\":\"2019-04-29T16:20:05-03:00\"},{\"@type\":\"WebSite\",\"@id\":\"https:\\\/\\\/www.encontracentrosaopaulo.com.br\\\/sobre\\\/#website\",\"url\":\"https:\\\/\\\/www.encontracentrosaopaulo.com.br\\\/sobre\\\/\",\"name\":\"Encontra Centro SP\",\"description\":\"Not\\u00edcias, eventos, informa\\u00e7\\u00f5es e dicas na cidade de Centro SP e regi\\u00e3o.\",\"inLanguage\":\"pt-BR\",\"publisher\":{\"@id\":\"https:\\\/\\\/www.encontracentrosaopaulo.com.br\\\/sobre\\\/#organization\"}}]}\n\t\t<\/script>\n\t\t<!-- All in One SEO -->\n\n","aioseo_head_json":{"title":"Centro recebe Arraial de S\u00e3o Paulo | Encontra Centro SP","description":"A Secretaria Municipal de Cultura vai promover entre os dias 6 e 7 julho o \u201cArraial de S\u00e3o Paulo\u201d. O evento, que ocorrer\u00e1 no Vale do Anhangaba\u00fa, contar\u00e1 com a presen\u00e7a de artistas renomados como Alceu Valen\u00e7a e Z\u00e9 Ramalho. Ao longo do m\u00eas, diversas outras atividades ser\u00e3o desenvolvidas tamb\u00e9m nos equipamentos culturais da secretaria,","canonical_url":"https:\/\/www.encontracentrosaopaulo.com.br\/sobre\/centro-recebe-arraial-de-sao-paulo\/","robots":"max-image-preview:large","keywords":"","webmasterTools":{"miscellaneous":""},"schema":{"@context":"https:\/\/schema.org","@graph":[{"@type":"Article","@id":"https:\/\/www.encontracentrosaopaulo.com.br\/sobre\/centro-recebe-arraial-de-sao-paulo\/#article","name":"Centro recebe Arraial de S\u00e3o Paulo | Encontra Centro SP","headline":"Centro recebe Arraial de S\u00e3o Paulo","author":{"@id":"https:\/\/www.encontracentrosaopaulo.com.br\/sobre\/author\/ecentrosaopaulo\/#author"},"publisher":{"@id":"https:\/\/www.encontracentrosaopaulo.com.br\/sobre\/#organization"},"datePublished":"2013-07-03T01:01:43-03:00","dateModified":"2019-04-29T16:20:05-03:00","inLanguage":"pt-BR","mainEntityOfPage":{"@id":"https:\/\/www.encontracentrosaopaulo.com.br\/sobre\/centro-recebe-arraial-de-sao-paulo\/#webpage"},"isPartOf":{"@id":"https:\/\/www.encontracentrosaopaulo.com.br\/sobre\/centro-recebe-arraial-de-sao-paulo\/#webpage"},"articleSection":"Not\u00edcias Centro SP"},{"@type":"BreadcrumbList","@id":"https:\/\/www.encontracentrosaopaulo.com.br\/sobre\/centro-recebe-arraial-de-sao-paulo\/#breadcrumblist","itemListElement":[{"@type":"ListItem","@id":"https:\/\/www.encontracentrosaopaulo.com.br\/sobre#listItem","position":1,"name":"In\u00edcio","item":"https:\/\/www.encontracentrosaopaulo.com.br\/sobre","nextItem":{"@type":"ListItem","@id":"https:\/\/www.encontracentrosaopaulo.com.br\/sobre\/noticias-no-centro-sp\/#listItem","name":"Not\u00edcias Centro SP"}},{"@type":"ListItem","@id":"https:\/\/www.encontracentrosaopaulo.com.br\/sobre\/noticias-no-centro-sp\/#listItem","position":2,"name":"Not\u00edcias Centro SP","item":"https:\/\/www.encontracentrosaopaulo.com.br\/sobre\/noticias-no-centro-sp\/","nextItem":{"@type":"ListItem","@id":"https:\/\/www.encontracentrosaopaulo.com.br\/sobre\/centro-recebe-arraial-de-sao-paulo\/#listItem","name":"Centro recebe Arraial de S\u00e3o Paulo"},"previousItem":{"@type":"ListItem","@id":"https:\/\/www.encontracentrosaopaulo.com.br\/sobre#listItem","name":"In\u00edcio"}},{"@type":"ListItem","@id":"https:\/\/www.encontracentrosaopaulo.com.br\/sobre\/centro-recebe-arraial-de-sao-paulo\/#listItem","position":3,"name":"Centro recebe Arraial de S\u00e3o Paulo","previousItem":{"@type":"ListItem","@id":"https:\/\/www.encontracentrosaopaulo.com.br\/sobre\/noticias-no-centro-sp\/#listItem","name":"Not\u00edcias Centro SP"}}]},{"@type":"Organization","@id":"https:\/\/www.encontracentrosaopaulo.com.br\/sobre\/#organization","name":"Encontra Centro SP","description":"Not\u00edcias, eventos, informa\u00e7\u00f5es e dicas na cidade de Centro SP e regi\u00e3o.","url":"https:\/\/www.encontracentrosaopaulo.com.br\/sobre\/"},{"@type":"Person","@id":"https:\/\/www.encontracentrosaopaulo.com.br\/sobre\/author\/ecentrosaopaulo\/#author","url":"https:\/\/www.encontracentrosaopaulo.com.br\/sobre\/author\/ecentrosaopaulo\/","name":"Encontra Centro SP","image":{"@type":"ImageObject","@id":"https:\/\/www.encontracentrosaopaulo.com.br\/sobre\/centro-recebe-arraial-de-sao-paulo\/#authorImage","url":"https:\/\/secure.gravatar.com\/avatar\/507340682b8270222e1f208e23198b6ae7e2c6a1033ae84e99bc6bce4f82a387?s=96&d=mm&r=g","width":96,"height":96,"caption":"Encontra Centro SP"}},{"@type":"WebPage","@id":"https:\/\/www.encontracentrosaopaulo.com.br\/sobre\/centro-recebe-arraial-de-sao-paulo\/#webpage","url":"https:\/\/www.encontracentrosaopaulo.com.br\/sobre\/centro-recebe-arraial-de-sao-paulo\/","name":"Centro recebe Arraial de S\u00e3o Paulo | Encontra Centro SP","description":"A Secretaria Municipal de Cultura vai promover entre os dias 6 e 7 julho o \u201cArraial de S\u00e3o Paulo\u201d. O evento, que ocorrer\u00e1 no Vale do Anhangaba\u00fa, contar\u00e1 com a presen\u00e7a de artistas renomados como Alceu Valen\u00e7a e Z\u00e9 Ramalho. Ao longo do m\u00eas, diversas outras atividades ser\u00e3o desenvolvidas tamb\u00e9m nos equipamentos culturais da secretaria,","inLanguage":"pt-BR","isPartOf":{"@id":"https:\/\/www.encontracentrosaopaulo.com.br\/sobre\/#website"},"breadcrumb":{"@id":"https:\/\/www.encontracentrosaopaulo.com.br\/sobre\/centro-recebe-arraial-de-sao-paulo\/#breadcrumblist"},"author":{"@id":"https:\/\/www.encontracentrosaopaulo.com.br\/sobre\/author\/ecentrosaopaulo\/#author"},"creator":{"@id":"https:\/\/www.encontracentrosaopaulo.com.br\/sobre\/author\/ecentrosaopaulo\/#author"},"datePublished":"2013-07-03T01:01:43-03:00","dateModified":"2019-04-29T16:20:05-03:00"},{"@type":"WebSite","@id":"https:\/\/www.encontracentrosaopaulo.com.br\/sobre\/#website","url":"https:\/\/www.encontracentrosaopaulo.com.br\/sobre\/","name":"Encontra Centro SP","description":"Not\u00edcias, eventos, informa\u00e7\u00f5es e dicas na cidade de Centro SP e regi\u00e3o.","inLanguage":"pt-BR","publisher":{"@id":"https:\/\/www.encontracentrosaopaulo.com.br\/sobre\/#organization"}}]},"og:locale":"pt_BR","og:site_name":"Encontra Centro SP | Not\u00edcias, eventos, informa\u00e7\u00f5es e dicas na cidade de Centro SP e regi\u00e3o.","og:type":"article","og:title":"Centro recebe Arraial de S\u00e3o Paulo | Encontra Centro SP","og:description":"A Secretaria Municipal de Cultura vai promover entre os dias 6 e 7 julho o \u201cArraial de S\u00e3o Paulo\u201d. O evento, que ocorrer\u00e1 no Vale do Anhangaba\u00fa, contar\u00e1 com a presen\u00e7a de artistas renomados como Alceu Valen\u00e7a e Z\u00e9 Ramalho. Ao longo do m\u00eas, diversas outras atividades ser\u00e3o desenvolvidas tamb\u00e9m nos equipamentos culturais da secretaria,","og:url":"https:\/\/www.encontracentrosaopaulo.com.br\/sobre\/centro-recebe-arraial-de-sao-paulo\/","article:published_time":"2013-07-03T03:01:43+00:00","article:modified_time":"2019-04-29T19:20:05+00:00","twitter:card":"summary","twitter:title":"Centro recebe Arraial de S\u00e3o Paulo | Encontra Centro SP","twitter:description":"A Secretaria Municipal de Cultura vai promover entre os dias 6 e 7 julho o \u201cArraial de S\u00e3o Paulo\u201d. O evento, que ocorrer\u00e1 no Vale do Anhangaba\u00fa, contar\u00e1 com a presen\u00e7a de artistas renomados como Alceu Valen\u00e7a e Z\u00e9 Ramalho. Ao longo do m\u00eas, diversas outras atividades ser\u00e3o desenvolvidas tamb\u00e9m nos equipamentos culturais da secretaria,"},"aioseo_meta_data":{"post_id":"1757","title":null,"description":null,"keywords":null,"keyphrases":null,"primary_term":null,"canonical_url":null,"og_title":null,"og_description":null,"og_object_type":"default","og_image_type":"default","og_image_url":null,"og_image_width":null,"og_image_height":null,"og_image_custom_url":null,"og_image_custom_fields":null,"og_video":null,"og_custom_url":null,"og_article_section":null,"og_article_tags":null,"twitter_use_og":false,"twitter_card":"default","twitter_image_type":"default","twitter_image_url":null,"twitter_image_custom_url":null,"twitter_image_custom_fields":null,"twitter_title":null,"twitter_description":null,"schema":{"blockGraphs":[],"customGraphs":[],"default":{"data":{"Article":[],"Course":[],"Dataset":[],"FAQPage":[],"Movie":[],"Person":[],"Product":[],"ProductReview":[],"Car":[],"Recipe":[],"Service":[],"SoftwareApplication":[],"WebPage":[]},"graphName":"Article","isEnabled":true},"graphs":[]},"schema_type":null,"schema_type_options":null,"pillar_content":false,"robots_default":true,"robots_noindex":false,"robots_noarchive":false,"robots_nosnippet":false,"robots_nofollow":false,"robots_noimageindex":false,"robots_noodp":false,"robots_notranslate":false,"robots_max_snippet":null,"robots_max_videopreview":null,"robots_max_imagepreview":"large","priority":null,"frequency":null,"local_seo":null,"breadcrumb_settings":null,"limit_modified_date":false,"ai":null,"created":"2021-01-18 18:52:10","updated":"2025-11-17 23:10:33","seo_analyzer_scan_date":null,"focus_keyword":null,"additional_keywords":null,"truseo_locale":null},"aioseo_breadcrumb":"<div class=\"aioseo-breadcrumbs\"><span class=\"aioseo-breadcrumb\">\n\t\t\t<a href=\"https:\/\/www.encontracentrosaopaulo.com.br\/sobre\" title=\"In\u00edcio\">In\u00edcio<\/a>\n\t\t<\/span><span class=\"aioseo-breadcrumb-separator\">&raquo;<\/span><span class=\"aioseo-breadcrumb\">\n\t\t\t<a href=\"https:\/\/www.encontracentrosaopaulo.com.br\/sobre\/noticias-no-centro-sp\/\" title=\"Not\u00edcias Centro SP\">Not\u00edcias Centro SP<\/a>\n\t\t<\/span><span class=\"aioseo-breadcrumb-separator\">&raquo;<\/span><span class=\"aioseo-breadcrumb\">\n\t\t\tCentro recebe Arraial de S\u00e3o Paulo\n\t\t<\/span><\/div>","aioseo_breadcrumb_json":[{"label":"In\u00edcio","link":"https:\/\/www.encontracentrosaopaulo.com.br\/sobre"},{"label":"Not\u00edcias Centro SP","link":"https:\/\/www.encontracentrosaopaulo.com.br\/sobre\/noticias-no-centro-sp\/"},{"label":"Centro recebe Arraial de S\u00e3o Paulo","link":"https:\/\/www.encontracentrosaopaulo.com.br\/sobre\/centro-recebe-arraial-de-sao-paulo\/"}],"_links":{"self":[{"href":"https:\/\/www.encontracentrosaopaulo.com.br\/sobre\/wp-json\/wp\/v2\/posts\/1757","targetHints":{"allow":["GET"]}}],"collection":[{"href":"https:\/\/www.encontracentrosaopaulo.com.br\/sobre\/wp-json\/wp\/v2\/posts"}],"about":[{"href":"https:\/\/www.encontracentrosaopaulo.com.br\/sobre\/wp-json\/wp\/v2\/types\/post"}],"author":[{"embeddable":true,"href":"https:\/\/www.encontracentrosaopaulo.com.br\/sobre\/wp-json\/wp\/v2\/users\/1"}],"replies":[{"embeddable":true,"href":"https:\/\/www.encontracentrosaopaulo.com.br\/sobre\/wp-json\/wp\/v2\/comments?post=1757"}],"version-history":[{"count":0,"href":"https:\/\/www.encontracentrosaopaulo.com.br\/sobre\/wp-json\/wp\/v2\/posts\/1757\/revisions"}],"wp:attachment":[{"href":"https:\/\/www.encontracentrosaopaulo.com.br\/sobre\/wp-json\/wp\/v2\/media?parent=1757"}],"wp:term":[{"taxonomy":"category","embeddable":true,"href":"https:\/\/www.encontracentrosaopaulo.com.br\/sobre\/wp-json\/wp\/v2\/categories?post=1757"},{"taxonomy":"post_tag","embeddable":true,"href":"https:\/\/www.encontracentrosaopaulo.com.br\/sobre\/wp-json\/wp\/v2\/tags?post=1757"}],"curies":[{"name":"wp","href":"https:\/\/api.w.org\/{rel}","templated":true}]}}