{"id":1817,"date":"2013-08-06T10:07:56","date_gmt":"2013-08-06T12:07:56","guid":{"rendered":"http:\/\/www.encontracentrosaopaulo.com.br\/noticias\/?p=1817"},"modified":"2019-04-29T16:20:03","modified_gmt":"2019-04-29T19:20:03","slug":"bolivianos-e-paraguaios-vivem-em-guerra-no-centro-de-sp","status":"publish","type":"post","link":"https:\/\/www.encontracentrosaopaulo.com.br\/sobre\/bolivianos-e-paraguaios-vivem-em-guerra-no-centro-de-sp\/","title":{"rendered":"Bolivianos e paraguaios vivem em guerra no Centro de SP"},"content":{"rendered":"<div class=\"d6585b5127f45a35450431d0abc3f90c\" data-index=\"1\" style=\"float: none; margin:0px;\">\n<!-- Anuncio display - global -->\r\n<ins class=\"adsbygoogle\"\r\n     style=\"display:block\"\r\n     data-ad-client=\"ca-pub-8585364105181520\"\r\n     data-ad-slot=\"8789329856\"\r\n     data-ad-format=\"auto\"\r\n     data-full-width-responsive=\"true\"><\/ins>\r\n<script>\r\n     (adsbygoogle = window.adsbygoogle || []).push({});\r\n<\/script>\n<\/div>\n<p>Os bolivianos que vivem em S\u00e3o Paulo acusam paraguaios por dois ataques que aconteceram no \u00faltimo fim de semana.<\/p>\n<p>As desaven\u00e7as entre esses dois grupos de imigrantes no centro de S\u00e3o Paulo s\u00e3o antigas. Mas agora est\u00e1 em evid\u00eancia.<\/p>\n<p>Todos os fins de semana, os bolivianos se concentram na rua Coimbra, no Br\u00e1s, regi\u00e3o central da cidade, para participar de uma feira ao ar livre. Uma grande quantidade de pessoas circula pelo local, mas mesmo todo o movimento n\u00e3o foi suficiente para impedir dois crimes no mesmo dia.<\/p>\n<p>Um imigrante, que n\u00e3o quis se identificar, contou que a sensa\u00e7\u00e3o \u00e9 de medo.<\/p>\n<p>\u2014 A gente vive inseguro por muitas coisas que acontecem aqui na rua Coimbra. E, sobretudo, nessa rua que \u00e9 muito perigosa. Mas pra gente e por outras pessoas que vem de outros lados, como o Paraguai, Peru.<\/p>\n<p>O seguran\u00e7a Ricardo Pereira de Brito afirma que imigrantes de diferentes nacionalidades costumam entrar em conflito.<\/p>\n<p>\u2014 Eles ficam brigando entre si, os bolivianos, peruanos, paraguaios.<\/p>\n<p><strong>Ataques<\/strong><\/p>\n<p>Neste fim de semana, dois bolivianos foram atacados em poucas horas. O primeiro ataque foi bem na frente de uma loja. Sete homens, com caracter\u00edsticas de paraguaios, pretendiam violentar uma mulher boliviana. Um boliviano que passava por ali flagrou a cena e foi esfaqueado ao impedir a a\u00e7\u00e3o. Os agressores fugiram.<\/p>\n<p>O segundo crime aconteceu tr\u00eas horas depois, perto de um restaurante. Segundo os pr\u00f3prios moradores, outro boliviano foi roubado por um paraguaio e reagiu. Ele tamb\u00e9m foi esfaqueado.<\/p>\n<p><em>Fonte: R7<\/em><\/p>\n\n<div style=\"font-size: 0px; height: 0px; line-height: 0px; margin: 0; padding: 0; clear: both;\"><\/div>","protected":false},"excerpt":{"rendered":"<p>Os bolivianos que vivem em S\u00e3o Paulo acusam paraguaios por dois ataques que aconteceram no \u00faltimo fim de semana. As desaven\u00e7as entre esses dois grupos de imigrantes no centro de S\u00e3o Paulo s\u00e3o antigas. Mas agora est\u00e1 em evid\u00eancia. Todos os fins de semana, os bolivianos se concentram na rua Coimbra, no Br\u00e1s, regi\u00e3o central da cidade, para participar de uma feira ao ar livre. Uma grande quantidade de pessoas circula pelo local, mas mesmo todo o movimento n\u00e3o foi suficiente para impedir dois crimes no mesmo dia. Um imigrante, que n\u00e3o quis se identificar, contou que a sensa\u00e7\u00e3o \u00e9 <\/p>\n","protected":false},"author":1,"featured_media":0,"comment_status":"open","ping_status":"closed","sticky":false,"template":"","format":"standard","meta":{"footnotes":""},"categories":[6],"tags":[],"class_list":["post-1817","post","type-post","status-publish","format-standard","hentry","category-noticias-no-centro-sp"],"aioseo_notices":[],"aioseo_head":"\n\t\t<!-- All in One SEO 5.0.0.1 - aioseo.com -->\n\t<meta name=\"description\" content=\"Os bolivianos que vivem em S\u00e3o Paulo acusam paraguaios por dois ataques que aconteceram no \u00faltimo fim de semana. As desaven\u00e7as entre esses dois grupos de imigrantes no centro de S\u00e3o Paulo s\u00e3o antigas. Mas agora est\u00e1 em evid\u00eancia. Todos os fins de semana, os bolivianos se concentram na rua Coimbra, no Br\u00e1s, regi\u00e3o central\" \/>\n\t<meta name=\"robots\" content=\"max-image-preview:large\" \/>\n\t<meta name=\"author\" content=\"Encontra Centro SP\"\/>\n\t<link rel=\"canonical\" href=\"https:\/\/www.encontracentrosaopaulo.com.br\/sobre\/bolivianos-e-paraguaios-vivem-em-guerra-no-centro-de-sp\/\" \/>\n\t<meta name=\"generator\" content=\"All in One SEO (AIOSEO) 5.0.0.1\" \/>\n\t\t<meta property=\"og:locale\" content=\"pt_BR\" \/>\n\t\t<meta property=\"og:site_name\" content=\"Encontra Centro SP | Not\u00edcias, eventos, informa\u00e7\u00f5es e dicas na cidade de Centro SP e regi\u00e3o.\" \/>\n\t\t<meta property=\"og:type\" content=\"article\" \/>\n\t\t<meta property=\"og:title\" content=\"Bolivianos e paraguaios vivem em guerra no Centro de SP | Encontra Centro SP\" \/>\n\t\t<meta property=\"og:description\" content=\"Os bolivianos que vivem em S\u00e3o Paulo acusam paraguaios por dois ataques que aconteceram no \u00faltimo fim de semana. As desaven\u00e7as entre esses dois grupos de imigrantes no centro de S\u00e3o Paulo s\u00e3o antigas. Mas agora est\u00e1 em evid\u00eancia. Todos os fins de semana, os bolivianos se concentram na rua Coimbra, no Br\u00e1s, regi\u00e3o central\" \/>\n\t\t<meta property=\"og:url\" content=\"https:\/\/www.encontracentrosaopaulo.com.br\/sobre\/bolivianos-e-paraguaios-vivem-em-guerra-no-centro-de-sp\/\" \/>\n\t\t<meta property=\"article:published_time\" content=\"2013-08-06T12:07:56+00:00\" \/>\n\t\t<meta property=\"article:modified_time\" content=\"2019-04-29T19:20:03+00:00\" \/>\n\t\t<meta name=\"twitter:card\" content=\"summary\" \/>\n\t\t<meta name=\"twitter:title\" content=\"Bolivianos e paraguaios vivem em guerra no Centro de SP | Encontra Centro SP\" \/>\n\t\t<meta name=\"twitter:description\" content=\"Os bolivianos que vivem em S\u00e3o Paulo acusam paraguaios por dois ataques que aconteceram no \u00faltimo fim de semana. As desaven\u00e7as entre esses dois grupos de imigrantes no centro de S\u00e3o Paulo s\u00e3o antigas. Mas agora est\u00e1 em evid\u00eancia. Todos os fins de semana, os bolivianos se concentram na rua Coimbra, no Br\u00e1s, regi\u00e3o central\" \/>\n\t\t<script type=\"application\/ld+json\" class=\"aioseo-schema\">\n\t\t\t{\"@context\":\"https:\\\/\\\/schema.org\",\"@graph\":[{\"@type\":\"Article\",\"@id\":\"https:\\\/\\\/www.encontracentrosaopaulo.com.br\\\/sobre\\\/bolivianos-e-paraguaios-vivem-em-guerra-no-centro-de-sp\\\/#article\",\"name\":\"Bolivianos e paraguaios vivem em guerra no Centro de SP | Encontra Centro SP\",\"headline\":\"Bolivianos e paraguaios vivem em guerra no Centro de SP\",\"author\":{\"@id\":\"https:\\\/\\\/www.encontracentrosaopaulo.com.br\\\/sobre\\\/author\\\/ecentrosaopaulo\\\/#author\"},\"publisher\":{\"@id\":\"https:\\\/\\\/www.encontracentrosaopaulo.com.br\\\/sobre\\\/#organization\"},\"datePublished\":\"2013-08-06T10:07:56-03:00\",\"dateModified\":\"2019-04-29T16:20:03-03:00\",\"inLanguage\":\"pt-BR\",\"mainEntityOfPage\":{\"@id\":\"https:\\\/\\\/www.encontracentrosaopaulo.com.br\\\/sobre\\\/bolivianos-e-paraguaios-vivem-em-guerra-no-centro-de-sp\\\/#webpage\"},\"isPartOf\":{\"@id\":\"https:\\\/\\\/www.encontracentrosaopaulo.com.br\\\/sobre\\\/bolivianos-e-paraguaios-vivem-em-guerra-no-centro-de-sp\\\/#webpage\"},\"articleSection\":\"Not\\u00edcias Centro SP\"},{\"@type\":\"BreadcrumbList\",\"@id\":\"https:\\\/\\\/www.encontracentrosaopaulo.com.br\\\/sobre\\\/bolivianos-e-paraguaios-vivem-em-guerra-no-centro-de-sp\\\/#breadcrumblist\",\"itemListElement\":[{\"@type\":\"ListItem\",\"@id\":\"https:\\\/\\\/www.encontracentrosaopaulo.com.br\\\/sobre#listItem\",\"position\":1,\"name\":\"In\\u00edcio\",\"item\":\"https:\\\/\\\/www.encontracentrosaopaulo.com.br\\\/sobre\",\"nextItem\":{\"@type\":\"ListItem\",\"@id\":\"https:\\\/\\\/www.encontracentrosaopaulo.com.br\\\/sobre\\\/noticias-no-centro-sp\\\/#listItem\",\"name\":\"Not\\u00edcias Centro SP\"}},{\"@type\":\"ListItem\",\"@id\":\"https:\\\/\\\/www.encontracentrosaopaulo.com.br\\\/sobre\\\/noticias-no-centro-sp\\\/#listItem\",\"position\":2,\"name\":\"Not\\u00edcias Centro SP\",\"item\":\"https:\\\/\\\/www.encontracentrosaopaulo.com.br\\\/sobre\\\/noticias-no-centro-sp\\\/\",\"nextItem\":{\"@type\":\"ListItem\",\"@id\":\"https:\\\/\\\/www.encontracentrosaopaulo.com.br\\\/sobre\\\/bolivianos-e-paraguaios-vivem-em-guerra-no-centro-de-sp\\\/#listItem\",\"name\":\"Bolivianos e paraguaios vivem em guerra no Centro de SP\"},\"previousItem\":{\"@type\":\"ListItem\",\"@id\":\"https:\\\/\\\/www.encontracentrosaopaulo.com.br\\\/sobre#listItem\",\"name\":\"In\\u00edcio\"}},{\"@type\":\"ListItem\",\"@id\":\"https:\\\/\\\/www.encontracentrosaopaulo.com.br\\\/sobre\\\/bolivianos-e-paraguaios-vivem-em-guerra-no-centro-de-sp\\\/#listItem\",\"position\":3,\"name\":\"Bolivianos e paraguaios vivem em guerra no Centro de SP\",\"previousItem\":{\"@type\":\"ListItem\",\"@id\":\"https:\\\/\\\/www.encontracentrosaopaulo.com.br\\\/sobre\\\/noticias-no-centro-sp\\\/#listItem\",\"name\":\"Not\\u00edcias Centro SP\"}}]},{\"@type\":\"Organization\",\"@id\":\"https:\\\/\\\/www.encontracentrosaopaulo.com.br\\\/sobre\\\/#organization\",\"name\":\"Encontra Centro SP\",\"description\":\"Not\\u00edcias, eventos, informa\\u00e7\\u00f5es e dicas na cidade de Centro SP e regi\\u00e3o.\",\"url\":\"https:\\\/\\\/www.encontracentrosaopaulo.com.br\\\/sobre\\\/\"},{\"@type\":\"Person\",\"@id\":\"https:\\\/\\\/www.encontracentrosaopaulo.com.br\\\/sobre\\\/author\\\/ecentrosaopaulo\\\/#author\",\"url\":\"https:\\\/\\\/www.encontracentrosaopaulo.com.br\\\/sobre\\\/author\\\/ecentrosaopaulo\\\/\",\"name\":\"Encontra Centro SP\",\"image\":{\"@type\":\"ImageObject\",\"@id\":\"https:\\\/\\\/www.encontracentrosaopaulo.com.br\\\/sobre\\\/bolivianos-e-paraguaios-vivem-em-guerra-no-centro-de-sp\\\/#authorImage\",\"url\":\"https:\\\/\\\/secure.gravatar.com\\\/avatar\\\/507340682b8270222e1f208e23198b6ae7e2c6a1033ae84e99bc6bce4f82a387?s=96&d=mm&r=g\",\"width\":96,\"height\":96,\"caption\":\"Encontra Centro SP\"}},{\"@type\":\"WebPage\",\"@id\":\"https:\\\/\\\/www.encontracentrosaopaulo.com.br\\\/sobre\\\/bolivianos-e-paraguaios-vivem-em-guerra-no-centro-de-sp\\\/#webpage\",\"url\":\"https:\\\/\\\/www.encontracentrosaopaulo.com.br\\\/sobre\\\/bolivianos-e-paraguaios-vivem-em-guerra-no-centro-de-sp\\\/\",\"name\":\"Bolivianos e paraguaios vivem em guerra no Centro de SP | Encontra Centro SP\",\"description\":\"Os bolivianos que vivem em S\\u00e3o Paulo acusam paraguaios por dois ataques que aconteceram no \\u00faltimo fim de semana. As desaven\\u00e7as entre esses dois grupos de imigrantes no centro de S\\u00e3o Paulo s\\u00e3o antigas. Mas agora est\\u00e1 em evid\\u00eancia. Todos os fins de semana, os bolivianos se concentram na rua Coimbra, no Br\\u00e1s, regi\\u00e3o central\",\"inLanguage\":\"pt-BR\",\"isPartOf\":{\"@id\":\"https:\\\/\\\/www.encontracentrosaopaulo.com.br\\\/sobre\\\/#website\"},\"breadcrumb\":{\"@id\":\"https:\\\/\\\/www.encontracentrosaopaulo.com.br\\\/sobre\\\/bolivianos-e-paraguaios-vivem-em-guerra-no-centro-de-sp\\\/#breadcrumblist\"},\"author\":{\"@id\":\"https:\\\/\\\/www.encontracentrosaopaulo.com.br\\\/sobre\\\/author\\\/ecentrosaopaulo\\\/#author\"},\"creator\":{\"@id\":\"https:\\\/\\\/www.encontracentrosaopaulo.com.br\\\/sobre\\\/author\\\/ecentrosaopaulo\\\/#author\"},\"datePublished\":\"2013-08-06T10:07:56-03:00\",\"dateModified\":\"2019-04-29T16:20:03-03:00\"},{\"@type\":\"WebSite\",\"@id\":\"https:\\\/\\\/www.encontracentrosaopaulo.com.br\\\/sobre\\\/#website\",\"url\":\"https:\\\/\\\/www.encontracentrosaopaulo.com.br\\\/sobre\\\/\",\"name\":\"Encontra Centro SP\",\"description\":\"Not\\u00edcias, eventos, informa\\u00e7\\u00f5es e dicas na cidade de Centro SP e regi\\u00e3o.\",\"inLanguage\":\"pt-BR\",\"publisher\":{\"@id\":\"https:\\\/\\\/www.encontracentrosaopaulo.com.br\\\/sobre\\\/#organization\"}}]}\n\t\t<\/script>\n\t\t<!-- All in One SEO -->\n\n","aioseo_head_json":{"title":"Bolivianos e paraguaios vivem em guerra no Centro de SP | Encontra Centro SP","description":"Os bolivianos que vivem em S\u00e3o Paulo acusam paraguaios por dois ataques que aconteceram no \u00faltimo fim de semana. As desaven\u00e7as entre esses dois grupos de imigrantes no centro de S\u00e3o Paulo s\u00e3o antigas. Mas agora est\u00e1 em evid\u00eancia. Todos os fins de semana, os bolivianos se concentram na rua Coimbra, no Br\u00e1s, regi\u00e3o central","canonical_url":"https:\/\/www.encontracentrosaopaulo.com.br\/sobre\/bolivianos-e-paraguaios-vivem-em-guerra-no-centro-de-sp\/","robots":"max-image-preview:large","keywords":"","webmasterTools":{"miscellaneous":""},"schema":{"@context":"https:\/\/schema.org","@graph":[{"@type":"Article","@id":"https:\/\/www.encontracentrosaopaulo.com.br\/sobre\/bolivianos-e-paraguaios-vivem-em-guerra-no-centro-de-sp\/#article","name":"Bolivianos e paraguaios vivem em guerra no Centro de SP | Encontra Centro SP","headline":"Bolivianos e paraguaios vivem em guerra no Centro de SP","author":{"@id":"https:\/\/www.encontracentrosaopaulo.com.br\/sobre\/author\/ecentrosaopaulo\/#author"},"publisher":{"@id":"https:\/\/www.encontracentrosaopaulo.com.br\/sobre\/#organization"},"datePublished":"2013-08-06T10:07:56-03:00","dateModified":"2019-04-29T16:20:03-03:00","inLanguage":"pt-BR","mainEntityOfPage":{"@id":"https:\/\/www.encontracentrosaopaulo.com.br\/sobre\/bolivianos-e-paraguaios-vivem-em-guerra-no-centro-de-sp\/#webpage"},"isPartOf":{"@id":"https:\/\/www.encontracentrosaopaulo.com.br\/sobre\/bolivianos-e-paraguaios-vivem-em-guerra-no-centro-de-sp\/#webpage"},"articleSection":"Not\u00edcias Centro SP"},{"@type":"BreadcrumbList","@id":"https:\/\/www.encontracentrosaopaulo.com.br\/sobre\/bolivianos-e-paraguaios-vivem-em-guerra-no-centro-de-sp\/#breadcrumblist","itemListElement":[{"@type":"ListItem","@id":"https:\/\/www.encontracentrosaopaulo.com.br\/sobre#listItem","position":1,"name":"In\u00edcio","item":"https:\/\/www.encontracentrosaopaulo.com.br\/sobre","nextItem":{"@type":"ListItem","@id":"https:\/\/www.encontracentrosaopaulo.com.br\/sobre\/noticias-no-centro-sp\/#listItem","name":"Not\u00edcias Centro SP"}},{"@type":"ListItem","@id":"https:\/\/www.encontracentrosaopaulo.com.br\/sobre\/noticias-no-centro-sp\/#listItem","position":2,"name":"Not\u00edcias Centro SP","item":"https:\/\/www.encontracentrosaopaulo.com.br\/sobre\/noticias-no-centro-sp\/","nextItem":{"@type":"ListItem","@id":"https:\/\/www.encontracentrosaopaulo.com.br\/sobre\/bolivianos-e-paraguaios-vivem-em-guerra-no-centro-de-sp\/#listItem","name":"Bolivianos e paraguaios vivem em guerra no Centro de SP"},"previousItem":{"@type":"ListItem","@id":"https:\/\/www.encontracentrosaopaulo.com.br\/sobre#listItem","name":"In\u00edcio"}},{"@type":"ListItem","@id":"https:\/\/www.encontracentrosaopaulo.com.br\/sobre\/bolivianos-e-paraguaios-vivem-em-guerra-no-centro-de-sp\/#listItem","position":3,"name":"Bolivianos e paraguaios vivem em guerra no Centro de SP","previousItem":{"@type":"ListItem","@id":"https:\/\/www.encontracentrosaopaulo.com.br\/sobre\/noticias-no-centro-sp\/#listItem","name":"Not\u00edcias Centro SP"}}]},{"@type":"Organization","@id":"https:\/\/www.encontracentrosaopaulo.com.br\/sobre\/#organization","name":"Encontra Centro SP","description":"Not\u00edcias, eventos, informa\u00e7\u00f5es e dicas na cidade de Centro SP e regi\u00e3o.","url":"https:\/\/www.encontracentrosaopaulo.com.br\/sobre\/"},{"@type":"Person","@id":"https:\/\/www.encontracentrosaopaulo.com.br\/sobre\/author\/ecentrosaopaulo\/#author","url":"https:\/\/www.encontracentrosaopaulo.com.br\/sobre\/author\/ecentrosaopaulo\/","name":"Encontra Centro SP","image":{"@type":"ImageObject","@id":"https:\/\/www.encontracentrosaopaulo.com.br\/sobre\/bolivianos-e-paraguaios-vivem-em-guerra-no-centro-de-sp\/#authorImage","url":"https:\/\/secure.gravatar.com\/avatar\/507340682b8270222e1f208e23198b6ae7e2c6a1033ae84e99bc6bce4f82a387?s=96&d=mm&r=g","width":96,"height":96,"caption":"Encontra Centro SP"}},{"@type":"WebPage","@id":"https:\/\/www.encontracentrosaopaulo.com.br\/sobre\/bolivianos-e-paraguaios-vivem-em-guerra-no-centro-de-sp\/#webpage","url":"https:\/\/www.encontracentrosaopaulo.com.br\/sobre\/bolivianos-e-paraguaios-vivem-em-guerra-no-centro-de-sp\/","name":"Bolivianos e paraguaios vivem em guerra no Centro de SP | Encontra Centro SP","description":"Os bolivianos que vivem em S\u00e3o Paulo acusam paraguaios por dois ataques que aconteceram no \u00faltimo fim de semana. As desaven\u00e7as entre esses dois grupos de imigrantes no centro de S\u00e3o Paulo s\u00e3o antigas. Mas agora est\u00e1 em evid\u00eancia. Todos os fins de semana, os bolivianos se concentram na rua Coimbra, no Br\u00e1s, regi\u00e3o central","inLanguage":"pt-BR","isPartOf":{"@id":"https:\/\/www.encontracentrosaopaulo.com.br\/sobre\/#website"},"breadcrumb":{"@id":"https:\/\/www.encontracentrosaopaulo.com.br\/sobre\/bolivianos-e-paraguaios-vivem-em-guerra-no-centro-de-sp\/#breadcrumblist"},"author":{"@id":"https:\/\/www.encontracentrosaopaulo.com.br\/sobre\/author\/ecentrosaopaulo\/#author"},"creator":{"@id":"https:\/\/www.encontracentrosaopaulo.com.br\/sobre\/author\/ecentrosaopaulo\/#author"},"datePublished":"2013-08-06T10:07:56-03:00","dateModified":"2019-04-29T16:20:03-03:00"},{"@type":"WebSite","@id":"https:\/\/www.encontracentrosaopaulo.com.br\/sobre\/#website","url":"https:\/\/www.encontracentrosaopaulo.com.br\/sobre\/","name":"Encontra Centro SP","description":"Not\u00edcias, eventos, informa\u00e7\u00f5es e dicas na cidade de Centro SP e regi\u00e3o.","inLanguage":"pt-BR","publisher":{"@id":"https:\/\/www.encontracentrosaopaulo.com.br\/sobre\/#organization"}}]},"og:locale":"pt_BR","og:site_name":"Encontra Centro SP | Not\u00edcias, eventos, informa\u00e7\u00f5es e dicas na cidade de Centro SP e regi\u00e3o.","og:type":"article","og:title":"Bolivianos e paraguaios vivem em guerra no Centro de SP | Encontra Centro SP","og:description":"Os bolivianos que vivem em S\u00e3o Paulo acusam paraguaios por dois ataques que aconteceram no \u00faltimo fim de semana. As desaven\u00e7as entre esses dois grupos de imigrantes no centro de S\u00e3o Paulo s\u00e3o antigas. Mas agora est\u00e1 em evid\u00eancia. Todos os fins de semana, os bolivianos se concentram na rua Coimbra, no Br\u00e1s, regi\u00e3o central","og:url":"https:\/\/www.encontracentrosaopaulo.com.br\/sobre\/bolivianos-e-paraguaios-vivem-em-guerra-no-centro-de-sp\/","article:published_time":"2013-08-06T12:07:56+00:00","article:modified_time":"2019-04-29T19:20:03+00:00","twitter:card":"summary","twitter:title":"Bolivianos e paraguaios vivem em guerra no Centro de SP | Encontra Centro SP","twitter:description":"Os bolivianos que vivem em S\u00e3o Paulo acusam paraguaios por dois ataques que aconteceram no \u00faltimo fim de semana. As desaven\u00e7as entre esses dois grupos de imigrantes no centro de S\u00e3o Paulo s\u00e3o antigas. Mas agora est\u00e1 em evid\u00eancia. Todos os fins de semana, os bolivianos se concentram na rua Coimbra, no Br\u00e1s, regi\u00e3o central"},"aioseo_meta_data":{"post_id":"1817","title":null,"description":null,"keywords":null,"keyphrases":null,"primary_term":null,"canonical_url":null,"og_title":null,"og_description":null,"og_object_type":"default","og_image_type":"default","og_image_url":null,"og_image_width":null,"og_image_height":null,"og_image_custom_url":null,"og_image_custom_fields":null,"og_video":null,"og_custom_url":null,"og_article_section":null,"og_article_tags":null,"twitter_use_og":false,"twitter_card":"default","twitter_image_type":"default","twitter_image_url":null,"twitter_image_custom_url":null,"twitter_image_custom_fields":null,"twitter_title":null,"twitter_description":null,"schema":{"blockGraphs":[],"customGraphs":[],"default":{"data":{"Article":[],"Course":[],"Dataset":[],"FAQPage":[],"Movie":[],"Person":[],"Product":[],"ProductReview":[],"Car":[],"Recipe":[],"Service":[],"SoftwareApplication":[],"WebPage":[]},"graphName":"Article","isEnabled":true},"graphs":[]},"schema_type":null,"schema_type_options":null,"pillar_content":false,"robots_default":true,"robots_noindex":false,"robots_noarchive":false,"robots_nosnippet":false,"robots_nofollow":false,"robots_noimageindex":false,"robots_noodp":false,"robots_notranslate":false,"robots_max_snippet":null,"robots_max_videopreview":null,"robots_max_imagepreview":"large","priority":null,"frequency":null,"local_seo":null,"breadcrumb_settings":null,"limit_modified_date":false,"ai":null,"created":"2021-01-18 18:52:10","updated":"2025-11-18 00:20:28","seo_analyzer_scan_date":null,"focus_keyword":null,"additional_keywords":null,"truseo_locale":null},"aioseo_breadcrumb":"<div class=\"aioseo-breadcrumbs\"><span class=\"aioseo-breadcrumb\">\n\t\t\t<a href=\"https:\/\/www.encontracentrosaopaulo.com.br\/sobre\" title=\"In\u00edcio\">In\u00edcio<\/a>\n\t\t<\/span><span class=\"aioseo-breadcrumb-separator\">&raquo;<\/span><span class=\"aioseo-breadcrumb\">\n\t\t\t<a href=\"https:\/\/www.encontracentrosaopaulo.com.br\/sobre\/noticias-no-centro-sp\/\" title=\"Not\u00edcias Centro SP\">Not\u00edcias Centro SP<\/a>\n\t\t<\/span><span class=\"aioseo-breadcrumb-separator\">&raquo;<\/span><span class=\"aioseo-breadcrumb\">\n\t\t\tBolivianos e paraguaios vivem em guerra no Centro de SP\n\t\t<\/span><\/div>","aioseo_breadcrumb_json":[{"label":"In\u00edcio","link":"https:\/\/www.encontracentrosaopaulo.com.br\/sobre"},{"label":"Not\u00edcias Centro SP","link":"https:\/\/www.encontracentrosaopaulo.com.br\/sobre\/noticias-no-centro-sp\/"},{"label":"Bolivianos e paraguaios vivem em guerra no Centro de SP","link":"https:\/\/www.encontracentrosaopaulo.com.br\/sobre\/bolivianos-e-paraguaios-vivem-em-guerra-no-centro-de-sp\/"}],"_links":{"self":[{"href":"https:\/\/www.encontracentrosaopaulo.com.br\/sobre\/wp-json\/wp\/v2\/posts\/1817","targetHints":{"allow":["GET"]}}],"collection":[{"href":"https:\/\/www.encontracentrosaopaulo.com.br\/sobre\/wp-json\/wp\/v2\/posts"}],"about":[{"href":"https:\/\/www.encontracentrosaopaulo.com.br\/sobre\/wp-json\/wp\/v2\/types\/post"}],"author":[{"embeddable":true,"href":"https:\/\/www.encontracentrosaopaulo.com.br\/sobre\/wp-json\/wp\/v2\/users\/1"}],"replies":[{"embeddable":true,"href":"https:\/\/www.encontracentrosaopaulo.com.br\/sobre\/wp-json\/wp\/v2\/comments?post=1817"}],"version-history":[{"count":0,"href":"https:\/\/www.encontracentrosaopaulo.com.br\/sobre\/wp-json\/wp\/v2\/posts\/1817\/revisions"}],"wp:attachment":[{"href":"https:\/\/www.encontracentrosaopaulo.com.br\/sobre\/wp-json\/wp\/v2\/media?parent=1817"}],"wp:term":[{"taxonomy":"category","embeddable":true,"href":"https:\/\/www.encontracentrosaopaulo.com.br\/sobre\/wp-json\/wp\/v2\/categories?post=1817"},{"taxonomy":"post_tag","embeddable":true,"href":"https:\/\/www.encontracentrosaopaulo.com.br\/sobre\/wp-json\/wp\/v2\/tags?post=1817"}],"curies":[{"name":"wp","href":"https:\/\/api.w.org\/{rel}","templated":true}]}}