{"id":192,"date":"2012-01-18T16:46:34","date_gmt":"2012-01-18T18:46:34","guid":{"rendered":"http:\/\/www.encontracentrosaopaulo.com.br\/noticias\/?p=192"},"modified":"2019-04-29T16:23:48","modified_gmt":"2019-04-29T19:23:48","slug":"museu-da-cidade-realiza-jornada-fotografica-no-aniversario-de-sao-paulo","status":"publish","type":"post","link":"https:\/\/www.encontracentrosaopaulo.com.br\/sobre\/museu-da-cidade-realiza-jornada-fotografica-no-aniversario-de-sao-paulo\/","title":{"rendered":"Museu da Cidade realiza jornada fotogr\u00e1fica no anivers\u00e1rio de S\u00e3o Paulo"},"content":{"rendered":"<div class=\"d6585b5127f45a35450431d0abc3f90c\" data-index=\"1\" style=\"float: none; margin:0px;\">\n<!-- Anuncio display - global -->\r\n<ins class=\"adsbygoogle\"\r\n     style=\"display:block\"\r\n     data-ad-client=\"ca-pub-8585364105181520\"\r\n     data-ad-slot=\"8789329856\"\r\n     data-ad-format=\"auto\"\r\n     data-full-width-responsive=\"true\"><\/ins>\r\n<script>\r\n     (adsbygoogle = window.adsbygoogle || []).push({});\r\n<\/script>\n<\/div>\n<p>O Museu da Cidade de S\u00e3o Paulo vai comemorar o anivers\u00e1rio da cidade de S\u00e3o Paulo que, no dia 25 de janeiro, completa 458 anos de sua funda\u00e7\u00e3o com uma edi\u00e7\u00e3o especial da Jornada Fotogr\u00e1fica que durar\u00e1 24 horas (das 18h do dia 24 at\u00e9 \u00e0s 18h do dia 25). O ponto de encontro ser\u00e1 no Telecentro Olido &#8211; Cibernarium que fica na Avenida S\u00e3o Jo\u00e3o, 473, Centro \u2013 Pr\u00f3ximo das esta\u00e7\u00f5es Rep\u00fablica, Anhangaba\u00fa e S\u00e3o Bento do metr\u00f4.<\/p>\n<p>A proposta \u00e9 que durante as 24 horas tenhamos grupos saindo de hora em hora e que cada grupo volte depois de tr\u00eas horas para descarregar as fotos. \u00c9 poss\u00edvel participar de v\u00e1rios grupos. O participante deve trazer a carteira de identidade (RG) para ter acesso ao Telecentro e se poss\u00edvel, o leitor de cart\u00e3o para poder descarregar as fotos.<\/p>\n<p><strong>Servi\u00e7o<\/strong><\/p>\n<p><strong>Jornada Fotogr\u00e1fica<\/strong><\/p>\n<p><strong>Data:<\/strong> 24 de janeiro, a partir das 18h, at\u00e9 o dia 25, \u00e0s 18h.<\/p>\n<p><strong>Ponto de encontro:<\/strong> Telecentro Olido &#8211; Cibernarium. Avenida S\u00e3o Jo\u00e3o, 473, Centro de S\u00e3o Paulo<\/p>\n<p><strong>Incri\u00e7\u00f5es:<\/strong> Enviar e-mail com telefone de contato para adouek@prefeitura.sp.gov.br, at\u00e9 dia 19 de janeiro<\/p>\n<p><em>Fonte: Prefeitura de S\u00e3o Paulo<\/em><\/p>\n\n<div style=\"font-size: 0px; height: 0px; line-height: 0px; margin: 0; padding: 0; clear: both;\"><\/div>","protected":false},"excerpt":{"rendered":"<p>O Museu da Cidade de S\u00e3o Paulo vai comemorar o anivers\u00e1rio da cidade de S\u00e3o Paulo que, no dia 25 de janeiro, completa 458 anos de sua funda\u00e7\u00e3o com uma edi\u00e7\u00e3o especial da Jornada Fotogr\u00e1fica que durar\u00e1 24 horas (das 18h do dia 24 at\u00e9 \u00e0s 18h do dia 25). O ponto de encontro ser\u00e1 no Telecentro Olido &#8211; Cibernarium que fica na Avenida S\u00e3o Jo\u00e3o, 473, Centro \u2013 Pr\u00f3ximo das esta\u00e7\u00f5es Rep\u00fablica, Anhangaba\u00fa e S\u00e3o Bento do metr\u00f4. A proposta \u00e9 que durante as 24 horas tenhamos grupos saindo de hora em hora e que cada grupo volte depois <\/p>\n","protected":false},"author":1,"featured_media":0,"comment_status":"open","ping_status":"closed","sticky":false,"template":"","format":"standard","meta":{"footnotes":""},"categories":[6],"tags":[15],"class_list":["post-192","post","type-post","status-publish","format-standard","hentry","category-noticias-no-centro-sp","tag-centro-de-sao-paulo"],"aioseo_notices":[],"_links":{"self":[{"href":"https:\/\/www.encontracentrosaopaulo.com.br\/sobre\/wp-json\/wp\/v2\/posts\/192","targetHints":{"allow":["GET"]}}],"collection":[{"href":"https:\/\/www.encontracentrosaopaulo.com.br\/sobre\/wp-json\/wp\/v2\/posts"}],"about":[{"href":"https:\/\/www.encontracentrosaopaulo.com.br\/sobre\/wp-json\/wp\/v2\/types\/post"}],"author":[{"embeddable":true,"href":"https:\/\/www.encontracentrosaopaulo.com.br\/sobre\/wp-json\/wp\/v2\/users\/1"}],"replies":[{"embeddable":true,"href":"https:\/\/www.encontracentrosaopaulo.com.br\/sobre\/wp-json\/wp\/v2\/comments?post=192"}],"version-history":[{"count":0,"href":"https:\/\/www.encontracentrosaopaulo.com.br\/sobre\/wp-json\/wp\/v2\/posts\/192\/revisions"}],"wp:attachment":[{"href":"https:\/\/www.encontracentrosaopaulo.com.br\/sobre\/wp-json\/wp\/v2\/media?parent=192"}],"wp:term":[{"taxonomy":"category","embeddable":true,"href":"https:\/\/www.encontracentrosaopaulo.com.br\/sobre\/wp-json\/wp\/v2\/categories?post=192"},{"taxonomy":"post_tag","embeddable":true,"href":"https:\/\/www.encontracentrosaopaulo.com.br\/sobre\/wp-json\/wp\/v2\/tags?post=192"}],"curies":[{"name":"wp","href":"https:\/\/api.w.org\/{rel}","templated":true}]}}