{"id":202,"date":"2012-01-27T15:52:59","date_gmt":"2012-01-27T17:52:59","guid":{"rendered":"http:\/\/www.encontracentrosaopaulo.com.br\/noticias\/?p=202"},"modified":"2019-04-29T16:23:48","modified_gmt":"2019-04-29T19:23:48","slug":"programacao-no-theatro-municipal-comemora-os-90-anos-da-semana-de-arte-moderna-de-1922","status":"publish","type":"post","link":"https:\/\/www.encontracentrosaopaulo.com.br\/sobre\/programacao-no-theatro-municipal-comemora-os-90-anos-da-semana-de-arte-moderna-de-1922\/","title":{"rendered":"Programa\u00e7\u00e3o no Theatro Municipal comemora os 90 anos da Semana de Arte Moderna de 1922"},"content":{"rendered":"<div class=\"d6585b5127f45a35450431d0abc3f90c\" data-index=\"1\" style=\"float: none; margin:0px;\">\n<!-- Anuncio display - global -->\r\n<ins class=\"adsbygoogle\"\r\n     style=\"display:block\"\r\n     data-ad-client=\"ca-pub-8585364105181520\"\r\n     data-ad-slot=\"8789329856\"\r\n     data-ad-format=\"auto\"\r\n     data-full-width-responsive=\"true\"><\/ins>\r\n<script>\r\n     (adsbygoogle = window.adsbygoogle || []).push({});\r\n<\/script>\n<\/div>\n<p>Entre os dias 15 e 26 de fevereiro, o Theatro Municipal de S\u00e3o Paulo apresentar\u00e1 uma programa\u00e7\u00e3o especial em comemora\u00e7\u00e3o aos 90 Anos da Semana de Arte Moderna de 1922, que ocorreu entre 13 e 17 de fevereiro daquele ano no pr\u00f3prio Theatro Municipal.<\/p>\n<p>S\u00e3o duas \u00f3peras \u2013 uma delas,\u00a0<em>Magdalena<\/em>, de Villa-Lobos, nunca montada em S\u00e3o Paulo -, um espet\u00e1culo de dan\u00e7a in\u00e9dito e dois concertos. Compositores e autores dessas obras participaram da Semana de Arte Moderna de 1922 (Villa-Lobos e Mario de Andrade) ou foram influenciados por ela (Camargo Guarnieri, Radam\u00e9s Gnatalli, Lorenzo Fernandez).<\/p>\n<p>A \u00f3pera\u00a0<em>Magdalena<\/em>, de Heitor Villa-Lobos, com libreto dos americanos Robert Wright e George Forrest, fez sua estreia na Broadway em 1948 e teve sua premi\u00e8re brasileira apenas em 2002, no Festival Amazonas de \u00d3pera, em Manaus, com vers\u00e3o em portugu\u00eas de Cl\u00e1udio Botelho. Em agosto de 2010, foi apresentada em forma de concerto no Teatro Municipal do Rio de Janeiro.<\/p>\n<p>Essa produ\u00e7\u00e3o foi realizada em 2010 pelo Theatre du Chatelet, de Paris. Magdalena nunca foi encenada em S\u00e3o Paulo.<\/p>\n<p>A partitura foi encomendada a Heitor Villa-Lobos pelos letristas norteamericanos Robert Wright e George Forrest \u2013 dupla posteriormente respons\u00e1vel pela bem sucedida montagem de \u2018Kismet\u2019, musical adaptado sobre a obra de Borodin \u2013 que queriam um espet\u00e1culo que tivesse como cen\u00e1rio a Am\u00e9rica do Sul. Misto de musical e opereta c\u00f4mica, a pe\u00e7a estreou em 1948 e passou, ao longo de tr\u00eas meses, por Los Angeles, S\u00e3o Francisco e Nova Iorque. Com toques tragic\u00f4micos, o musical fala de conflitos religiosos, da luta dos povos amer\u00edndios contra a opress\u00e3o, da exuber\u00e2ncia dos tr\u00f3picos e suas riquezas naturais.<\/p>\n<p>O maestro Luis Gustavo Petri exalta a import\u00e2ncia da obra: \u201cVilla-Lobos rotulava \u2018Magdalena\u2019 de uma \u2018aventura musical\u00b4. Sua estr\u00e9ia tardia no Brasil talvez se deva a um certo preconceito por ter sido pensada para o Teatro Musical Americano da Broadway e pelo fato de que alguns temas utilizados por Villa terem sido retirados de outras obras anteriores que comp\u00f4s. Villa captou muito bem a atmosfera do musical americano que ficou enormemente enriquecida com a brasilidade dos temas utilizados\u201d.<\/p>\n<p><strong>Servi\u00e7o<\/strong><\/p>\n<p><strong>Comemora\u00e7\u00e3o aos 90 Anos da Semana de Arte Moderna de 1922<\/strong><\/p>\n<p><strong>Data:<\/strong> 15 a 26 de fevereiro<\/p>\n<p><strong>Local:<\/strong> Theatro Municipal<\/p>\n<p><strong>Endere\u00e7o:<\/strong> Pra\u00e7a Ramos de Azevedo, s\/n\u00b0, Centro de S\u00e3o Paulo<\/p>\n<p><strong>Bilheteria:<\/strong> segunda a sexta-feira, das 10h \u00e0s 19h, ou at\u00e9 o in\u00edcio do espet\u00e1culo. S\u00e1bados, domingos e feriados, das 10h \u00e0s 17h, ou at\u00e9 o in\u00edcio do espet\u00e1culo.<\/p>\n<p><strong>Telefone:<\/strong> 3397-0327<\/p>\n<p><em>Fonte: Prefeitura de S\u00e3o Paulo<\/em><\/p>\n\n<div style=\"font-size: 0px; height: 0px; line-height: 0px; margin: 0; padding: 0; clear: both;\"><\/div>","protected":false},"excerpt":{"rendered":"<p>Entre os dias 15 e 26 de fevereiro, o Theatro Municipal de S\u00e3o Paulo apresentar\u00e1 uma programa\u00e7\u00e3o especial em comemora\u00e7\u00e3o aos 90 Anos da Semana de Arte Moderna de 1922, que ocorreu entre 13 e 17 de fevereiro daquele ano no pr\u00f3prio Theatro Municipal. S\u00e3o duas \u00f3peras \u2013 uma delas,\u00a0Magdalena, de Villa-Lobos, nunca montada em S\u00e3o Paulo -, um espet\u00e1culo de dan\u00e7a in\u00e9dito e dois concertos. Compositores e autores dessas obras participaram da Semana de Arte Moderna de 1922 (Villa-Lobos e Mario de Andrade) ou foram influenciados por ela (Camargo Guarnieri, Radam\u00e9s Gnatalli, Lorenzo Fernandez). A \u00f3pera\u00a0Magdalena, de Heitor Villa-Lobos, <\/p>\n","protected":false},"author":1,"featured_media":0,"comment_status":"open","ping_status":"closed","sticky":false,"template":"","format":"standard","meta":{"footnotes":""},"categories":[6],"tags":[16],"class_list":["post-202","post","type-post","status-publish","format-standard","hentry","category-noticias-no-centro-sp","tag-centro-sao-paulo"],"aioseo_notices":[],"_links":{"self":[{"href":"https:\/\/www.encontracentrosaopaulo.com.br\/sobre\/wp-json\/wp\/v2\/posts\/202","targetHints":{"allow":["GET"]}}],"collection":[{"href":"https:\/\/www.encontracentrosaopaulo.com.br\/sobre\/wp-json\/wp\/v2\/posts"}],"about":[{"href":"https:\/\/www.encontracentrosaopaulo.com.br\/sobre\/wp-json\/wp\/v2\/types\/post"}],"author":[{"embeddable":true,"href":"https:\/\/www.encontracentrosaopaulo.com.br\/sobre\/wp-json\/wp\/v2\/users\/1"}],"replies":[{"embeddable":true,"href":"https:\/\/www.encontracentrosaopaulo.com.br\/sobre\/wp-json\/wp\/v2\/comments?post=202"}],"version-history":[{"count":0,"href":"https:\/\/www.encontracentrosaopaulo.com.br\/sobre\/wp-json\/wp\/v2\/posts\/202\/revisions"}],"wp:attachment":[{"href":"https:\/\/www.encontracentrosaopaulo.com.br\/sobre\/wp-json\/wp\/v2\/media?parent=202"}],"wp:term":[{"taxonomy":"category","embeddable":true,"href":"https:\/\/www.encontracentrosaopaulo.com.br\/sobre\/wp-json\/wp\/v2\/categories?post=202"},{"taxonomy":"post_tag","embeddable":true,"href":"https:\/\/www.encontracentrosaopaulo.com.br\/sobre\/wp-json\/wp\/v2\/tags?post=202"}],"curies":[{"name":"wp","href":"https:\/\/api.w.org\/{rel}","templated":true}]}}