{"id":262,"date":"2012-02-08T12:55:52","date_gmt":"2012-02-08T14:55:52","guid":{"rendered":"http:\/\/www.encontracentrosaopaulo.com.br\/noticias\/?p=262"},"modified":"2019-04-29T16:23:46","modified_gmt":"2019-04-29T19:23:46","slug":"sem-teto-estao-ha-sete-dias-no-centro-de-sp%e2%80%8e","status":"publish","type":"post","link":"https:\/\/www.encontracentrosaopaulo.com.br\/sobre\/sem-teto-estao-ha-sete-dias-no-centro-de-sp%e2%80%8e\/","title":{"rendered":"Sem-teto est\u00e3o h\u00e1 sete dias no Centro de SP\u200e"},"content":{"rendered":"<div class=\"d6585b5127f45a35450431d0abc3f90c\" data-index=\"1\" style=\"float: none; margin:0px;\">\n<!-- Anuncio display - global -->\r\n<ins class=\"adsbygoogle\"\r\n     style=\"display:block\"\r\n     data-ad-client=\"ca-pub-8585364105181520\"\r\n     data-ad-slot=\"8789329856\"\r\n     data-ad-format=\"auto\"\r\n     data-full-width-responsive=\"true\"><\/ins>\r\n<script>\r\n     (adsbygoogle = window.adsbygoogle || []).push({});\r\n<\/script>\n<\/div>\n<p>As fam\u00edlias de sem-teto, ligadas \u00e0 FLM  (Frente de Luta por Moradia), completam sete dias acampados em cal\u00e7adas  da avenida S\u00e3o Jo\u00e3o, no bairro do centro de S\u00e3o Paulo. Elas est\u00e3o no local desde  que foram retiradas de um edif\u00edcio, na mesma via.<\/p>\n<p>Na  quinta-feira passada, as fam\u00edlias foram retiradas do pr\u00e9dio pela Pol\u00edcia  Militar, que atendia a uma ordem de reintegra\u00e7\u00e3o de posse. N\u00e3o houve  conflitos, mas os sem-teto passaram a ocupar as vias, iniciando a  constru\u00e7\u00e3o de barracos com peda\u00e7os de madeira nas cal\u00e7adas do centro da  cidade.<\/p>\n<p>Embora o Minist\u00e9rio P\u00fablico tenha determinado que a  prefeitura providencie abrigo para as fam\u00edlias, nenhuma provid\u00eancia foi  tomada.<\/p>\n<p><em>Fonte: Portal BandNews<\/em><\/p>\n\n<div style=\"font-size: 0px; height: 0px; line-height: 0px; margin: 0; padding: 0; clear: both;\"><\/div>","protected":false},"excerpt":{"rendered":"<p>As fam\u00edlias de sem-teto, ligadas \u00e0 FLM (Frente de Luta por Moradia), completam sete dias acampados em cal\u00e7adas da avenida S\u00e3o Jo\u00e3o, no bairro do centro de S\u00e3o Paulo. Elas est\u00e3o no local desde que foram retiradas de um edif\u00edcio, na mesma via. Na quinta-feira passada, as fam\u00edlias foram retiradas do pr\u00e9dio pela Pol\u00edcia Militar, que atendia a uma ordem de reintegra\u00e7\u00e3o de posse. N\u00e3o houve conflitos, mas os sem-teto passaram a ocupar as vias, iniciando a constru\u00e7\u00e3o de barracos com peda\u00e7os de madeira nas cal\u00e7adas do centro da cidade. Embora o Minist\u00e9rio P\u00fablico tenha determinado que a prefeitura providencie <\/p>\n","protected":false},"author":1,"featured_media":0,"comment_status":"open","ping_status":"closed","sticky":false,"template":"","format":"standard","meta":{"footnotes":""},"categories":[6],"tags":[],"class_list":["post-262","post","type-post","status-publish","format-standard","hentry","category-noticias-no-centro-sp"],"aioseo_notices":[],"_links":{"self":[{"href":"https:\/\/www.encontracentrosaopaulo.com.br\/sobre\/wp-json\/wp\/v2\/posts\/262","targetHints":{"allow":["GET"]}}],"collection":[{"href":"https:\/\/www.encontracentrosaopaulo.com.br\/sobre\/wp-json\/wp\/v2\/posts"}],"about":[{"href":"https:\/\/www.encontracentrosaopaulo.com.br\/sobre\/wp-json\/wp\/v2\/types\/post"}],"author":[{"embeddable":true,"href":"https:\/\/www.encontracentrosaopaulo.com.br\/sobre\/wp-json\/wp\/v2\/users\/1"}],"replies":[{"embeddable":true,"href":"https:\/\/www.encontracentrosaopaulo.com.br\/sobre\/wp-json\/wp\/v2\/comments?post=262"}],"version-history":[{"count":0,"href":"https:\/\/www.encontracentrosaopaulo.com.br\/sobre\/wp-json\/wp\/v2\/posts\/262\/revisions"}],"wp:attachment":[{"href":"https:\/\/www.encontracentrosaopaulo.com.br\/sobre\/wp-json\/wp\/v2\/media?parent=262"}],"wp:term":[{"taxonomy":"category","embeddable":true,"href":"https:\/\/www.encontracentrosaopaulo.com.br\/sobre\/wp-json\/wp\/v2\/categories?post=262"},{"taxonomy":"post_tag","embeddable":true,"href":"https:\/\/www.encontracentrosaopaulo.com.br\/sobre\/wp-json\/wp\/v2\/tags?post=262"}],"curies":[{"name":"wp","href":"https:\/\/api.w.org\/{rel}","templated":true}]}}