{"id":295,"date":"2012-02-14T15:23:14","date_gmt":"2012-02-14T17:23:14","guid":{"rendered":"http:\/\/www.encontracentrosaopaulo.com.br\/noticias\/?p=295"},"modified":"2019-04-29T16:23:45","modified_gmt":"2019-04-29T19:23:45","slug":"bailarinos-da-sao-paulo-companhia-de-danca-atuam-com-o-publico-nas-estacoes-de-metro","status":"publish","type":"post","link":"https:\/\/www.encontracentrosaopaulo.com.br\/sobre\/bailarinos-da-sao-paulo-companhia-de-danca-atuam-com-o-publico-nas-estacoes-de-metro\/","title":{"rendered":"Bailarinos da S\u00e3o Paulo Companhia de Dan\u00e7a atuam com o p\u00fablico nas esta\u00e7\u00f5es de metr\u00f4"},"content":{"rendered":"<div class=\"d6585b5127f45a35450431d0abc3f90c\" data-index=\"1\" style=\"float: none; margin:0px;\">\n<!-- Anuncio display - global -->\r\n<ins class=\"adsbygoogle\"\r\n     style=\"display:block\"\r\n     data-ad-client=\"ca-pub-8585364105181520\"\r\n     data-ad-slot=\"8789329856\"\r\n     data-ad-format=\"auto\"\r\n     data-full-width-responsive=\"true\"><\/ins>\r\n<script>\r\n     (adsbygoogle = window.adsbygoogle || []).push({});\r\n<\/script>\n<\/div>\n<p style=\"text-align: left;\">Esta\u00e7\u00f5es de metr\u00f4 de S\u00e3o Paulo recebem os bailarinos da S\u00e3o Paulo Companhia de Dan\u00e7a \u2013 SPCD, que convidam o p\u00fablico a dan\u00e7ar ap\u00f3s performances do grupo, completadas com a mostra \u201cDan\u00e7a das Imagens\u201d.<\/p>\n<p>A diversidade se contrap\u00f5e com a individualidade de cada bailarino da companhia na exposi\u00e7\u00e3o de fotos \u201cDan\u00e7a das Imagens\u201d, com 18 imagens que marcaram a hist\u00f3ria da SPCD, expondo cria\u00e7\u00f5es e remontagens feitas pelos dan\u00e7arinos. Em cartaz na esta\u00e7\u00e3o Para\u00edso at\u00e9 o dia 28 de fevereiro, de onde segue para a <a href=\"http:\/\/www.encontracentrosaopaulo.com.br\/centro-sp\/estacao-da-luz-no-centro.shtml\" target=\"_blank\">esta\u00e7\u00e3o da Luz<\/a>, de 10 a 30 de mar\u00e7o.<\/p>\n<p>J\u00e1 a pr\u00f3xima performance da Companhia ser\u00e1 no dia 11 de fevereiro, na Esta\u00e7\u00e3o Para\u00edso, onde ser\u00e1 apresentada a coreografia \u201cSensorial\u201d. O ciclo de improvisa\u00e7\u00f5es de dan\u00e7a no metr\u00f4 se encerra no dia 17 de mar\u00e7o, na Esta\u00e7\u00e3o da Luz. Com v\u00eddeos no site da SPDC que ensinam os internautas os simples passos da coreografia, o grupo visa \u00e0 descontra\u00e7\u00e3o atrav\u00e9s da dan\u00e7a.<\/p>\n<p><strong>Servi\u00e7os<\/strong><\/p>\n<p><strong>Exposi\u00e7\u00e3o Dan\u00e7a das Imagens<\/strong><br \/>\nData: de 10 a 28\/2<br \/>\nHor\u00e1rio: durante funcionamento do metr\u00f4<br \/>\nLocal: Esta\u00e7\u00e3o Para\u00edso do metr\u00f4<\/p>\n<p>Data: de 10 a 30\/3<br \/>\nHor\u00e1rio: durante funcionamento do metr\u00f4<br \/>\nLocal: Esta\u00e7\u00e3o Luz do metr\u00f4<\/p>\n<p><strong>Improvisa\u00e7\u00f5es dos bailarinos da S\u00e3o Paulo Companhia de Dan\u00e7a nas Esta\u00e7\u00f5es<\/strong><br \/>\nData: 11\/2<br \/>\nHor\u00e1rio: 17h<br \/>\nLocal: Esta\u00e7\u00e3o Para\u00edso do metr\u00f4<\/p>\n<p>Data: 17\/3<br \/>\nHor\u00e1rio: 17h<br \/>\nLocal: Esta\u00e7\u00e3o Luz do metr\u00f4<\/p>\n<p>Site:\u00a0saopaulocompanhiadedanca.com.br.<\/p>\n<p><em>Fonte: SPTuris<\/em><\/p>\n\n<div style=\"font-size: 0px; height: 0px; line-height: 0px; margin: 0; padding: 0; clear: both;\"><\/div>","protected":false},"excerpt":{"rendered":"<p>Esta\u00e7\u00f5es de metr\u00f4 de S\u00e3o Paulo recebem os bailarinos da S\u00e3o Paulo Companhia de Dan\u00e7a \u2013 SPCD, que convidam o p\u00fablico a dan\u00e7ar ap\u00f3s performances do grupo, completadas com a mostra \u201cDan\u00e7a das Imagens\u201d. A diversidade se contrap\u00f5e com a individualidade de cada bailarino da companhia na exposi\u00e7\u00e3o de fotos \u201cDan\u00e7a das Imagens\u201d, com 18 imagens que marcaram a hist\u00f3ria da SPCD, expondo cria\u00e7\u00f5es e remontagens feitas pelos dan\u00e7arinos. Em cartaz na esta\u00e7\u00e3o Para\u00edso at\u00e9 o dia 28 de fevereiro, de onde segue para a esta\u00e7\u00e3o da Luz, de 10 a 30 de mar\u00e7o. J\u00e1 a pr\u00f3xima performance da Companhia <\/p>\n","protected":false},"author":1,"featured_media":0,"comment_status":"open","ping_status":"closed","sticky":false,"template":"","format":"standard","meta":{"footnotes":""},"categories":[6],"tags":[14],"class_list":["post-295","post","type-post","status-publish","format-standard","hentry","category-noticias-no-centro-sp","tag-centro-sp"],"aioseo_notices":[],"aioseo_head":"\n\t\t<!-- All in One SEO 5.0.0.1 - aioseo.com -->\n\t<meta name=\"description\" content=\"Esta\u00e7\u00f5es de metr\u00f4 de S\u00e3o Paulo recebem os bailarinos da S\u00e3o Paulo Companhia de Dan\u00e7a \u2013 SPCD, que convidam o p\u00fablico a dan\u00e7ar ap\u00f3s performances do grupo, completadas com a mostra \u201cDan\u00e7a das Imagens\u201d. A diversidade se contrap\u00f5e com a individualidade de cada bailarino da companhia na exposi\u00e7\u00e3o de fotos \u201cDan\u00e7a das Imagens\u201d, com 18\" \/>\n\t<meta name=\"robots\" content=\"max-image-preview:large\" \/>\n\t<meta name=\"author\" content=\"Encontra Centro SP\"\/>\n\t<link rel=\"canonical\" href=\"https:\/\/www.encontracentrosaopaulo.com.br\/sobre\/bailarinos-da-sao-paulo-companhia-de-danca-atuam-com-o-publico-nas-estacoes-de-metro\/\" \/>\n\t<meta name=\"generator\" content=\"All in One SEO (AIOSEO) 5.0.0.1\" \/>\n\t\t<meta property=\"og:locale\" content=\"pt_BR\" \/>\n\t\t<meta property=\"og:site_name\" content=\"Encontra Centro SP | Not\u00edcias, eventos, informa\u00e7\u00f5es e dicas na cidade de Centro SP e regi\u00e3o.\" \/>\n\t\t<meta property=\"og:type\" content=\"article\" \/>\n\t\t<meta property=\"og:title\" content=\"Bailarinos da S\u00e3o Paulo Companhia de Dan\u00e7a atuam com o p\u00fablico nas esta\u00e7\u00f5es de metr\u00f4 | Encontra Centro SP\" \/>\n\t\t<meta property=\"og:description\" content=\"Esta\u00e7\u00f5es de metr\u00f4 de S\u00e3o Paulo recebem os bailarinos da S\u00e3o Paulo Companhia de Dan\u00e7a \u2013 SPCD, que convidam o p\u00fablico a dan\u00e7ar ap\u00f3s performances do grupo, completadas com a mostra \u201cDan\u00e7a das Imagens\u201d. A diversidade se contrap\u00f5e com a individualidade de cada bailarino da companhia na exposi\u00e7\u00e3o de fotos \u201cDan\u00e7a das Imagens\u201d, com 18\" \/>\n\t\t<meta property=\"og:url\" content=\"https:\/\/www.encontracentrosaopaulo.com.br\/sobre\/bailarinos-da-sao-paulo-companhia-de-danca-atuam-com-o-publico-nas-estacoes-de-metro\/\" \/>\n\t\t<meta property=\"article:published_time\" content=\"2012-02-14T17:23:14+00:00\" \/>\n\t\t<meta property=\"article:modified_time\" content=\"2019-04-29T19:23:45+00:00\" \/>\n\t\t<meta name=\"twitter:card\" content=\"summary\" \/>\n\t\t<meta name=\"twitter:title\" content=\"Bailarinos da S\u00e3o Paulo Companhia de Dan\u00e7a atuam com o p\u00fablico nas esta\u00e7\u00f5es de metr\u00f4 | Encontra Centro SP\" \/>\n\t\t<meta name=\"twitter:description\" content=\"Esta\u00e7\u00f5es de metr\u00f4 de S\u00e3o Paulo recebem os bailarinos da S\u00e3o Paulo Companhia de Dan\u00e7a \u2013 SPCD, que convidam o p\u00fablico a dan\u00e7ar ap\u00f3s performances do grupo, completadas com a mostra \u201cDan\u00e7a das Imagens\u201d. A diversidade se contrap\u00f5e com a individualidade de cada bailarino da companhia na exposi\u00e7\u00e3o de fotos \u201cDan\u00e7a das Imagens\u201d, com 18\" \/>\n\t\t<script type=\"application\/ld+json\" class=\"aioseo-schema\">\n\t\t\t{\"@context\":\"https:\\\/\\\/schema.org\",\"@graph\":[{\"@type\":\"Article\",\"@id\":\"https:\\\/\\\/www.encontracentrosaopaulo.com.br\\\/sobre\\\/bailarinos-da-sao-paulo-companhia-de-danca-atuam-com-o-publico-nas-estacoes-de-metro\\\/#article\",\"name\":\"Bailarinos da S\\u00e3o Paulo Companhia de Dan\\u00e7a atuam com o p\\u00fablico nas esta\\u00e7\\u00f5es de metr\\u00f4 | Encontra Centro SP\",\"headline\":\"Bailarinos da S\\u00e3o Paulo Companhia de Dan\\u00e7a atuam com o p\\u00fablico nas esta\\u00e7\\u00f5es de metr\\u00f4\",\"author\":{\"@id\":\"https:\\\/\\\/www.encontracentrosaopaulo.com.br\\\/sobre\\\/author\\\/ecentrosaopaulo\\\/#author\"},\"publisher\":{\"@id\":\"https:\\\/\\\/www.encontracentrosaopaulo.com.br\\\/sobre\\\/#organization\"},\"datePublished\":\"2012-02-14T15:23:14-02:00\",\"dateModified\":\"2019-04-29T16:23:45-03:00\",\"inLanguage\":\"pt-BR\",\"mainEntityOfPage\":{\"@id\":\"https:\\\/\\\/www.encontracentrosaopaulo.com.br\\\/sobre\\\/bailarinos-da-sao-paulo-companhia-de-danca-atuam-com-o-publico-nas-estacoes-de-metro\\\/#webpage\"},\"isPartOf\":{\"@id\":\"https:\\\/\\\/www.encontracentrosaopaulo.com.br\\\/sobre\\\/bailarinos-da-sao-paulo-companhia-de-danca-atuam-com-o-publico-nas-estacoes-de-metro\\\/#webpage\"},\"articleSection\":\"Not\\u00edcias Centro SP, Centro SP\"},{\"@type\":\"BreadcrumbList\",\"@id\":\"https:\\\/\\\/www.encontracentrosaopaulo.com.br\\\/sobre\\\/bailarinos-da-sao-paulo-companhia-de-danca-atuam-com-o-publico-nas-estacoes-de-metro\\\/#breadcrumblist\",\"itemListElement\":[{\"@type\":\"ListItem\",\"@id\":\"https:\\\/\\\/www.encontracentrosaopaulo.com.br\\\/sobre#listItem\",\"position\":1,\"name\":\"In\\u00edcio\",\"item\":\"https:\\\/\\\/www.encontracentrosaopaulo.com.br\\\/sobre\",\"nextItem\":{\"@type\":\"ListItem\",\"@id\":\"https:\\\/\\\/www.encontracentrosaopaulo.com.br\\\/sobre\\\/noticias-no-centro-sp\\\/#listItem\",\"name\":\"Not\\u00edcias Centro SP\"}},{\"@type\":\"ListItem\",\"@id\":\"https:\\\/\\\/www.encontracentrosaopaulo.com.br\\\/sobre\\\/noticias-no-centro-sp\\\/#listItem\",\"position\":2,\"name\":\"Not\\u00edcias Centro SP\",\"item\":\"https:\\\/\\\/www.encontracentrosaopaulo.com.br\\\/sobre\\\/noticias-no-centro-sp\\\/\",\"nextItem\":{\"@type\":\"ListItem\",\"@id\":\"https:\\\/\\\/www.encontracentrosaopaulo.com.br\\\/sobre\\\/bailarinos-da-sao-paulo-companhia-de-danca-atuam-com-o-publico-nas-estacoes-de-metro\\\/#listItem\",\"name\":\"Bailarinos da S\\u00e3o Paulo Companhia de Dan\\u00e7a atuam com o p\\u00fablico nas esta\\u00e7\\u00f5es de metr\\u00f4\"},\"previousItem\":{\"@type\":\"ListItem\",\"@id\":\"https:\\\/\\\/www.encontracentrosaopaulo.com.br\\\/sobre#listItem\",\"name\":\"In\\u00edcio\"}},{\"@type\":\"ListItem\",\"@id\":\"https:\\\/\\\/www.encontracentrosaopaulo.com.br\\\/sobre\\\/bailarinos-da-sao-paulo-companhia-de-danca-atuam-com-o-publico-nas-estacoes-de-metro\\\/#listItem\",\"position\":3,\"name\":\"Bailarinos da S\\u00e3o Paulo Companhia de Dan\\u00e7a atuam com o p\\u00fablico nas esta\\u00e7\\u00f5es de metr\\u00f4\",\"previousItem\":{\"@type\":\"ListItem\",\"@id\":\"https:\\\/\\\/www.encontracentrosaopaulo.com.br\\\/sobre\\\/noticias-no-centro-sp\\\/#listItem\",\"name\":\"Not\\u00edcias Centro SP\"}}]},{\"@type\":\"Organization\",\"@id\":\"https:\\\/\\\/www.encontracentrosaopaulo.com.br\\\/sobre\\\/#organization\",\"name\":\"Encontra Centro SP\",\"description\":\"Not\\u00edcias, eventos, informa\\u00e7\\u00f5es e dicas na cidade de Centro SP e regi\\u00e3o.\",\"url\":\"https:\\\/\\\/www.encontracentrosaopaulo.com.br\\\/sobre\\\/\"},{\"@type\":\"Person\",\"@id\":\"https:\\\/\\\/www.encontracentrosaopaulo.com.br\\\/sobre\\\/author\\\/ecentrosaopaulo\\\/#author\",\"url\":\"https:\\\/\\\/www.encontracentrosaopaulo.com.br\\\/sobre\\\/author\\\/ecentrosaopaulo\\\/\",\"name\":\"Encontra Centro SP\",\"image\":{\"@type\":\"ImageObject\",\"@id\":\"https:\\\/\\\/www.encontracentrosaopaulo.com.br\\\/sobre\\\/bailarinos-da-sao-paulo-companhia-de-danca-atuam-com-o-publico-nas-estacoes-de-metro\\\/#authorImage\",\"url\":\"https:\\\/\\\/secure.gravatar.com\\\/avatar\\\/507340682b8270222e1f208e23198b6ae7e2c6a1033ae84e99bc6bce4f82a387?s=96&d=mm&r=g\",\"width\":96,\"height\":96,\"caption\":\"Encontra Centro SP\"}},{\"@type\":\"WebPage\",\"@id\":\"https:\\\/\\\/www.encontracentrosaopaulo.com.br\\\/sobre\\\/bailarinos-da-sao-paulo-companhia-de-danca-atuam-com-o-publico-nas-estacoes-de-metro\\\/#webpage\",\"url\":\"https:\\\/\\\/www.encontracentrosaopaulo.com.br\\\/sobre\\\/bailarinos-da-sao-paulo-companhia-de-danca-atuam-com-o-publico-nas-estacoes-de-metro\\\/\",\"name\":\"Bailarinos da S\\u00e3o Paulo Companhia de Dan\\u00e7a atuam com o p\\u00fablico nas esta\\u00e7\\u00f5es de metr\\u00f4 | Encontra Centro SP\",\"description\":\"Esta\\u00e7\\u00f5es de metr\\u00f4 de S\\u00e3o Paulo recebem os bailarinos da S\\u00e3o Paulo Companhia de Dan\\u00e7a \\u2013 SPCD, que convidam o p\\u00fablico a dan\\u00e7ar ap\\u00f3s performances do grupo, completadas com a mostra \\u201cDan\\u00e7a das Imagens\\u201d. A diversidade se contrap\\u00f5e com a individualidade de cada bailarino da companhia na exposi\\u00e7\\u00e3o de fotos \\u201cDan\\u00e7a das Imagens\\u201d, com 18\",\"inLanguage\":\"pt-BR\",\"isPartOf\":{\"@id\":\"https:\\\/\\\/www.encontracentrosaopaulo.com.br\\\/sobre\\\/#website\"},\"breadcrumb\":{\"@id\":\"https:\\\/\\\/www.encontracentrosaopaulo.com.br\\\/sobre\\\/bailarinos-da-sao-paulo-companhia-de-danca-atuam-com-o-publico-nas-estacoes-de-metro\\\/#breadcrumblist\"},\"author\":{\"@id\":\"https:\\\/\\\/www.encontracentrosaopaulo.com.br\\\/sobre\\\/author\\\/ecentrosaopaulo\\\/#author\"},\"creator\":{\"@id\":\"https:\\\/\\\/www.encontracentrosaopaulo.com.br\\\/sobre\\\/author\\\/ecentrosaopaulo\\\/#author\"},\"datePublished\":\"2012-02-14T15:23:14-02:00\",\"dateModified\":\"2019-04-29T16:23:45-03:00\"},{\"@type\":\"WebSite\",\"@id\":\"https:\\\/\\\/www.encontracentrosaopaulo.com.br\\\/sobre\\\/#website\",\"url\":\"https:\\\/\\\/www.encontracentrosaopaulo.com.br\\\/sobre\\\/\",\"name\":\"Encontra Centro SP\",\"description\":\"Not\\u00edcias, eventos, informa\\u00e7\\u00f5es e dicas na cidade de Centro SP e regi\\u00e3o.\",\"inLanguage\":\"pt-BR\",\"publisher\":{\"@id\":\"https:\\\/\\\/www.encontracentrosaopaulo.com.br\\\/sobre\\\/#organization\"}}]}\n\t\t<\/script>\n\t\t<!-- All in One SEO -->\n\n","aioseo_head_json":{"title":"Bailarinos da S\u00e3o Paulo Companhia de Dan\u00e7a atuam com o p\u00fablico nas esta\u00e7\u00f5es de metr\u00f4 | Encontra Centro SP","description":"Esta\u00e7\u00f5es de metr\u00f4 de S\u00e3o Paulo recebem os bailarinos da S\u00e3o Paulo Companhia de Dan\u00e7a \u2013 SPCD, que convidam o p\u00fablico a dan\u00e7ar ap\u00f3s performances do grupo, completadas com a mostra \u201cDan\u00e7a das Imagens\u201d. A diversidade se contrap\u00f5e com a individualidade de cada bailarino da companhia na exposi\u00e7\u00e3o de fotos \u201cDan\u00e7a das Imagens\u201d, com 18","canonical_url":"https:\/\/www.encontracentrosaopaulo.com.br\/sobre\/bailarinos-da-sao-paulo-companhia-de-danca-atuam-com-o-publico-nas-estacoes-de-metro\/","robots":"max-image-preview:large","keywords":"","webmasterTools":{"miscellaneous":""},"schema":{"@context":"https:\/\/schema.org","@graph":[{"@type":"Article","@id":"https:\/\/www.encontracentrosaopaulo.com.br\/sobre\/bailarinos-da-sao-paulo-companhia-de-danca-atuam-com-o-publico-nas-estacoes-de-metro\/#article","name":"Bailarinos da S\u00e3o Paulo Companhia de Dan\u00e7a atuam com o p\u00fablico nas esta\u00e7\u00f5es de metr\u00f4 | Encontra Centro SP","headline":"Bailarinos da S\u00e3o Paulo Companhia de Dan\u00e7a atuam com o p\u00fablico nas esta\u00e7\u00f5es de metr\u00f4","author":{"@id":"https:\/\/www.encontracentrosaopaulo.com.br\/sobre\/author\/ecentrosaopaulo\/#author"},"publisher":{"@id":"https:\/\/www.encontracentrosaopaulo.com.br\/sobre\/#organization"},"datePublished":"2012-02-14T15:23:14-02:00","dateModified":"2019-04-29T16:23:45-03:00","inLanguage":"pt-BR","mainEntityOfPage":{"@id":"https:\/\/www.encontracentrosaopaulo.com.br\/sobre\/bailarinos-da-sao-paulo-companhia-de-danca-atuam-com-o-publico-nas-estacoes-de-metro\/#webpage"},"isPartOf":{"@id":"https:\/\/www.encontracentrosaopaulo.com.br\/sobre\/bailarinos-da-sao-paulo-companhia-de-danca-atuam-com-o-publico-nas-estacoes-de-metro\/#webpage"},"articleSection":"Not\u00edcias Centro SP, Centro SP"},{"@type":"BreadcrumbList","@id":"https:\/\/www.encontracentrosaopaulo.com.br\/sobre\/bailarinos-da-sao-paulo-companhia-de-danca-atuam-com-o-publico-nas-estacoes-de-metro\/#breadcrumblist","itemListElement":[{"@type":"ListItem","@id":"https:\/\/www.encontracentrosaopaulo.com.br\/sobre#listItem","position":1,"name":"In\u00edcio","item":"https:\/\/www.encontracentrosaopaulo.com.br\/sobre","nextItem":{"@type":"ListItem","@id":"https:\/\/www.encontracentrosaopaulo.com.br\/sobre\/noticias-no-centro-sp\/#listItem","name":"Not\u00edcias Centro SP"}},{"@type":"ListItem","@id":"https:\/\/www.encontracentrosaopaulo.com.br\/sobre\/noticias-no-centro-sp\/#listItem","position":2,"name":"Not\u00edcias Centro SP","item":"https:\/\/www.encontracentrosaopaulo.com.br\/sobre\/noticias-no-centro-sp\/","nextItem":{"@type":"ListItem","@id":"https:\/\/www.encontracentrosaopaulo.com.br\/sobre\/bailarinos-da-sao-paulo-companhia-de-danca-atuam-com-o-publico-nas-estacoes-de-metro\/#listItem","name":"Bailarinos da S\u00e3o Paulo Companhia de Dan\u00e7a atuam com o p\u00fablico nas esta\u00e7\u00f5es de metr\u00f4"},"previousItem":{"@type":"ListItem","@id":"https:\/\/www.encontracentrosaopaulo.com.br\/sobre#listItem","name":"In\u00edcio"}},{"@type":"ListItem","@id":"https:\/\/www.encontracentrosaopaulo.com.br\/sobre\/bailarinos-da-sao-paulo-companhia-de-danca-atuam-com-o-publico-nas-estacoes-de-metro\/#listItem","position":3,"name":"Bailarinos da S\u00e3o Paulo Companhia de Dan\u00e7a atuam com o p\u00fablico nas esta\u00e7\u00f5es de metr\u00f4","previousItem":{"@type":"ListItem","@id":"https:\/\/www.encontracentrosaopaulo.com.br\/sobre\/noticias-no-centro-sp\/#listItem","name":"Not\u00edcias Centro SP"}}]},{"@type":"Organization","@id":"https:\/\/www.encontracentrosaopaulo.com.br\/sobre\/#organization","name":"Encontra Centro SP","description":"Not\u00edcias, eventos, informa\u00e7\u00f5es e dicas na cidade de Centro SP e regi\u00e3o.","url":"https:\/\/www.encontracentrosaopaulo.com.br\/sobre\/"},{"@type":"Person","@id":"https:\/\/www.encontracentrosaopaulo.com.br\/sobre\/author\/ecentrosaopaulo\/#author","url":"https:\/\/www.encontracentrosaopaulo.com.br\/sobre\/author\/ecentrosaopaulo\/","name":"Encontra Centro SP","image":{"@type":"ImageObject","@id":"https:\/\/www.encontracentrosaopaulo.com.br\/sobre\/bailarinos-da-sao-paulo-companhia-de-danca-atuam-com-o-publico-nas-estacoes-de-metro\/#authorImage","url":"https:\/\/secure.gravatar.com\/avatar\/507340682b8270222e1f208e23198b6ae7e2c6a1033ae84e99bc6bce4f82a387?s=96&d=mm&r=g","width":96,"height":96,"caption":"Encontra Centro SP"}},{"@type":"WebPage","@id":"https:\/\/www.encontracentrosaopaulo.com.br\/sobre\/bailarinos-da-sao-paulo-companhia-de-danca-atuam-com-o-publico-nas-estacoes-de-metro\/#webpage","url":"https:\/\/www.encontracentrosaopaulo.com.br\/sobre\/bailarinos-da-sao-paulo-companhia-de-danca-atuam-com-o-publico-nas-estacoes-de-metro\/","name":"Bailarinos da S\u00e3o Paulo Companhia de Dan\u00e7a atuam com o p\u00fablico nas esta\u00e7\u00f5es de metr\u00f4 | Encontra Centro SP","description":"Esta\u00e7\u00f5es de metr\u00f4 de S\u00e3o Paulo recebem os bailarinos da S\u00e3o Paulo Companhia de Dan\u00e7a \u2013 SPCD, que convidam o p\u00fablico a dan\u00e7ar ap\u00f3s performances do grupo, completadas com a mostra \u201cDan\u00e7a das Imagens\u201d. A diversidade se contrap\u00f5e com a individualidade de cada bailarino da companhia na exposi\u00e7\u00e3o de fotos \u201cDan\u00e7a das Imagens\u201d, com 18","inLanguage":"pt-BR","isPartOf":{"@id":"https:\/\/www.encontracentrosaopaulo.com.br\/sobre\/#website"},"breadcrumb":{"@id":"https:\/\/www.encontracentrosaopaulo.com.br\/sobre\/bailarinos-da-sao-paulo-companhia-de-danca-atuam-com-o-publico-nas-estacoes-de-metro\/#breadcrumblist"},"author":{"@id":"https:\/\/www.encontracentrosaopaulo.com.br\/sobre\/author\/ecentrosaopaulo\/#author"},"creator":{"@id":"https:\/\/www.encontracentrosaopaulo.com.br\/sobre\/author\/ecentrosaopaulo\/#author"},"datePublished":"2012-02-14T15:23:14-02:00","dateModified":"2019-04-29T16:23:45-03:00"},{"@type":"WebSite","@id":"https:\/\/www.encontracentrosaopaulo.com.br\/sobre\/#website","url":"https:\/\/www.encontracentrosaopaulo.com.br\/sobre\/","name":"Encontra Centro SP","description":"Not\u00edcias, eventos, informa\u00e7\u00f5es e dicas na cidade de Centro SP e regi\u00e3o.","inLanguage":"pt-BR","publisher":{"@id":"https:\/\/www.encontracentrosaopaulo.com.br\/sobre\/#organization"}}]},"og:locale":"pt_BR","og:site_name":"Encontra Centro SP | Not\u00edcias, eventos, informa\u00e7\u00f5es e dicas na cidade de Centro SP e regi\u00e3o.","og:type":"article","og:title":"Bailarinos da S\u00e3o Paulo Companhia de Dan\u00e7a atuam com o p\u00fablico nas esta\u00e7\u00f5es de metr\u00f4 | Encontra Centro SP","og:description":"Esta\u00e7\u00f5es de metr\u00f4 de S\u00e3o Paulo recebem os bailarinos da S\u00e3o Paulo Companhia de Dan\u00e7a \u2013 SPCD, que convidam o p\u00fablico a dan\u00e7ar ap\u00f3s performances do grupo, completadas com a mostra \u201cDan\u00e7a das Imagens\u201d. A diversidade se contrap\u00f5e com a individualidade de cada bailarino da companhia na exposi\u00e7\u00e3o de fotos \u201cDan\u00e7a das Imagens\u201d, com 18","og:url":"https:\/\/www.encontracentrosaopaulo.com.br\/sobre\/bailarinos-da-sao-paulo-companhia-de-danca-atuam-com-o-publico-nas-estacoes-de-metro\/","article:published_time":"2012-02-14T17:23:14+00:00","article:modified_time":"2019-04-29T19:23:45+00:00","twitter:card":"summary","twitter:title":"Bailarinos da S\u00e3o Paulo Companhia de Dan\u00e7a atuam com o p\u00fablico nas esta\u00e7\u00f5es de metr\u00f4 | Encontra Centro SP","twitter:description":"Esta\u00e7\u00f5es de metr\u00f4 de S\u00e3o Paulo recebem os bailarinos da S\u00e3o Paulo Companhia de Dan\u00e7a \u2013 SPCD, que convidam o p\u00fablico a dan\u00e7ar ap\u00f3s performances do grupo, completadas com a mostra \u201cDan\u00e7a das Imagens\u201d. A diversidade se contrap\u00f5e com a individualidade de cada bailarino da companhia na exposi\u00e7\u00e3o de fotos \u201cDan\u00e7a das Imagens\u201d, com 18"},"aioseo_meta_data":{"post_id":"295","title":null,"description":null,"keywords":null,"keyphrases":null,"primary_term":null,"canonical_url":null,"og_title":null,"og_description":null,"og_object_type":"default","og_image_type":"default","og_image_url":null,"og_image_width":null,"og_image_height":null,"og_image_custom_url":null,"og_image_custom_fields":null,"og_video":null,"og_custom_url":null,"og_article_section":null,"og_article_tags":null,"twitter_use_og":false,"twitter_card":"default","twitter_image_type":"default","twitter_image_url":null,"twitter_image_custom_url":null,"twitter_image_custom_fields":null,"twitter_title":null,"twitter_description":null,"schema":{"blockGraphs":[],"customGraphs":[],"default":{"data":{"Article":[],"Course":[],"Dataset":[],"FAQPage":[],"Movie":[],"Person":[],"Product":[],"ProductReview":[],"Car":[],"Recipe":[],"Service":[],"SoftwareApplication":[],"WebPage":[]},"graphName":"Article","isEnabled":true},"graphs":[]},"schema_type":null,"schema_type_options":null,"pillar_content":false,"robots_default":true,"robots_noindex":false,"robots_noarchive":false,"robots_nosnippet":false,"robots_nofollow":false,"robots_noimageindex":false,"robots_noodp":false,"robots_notranslate":false,"robots_max_snippet":null,"robots_max_videopreview":null,"robots_max_imagepreview":"large","priority":null,"frequency":null,"local_seo":null,"breadcrumb_settings":null,"limit_modified_date":false,"ai":null,"created":"2021-01-18 18:52:11","updated":"2025-11-13 14:58:29","seo_analyzer_scan_date":null,"focus_keyword":null,"additional_keywords":null,"truseo_locale":null},"aioseo_breadcrumb":"<div class=\"aioseo-breadcrumbs\"><span class=\"aioseo-breadcrumb\">\n\t\t\t<a href=\"https:\/\/www.encontracentrosaopaulo.com.br\/sobre\" title=\"In\u00edcio\">In\u00edcio<\/a>\n\t\t<\/span><span class=\"aioseo-breadcrumb-separator\">&raquo;<\/span><span class=\"aioseo-breadcrumb\">\n\t\t\t<a href=\"https:\/\/www.encontracentrosaopaulo.com.br\/sobre\/noticias-no-centro-sp\/\" title=\"Not\u00edcias Centro SP\">Not\u00edcias Centro SP<\/a>\n\t\t<\/span><span class=\"aioseo-breadcrumb-separator\">&raquo;<\/span><span class=\"aioseo-breadcrumb\">\n\t\t\tBailarinos da S\u00e3o Paulo Companhia de Dan\u00e7a atuam com o p\u00fablico nas esta\u00e7\u00f5es de metr\u00f4\n\t\t<\/span><\/div>","aioseo_breadcrumb_json":[{"label":"In\u00edcio","link":"https:\/\/www.encontracentrosaopaulo.com.br\/sobre"},{"label":"Not\u00edcias Centro SP","link":"https:\/\/www.encontracentrosaopaulo.com.br\/sobre\/noticias-no-centro-sp\/"},{"label":"Bailarinos da S\u00e3o Paulo Companhia de Dan\u00e7a atuam com o p\u00fablico nas esta\u00e7\u00f5es de metr\u00f4","link":"https:\/\/www.encontracentrosaopaulo.com.br\/sobre\/bailarinos-da-sao-paulo-companhia-de-danca-atuam-com-o-publico-nas-estacoes-de-metro\/"}],"_links":{"self":[{"href":"https:\/\/www.encontracentrosaopaulo.com.br\/sobre\/wp-json\/wp\/v2\/posts\/295","targetHints":{"allow":["GET"]}}],"collection":[{"href":"https:\/\/www.encontracentrosaopaulo.com.br\/sobre\/wp-json\/wp\/v2\/posts"}],"about":[{"href":"https:\/\/www.encontracentrosaopaulo.com.br\/sobre\/wp-json\/wp\/v2\/types\/post"}],"author":[{"embeddable":true,"href":"https:\/\/www.encontracentrosaopaulo.com.br\/sobre\/wp-json\/wp\/v2\/users\/1"}],"replies":[{"embeddable":true,"href":"https:\/\/www.encontracentrosaopaulo.com.br\/sobre\/wp-json\/wp\/v2\/comments?post=295"}],"version-history":[{"count":0,"href":"https:\/\/www.encontracentrosaopaulo.com.br\/sobre\/wp-json\/wp\/v2\/posts\/295\/revisions"}],"wp:attachment":[{"href":"https:\/\/www.encontracentrosaopaulo.com.br\/sobre\/wp-json\/wp\/v2\/media?parent=295"}],"wp:term":[{"taxonomy":"category","embeddable":true,"href":"https:\/\/www.encontracentrosaopaulo.com.br\/sobre\/wp-json\/wp\/v2\/categories?post=295"},{"taxonomy":"post_tag","embeddable":true,"href":"https:\/\/www.encontracentrosaopaulo.com.br\/sobre\/wp-json\/wp\/v2\/tags?post=295"}],"curies":[{"name":"wp","href":"https:\/\/api.w.org\/{rel}","templated":true}]}}