{"id":391,"date":"2012-03-21T00:07:01","date_gmt":"2012-03-21T02:07:01","guid":{"rendered":"http:\/\/www.encontracentrosaopaulo.com.br\/noticias\/?p=391"},"modified":"2019-04-29T16:23:09","modified_gmt":"2019-04-29T19:23:09","slug":"dia-do-artesao-e-comemorado-com-edicoes-extras-das-feiras-de-arte-no-centro-sp","status":"publish","type":"post","link":"https:\/\/www.encontracentrosaopaulo.com.br\/sobre\/dia-do-artesao-e-comemorado-com-edicoes-extras-das-feiras-de-arte-no-centro-sp\/","title":{"rendered":"Dia do Artes\u00e3o \u00e9 comemorado com edi\u00e7\u00f5es extras das feiras de arte no Centro SP"},"content":{"rendered":"<div class=\"d6585b5127f45a35450431d0abc3f90c\" data-index=\"1\" style=\"float: none; margin:0px;\">\n<!-- Anuncio display - global -->\r\n<ins class=\"adsbygoogle\"\r\n     style=\"display:block\"\r\n     data-ad-client=\"ca-pub-8585364105181520\"\r\n     data-ad-slot=\"8789329856\"\r\n     data-ad-format=\"auto\"\r\n     data-full-width-responsive=\"true\"><\/ins>\r\n<script>\r\n     (adsbygoogle = window.adsbygoogle || []).push({});\r\n<\/script>\n<\/div>\n<p>O Dia do Artes\u00e3o, comemorado em 19 de mar\u00e7o, ter\u00e1 festejo especial no  bairro Centro de S\u00e3o Paulo. Para celebrar a data e homenagear a profiss\u00e3o, as  feiras da Liberdade, Rep\u00fablica, Trianon e Jos\u00e9 Bonif\u00e1cio ter\u00e3o, entre  quarta (21) e sexta-feira (23), um dia extra cada para que seus  expositores possam vender seus produtos.<\/p>\n<p>A antiga Feira de Arte e Artesanato e Cultura Jos\u00e9 Bonif\u00e1cio, que re\u00fane  cerca de 55 expositores, acontece sempre \u00e0s quintas, sextas e s\u00e1bados.  Nesta semana ela tamb\u00e9m ocorre na quarta-feira (21), oferecendo  artesanatos, alimentos t\u00edpicos, pedras trabalhadas e bolsas.<\/p>\n<p>Na quinta-feira (22) \u00e9 a vez da Liberdade e da Rep\u00fablica receberem  feiras extras, j\u00e1 que elas acontecem habitualmente nos finais de semana.  A tradicional feira da Rep\u00fablica tem 764 expositores e funciona desde o  final da d\u00e9cada de 50, comercializando artesanato de diversos tipos.  J\u00e1, na Liberdade, s\u00e3o oferecidos almofadas, lumin\u00e1rias japonesas,  bonsais e bonecas t\u00edpicas da cultura oriental, por 305 expositores, que  al\u00e9m desses produtos colocam \u00e0 disposi\u00e7\u00e3o dos usu\u00e1rios barracas de  comidas t\u00edpicas asi\u00e1ticas, como guiosa, yakisoba e tempur\u00e1, assim como  diversos quitutes influenciados pela culin\u00e1ria oriental.<\/p>\n<p>Na regi\u00e3o da avenida Paulista, os 150 expositores da feira do Trianon  ter\u00e3o sexta-feira (23) para expor e vender os seus produtos: enfeites,  velas, bijuterias, roupas, sabonetes, incensos, objetos esculpidos em  madeira, pinturas, entre outras curiosidades, al\u00e9m de comida mexicana,  salgados, doces e sorvetes.<\/p>\n<p><strong>Regulamento<\/strong><br \/>\n<strong><br \/>\n<\/strong>As feiras extras ser\u00e3o realizadas nos mesmos moldes e locais  onde ocorrem as regulares, devendo seguir os mesmos regulamentos. S\u00f3  est\u00e1 autorizado a vender no espa\u00e7o, o expositor cadastrado na Supervis\u00e3o  de Seguran\u00e7a Alimentar da Subprefeitura S\u00e9 para a respectiva feira a  qual foi concedido o evento, ficando a cargo dos expositores a limpeza e  a seguran\u00e7a.<\/p>\n<p><strong>Dia do Artes\u00e3o<\/strong><\/p>\n<p>A data especial existe para homenagear artistas que, h\u00e1 mil\u00eanios,  transformam mat\u00e9rias primas em pe\u00e7as de arte, que acompanham a hist\u00f3ria  das mais diversas civiliza\u00e7\u00f5es como objetos utilit\u00e1rios e decorativos. A  escolha do dia 19 de mar\u00e7o foi por ser o dia convencional ao padroeiro  dos artes\u00e3os, S\u00e3o Jos\u00e9. O pai de Jesus Cristo era marceneiro e, naquela  \u00e9poca, o of\u00edcio era realizado de maneira artesanal. Por isso ele foi  escolhido para proteger os que pertencem \u00e0 categoria. Em S\u00e3o Paulo, a  data foi inclu\u00edda no Calend\u00e1rio Oficial de Eventos da Cidade em junho de  2008, pela Lei n\u00ba 14.794.<br \/>\n<strong>Servi\u00e7o:<\/strong><\/p>\n<p><strong>Feiras de artesanato em datas extras para o Dia do Artes\u00e3o<\/strong><\/p>\n<p><span style=\"text-decoration: underline;\"><strong>Quarta-feira, dia 21 de mar\u00e7o<\/strong><\/span><strong><br \/>\nJos\u00e9 Bonif\u00e1cio<\/strong><br \/>\n<strong>Endere\u00e7o:<\/strong> pra\u00e7a Ouvidor Pacheco e Silva, s\/n\u00ba, S\u00e9<br \/>\n<strong>Hor\u00e1rio:<\/strong> das 10 \u00e0s 15 horas<br \/>\n(Al\u00e9m dos dias extras, a feira tamb\u00e9m acontece sempre \u00e0s quintas, sextas e s\u00e1bados)<\/p>\n<p><span style=\"text-decoration: underline;\"><strong>Quinta-feira, 22 de mar\u00e7o<\/strong><\/span><strong><br \/>\nTrianon<\/strong><br \/>\n<strong>Endere\u00e7o:<\/strong> avenida Paulista, na esquina com a rua Peixoto Gomide, s\/n, Encontra Consola\u00e7\u00e3o<br \/>\n<strong>Hor\u00e1rio:<\/strong> das 9 \u00e0s 17 horas<br \/>\n(Al\u00e9m dos dias extras, a feira tamb\u00e9m acontece sempre aos domingos)<\/p>\n<p><span style=\"text-decoration: underline;\"><strong>Sexta-feira, 23 de mar\u00e7o<\/strong><\/span><strong><br \/>\nLiberdade<br \/>\nEndere\u00e7o<\/strong>: pra\u00e7a da Liberdade, s\/n, Liberdade<br \/>\n<strong>Hor\u00e1rio:<\/strong> das 9 \u00e0s 17 horas<br \/>\n(Al\u00e9m dos dias extras, a feira tamb\u00e9m acontece sempre aos s\u00e1bados e domingos)<\/p>\n<p><strong>Pra\u00e7a da Rep\u00fablica<br \/>\nEndere\u00e7o<\/strong>: pra\u00e7a da Rep\u00fablica, Rep\u00fablica<br \/>\n<strong>Hor\u00e1rio<\/strong>: das 10 \u00e0s 17 horas<br \/>\n(Al\u00e9m do dias extras, a feira tamb\u00e9m acontece sempre aos s\u00e1bados e domingos)<\/p>\n<p><em>Fonte: Prefeitura de S. Paulo<\/em><\/p>\n\n<div style=\"font-size: 0px; height: 0px; line-height: 0px; margin: 0; padding: 0; clear: both;\"><\/div>","protected":false},"excerpt":{"rendered":"<p>O Dia do Artes\u00e3o, comemorado em 19 de mar\u00e7o, ter\u00e1 festejo especial no bairro Centro de S\u00e3o Paulo. Para celebrar a data e homenagear a profiss\u00e3o, as feiras da Liberdade, Rep\u00fablica, Trianon e Jos\u00e9 Bonif\u00e1cio ter\u00e3o, entre quarta (21) e sexta-feira (23), um dia extra cada para que seus expositores possam vender seus produtos. A antiga Feira de Arte e Artesanato e Cultura Jos\u00e9 Bonif\u00e1cio, que re\u00fane cerca de 55 expositores, acontece sempre \u00e0s quintas, sextas e s\u00e1bados. Nesta semana ela tamb\u00e9m ocorre na quarta-feira (21), oferecendo artesanatos, alimentos t\u00edpicos, pedras trabalhadas e bolsas. Na quinta-feira (22) \u00e9 a vez <\/p>\n","protected":false},"author":1,"featured_media":0,"comment_status":"open","ping_status":"closed","sticky":false,"template":"","format":"standard","meta":{"footnotes":""},"categories":[6],"tags":[],"class_list":["post-391","post","type-post","status-publish","format-standard","hentry","category-noticias-no-centro-sp"],"aioseo_notices":[],"_links":{"self":[{"href":"https:\/\/www.encontracentrosaopaulo.com.br\/sobre\/wp-json\/wp\/v2\/posts\/391","targetHints":{"allow":["GET"]}}],"collection":[{"href":"https:\/\/www.encontracentrosaopaulo.com.br\/sobre\/wp-json\/wp\/v2\/posts"}],"about":[{"href":"https:\/\/www.encontracentrosaopaulo.com.br\/sobre\/wp-json\/wp\/v2\/types\/post"}],"author":[{"embeddable":true,"href":"https:\/\/www.encontracentrosaopaulo.com.br\/sobre\/wp-json\/wp\/v2\/users\/1"}],"replies":[{"embeddable":true,"href":"https:\/\/www.encontracentrosaopaulo.com.br\/sobre\/wp-json\/wp\/v2\/comments?post=391"}],"version-history":[{"count":0,"href":"https:\/\/www.encontracentrosaopaulo.com.br\/sobre\/wp-json\/wp\/v2\/posts\/391\/revisions"}],"wp:attachment":[{"href":"https:\/\/www.encontracentrosaopaulo.com.br\/sobre\/wp-json\/wp\/v2\/media?parent=391"}],"wp:term":[{"taxonomy":"category","embeddable":true,"href":"https:\/\/www.encontracentrosaopaulo.com.br\/sobre\/wp-json\/wp\/v2\/categories?post=391"},{"taxonomy":"post_tag","embeddable":true,"href":"https:\/\/www.encontracentrosaopaulo.com.br\/sobre\/wp-json\/wp\/v2\/tags?post=391"}],"curies":[{"name":"wp","href":"https:\/\/api.w.org\/{rel}","templated":true}]}}