{"id":404,"date":"2012-03-21T10:53:53","date_gmt":"2012-03-21T12:53:53","guid":{"rendered":"http:\/\/www.encontracentrosaopaulo.com.br\/noticias\/?p=404"},"modified":"2019-04-29T16:23:09","modified_gmt":"2019-04-29T19:23:09","slug":"centro-sp-theatro-municipal-encena-producao-inedita-de-la-traviata","status":"publish","type":"post","link":"https:\/\/www.encontracentrosaopaulo.com.br\/sobre\/centro-sp-theatro-municipal-encena-producao-inedita-de-la-traviata\/","title":{"rendered":"Centro SP: Theatro Municipal encena produ\u00e7\u00e3o in\u00e9dita de La Traviata"},"content":{"rendered":"<div class=\"d6585b5127f45a35450431d0abc3f90c\" data-index=\"1\" style=\"float: none; margin:0px;\">\n<!-- Anuncio display - global -->\r\n<ins class=\"adsbygoogle\"\r\n     style=\"display:block\"\r\n     data-ad-client=\"ca-pub-8585364105181520\"\r\n     data-ad-slot=\"8789329856\"\r\n     data-ad-format=\"auto\"\r\n     data-full-width-responsive=\"true\"><\/ins>\r\n<script>\r\n     (adsbygoogle = window.adsbygoogle || []).push({});\r\n<\/script>\n<\/div>\n<p>Ap\u00f3s a celebra\u00e7\u00e3o dos 90 anos da Semana de Arte Moderna de 22, ocorrida em fevereiro, o Theatro Municipal de S\u00e3o Paulo volta suas aten\u00e7\u00f5es para uma \u00f3pera cl\u00e1ssica de Giuseppe Verdi, La Traviata. Com estreia marcada para dia 22, a montagem in\u00e9dita ter\u00e1 r\u00e9citas que seguem at\u00e9 o in\u00edcio de abril. A produ\u00e7\u00e3o tem cen\u00e1rios realizados em S\u00e3o Paulo e figurinos, na It\u00e1lia, ambos de autoria do italiano \u00c2ngelo Linzalata.<\/p>\n<p>Originalmente, a obra, dividida em tr\u00eas atos, foi apresentada pela primeira vez no ano de 1853, no Teatro La Fenice, na cidade de Veneza, It\u00e1lia. O libreto, assinado por Francesco Maria Piave, \u00e9 baseado na hist\u00f3ria do livro A Dama das Cam\u00e9lias, de Alexandre Dumas Filho.<\/p>\n<p>\u00c0 frente da Orquestra Sinf\u00f4nica Municipal, est\u00e1 seu regente titular e diretor art\u00edstico do Municipal, Abel Rocha. Al\u00e9m do Coral L\u00edrico, a montagem ter\u00e1 tr\u00eas solistas diferentes se revezando nos pap\u00e9is principais, o que garante um n\u00famero maior de representa\u00e7\u00f5es. A soprano russa Irina Dubrovskaya e as brasileiras Adriane Queiroz e Rosana Lamosa vivem a protagonista Violetta, cortes\u00e3 que se apaixona pelo aristocrata Alfredo \u2013interpretado pelo tenor italiano Roberto De Biasio e pelos brasileiros Marcello Vannucci e Fernando Portari\u2013 e se v\u00ea obrigada a renunciar ao romance a pedido do pai dele, Giorgio Germont, para n\u00e3o ferir a honra do rapaz. A escolha causa sofrimento \u00e0 Violetta, que se envolve com o Bar\u00e3o Douphol e mente a Alfredo, dizendo que n\u00e3o o ama mais. Os dois ficam separados durante algum tempo, mas voltam a se encontrar por iniciativa de Germont, arrependido de t\u00ea-los afastado.<\/p>\n<p>Ao lado de Rigoletto, encenada ano passado no Municipal, e Il Trovatore, La Traviata comp\u00f5e a trilogia verdiana, conjunto de \u00f3peras mais populares do compositor italiano, escritas sequencialmente, sendo Rigoletto a primeira delas, com estreia em 1851.<\/p>\n<p>Ainda neste m\u00eas, o Theatro Municipal apresenta dois concertos da Orquestra Experimental de Repert\u00f3rio, recebendo como solistas convidados o violinista germano-brasileiro Nicolas Koeckert e o pianista Caio Pagano; e um recital do Quarteto de Cordas da Cidade de S\u00e3o Paulo.<\/p>\n<p><strong>Servi\u00e7o<\/strong><br \/>\nLa Traviata (\u00d3pera de Giuseppe Verdi)<br \/>\nData: 22,23,24, 25, 27 e 28 de mar\u00e7o; 1\u00ba, 3 e 7 de abril<br \/>\nHor\u00e1rio: 20h (22, 23, 24, 27, 28 e 31\/3 e 3, 4 e 7\/4); 17h (25\/3 e 1\u00ba\/4)<br \/>\nLocal: Theatro Municipal<br \/>\nEndere\u00e7o: Pra\u00e7a Ramos de Azevedo, s\/n\u00ba, Encontra Centro de SP<br \/>\nPre\u00e7o: R$ 40 a R$ 100<\/p>\n<p>Os ingressos podem ser adquiridos na bilheteria do local, pelo telefone 4003-2050 ou pelo site da\u00a0 Ingresso R\u00e1pido.<br \/>\n<em><br \/>\nFonte: Prefeitura de S. Paulo<\/em><\/p>\n\n<div style=\"font-size: 0px; height: 0px; line-height: 0px; margin: 0; padding: 0; clear: both;\"><\/div>","protected":false},"excerpt":{"rendered":"<p>Ap\u00f3s a celebra\u00e7\u00e3o dos 90 anos da Semana de Arte Moderna de 22, ocorrida em fevereiro, o Theatro Municipal de S\u00e3o Paulo volta suas aten\u00e7\u00f5es para uma \u00f3pera cl\u00e1ssica de Giuseppe Verdi, La Traviata. Com estreia marcada para dia 22, a montagem in\u00e9dita ter\u00e1 r\u00e9citas que seguem at\u00e9 o in\u00edcio de abril. A produ\u00e7\u00e3o tem cen\u00e1rios realizados em S\u00e3o Paulo e figurinos, na It\u00e1lia, ambos de autoria do italiano \u00c2ngelo Linzalata. Originalmente, a obra, dividida em tr\u00eas atos, foi apresentada pela primeira vez no ano de 1853, no Teatro La Fenice, na cidade de Veneza, It\u00e1lia. O libreto, assinado por <\/p>\n","protected":false},"author":1,"featured_media":0,"comment_status":"open","ping_status":"closed","sticky":false,"template":"","format":"standard","meta":{"footnotes":""},"categories":[6],"tags":[],"class_list":["post-404","post","type-post","status-publish","format-standard","hentry","category-noticias-no-centro-sp"],"aioseo_notices":[],"aioseo_head":"\n\t\t<!-- All in One SEO 5.0.0.1 - aioseo.com -->\n\t<meta name=\"description\" content=\"Ap\u00f3s a celebra\u00e7\u00e3o dos 90 anos da Semana de Arte Moderna de 22, ocorrida em fevereiro, o Theatro Municipal de S\u00e3o Paulo volta suas aten\u00e7\u00f5es para uma \u00f3pera cl\u00e1ssica de Giuseppe Verdi, La Traviata. Com estreia marcada para dia 22, a montagem in\u00e9dita ter\u00e1 r\u00e9citas que seguem at\u00e9 o in\u00edcio de abril. A produ\u00e7\u00e3o tem\" \/>\n\t<meta name=\"robots\" content=\"max-image-preview:large\" \/>\n\t<meta name=\"author\" content=\"Encontra Centro SP\"\/>\n\t<link rel=\"canonical\" href=\"https:\/\/www.encontracentrosaopaulo.com.br\/sobre\/centro-sp-theatro-municipal-encena-producao-inedita-de-la-traviata\/\" \/>\n\t<meta name=\"generator\" content=\"All in One SEO (AIOSEO) 5.0.0.1\" \/>\n\t\t<meta property=\"og:locale\" content=\"pt_BR\" \/>\n\t\t<meta property=\"og:site_name\" content=\"Encontra Centro SP | Not\u00edcias, eventos, informa\u00e7\u00f5es e dicas na cidade de Centro SP e regi\u00e3o.\" \/>\n\t\t<meta property=\"og:type\" content=\"article\" \/>\n\t\t<meta property=\"og:title\" content=\"Centro SP: Theatro Municipal encena produ\u00e7\u00e3o in\u00e9dita de La Traviata | Encontra Centro SP\" \/>\n\t\t<meta property=\"og:description\" content=\"Ap\u00f3s a celebra\u00e7\u00e3o dos 90 anos da Semana de Arte Moderna de 22, ocorrida em fevereiro, o Theatro Municipal de S\u00e3o Paulo volta suas aten\u00e7\u00f5es para uma \u00f3pera cl\u00e1ssica de Giuseppe Verdi, La Traviata. Com estreia marcada para dia 22, a montagem in\u00e9dita ter\u00e1 r\u00e9citas que seguem at\u00e9 o in\u00edcio de abril. A produ\u00e7\u00e3o tem\" \/>\n\t\t<meta property=\"og:url\" content=\"https:\/\/www.encontracentrosaopaulo.com.br\/sobre\/centro-sp-theatro-municipal-encena-producao-inedita-de-la-traviata\/\" \/>\n\t\t<meta property=\"article:published_time\" content=\"2012-03-21T12:53:53+00:00\" \/>\n\t\t<meta property=\"article:modified_time\" content=\"2019-04-29T19:23:09+00:00\" \/>\n\t\t<meta name=\"twitter:card\" content=\"summary\" \/>\n\t\t<meta name=\"twitter:title\" content=\"Centro SP: Theatro Municipal encena produ\u00e7\u00e3o in\u00e9dita de La Traviata | Encontra Centro SP\" \/>\n\t\t<meta name=\"twitter:description\" content=\"Ap\u00f3s a celebra\u00e7\u00e3o dos 90 anos da Semana de Arte Moderna de 22, ocorrida em fevereiro, o Theatro Municipal de S\u00e3o Paulo volta suas aten\u00e7\u00f5es para uma \u00f3pera cl\u00e1ssica de Giuseppe Verdi, La Traviata. Com estreia marcada para dia 22, a montagem in\u00e9dita ter\u00e1 r\u00e9citas que seguem at\u00e9 o in\u00edcio de abril. A produ\u00e7\u00e3o tem\" \/>\n\t\t<script type=\"application\/ld+json\" class=\"aioseo-schema\">\n\t\t\t{\"@context\":\"https:\\\/\\\/schema.org\",\"@graph\":[{\"@type\":\"Article\",\"@id\":\"https:\\\/\\\/www.encontracentrosaopaulo.com.br\\\/sobre\\\/centro-sp-theatro-municipal-encena-producao-inedita-de-la-traviata\\\/#article\",\"name\":\"Centro SP: Theatro Municipal encena produ\\u00e7\\u00e3o in\\u00e9dita de La Traviata | Encontra Centro SP\",\"headline\":\"Centro SP: Theatro Municipal encena produ\\u00e7\\u00e3o in\\u00e9dita de La Traviata\",\"author\":{\"@id\":\"https:\\\/\\\/www.encontracentrosaopaulo.com.br\\\/sobre\\\/author\\\/ecentrosaopaulo\\\/#author\"},\"publisher\":{\"@id\":\"https:\\\/\\\/www.encontracentrosaopaulo.com.br\\\/sobre\\\/#organization\"},\"datePublished\":\"2012-03-21T10:53:53-03:00\",\"dateModified\":\"2019-04-29T16:23:09-03:00\",\"inLanguage\":\"pt-BR\",\"mainEntityOfPage\":{\"@id\":\"https:\\\/\\\/www.encontracentrosaopaulo.com.br\\\/sobre\\\/centro-sp-theatro-municipal-encena-producao-inedita-de-la-traviata\\\/#webpage\"},\"isPartOf\":{\"@id\":\"https:\\\/\\\/www.encontracentrosaopaulo.com.br\\\/sobre\\\/centro-sp-theatro-municipal-encena-producao-inedita-de-la-traviata\\\/#webpage\"},\"articleSection\":\"Not\\u00edcias Centro SP\"},{\"@type\":\"BreadcrumbList\",\"@id\":\"https:\\\/\\\/www.encontracentrosaopaulo.com.br\\\/sobre\\\/centro-sp-theatro-municipal-encena-producao-inedita-de-la-traviata\\\/#breadcrumblist\",\"itemListElement\":[{\"@type\":\"ListItem\",\"@id\":\"https:\\\/\\\/www.encontracentrosaopaulo.com.br\\\/sobre#listItem\",\"position\":1,\"name\":\"In\\u00edcio\",\"item\":\"https:\\\/\\\/www.encontracentrosaopaulo.com.br\\\/sobre\",\"nextItem\":{\"@type\":\"ListItem\",\"@id\":\"https:\\\/\\\/www.encontracentrosaopaulo.com.br\\\/sobre\\\/noticias-no-centro-sp\\\/#listItem\",\"name\":\"Not\\u00edcias Centro SP\"}},{\"@type\":\"ListItem\",\"@id\":\"https:\\\/\\\/www.encontracentrosaopaulo.com.br\\\/sobre\\\/noticias-no-centro-sp\\\/#listItem\",\"position\":2,\"name\":\"Not\\u00edcias Centro SP\",\"item\":\"https:\\\/\\\/www.encontracentrosaopaulo.com.br\\\/sobre\\\/noticias-no-centro-sp\\\/\",\"nextItem\":{\"@type\":\"ListItem\",\"@id\":\"https:\\\/\\\/www.encontracentrosaopaulo.com.br\\\/sobre\\\/centro-sp-theatro-municipal-encena-producao-inedita-de-la-traviata\\\/#listItem\",\"name\":\"Centro SP: Theatro Municipal encena produ\\u00e7\\u00e3o in\\u00e9dita de La Traviata\"},\"previousItem\":{\"@type\":\"ListItem\",\"@id\":\"https:\\\/\\\/www.encontracentrosaopaulo.com.br\\\/sobre#listItem\",\"name\":\"In\\u00edcio\"}},{\"@type\":\"ListItem\",\"@id\":\"https:\\\/\\\/www.encontracentrosaopaulo.com.br\\\/sobre\\\/centro-sp-theatro-municipal-encena-producao-inedita-de-la-traviata\\\/#listItem\",\"position\":3,\"name\":\"Centro SP: Theatro Municipal encena produ\\u00e7\\u00e3o in\\u00e9dita de La Traviata\",\"previousItem\":{\"@type\":\"ListItem\",\"@id\":\"https:\\\/\\\/www.encontracentrosaopaulo.com.br\\\/sobre\\\/noticias-no-centro-sp\\\/#listItem\",\"name\":\"Not\\u00edcias Centro SP\"}}]},{\"@type\":\"Organization\",\"@id\":\"https:\\\/\\\/www.encontracentrosaopaulo.com.br\\\/sobre\\\/#organization\",\"name\":\"Encontra Centro SP\",\"description\":\"Not\\u00edcias, eventos, informa\\u00e7\\u00f5es e dicas na cidade de Centro SP e regi\\u00e3o.\",\"url\":\"https:\\\/\\\/www.encontracentrosaopaulo.com.br\\\/sobre\\\/\"},{\"@type\":\"Person\",\"@id\":\"https:\\\/\\\/www.encontracentrosaopaulo.com.br\\\/sobre\\\/author\\\/ecentrosaopaulo\\\/#author\",\"url\":\"https:\\\/\\\/www.encontracentrosaopaulo.com.br\\\/sobre\\\/author\\\/ecentrosaopaulo\\\/\",\"name\":\"Encontra Centro SP\",\"image\":{\"@type\":\"ImageObject\",\"@id\":\"https:\\\/\\\/www.encontracentrosaopaulo.com.br\\\/sobre\\\/centro-sp-theatro-municipal-encena-producao-inedita-de-la-traviata\\\/#authorImage\",\"url\":\"https:\\\/\\\/secure.gravatar.com\\\/avatar\\\/507340682b8270222e1f208e23198b6ae7e2c6a1033ae84e99bc6bce4f82a387?s=96&d=mm&r=g\",\"width\":96,\"height\":96,\"caption\":\"Encontra Centro SP\"}},{\"@type\":\"WebPage\",\"@id\":\"https:\\\/\\\/www.encontracentrosaopaulo.com.br\\\/sobre\\\/centro-sp-theatro-municipal-encena-producao-inedita-de-la-traviata\\\/#webpage\",\"url\":\"https:\\\/\\\/www.encontracentrosaopaulo.com.br\\\/sobre\\\/centro-sp-theatro-municipal-encena-producao-inedita-de-la-traviata\\\/\",\"name\":\"Centro SP: Theatro Municipal encena produ\\u00e7\\u00e3o in\\u00e9dita de La Traviata | Encontra Centro SP\",\"description\":\"Ap\\u00f3s a celebra\\u00e7\\u00e3o dos 90 anos da Semana de Arte Moderna de 22, ocorrida em fevereiro, o Theatro Municipal de S\\u00e3o Paulo volta suas aten\\u00e7\\u00f5es para uma \\u00f3pera cl\\u00e1ssica de Giuseppe Verdi, La Traviata. Com estreia marcada para dia 22, a montagem in\\u00e9dita ter\\u00e1 r\\u00e9citas que seguem at\\u00e9 o in\\u00edcio de abril. A produ\\u00e7\\u00e3o tem\",\"inLanguage\":\"pt-BR\",\"isPartOf\":{\"@id\":\"https:\\\/\\\/www.encontracentrosaopaulo.com.br\\\/sobre\\\/#website\"},\"breadcrumb\":{\"@id\":\"https:\\\/\\\/www.encontracentrosaopaulo.com.br\\\/sobre\\\/centro-sp-theatro-municipal-encena-producao-inedita-de-la-traviata\\\/#breadcrumblist\"},\"author\":{\"@id\":\"https:\\\/\\\/www.encontracentrosaopaulo.com.br\\\/sobre\\\/author\\\/ecentrosaopaulo\\\/#author\"},\"creator\":{\"@id\":\"https:\\\/\\\/www.encontracentrosaopaulo.com.br\\\/sobre\\\/author\\\/ecentrosaopaulo\\\/#author\"},\"datePublished\":\"2012-03-21T10:53:53-03:00\",\"dateModified\":\"2019-04-29T16:23:09-03:00\"},{\"@type\":\"WebSite\",\"@id\":\"https:\\\/\\\/www.encontracentrosaopaulo.com.br\\\/sobre\\\/#website\",\"url\":\"https:\\\/\\\/www.encontracentrosaopaulo.com.br\\\/sobre\\\/\",\"name\":\"Encontra Centro SP\",\"description\":\"Not\\u00edcias, eventos, informa\\u00e7\\u00f5es e dicas na cidade de Centro SP e regi\\u00e3o.\",\"inLanguage\":\"pt-BR\",\"publisher\":{\"@id\":\"https:\\\/\\\/www.encontracentrosaopaulo.com.br\\\/sobre\\\/#organization\"}}]}\n\t\t<\/script>\n\t\t<!-- All in One SEO -->\n\n","aioseo_head_json":{"title":"Centro SP: Theatro Municipal encena produ\u00e7\u00e3o in\u00e9dita de La Traviata | Encontra Centro SP","description":"Ap\u00f3s a celebra\u00e7\u00e3o dos 90 anos da Semana de Arte Moderna de 22, ocorrida em fevereiro, o Theatro Municipal de S\u00e3o Paulo volta suas aten\u00e7\u00f5es para uma \u00f3pera cl\u00e1ssica de Giuseppe Verdi, La Traviata. Com estreia marcada para dia 22, a montagem in\u00e9dita ter\u00e1 r\u00e9citas que seguem at\u00e9 o in\u00edcio de abril. A produ\u00e7\u00e3o tem","canonical_url":"https:\/\/www.encontracentrosaopaulo.com.br\/sobre\/centro-sp-theatro-municipal-encena-producao-inedita-de-la-traviata\/","robots":"max-image-preview:large","keywords":"","webmasterTools":{"miscellaneous":""},"schema":{"@context":"https:\/\/schema.org","@graph":[{"@type":"Article","@id":"https:\/\/www.encontracentrosaopaulo.com.br\/sobre\/centro-sp-theatro-municipal-encena-producao-inedita-de-la-traviata\/#article","name":"Centro SP: Theatro Municipal encena produ\u00e7\u00e3o in\u00e9dita de La Traviata | Encontra Centro SP","headline":"Centro SP: Theatro Municipal encena produ\u00e7\u00e3o in\u00e9dita de La Traviata","author":{"@id":"https:\/\/www.encontracentrosaopaulo.com.br\/sobre\/author\/ecentrosaopaulo\/#author"},"publisher":{"@id":"https:\/\/www.encontracentrosaopaulo.com.br\/sobre\/#organization"},"datePublished":"2012-03-21T10:53:53-03:00","dateModified":"2019-04-29T16:23:09-03:00","inLanguage":"pt-BR","mainEntityOfPage":{"@id":"https:\/\/www.encontracentrosaopaulo.com.br\/sobre\/centro-sp-theatro-municipal-encena-producao-inedita-de-la-traviata\/#webpage"},"isPartOf":{"@id":"https:\/\/www.encontracentrosaopaulo.com.br\/sobre\/centro-sp-theatro-municipal-encena-producao-inedita-de-la-traviata\/#webpage"},"articleSection":"Not\u00edcias Centro SP"},{"@type":"BreadcrumbList","@id":"https:\/\/www.encontracentrosaopaulo.com.br\/sobre\/centro-sp-theatro-municipal-encena-producao-inedita-de-la-traviata\/#breadcrumblist","itemListElement":[{"@type":"ListItem","@id":"https:\/\/www.encontracentrosaopaulo.com.br\/sobre#listItem","position":1,"name":"In\u00edcio","item":"https:\/\/www.encontracentrosaopaulo.com.br\/sobre","nextItem":{"@type":"ListItem","@id":"https:\/\/www.encontracentrosaopaulo.com.br\/sobre\/noticias-no-centro-sp\/#listItem","name":"Not\u00edcias Centro SP"}},{"@type":"ListItem","@id":"https:\/\/www.encontracentrosaopaulo.com.br\/sobre\/noticias-no-centro-sp\/#listItem","position":2,"name":"Not\u00edcias Centro SP","item":"https:\/\/www.encontracentrosaopaulo.com.br\/sobre\/noticias-no-centro-sp\/","nextItem":{"@type":"ListItem","@id":"https:\/\/www.encontracentrosaopaulo.com.br\/sobre\/centro-sp-theatro-municipal-encena-producao-inedita-de-la-traviata\/#listItem","name":"Centro SP: Theatro Municipal encena produ\u00e7\u00e3o in\u00e9dita de La Traviata"},"previousItem":{"@type":"ListItem","@id":"https:\/\/www.encontracentrosaopaulo.com.br\/sobre#listItem","name":"In\u00edcio"}},{"@type":"ListItem","@id":"https:\/\/www.encontracentrosaopaulo.com.br\/sobre\/centro-sp-theatro-municipal-encena-producao-inedita-de-la-traviata\/#listItem","position":3,"name":"Centro SP: Theatro Municipal encena produ\u00e7\u00e3o in\u00e9dita de La Traviata","previousItem":{"@type":"ListItem","@id":"https:\/\/www.encontracentrosaopaulo.com.br\/sobre\/noticias-no-centro-sp\/#listItem","name":"Not\u00edcias Centro SP"}}]},{"@type":"Organization","@id":"https:\/\/www.encontracentrosaopaulo.com.br\/sobre\/#organization","name":"Encontra Centro SP","description":"Not\u00edcias, eventos, informa\u00e7\u00f5es e dicas na cidade de Centro SP e regi\u00e3o.","url":"https:\/\/www.encontracentrosaopaulo.com.br\/sobre\/"},{"@type":"Person","@id":"https:\/\/www.encontracentrosaopaulo.com.br\/sobre\/author\/ecentrosaopaulo\/#author","url":"https:\/\/www.encontracentrosaopaulo.com.br\/sobre\/author\/ecentrosaopaulo\/","name":"Encontra Centro SP","image":{"@type":"ImageObject","@id":"https:\/\/www.encontracentrosaopaulo.com.br\/sobre\/centro-sp-theatro-municipal-encena-producao-inedita-de-la-traviata\/#authorImage","url":"https:\/\/secure.gravatar.com\/avatar\/507340682b8270222e1f208e23198b6ae7e2c6a1033ae84e99bc6bce4f82a387?s=96&d=mm&r=g","width":96,"height":96,"caption":"Encontra Centro SP"}},{"@type":"WebPage","@id":"https:\/\/www.encontracentrosaopaulo.com.br\/sobre\/centro-sp-theatro-municipal-encena-producao-inedita-de-la-traviata\/#webpage","url":"https:\/\/www.encontracentrosaopaulo.com.br\/sobre\/centro-sp-theatro-municipal-encena-producao-inedita-de-la-traviata\/","name":"Centro SP: Theatro Municipal encena produ\u00e7\u00e3o in\u00e9dita de La Traviata | Encontra Centro SP","description":"Ap\u00f3s a celebra\u00e7\u00e3o dos 90 anos da Semana de Arte Moderna de 22, ocorrida em fevereiro, o Theatro Municipal de S\u00e3o Paulo volta suas aten\u00e7\u00f5es para uma \u00f3pera cl\u00e1ssica de Giuseppe Verdi, La Traviata. Com estreia marcada para dia 22, a montagem in\u00e9dita ter\u00e1 r\u00e9citas que seguem at\u00e9 o in\u00edcio de abril. A produ\u00e7\u00e3o tem","inLanguage":"pt-BR","isPartOf":{"@id":"https:\/\/www.encontracentrosaopaulo.com.br\/sobre\/#website"},"breadcrumb":{"@id":"https:\/\/www.encontracentrosaopaulo.com.br\/sobre\/centro-sp-theatro-municipal-encena-producao-inedita-de-la-traviata\/#breadcrumblist"},"author":{"@id":"https:\/\/www.encontracentrosaopaulo.com.br\/sobre\/author\/ecentrosaopaulo\/#author"},"creator":{"@id":"https:\/\/www.encontracentrosaopaulo.com.br\/sobre\/author\/ecentrosaopaulo\/#author"},"datePublished":"2012-03-21T10:53:53-03:00","dateModified":"2019-04-29T16:23:09-03:00"},{"@type":"WebSite","@id":"https:\/\/www.encontracentrosaopaulo.com.br\/sobre\/#website","url":"https:\/\/www.encontracentrosaopaulo.com.br\/sobre\/","name":"Encontra Centro SP","description":"Not\u00edcias, eventos, informa\u00e7\u00f5es e dicas na cidade de Centro SP e regi\u00e3o.","inLanguage":"pt-BR","publisher":{"@id":"https:\/\/www.encontracentrosaopaulo.com.br\/sobre\/#organization"}}]},"og:locale":"pt_BR","og:site_name":"Encontra Centro SP | Not\u00edcias, eventos, informa\u00e7\u00f5es e dicas na cidade de Centro SP e regi\u00e3o.","og:type":"article","og:title":"Centro SP: Theatro Municipal encena produ\u00e7\u00e3o in\u00e9dita de La Traviata | Encontra Centro SP","og:description":"Ap\u00f3s a celebra\u00e7\u00e3o dos 90 anos da Semana de Arte Moderna de 22, ocorrida em fevereiro, o Theatro Municipal de S\u00e3o Paulo volta suas aten\u00e7\u00f5es para uma \u00f3pera cl\u00e1ssica de Giuseppe Verdi, La Traviata. Com estreia marcada para dia 22, a montagem in\u00e9dita ter\u00e1 r\u00e9citas que seguem at\u00e9 o in\u00edcio de abril. A produ\u00e7\u00e3o tem","og:url":"https:\/\/www.encontracentrosaopaulo.com.br\/sobre\/centro-sp-theatro-municipal-encena-producao-inedita-de-la-traviata\/","article:published_time":"2012-03-21T12:53:53+00:00","article:modified_time":"2019-04-29T19:23:09+00:00","twitter:card":"summary","twitter:title":"Centro SP: Theatro Municipal encena produ\u00e7\u00e3o in\u00e9dita de La Traviata | Encontra Centro SP","twitter:description":"Ap\u00f3s a celebra\u00e7\u00e3o dos 90 anos da Semana de Arte Moderna de 22, ocorrida em fevereiro, o Theatro Municipal de S\u00e3o Paulo volta suas aten\u00e7\u00f5es para uma \u00f3pera cl\u00e1ssica de Giuseppe Verdi, La Traviata. Com estreia marcada para dia 22, a montagem in\u00e9dita ter\u00e1 r\u00e9citas que seguem at\u00e9 o in\u00edcio de abril. A produ\u00e7\u00e3o tem"},"aioseo_meta_data":{"post_id":"404","title":null,"description":null,"keywords":null,"keyphrases":null,"primary_term":null,"canonical_url":null,"og_title":null,"og_description":null,"og_object_type":"default","og_image_type":"default","og_image_url":null,"og_image_width":null,"og_image_height":null,"og_image_custom_url":null,"og_image_custom_fields":null,"og_video":null,"og_custom_url":null,"og_article_section":null,"og_article_tags":null,"twitter_use_og":false,"twitter_card":"default","twitter_image_type":"default","twitter_image_url":null,"twitter_image_custom_url":null,"twitter_image_custom_fields":null,"twitter_title":null,"twitter_description":null,"schema":{"blockGraphs":[],"customGraphs":[],"default":{"data":{"Article":[],"Course":[],"Dataset":[],"FAQPage":[],"Movie":[],"Person":[],"Product":[],"ProductReview":[],"Car":[],"Recipe":[],"Service":[],"SoftwareApplication":[],"WebPage":[]},"graphName":"Article","isEnabled":true},"graphs":[]},"schema_type":null,"schema_type_options":null,"pillar_content":false,"robots_default":true,"robots_noindex":false,"robots_noarchive":false,"robots_nosnippet":false,"robots_nofollow":false,"robots_noimageindex":false,"robots_noodp":false,"robots_notranslate":false,"robots_max_snippet":null,"robots_max_videopreview":null,"robots_max_imagepreview":"large","priority":null,"frequency":null,"local_seo":null,"breadcrumb_settings":null,"limit_modified_date":false,"ai":null,"created":"2021-01-18 18:53:39","updated":"2025-11-13 17:48:44","seo_analyzer_scan_date":null,"focus_keyword":null,"additional_keywords":null,"truseo_locale":null},"aioseo_breadcrumb":"<div class=\"aioseo-breadcrumbs\"><span class=\"aioseo-breadcrumb\">\n\t\t\t<a href=\"https:\/\/www.encontracentrosaopaulo.com.br\/sobre\" title=\"In\u00edcio\">In\u00edcio<\/a>\n\t\t<\/span><span class=\"aioseo-breadcrumb-separator\">&raquo;<\/span><span class=\"aioseo-breadcrumb\">\n\t\t\t<a href=\"https:\/\/www.encontracentrosaopaulo.com.br\/sobre\/noticias-no-centro-sp\/\" title=\"Not\u00edcias Centro SP\">Not\u00edcias Centro SP<\/a>\n\t\t<\/span><span class=\"aioseo-breadcrumb-separator\">&raquo;<\/span><span class=\"aioseo-breadcrumb\">\n\t\t\tCentro SP: Theatro Municipal encena produ\u00e7\u00e3o in\u00e9dita de La Traviata\n\t\t<\/span><\/div>","aioseo_breadcrumb_json":[{"label":"In\u00edcio","link":"https:\/\/www.encontracentrosaopaulo.com.br\/sobre"},{"label":"Not\u00edcias Centro SP","link":"https:\/\/www.encontracentrosaopaulo.com.br\/sobre\/noticias-no-centro-sp\/"},{"label":"Centro SP: Theatro Municipal encena produ\u00e7\u00e3o in\u00e9dita de La Traviata","link":"https:\/\/www.encontracentrosaopaulo.com.br\/sobre\/centro-sp-theatro-municipal-encena-producao-inedita-de-la-traviata\/"}],"_links":{"self":[{"href":"https:\/\/www.encontracentrosaopaulo.com.br\/sobre\/wp-json\/wp\/v2\/posts\/404","targetHints":{"allow":["GET"]}}],"collection":[{"href":"https:\/\/www.encontracentrosaopaulo.com.br\/sobre\/wp-json\/wp\/v2\/posts"}],"about":[{"href":"https:\/\/www.encontracentrosaopaulo.com.br\/sobre\/wp-json\/wp\/v2\/types\/post"}],"author":[{"embeddable":true,"href":"https:\/\/www.encontracentrosaopaulo.com.br\/sobre\/wp-json\/wp\/v2\/users\/1"}],"replies":[{"embeddable":true,"href":"https:\/\/www.encontracentrosaopaulo.com.br\/sobre\/wp-json\/wp\/v2\/comments?post=404"}],"version-history":[{"count":0,"href":"https:\/\/www.encontracentrosaopaulo.com.br\/sobre\/wp-json\/wp\/v2\/posts\/404\/revisions"}],"wp:attachment":[{"href":"https:\/\/www.encontracentrosaopaulo.com.br\/sobre\/wp-json\/wp\/v2\/media?parent=404"}],"wp:term":[{"taxonomy":"category","embeddable":true,"href":"https:\/\/www.encontracentrosaopaulo.com.br\/sobre\/wp-json\/wp\/v2\/categories?post=404"},{"taxonomy":"post_tag","embeddable":true,"href":"https:\/\/www.encontracentrosaopaulo.com.br\/sobre\/wp-json\/wp\/v2\/tags?post=404"}],"curies":[{"name":"wp","href":"https:\/\/api.w.org\/{rel}","templated":true}]}}