{"id":485,"date":"2012-04-09T11:28:35","date_gmt":"2012-04-09T13:28:35","guid":{"rendered":"http:\/\/www.encontracentrosaopaulo.com.br\/noticias\/?p=485"},"modified":"2019-04-29T16:23:08","modified_gmt":"2019-04-29T19:23:08","slug":"acidente-deixa-3-feridos-no-centro-de-sao-paulo","status":"publish","type":"post","link":"https:\/\/www.encontracentrosaopaulo.com.br\/sobre\/acidente-deixa-3-feridos-no-centro-de-sao-paulo\/","title":{"rendered":"Acidente deixa 3 feridos no Centro de S\u00e3o Paulo"},"content":{"rendered":"<div class=\"d6585b5127f45a35450431d0abc3f90c\" data-index=\"1\" style=\"float: none; margin:0px;\">\n<!-- Anuncio display - global -->\r\n<ins class=\"adsbygoogle\"\r\n     style=\"display:block\"\r\n     data-ad-client=\"ca-pub-8585364105181520\"\r\n     data-ad-slot=\"8789329856\"\r\n     data-ad-format=\"auto\"\r\n     data-full-width-responsive=\"true\"><\/ins>\r\n<script>\r\n     (adsbygoogle = window.adsbygoogle || []).push({});\r\n<\/script>\n<\/div>\n<p>Um acidente deixou tr\u00eas pessoas gravemente feridas na avenida Lacerda  Franco, no bairro da Liberdade, centro de S\u00e3o Paulo, por volta das 20h  do \u00faltimo s\u00e1bado, 7. Dois carros colidiram e uma pessoa ficou presa  dentro de um dos ve\u00edculos, que bateu em uma \u00e1rvore e a derrubou  parcialmente.<\/p>\n<p>De acordo com o Corpo de Bombeiros, duas viaturas se dirigiram ao local,  na altura do n\u00famero 1200 da avenida. Pelo menos uma moto tamb\u00e9m se  envolveu no acidente. Duas das v\u00edtimas foram levadas ao pronto-socorro  da Santa Casa. Outra pessoa, uma garota de 17 anos, foi encaminhada ao  hospital S\u00e3o Camilo.<\/p>\n<p><em>Fonte: Portal Terra<\/em><\/p>\n\n<div style=\"font-size: 0px; height: 0px; line-height: 0px; margin: 0; padding: 0; clear: both;\"><\/div>","protected":false},"excerpt":{"rendered":"<p>Um acidente deixou tr\u00eas pessoas gravemente feridas na avenida Lacerda Franco, no bairro da Liberdade, centro de S\u00e3o Paulo, por volta das 20h do \u00faltimo s\u00e1bado, 7. Dois carros colidiram e uma pessoa ficou presa dentro de um dos ve\u00edculos, que bateu em uma \u00e1rvore e a derrubou parcialmente. De acordo com o Corpo de Bombeiros, duas viaturas se dirigiram ao local, na altura do n\u00famero 1200 da avenida. Pelo menos uma moto tamb\u00e9m se envolveu no acidente. Duas das v\u00edtimas foram levadas ao pronto-socorro da Santa Casa. Outra pessoa, uma garota de 17 anos, foi encaminhada ao hospital S\u00e3o <\/p>\n","protected":false},"author":1,"featured_media":0,"comment_status":"open","ping_status":"closed","sticky":false,"template":"","format":"standard","meta":{"footnotes":""},"categories":[6],"tags":[],"class_list":["post-485","post","type-post","status-publish","format-standard","hentry","category-noticias-no-centro-sp"],"aioseo_notices":[],"aioseo_head":"\n\t\t<!-- All in One SEO 5.0.0.1 - aioseo.com -->\n\t<meta name=\"description\" content=\"Um acidente deixou tr\u00eas pessoas gravemente feridas na avenida Lacerda Franco, no bairro da Liberdade, centro de S\u00e3o Paulo, por volta das 20h do \u00faltimo s\u00e1bado, 7. Dois carros colidiram e uma pessoa ficou presa dentro de um dos ve\u00edculos, que bateu em uma \u00e1rvore e a derrubou parcialmente. De acordo com o Corpo de\" \/>\n\t<meta name=\"robots\" content=\"max-image-preview:large\" \/>\n\t<meta name=\"author\" content=\"Encontra Centro SP\"\/>\n\t<link rel=\"canonical\" href=\"https:\/\/www.encontracentrosaopaulo.com.br\/sobre\/acidente-deixa-3-feridos-no-centro-de-sao-paulo\/\" \/>\n\t<meta name=\"generator\" content=\"All in One SEO (AIOSEO) 5.0.0.1\" \/>\n\t\t<meta property=\"og:locale\" content=\"pt_BR\" \/>\n\t\t<meta property=\"og:site_name\" content=\"Encontra Centro SP | Not\u00edcias, eventos, informa\u00e7\u00f5es e dicas na cidade de Centro SP e regi\u00e3o.\" \/>\n\t\t<meta property=\"og:type\" content=\"article\" \/>\n\t\t<meta property=\"og:title\" content=\"Acidente deixa 3 feridos no Centro de S\u00e3o Paulo | Encontra Centro SP\" \/>\n\t\t<meta property=\"og:description\" content=\"Um acidente deixou tr\u00eas pessoas gravemente feridas na avenida Lacerda Franco, no bairro da Liberdade, centro de S\u00e3o Paulo, por volta das 20h do \u00faltimo s\u00e1bado, 7. Dois carros colidiram e uma pessoa ficou presa dentro de um dos ve\u00edculos, que bateu em uma \u00e1rvore e a derrubou parcialmente. De acordo com o Corpo de\" \/>\n\t\t<meta property=\"og:url\" content=\"https:\/\/www.encontracentrosaopaulo.com.br\/sobre\/acidente-deixa-3-feridos-no-centro-de-sao-paulo\/\" \/>\n\t\t<meta property=\"article:published_time\" content=\"2012-04-09T13:28:35+00:00\" \/>\n\t\t<meta property=\"article:modified_time\" content=\"2019-04-29T19:23:08+00:00\" \/>\n\t\t<meta name=\"twitter:card\" content=\"summary\" \/>\n\t\t<meta name=\"twitter:title\" content=\"Acidente deixa 3 feridos no Centro de S\u00e3o Paulo | Encontra Centro SP\" \/>\n\t\t<meta name=\"twitter:description\" content=\"Um acidente deixou tr\u00eas pessoas gravemente feridas na avenida Lacerda Franco, no bairro da Liberdade, centro de S\u00e3o Paulo, por volta das 20h do \u00faltimo s\u00e1bado, 7. Dois carros colidiram e uma pessoa ficou presa dentro de um dos ve\u00edculos, que bateu em uma \u00e1rvore e a derrubou parcialmente. De acordo com o Corpo de\" \/>\n\t\t<script type=\"application\/ld+json\" class=\"aioseo-schema\">\n\t\t\t{\"@context\":\"https:\\\/\\\/schema.org\",\"@graph\":[{\"@type\":\"Article\",\"@id\":\"https:\\\/\\\/www.encontracentrosaopaulo.com.br\\\/sobre\\\/acidente-deixa-3-feridos-no-centro-de-sao-paulo\\\/#article\",\"name\":\"Acidente deixa 3 feridos no Centro de S\\u00e3o Paulo | Encontra Centro SP\",\"headline\":\"Acidente deixa 3 feridos no Centro de S\\u00e3o Paulo\",\"author\":{\"@id\":\"https:\\\/\\\/www.encontracentrosaopaulo.com.br\\\/sobre\\\/author\\\/ecentrosaopaulo\\\/#author\"},\"publisher\":{\"@id\":\"https:\\\/\\\/www.encontracentrosaopaulo.com.br\\\/sobre\\\/#organization\"},\"datePublished\":\"2012-04-09T11:28:35-03:00\",\"dateModified\":\"2019-04-29T16:23:08-03:00\",\"inLanguage\":\"pt-BR\",\"mainEntityOfPage\":{\"@id\":\"https:\\\/\\\/www.encontracentrosaopaulo.com.br\\\/sobre\\\/acidente-deixa-3-feridos-no-centro-de-sao-paulo\\\/#webpage\"},\"isPartOf\":{\"@id\":\"https:\\\/\\\/www.encontracentrosaopaulo.com.br\\\/sobre\\\/acidente-deixa-3-feridos-no-centro-de-sao-paulo\\\/#webpage\"},\"articleSection\":\"Not\\u00edcias Centro SP\"},{\"@type\":\"BreadcrumbList\",\"@id\":\"https:\\\/\\\/www.encontracentrosaopaulo.com.br\\\/sobre\\\/acidente-deixa-3-feridos-no-centro-de-sao-paulo\\\/#breadcrumblist\",\"itemListElement\":[{\"@type\":\"ListItem\",\"@id\":\"https:\\\/\\\/www.encontracentrosaopaulo.com.br\\\/sobre#listItem\",\"position\":1,\"name\":\"In\\u00edcio\",\"item\":\"https:\\\/\\\/www.encontracentrosaopaulo.com.br\\\/sobre\",\"nextItem\":{\"@type\":\"ListItem\",\"@id\":\"https:\\\/\\\/www.encontracentrosaopaulo.com.br\\\/sobre\\\/noticias-no-centro-sp\\\/#listItem\",\"name\":\"Not\\u00edcias Centro SP\"}},{\"@type\":\"ListItem\",\"@id\":\"https:\\\/\\\/www.encontracentrosaopaulo.com.br\\\/sobre\\\/noticias-no-centro-sp\\\/#listItem\",\"position\":2,\"name\":\"Not\\u00edcias Centro SP\",\"item\":\"https:\\\/\\\/www.encontracentrosaopaulo.com.br\\\/sobre\\\/noticias-no-centro-sp\\\/\",\"nextItem\":{\"@type\":\"ListItem\",\"@id\":\"https:\\\/\\\/www.encontracentrosaopaulo.com.br\\\/sobre\\\/acidente-deixa-3-feridos-no-centro-de-sao-paulo\\\/#listItem\",\"name\":\"Acidente deixa 3 feridos no Centro de S\\u00e3o Paulo\"},\"previousItem\":{\"@type\":\"ListItem\",\"@id\":\"https:\\\/\\\/www.encontracentrosaopaulo.com.br\\\/sobre#listItem\",\"name\":\"In\\u00edcio\"}},{\"@type\":\"ListItem\",\"@id\":\"https:\\\/\\\/www.encontracentrosaopaulo.com.br\\\/sobre\\\/acidente-deixa-3-feridos-no-centro-de-sao-paulo\\\/#listItem\",\"position\":3,\"name\":\"Acidente deixa 3 feridos no Centro de S\\u00e3o Paulo\",\"previousItem\":{\"@type\":\"ListItem\",\"@id\":\"https:\\\/\\\/www.encontracentrosaopaulo.com.br\\\/sobre\\\/noticias-no-centro-sp\\\/#listItem\",\"name\":\"Not\\u00edcias Centro SP\"}}]},{\"@type\":\"Organization\",\"@id\":\"https:\\\/\\\/www.encontracentrosaopaulo.com.br\\\/sobre\\\/#organization\",\"name\":\"Encontra Centro SP\",\"description\":\"Not\\u00edcias, eventos, informa\\u00e7\\u00f5es e dicas na cidade de Centro SP e regi\\u00e3o.\",\"url\":\"https:\\\/\\\/www.encontracentrosaopaulo.com.br\\\/sobre\\\/\"},{\"@type\":\"Person\",\"@id\":\"https:\\\/\\\/www.encontracentrosaopaulo.com.br\\\/sobre\\\/author\\\/ecentrosaopaulo\\\/#author\",\"url\":\"https:\\\/\\\/www.encontracentrosaopaulo.com.br\\\/sobre\\\/author\\\/ecentrosaopaulo\\\/\",\"name\":\"Encontra Centro SP\",\"image\":{\"@type\":\"ImageObject\",\"@id\":\"https:\\\/\\\/www.encontracentrosaopaulo.com.br\\\/sobre\\\/acidente-deixa-3-feridos-no-centro-de-sao-paulo\\\/#authorImage\",\"url\":\"https:\\\/\\\/secure.gravatar.com\\\/avatar\\\/507340682b8270222e1f208e23198b6ae7e2c6a1033ae84e99bc6bce4f82a387?s=96&d=mm&r=g\",\"width\":96,\"height\":96,\"caption\":\"Encontra Centro SP\"}},{\"@type\":\"WebPage\",\"@id\":\"https:\\\/\\\/www.encontracentrosaopaulo.com.br\\\/sobre\\\/acidente-deixa-3-feridos-no-centro-de-sao-paulo\\\/#webpage\",\"url\":\"https:\\\/\\\/www.encontracentrosaopaulo.com.br\\\/sobre\\\/acidente-deixa-3-feridos-no-centro-de-sao-paulo\\\/\",\"name\":\"Acidente deixa 3 feridos no Centro de S\\u00e3o Paulo | Encontra Centro SP\",\"description\":\"Um acidente deixou tr\\u00eas pessoas gravemente feridas na avenida Lacerda Franco, no bairro da Liberdade, centro de S\\u00e3o Paulo, por volta das 20h do \\u00faltimo s\\u00e1bado, 7. Dois carros colidiram e uma pessoa ficou presa dentro de um dos ve\\u00edculos, que bateu em uma \\u00e1rvore e a derrubou parcialmente. De acordo com o Corpo de\",\"inLanguage\":\"pt-BR\",\"isPartOf\":{\"@id\":\"https:\\\/\\\/www.encontracentrosaopaulo.com.br\\\/sobre\\\/#website\"},\"breadcrumb\":{\"@id\":\"https:\\\/\\\/www.encontracentrosaopaulo.com.br\\\/sobre\\\/acidente-deixa-3-feridos-no-centro-de-sao-paulo\\\/#breadcrumblist\"},\"author\":{\"@id\":\"https:\\\/\\\/www.encontracentrosaopaulo.com.br\\\/sobre\\\/author\\\/ecentrosaopaulo\\\/#author\"},\"creator\":{\"@id\":\"https:\\\/\\\/www.encontracentrosaopaulo.com.br\\\/sobre\\\/author\\\/ecentrosaopaulo\\\/#author\"},\"datePublished\":\"2012-04-09T11:28:35-03:00\",\"dateModified\":\"2019-04-29T16:23:08-03:00\"},{\"@type\":\"WebSite\",\"@id\":\"https:\\\/\\\/www.encontracentrosaopaulo.com.br\\\/sobre\\\/#website\",\"url\":\"https:\\\/\\\/www.encontracentrosaopaulo.com.br\\\/sobre\\\/\",\"name\":\"Encontra Centro SP\",\"description\":\"Not\\u00edcias, eventos, informa\\u00e7\\u00f5es e dicas na cidade de Centro SP e regi\\u00e3o.\",\"inLanguage\":\"pt-BR\",\"publisher\":{\"@id\":\"https:\\\/\\\/www.encontracentrosaopaulo.com.br\\\/sobre\\\/#organization\"}}]}\n\t\t<\/script>\n\t\t<!-- All in One SEO -->\n\n","aioseo_head_json":{"title":"Acidente deixa 3 feridos no Centro de S\u00e3o Paulo | Encontra Centro SP","description":"Um acidente deixou tr\u00eas pessoas gravemente feridas na avenida Lacerda Franco, no bairro da Liberdade, centro de S\u00e3o Paulo, por volta das 20h do \u00faltimo s\u00e1bado, 7. Dois carros colidiram e uma pessoa ficou presa dentro de um dos ve\u00edculos, que bateu em uma \u00e1rvore e a derrubou parcialmente. De acordo com o Corpo de","canonical_url":"https:\/\/www.encontracentrosaopaulo.com.br\/sobre\/acidente-deixa-3-feridos-no-centro-de-sao-paulo\/","robots":"max-image-preview:large","keywords":"","webmasterTools":{"miscellaneous":""},"schema":{"@context":"https:\/\/schema.org","@graph":[{"@type":"Article","@id":"https:\/\/www.encontracentrosaopaulo.com.br\/sobre\/acidente-deixa-3-feridos-no-centro-de-sao-paulo\/#article","name":"Acidente deixa 3 feridos no Centro de S\u00e3o Paulo | Encontra Centro SP","headline":"Acidente deixa 3 feridos no Centro de S\u00e3o Paulo","author":{"@id":"https:\/\/www.encontracentrosaopaulo.com.br\/sobre\/author\/ecentrosaopaulo\/#author"},"publisher":{"@id":"https:\/\/www.encontracentrosaopaulo.com.br\/sobre\/#organization"},"datePublished":"2012-04-09T11:28:35-03:00","dateModified":"2019-04-29T16:23:08-03:00","inLanguage":"pt-BR","mainEntityOfPage":{"@id":"https:\/\/www.encontracentrosaopaulo.com.br\/sobre\/acidente-deixa-3-feridos-no-centro-de-sao-paulo\/#webpage"},"isPartOf":{"@id":"https:\/\/www.encontracentrosaopaulo.com.br\/sobre\/acidente-deixa-3-feridos-no-centro-de-sao-paulo\/#webpage"},"articleSection":"Not\u00edcias Centro SP"},{"@type":"BreadcrumbList","@id":"https:\/\/www.encontracentrosaopaulo.com.br\/sobre\/acidente-deixa-3-feridos-no-centro-de-sao-paulo\/#breadcrumblist","itemListElement":[{"@type":"ListItem","@id":"https:\/\/www.encontracentrosaopaulo.com.br\/sobre#listItem","position":1,"name":"In\u00edcio","item":"https:\/\/www.encontracentrosaopaulo.com.br\/sobre","nextItem":{"@type":"ListItem","@id":"https:\/\/www.encontracentrosaopaulo.com.br\/sobre\/noticias-no-centro-sp\/#listItem","name":"Not\u00edcias Centro SP"}},{"@type":"ListItem","@id":"https:\/\/www.encontracentrosaopaulo.com.br\/sobre\/noticias-no-centro-sp\/#listItem","position":2,"name":"Not\u00edcias Centro SP","item":"https:\/\/www.encontracentrosaopaulo.com.br\/sobre\/noticias-no-centro-sp\/","nextItem":{"@type":"ListItem","@id":"https:\/\/www.encontracentrosaopaulo.com.br\/sobre\/acidente-deixa-3-feridos-no-centro-de-sao-paulo\/#listItem","name":"Acidente deixa 3 feridos no Centro de S\u00e3o Paulo"},"previousItem":{"@type":"ListItem","@id":"https:\/\/www.encontracentrosaopaulo.com.br\/sobre#listItem","name":"In\u00edcio"}},{"@type":"ListItem","@id":"https:\/\/www.encontracentrosaopaulo.com.br\/sobre\/acidente-deixa-3-feridos-no-centro-de-sao-paulo\/#listItem","position":3,"name":"Acidente deixa 3 feridos no Centro de S\u00e3o Paulo","previousItem":{"@type":"ListItem","@id":"https:\/\/www.encontracentrosaopaulo.com.br\/sobre\/noticias-no-centro-sp\/#listItem","name":"Not\u00edcias Centro SP"}}]},{"@type":"Organization","@id":"https:\/\/www.encontracentrosaopaulo.com.br\/sobre\/#organization","name":"Encontra Centro SP","description":"Not\u00edcias, eventos, informa\u00e7\u00f5es e dicas na cidade de Centro SP e regi\u00e3o.","url":"https:\/\/www.encontracentrosaopaulo.com.br\/sobre\/"},{"@type":"Person","@id":"https:\/\/www.encontracentrosaopaulo.com.br\/sobre\/author\/ecentrosaopaulo\/#author","url":"https:\/\/www.encontracentrosaopaulo.com.br\/sobre\/author\/ecentrosaopaulo\/","name":"Encontra Centro SP","image":{"@type":"ImageObject","@id":"https:\/\/www.encontracentrosaopaulo.com.br\/sobre\/acidente-deixa-3-feridos-no-centro-de-sao-paulo\/#authorImage","url":"https:\/\/secure.gravatar.com\/avatar\/507340682b8270222e1f208e23198b6ae7e2c6a1033ae84e99bc6bce4f82a387?s=96&d=mm&r=g","width":96,"height":96,"caption":"Encontra Centro SP"}},{"@type":"WebPage","@id":"https:\/\/www.encontracentrosaopaulo.com.br\/sobre\/acidente-deixa-3-feridos-no-centro-de-sao-paulo\/#webpage","url":"https:\/\/www.encontracentrosaopaulo.com.br\/sobre\/acidente-deixa-3-feridos-no-centro-de-sao-paulo\/","name":"Acidente deixa 3 feridos no Centro de S\u00e3o Paulo | Encontra Centro SP","description":"Um acidente deixou tr\u00eas pessoas gravemente feridas na avenida Lacerda Franco, no bairro da Liberdade, centro de S\u00e3o Paulo, por volta das 20h do \u00faltimo s\u00e1bado, 7. Dois carros colidiram e uma pessoa ficou presa dentro de um dos ve\u00edculos, que bateu em uma \u00e1rvore e a derrubou parcialmente. De acordo com o Corpo de","inLanguage":"pt-BR","isPartOf":{"@id":"https:\/\/www.encontracentrosaopaulo.com.br\/sobre\/#website"},"breadcrumb":{"@id":"https:\/\/www.encontracentrosaopaulo.com.br\/sobre\/acidente-deixa-3-feridos-no-centro-de-sao-paulo\/#breadcrumblist"},"author":{"@id":"https:\/\/www.encontracentrosaopaulo.com.br\/sobre\/author\/ecentrosaopaulo\/#author"},"creator":{"@id":"https:\/\/www.encontracentrosaopaulo.com.br\/sobre\/author\/ecentrosaopaulo\/#author"},"datePublished":"2012-04-09T11:28:35-03:00","dateModified":"2019-04-29T16:23:08-03:00"},{"@type":"WebSite","@id":"https:\/\/www.encontracentrosaopaulo.com.br\/sobre\/#website","url":"https:\/\/www.encontracentrosaopaulo.com.br\/sobre\/","name":"Encontra Centro SP","description":"Not\u00edcias, eventos, informa\u00e7\u00f5es e dicas na cidade de Centro SP e regi\u00e3o.","inLanguage":"pt-BR","publisher":{"@id":"https:\/\/www.encontracentrosaopaulo.com.br\/sobre\/#organization"}}]},"og:locale":"pt_BR","og:site_name":"Encontra Centro SP | Not\u00edcias, eventos, informa\u00e7\u00f5es e dicas na cidade de Centro SP e regi\u00e3o.","og:type":"article","og:title":"Acidente deixa 3 feridos no Centro de S\u00e3o Paulo | Encontra Centro SP","og:description":"Um acidente deixou tr\u00eas pessoas gravemente feridas na avenida Lacerda Franco, no bairro da Liberdade, centro de S\u00e3o Paulo, por volta das 20h do \u00faltimo s\u00e1bado, 7. Dois carros colidiram e uma pessoa ficou presa dentro de um dos ve\u00edculos, que bateu em uma \u00e1rvore e a derrubou parcialmente. De acordo com o Corpo de","og:url":"https:\/\/www.encontracentrosaopaulo.com.br\/sobre\/acidente-deixa-3-feridos-no-centro-de-sao-paulo\/","article:published_time":"2012-04-09T13:28:35+00:00","article:modified_time":"2019-04-29T19:23:08+00:00","twitter:card":"summary","twitter:title":"Acidente deixa 3 feridos no Centro de S\u00e3o Paulo | Encontra Centro SP","twitter:description":"Um acidente deixou tr\u00eas pessoas gravemente feridas na avenida Lacerda Franco, no bairro da Liberdade, centro de S\u00e3o Paulo, por volta das 20h do \u00faltimo s\u00e1bado, 7. Dois carros colidiram e uma pessoa ficou presa dentro de um dos ve\u00edculos, que bateu em uma \u00e1rvore e a derrubou parcialmente. De acordo com o Corpo de"},"aioseo_meta_data":{"post_id":"485","title":null,"description":null,"keywords":null,"keyphrases":null,"primary_term":null,"canonical_url":null,"og_title":null,"og_description":null,"og_object_type":"default","og_image_type":"default","og_image_url":null,"og_image_width":null,"og_image_height":null,"og_image_custom_url":null,"og_image_custom_fields":null,"og_video":null,"og_custom_url":null,"og_article_section":null,"og_article_tags":null,"twitter_use_og":false,"twitter_card":"default","twitter_image_type":"default","twitter_image_url":null,"twitter_image_custom_url":null,"twitter_image_custom_fields":null,"twitter_title":null,"twitter_description":null,"schema":{"blockGraphs":[],"customGraphs":[],"default":{"data":{"Article":[],"Course":[],"Dataset":[],"FAQPage":[],"Movie":[],"Person":[],"Product":[],"ProductReview":[],"Car":[],"Recipe":[],"Service":[],"SoftwareApplication":[],"WebPage":[]},"graphName":"Article","isEnabled":true},"graphs":[]},"schema_type":null,"schema_type_options":null,"pillar_content":false,"robots_default":true,"robots_noindex":false,"robots_noarchive":false,"robots_nosnippet":false,"robots_nofollow":false,"robots_noimageindex":false,"robots_noodp":false,"robots_notranslate":false,"robots_max_snippet":null,"robots_max_videopreview":null,"robots_max_imagepreview":"large","priority":null,"frequency":null,"local_seo":null,"breadcrumb_settings":null,"limit_modified_date":false,"ai":null,"created":"2021-01-18 18:53:39","updated":"2025-11-13 21:57:33","seo_analyzer_scan_date":null,"focus_keyword":null,"additional_keywords":null,"truseo_locale":null},"aioseo_breadcrumb":"<div class=\"aioseo-breadcrumbs\"><span class=\"aioseo-breadcrumb\">\n\t\t\t<a href=\"https:\/\/www.encontracentrosaopaulo.com.br\/sobre\" title=\"In\u00edcio\">In\u00edcio<\/a>\n\t\t<\/span><span class=\"aioseo-breadcrumb-separator\">&raquo;<\/span><span class=\"aioseo-breadcrumb\">\n\t\t\t<a href=\"https:\/\/www.encontracentrosaopaulo.com.br\/sobre\/noticias-no-centro-sp\/\" title=\"Not\u00edcias Centro SP\">Not\u00edcias Centro SP<\/a>\n\t\t<\/span><span class=\"aioseo-breadcrumb-separator\">&raquo;<\/span><span class=\"aioseo-breadcrumb\">\n\t\t\tAcidente deixa 3 feridos no Centro de S\u00e3o Paulo\n\t\t<\/span><\/div>","aioseo_breadcrumb_json":[{"label":"In\u00edcio","link":"https:\/\/www.encontracentrosaopaulo.com.br\/sobre"},{"label":"Not\u00edcias Centro SP","link":"https:\/\/www.encontracentrosaopaulo.com.br\/sobre\/noticias-no-centro-sp\/"},{"label":"Acidente deixa 3 feridos no Centro de S\u00e3o Paulo","link":"https:\/\/www.encontracentrosaopaulo.com.br\/sobre\/acidente-deixa-3-feridos-no-centro-de-sao-paulo\/"}],"_links":{"self":[{"href":"https:\/\/www.encontracentrosaopaulo.com.br\/sobre\/wp-json\/wp\/v2\/posts\/485","targetHints":{"allow":["GET"]}}],"collection":[{"href":"https:\/\/www.encontracentrosaopaulo.com.br\/sobre\/wp-json\/wp\/v2\/posts"}],"about":[{"href":"https:\/\/www.encontracentrosaopaulo.com.br\/sobre\/wp-json\/wp\/v2\/types\/post"}],"author":[{"embeddable":true,"href":"https:\/\/www.encontracentrosaopaulo.com.br\/sobre\/wp-json\/wp\/v2\/users\/1"}],"replies":[{"embeddable":true,"href":"https:\/\/www.encontracentrosaopaulo.com.br\/sobre\/wp-json\/wp\/v2\/comments?post=485"}],"version-history":[{"count":0,"href":"https:\/\/www.encontracentrosaopaulo.com.br\/sobre\/wp-json\/wp\/v2\/posts\/485\/revisions"}],"wp:attachment":[{"href":"https:\/\/www.encontracentrosaopaulo.com.br\/sobre\/wp-json\/wp\/v2\/media?parent=485"}],"wp:term":[{"taxonomy":"category","embeddable":true,"href":"https:\/\/www.encontracentrosaopaulo.com.br\/sobre\/wp-json\/wp\/v2\/categories?post=485"},{"taxonomy":"post_tag","embeddable":true,"href":"https:\/\/www.encontracentrosaopaulo.com.br\/sobre\/wp-json\/wp\/v2\/tags?post=485"}],"curies":[{"name":"wp","href":"https:\/\/api.w.org\/{rel}","templated":true}]}}