{"id":5552,"date":"2013-09-02T10:07:19","date_gmt":"2013-09-02T12:07:19","guid":{"rendered":"http:\/\/www.encontracentrosaopaulo.com.br\/noticias\/?p=5552"},"modified":"2019-04-29T16:20:03","modified_gmt":"2019-04-29T19:20:03","slug":"centro-museu-da-diversidade-recebe-exposicao-crisalidas","status":"publish","type":"post","link":"https:\/\/www.encontracentrosaopaulo.com.br\/sobre\/centro-museu-da-diversidade-recebe-exposicao-crisalidas\/","title":{"rendered":"Centro: Museu da Diversidade recebe exposi\u00e7\u00e3o Cris\u00e1lidas"},"content":{"rendered":"<div class=\"d6585b5127f45a35450431d0abc3f90c\" data-index=\"1\" style=\"float: none; margin:0px;\">\n<!-- Anuncio display - global -->\r\n<ins class=\"adsbygoogle\"\r\n     style=\"display:block\"\r\n     data-ad-client=\"ca-pub-8585364105181520\"\r\n     data-ad-slot=\"8789329856\"\r\n     data-ad-format=\"auto\"\r\n     data-full-width-responsive=\"true\"><\/ins>\r\n<script>\r\n     (adsbygoogle = window.adsbygoogle || []).push({});\r\n<\/script>\n<\/div>\n<p>Mostra Cris\u00e1lidas, da fot\u00f3grafa Madalena Schwartz, no Museu da Diversidade, entra em seu \u00faltimo m\u00eas.<\/p>\n<p>A entrada \u00e9 gratuita e a exposi\u00e7\u00e3o vai at\u00e9 30 de setembro. Travestis, transformistas e personagens do teatro underground paulista se encontram.<\/p>\n<p>A mostra re\u00fane 34 imagens tiradas num est\u00fadio improvisado, na casa de Madalena, no edif\u00edcio Copan, ao longo dos anos 70. Isto acabou criando uma rela\u00e7\u00e3o de proximidade da fot\u00f3grafa com os modelos, geralmente artistas do grupo Secos &amp; Molhados e Dzi Croquettes, que eram os \u00edcones do universo LGBT paulistano na \u00e9poca.<\/p>\n<p>Apesar da Ditadura Militar, os temas ligados \u00e0 diversidade e liberdade sexual ganharam mais visibilidade, sendo um per\u00edodo marcado pela transgress\u00e3o.<\/p>\n<p>Jorge Schwartz, filho de Madalena e diretor do Museu Lasar Segall, \u00e9 o respons\u00e1vel pela curadoria da exposi\u00e7\u00e3o.<\/p>\n<p><strong>INFORMA\u00c7\u00d5ES DO EVENTO<\/strong><\/p>\n<p><strong> Data(s):<\/strong> At\u00e9 30 de setembro de 2013<br \/>\n<strong> Hor\u00e1rio(s):<\/strong> Hor\u00e1rio de funcionamento do metr\u00f4<br \/>\n<strong>\u00a0\u00a0 Pre\u00e7o(s):<\/strong> Entrada gratuita<br \/>\n<strong>\u00a0\u00a0\u00a0 Onde:<\/strong> Esta\u00e7\u00e3o Rep\u00fablica do Metr\u00f4<br \/>\n<strong> Endere\u00e7o:<\/strong> Rua do Arouche, 24 &#8211; Centro de SP<\/p>\n\n<div style=\"font-size: 0px; height: 0px; line-height: 0px; margin: 0; padding: 0; clear: both;\"><\/div>","protected":false},"excerpt":{"rendered":"<p>Mostra Cris\u00e1lidas, da fot\u00f3grafa Madalena Schwartz, no Museu da Diversidade, entra em seu \u00faltimo m\u00eas. A entrada \u00e9 gratuita e a exposi\u00e7\u00e3o vai at\u00e9 30 de setembro. Travestis, transformistas e personagens do teatro underground paulista se encontram. A mostra re\u00fane 34 imagens tiradas num est\u00fadio improvisado, na casa de Madalena, no edif\u00edcio Copan, ao longo dos anos 70. Isto acabou criando uma rela\u00e7\u00e3o de proximidade da fot\u00f3grafa com os modelos, geralmente artistas do grupo Secos &amp; Molhados e Dzi Croquettes, que eram os \u00edcones do universo LGBT paulistano na \u00e9poca. Apesar da Ditadura Militar, os temas ligados \u00e0 diversidade e <\/p>\n","protected":false},"author":1,"featured_media":0,"comment_status":"open","ping_status":"closed","sticky":false,"template":"","format":"standard","meta":{"footnotes":""},"categories":[6],"tags":[],"class_list":["post-5552","post","type-post","status-publish","format-standard","hentry","category-noticias-no-centro-sp"],"aioseo_notices":[],"aioseo_head":"\n\t\t<!-- All in One SEO 5.0.0.1 - aioseo.com -->\n\t<meta name=\"description\" content=\"Mostra Cris\u00e1lidas, da fot\u00f3grafa Madalena Schwartz, no Museu da Diversidade, entra em seu \u00faltimo m\u00eas. A entrada \u00e9 gratuita e a exposi\u00e7\u00e3o vai at\u00e9 30 de setembro. Travestis, transformistas e personagens do teatro underground paulista se encontram. A mostra re\u00fane 34 imagens tiradas num est\u00fadio improvisado, na casa de Madalena, no edif\u00edcio Copan, ao longo\" \/>\n\t<meta name=\"robots\" content=\"max-image-preview:large\" \/>\n\t<meta name=\"author\" content=\"Encontra Centro SP\"\/>\n\t<link rel=\"canonical\" href=\"https:\/\/www.encontracentrosaopaulo.com.br\/sobre\/centro-museu-da-diversidade-recebe-exposicao-crisalidas\/\" \/>\n\t<meta name=\"generator\" content=\"All in One SEO (AIOSEO) 5.0.0.1\" \/>\n\t\t<meta property=\"og:locale\" content=\"pt_BR\" \/>\n\t\t<meta property=\"og:site_name\" content=\"Encontra Centro SP | Not\u00edcias, eventos, informa\u00e7\u00f5es e dicas na cidade de Centro SP e regi\u00e3o.\" \/>\n\t\t<meta property=\"og:type\" content=\"article\" \/>\n\t\t<meta property=\"og:title\" content=\"Centro: Museu da Diversidade recebe exposi\u00e7\u00e3o Cris\u00e1lidas | Encontra Centro SP\" \/>\n\t\t<meta property=\"og:description\" content=\"Mostra Cris\u00e1lidas, da fot\u00f3grafa Madalena Schwartz, no Museu da Diversidade, entra em seu \u00faltimo m\u00eas. A entrada \u00e9 gratuita e a exposi\u00e7\u00e3o vai at\u00e9 30 de setembro. Travestis, transformistas e personagens do teatro underground paulista se encontram. A mostra re\u00fane 34 imagens tiradas num est\u00fadio improvisado, na casa de Madalena, no edif\u00edcio Copan, ao longo\" \/>\n\t\t<meta property=\"og:url\" content=\"https:\/\/www.encontracentrosaopaulo.com.br\/sobre\/centro-museu-da-diversidade-recebe-exposicao-crisalidas\/\" \/>\n\t\t<meta property=\"article:published_time\" content=\"2013-09-02T12:07:19+00:00\" \/>\n\t\t<meta property=\"article:modified_time\" content=\"2019-04-29T19:20:03+00:00\" \/>\n\t\t<meta name=\"twitter:card\" content=\"summary\" \/>\n\t\t<meta name=\"twitter:title\" content=\"Centro: Museu da Diversidade recebe exposi\u00e7\u00e3o Cris\u00e1lidas | Encontra Centro SP\" \/>\n\t\t<meta name=\"twitter:description\" content=\"Mostra Cris\u00e1lidas, da fot\u00f3grafa Madalena Schwartz, no Museu da Diversidade, entra em seu \u00faltimo m\u00eas. A entrada \u00e9 gratuita e a exposi\u00e7\u00e3o vai at\u00e9 30 de setembro. Travestis, transformistas e personagens do teatro underground paulista se encontram. A mostra re\u00fane 34 imagens tiradas num est\u00fadio improvisado, na casa de Madalena, no edif\u00edcio Copan, ao longo\" \/>\n\t\t<script type=\"application\/ld+json\" class=\"aioseo-schema\">\n\t\t\t{\"@context\":\"https:\\\/\\\/schema.org\",\"@graph\":[{\"@type\":\"Article\",\"@id\":\"https:\\\/\\\/www.encontracentrosaopaulo.com.br\\\/sobre\\\/centro-museu-da-diversidade-recebe-exposicao-crisalidas\\\/#article\",\"name\":\"Centro: Museu da Diversidade recebe exposi\\u00e7\\u00e3o Cris\\u00e1lidas | Encontra Centro SP\",\"headline\":\"Centro: Museu da Diversidade recebe exposi\\u00e7\\u00e3o Cris\\u00e1lidas\",\"author\":{\"@id\":\"https:\\\/\\\/www.encontracentrosaopaulo.com.br\\\/sobre\\\/author\\\/ecentrosaopaulo\\\/#author\"},\"publisher\":{\"@id\":\"https:\\\/\\\/www.encontracentrosaopaulo.com.br\\\/sobre\\\/#organization\"},\"datePublished\":\"2013-09-02T10:07:19-03:00\",\"dateModified\":\"2019-04-29T16:20:03-03:00\",\"inLanguage\":\"pt-BR\",\"mainEntityOfPage\":{\"@id\":\"https:\\\/\\\/www.encontracentrosaopaulo.com.br\\\/sobre\\\/centro-museu-da-diversidade-recebe-exposicao-crisalidas\\\/#webpage\"},\"isPartOf\":{\"@id\":\"https:\\\/\\\/www.encontracentrosaopaulo.com.br\\\/sobre\\\/centro-museu-da-diversidade-recebe-exposicao-crisalidas\\\/#webpage\"},\"articleSection\":\"Not\\u00edcias Centro SP\"},{\"@type\":\"BreadcrumbList\",\"@id\":\"https:\\\/\\\/www.encontracentrosaopaulo.com.br\\\/sobre\\\/centro-museu-da-diversidade-recebe-exposicao-crisalidas\\\/#breadcrumblist\",\"itemListElement\":[{\"@type\":\"ListItem\",\"@id\":\"https:\\\/\\\/www.encontracentrosaopaulo.com.br\\\/sobre#listItem\",\"position\":1,\"name\":\"In\\u00edcio\",\"item\":\"https:\\\/\\\/www.encontracentrosaopaulo.com.br\\\/sobre\",\"nextItem\":{\"@type\":\"ListItem\",\"@id\":\"https:\\\/\\\/www.encontracentrosaopaulo.com.br\\\/sobre\\\/noticias-no-centro-sp\\\/#listItem\",\"name\":\"Not\\u00edcias Centro SP\"}},{\"@type\":\"ListItem\",\"@id\":\"https:\\\/\\\/www.encontracentrosaopaulo.com.br\\\/sobre\\\/noticias-no-centro-sp\\\/#listItem\",\"position\":2,\"name\":\"Not\\u00edcias Centro SP\",\"item\":\"https:\\\/\\\/www.encontracentrosaopaulo.com.br\\\/sobre\\\/noticias-no-centro-sp\\\/\",\"nextItem\":{\"@type\":\"ListItem\",\"@id\":\"https:\\\/\\\/www.encontracentrosaopaulo.com.br\\\/sobre\\\/centro-museu-da-diversidade-recebe-exposicao-crisalidas\\\/#listItem\",\"name\":\"Centro: Museu da Diversidade recebe exposi\\u00e7\\u00e3o Cris\\u00e1lidas\"},\"previousItem\":{\"@type\":\"ListItem\",\"@id\":\"https:\\\/\\\/www.encontracentrosaopaulo.com.br\\\/sobre#listItem\",\"name\":\"In\\u00edcio\"}},{\"@type\":\"ListItem\",\"@id\":\"https:\\\/\\\/www.encontracentrosaopaulo.com.br\\\/sobre\\\/centro-museu-da-diversidade-recebe-exposicao-crisalidas\\\/#listItem\",\"position\":3,\"name\":\"Centro: Museu da Diversidade recebe exposi\\u00e7\\u00e3o Cris\\u00e1lidas\",\"previousItem\":{\"@type\":\"ListItem\",\"@id\":\"https:\\\/\\\/www.encontracentrosaopaulo.com.br\\\/sobre\\\/noticias-no-centro-sp\\\/#listItem\",\"name\":\"Not\\u00edcias Centro SP\"}}]},{\"@type\":\"Organization\",\"@id\":\"https:\\\/\\\/www.encontracentrosaopaulo.com.br\\\/sobre\\\/#organization\",\"name\":\"Encontra Centro SP\",\"description\":\"Not\\u00edcias, eventos, informa\\u00e7\\u00f5es e dicas na cidade de Centro SP e regi\\u00e3o.\",\"url\":\"https:\\\/\\\/www.encontracentrosaopaulo.com.br\\\/sobre\\\/\"},{\"@type\":\"Person\",\"@id\":\"https:\\\/\\\/www.encontracentrosaopaulo.com.br\\\/sobre\\\/author\\\/ecentrosaopaulo\\\/#author\",\"url\":\"https:\\\/\\\/www.encontracentrosaopaulo.com.br\\\/sobre\\\/author\\\/ecentrosaopaulo\\\/\",\"name\":\"Encontra Centro SP\",\"image\":{\"@type\":\"ImageObject\",\"@id\":\"https:\\\/\\\/www.encontracentrosaopaulo.com.br\\\/sobre\\\/centro-museu-da-diversidade-recebe-exposicao-crisalidas\\\/#authorImage\",\"url\":\"https:\\\/\\\/secure.gravatar.com\\\/avatar\\\/507340682b8270222e1f208e23198b6ae7e2c6a1033ae84e99bc6bce4f82a387?s=96&d=mm&r=g\",\"width\":96,\"height\":96,\"caption\":\"Encontra Centro SP\"}},{\"@type\":\"WebPage\",\"@id\":\"https:\\\/\\\/www.encontracentrosaopaulo.com.br\\\/sobre\\\/centro-museu-da-diversidade-recebe-exposicao-crisalidas\\\/#webpage\",\"url\":\"https:\\\/\\\/www.encontracentrosaopaulo.com.br\\\/sobre\\\/centro-museu-da-diversidade-recebe-exposicao-crisalidas\\\/\",\"name\":\"Centro: Museu da Diversidade recebe exposi\\u00e7\\u00e3o Cris\\u00e1lidas | Encontra Centro SP\",\"description\":\"Mostra Cris\\u00e1lidas, da fot\\u00f3grafa Madalena Schwartz, no Museu da Diversidade, entra em seu \\u00faltimo m\\u00eas. A entrada \\u00e9 gratuita e a exposi\\u00e7\\u00e3o vai at\\u00e9 30 de setembro. Travestis, transformistas e personagens do teatro underground paulista se encontram. A mostra re\\u00fane 34 imagens tiradas num est\\u00fadio improvisado, na casa de Madalena, no edif\\u00edcio Copan, ao longo\",\"inLanguage\":\"pt-BR\",\"isPartOf\":{\"@id\":\"https:\\\/\\\/www.encontracentrosaopaulo.com.br\\\/sobre\\\/#website\"},\"breadcrumb\":{\"@id\":\"https:\\\/\\\/www.encontracentrosaopaulo.com.br\\\/sobre\\\/centro-museu-da-diversidade-recebe-exposicao-crisalidas\\\/#breadcrumblist\"},\"author\":{\"@id\":\"https:\\\/\\\/www.encontracentrosaopaulo.com.br\\\/sobre\\\/author\\\/ecentrosaopaulo\\\/#author\"},\"creator\":{\"@id\":\"https:\\\/\\\/www.encontracentrosaopaulo.com.br\\\/sobre\\\/author\\\/ecentrosaopaulo\\\/#author\"},\"datePublished\":\"2013-09-02T10:07:19-03:00\",\"dateModified\":\"2019-04-29T16:20:03-03:00\"},{\"@type\":\"WebSite\",\"@id\":\"https:\\\/\\\/www.encontracentrosaopaulo.com.br\\\/sobre\\\/#website\",\"url\":\"https:\\\/\\\/www.encontracentrosaopaulo.com.br\\\/sobre\\\/\",\"name\":\"Encontra Centro SP\",\"description\":\"Not\\u00edcias, eventos, informa\\u00e7\\u00f5es e dicas na cidade de Centro SP e regi\\u00e3o.\",\"inLanguage\":\"pt-BR\",\"publisher\":{\"@id\":\"https:\\\/\\\/www.encontracentrosaopaulo.com.br\\\/sobre\\\/#organization\"}}]}\n\t\t<\/script>\n\t\t<!-- All in One SEO -->\n\n","aioseo_head_json":{"title":"Centro: Museu da Diversidade recebe exposi\u00e7\u00e3o Cris\u00e1lidas | Encontra Centro SP","description":"Mostra Cris\u00e1lidas, da fot\u00f3grafa Madalena Schwartz, no Museu da Diversidade, entra em seu \u00faltimo m\u00eas. A entrada \u00e9 gratuita e a exposi\u00e7\u00e3o vai at\u00e9 30 de setembro. Travestis, transformistas e personagens do teatro underground paulista se encontram. A mostra re\u00fane 34 imagens tiradas num est\u00fadio improvisado, na casa de Madalena, no edif\u00edcio Copan, ao longo","canonical_url":"https:\/\/www.encontracentrosaopaulo.com.br\/sobre\/centro-museu-da-diversidade-recebe-exposicao-crisalidas\/","robots":"max-image-preview:large","keywords":"","webmasterTools":{"miscellaneous":""},"schema":{"@context":"https:\/\/schema.org","@graph":[{"@type":"Article","@id":"https:\/\/www.encontracentrosaopaulo.com.br\/sobre\/centro-museu-da-diversidade-recebe-exposicao-crisalidas\/#article","name":"Centro: Museu da Diversidade recebe exposi\u00e7\u00e3o Cris\u00e1lidas | Encontra Centro SP","headline":"Centro: Museu da Diversidade recebe exposi\u00e7\u00e3o Cris\u00e1lidas","author":{"@id":"https:\/\/www.encontracentrosaopaulo.com.br\/sobre\/author\/ecentrosaopaulo\/#author"},"publisher":{"@id":"https:\/\/www.encontracentrosaopaulo.com.br\/sobre\/#organization"},"datePublished":"2013-09-02T10:07:19-03:00","dateModified":"2019-04-29T16:20:03-03:00","inLanguage":"pt-BR","mainEntityOfPage":{"@id":"https:\/\/www.encontracentrosaopaulo.com.br\/sobre\/centro-museu-da-diversidade-recebe-exposicao-crisalidas\/#webpage"},"isPartOf":{"@id":"https:\/\/www.encontracentrosaopaulo.com.br\/sobre\/centro-museu-da-diversidade-recebe-exposicao-crisalidas\/#webpage"},"articleSection":"Not\u00edcias Centro SP"},{"@type":"BreadcrumbList","@id":"https:\/\/www.encontracentrosaopaulo.com.br\/sobre\/centro-museu-da-diversidade-recebe-exposicao-crisalidas\/#breadcrumblist","itemListElement":[{"@type":"ListItem","@id":"https:\/\/www.encontracentrosaopaulo.com.br\/sobre#listItem","position":1,"name":"In\u00edcio","item":"https:\/\/www.encontracentrosaopaulo.com.br\/sobre","nextItem":{"@type":"ListItem","@id":"https:\/\/www.encontracentrosaopaulo.com.br\/sobre\/noticias-no-centro-sp\/#listItem","name":"Not\u00edcias Centro SP"}},{"@type":"ListItem","@id":"https:\/\/www.encontracentrosaopaulo.com.br\/sobre\/noticias-no-centro-sp\/#listItem","position":2,"name":"Not\u00edcias Centro SP","item":"https:\/\/www.encontracentrosaopaulo.com.br\/sobre\/noticias-no-centro-sp\/","nextItem":{"@type":"ListItem","@id":"https:\/\/www.encontracentrosaopaulo.com.br\/sobre\/centro-museu-da-diversidade-recebe-exposicao-crisalidas\/#listItem","name":"Centro: Museu da Diversidade recebe exposi\u00e7\u00e3o Cris\u00e1lidas"},"previousItem":{"@type":"ListItem","@id":"https:\/\/www.encontracentrosaopaulo.com.br\/sobre#listItem","name":"In\u00edcio"}},{"@type":"ListItem","@id":"https:\/\/www.encontracentrosaopaulo.com.br\/sobre\/centro-museu-da-diversidade-recebe-exposicao-crisalidas\/#listItem","position":3,"name":"Centro: Museu da Diversidade recebe exposi\u00e7\u00e3o Cris\u00e1lidas","previousItem":{"@type":"ListItem","@id":"https:\/\/www.encontracentrosaopaulo.com.br\/sobre\/noticias-no-centro-sp\/#listItem","name":"Not\u00edcias Centro SP"}}]},{"@type":"Organization","@id":"https:\/\/www.encontracentrosaopaulo.com.br\/sobre\/#organization","name":"Encontra Centro SP","description":"Not\u00edcias, eventos, informa\u00e7\u00f5es e dicas na cidade de Centro SP e regi\u00e3o.","url":"https:\/\/www.encontracentrosaopaulo.com.br\/sobre\/"},{"@type":"Person","@id":"https:\/\/www.encontracentrosaopaulo.com.br\/sobre\/author\/ecentrosaopaulo\/#author","url":"https:\/\/www.encontracentrosaopaulo.com.br\/sobre\/author\/ecentrosaopaulo\/","name":"Encontra Centro SP","image":{"@type":"ImageObject","@id":"https:\/\/www.encontracentrosaopaulo.com.br\/sobre\/centro-museu-da-diversidade-recebe-exposicao-crisalidas\/#authorImage","url":"https:\/\/secure.gravatar.com\/avatar\/507340682b8270222e1f208e23198b6ae7e2c6a1033ae84e99bc6bce4f82a387?s=96&d=mm&r=g","width":96,"height":96,"caption":"Encontra Centro SP"}},{"@type":"WebPage","@id":"https:\/\/www.encontracentrosaopaulo.com.br\/sobre\/centro-museu-da-diversidade-recebe-exposicao-crisalidas\/#webpage","url":"https:\/\/www.encontracentrosaopaulo.com.br\/sobre\/centro-museu-da-diversidade-recebe-exposicao-crisalidas\/","name":"Centro: Museu da Diversidade recebe exposi\u00e7\u00e3o Cris\u00e1lidas | Encontra Centro SP","description":"Mostra Cris\u00e1lidas, da fot\u00f3grafa Madalena Schwartz, no Museu da Diversidade, entra em seu \u00faltimo m\u00eas. A entrada \u00e9 gratuita e a exposi\u00e7\u00e3o vai at\u00e9 30 de setembro. Travestis, transformistas e personagens do teatro underground paulista se encontram. A mostra re\u00fane 34 imagens tiradas num est\u00fadio improvisado, na casa de Madalena, no edif\u00edcio Copan, ao longo","inLanguage":"pt-BR","isPartOf":{"@id":"https:\/\/www.encontracentrosaopaulo.com.br\/sobre\/#website"},"breadcrumb":{"@id":"https:\/\/www.encontracentrosaopaulo.com.br\/sobre\/centro-museu-da-diversidade-recebe-exposicao-crisalidas\/#breadcrumblist"},"author":{"@id":"https:\/\/www.encontracentrosaopaulo.com.br\/sobre\/author\/ecentrosaopaulo\/#author"},"creator":{"@id":"https:\/\/www.encontracentrosaopaulo.com.br\/sobre\/author\/ecentrosaopaulo\/#author"},"datePublished":"2013-09-02T10:07:19-03:00","dateModified":"2019-04-29T16:20:03-03:00"},{"@type":"WebSite","@id":"https:\/\/www.encontracentrosaopaulo.com.br\/sobre\/#website","url":"https:\/\/www.encontracentrosaopaulo.com.br\/sobre\/","name":"Encontra Centro SP","description":"Not\u00edcias, eventos, informa\u00e7\u00f5es e dicas na cidade de Centro SP e regi\u00e3o.","inLanguage":"pt-BR","publisher":{"@id":"https:\/\/www.encontracentrosaopaulo.com.br\/sobre\/#organization"}}]},"og:locale":"pt_BR","og:site_name":"Encontra Centro SP | Not\u00edcias, eventos, informa\u00e7\u00f5es e dicas na cidade de Centro SP e regi\u00e3o.","og:type":"article","og:title":"Centro: Museu da Diversidade recebe exposi\u00e7\u00e3o Cris\u00e1lidas | Encontra Centro SP","og:description":"Mostra Cris\u00e1lidas, da fot\u00f3grafa Madalena Schwartz, no Museu da Diversidade, entra em seu \u00faltimo m\u00eas. A entrada \u00e9 gratuita e a exposi\u00e7\u00e3o vai at\u00e9 30 de setembro. Travestis, transformistas e personagens do teatro underground paulista se encontram. A mostra re\u00fane 34 imagens tiradas num est\u00fadio improvisado, na casa de Madalena, no edif\u00edcio Copan, ao longo","og:url":"https:\/\/www.encontracentrosaopaulo.com.br\/sobre\/centro-museu-da-diversidade-recebe-exposicao-crisalidas\/","article:published_time":"2013-09-02T12:07:19+00:00","article:modified_time":"2019-04-29T19:20:03+00:00","twitter:card":"summary","twitter:title":"Centro: Museu da Diversidade recebe exposi\u00e7\u00e3o Cris\u00e1lidas | Encontra Centro SP","twitter:description":"Mostra Cris\u00e1lidas, da fot\u00f3grafa Madalena Schwartz, no Museu da Diversidade, entra em seu \u00faltimo m\u00eas. A entrada \u00e9 gratuita e a exposi\u00e7\u00e3o vai at\u00e9 30 de setembro. Travestis, transformistas e personagens do teatro underground paulista se encontram. A mostra re\u00fane 34 imagens tiradas num est\u00fadio improvisado, na casa de Madalena, no edif\u00edcio Copan, ao longo"},"aioseo_meta_data":{"post_id":"5552","title":null,"description":null,"keywords":null,"keyphrases":null,"primary_term":null,"canonical_url":null,"og_title":null,"og_description":null,"og_object_type":"default","og_image_type":"default","og_image_url":null,"og_image_width":null,"og_image_height":null,"og_image_custom_url":null,"og_image_custom_fields":null,"og_video":null,"og_custom_url":null,"og_article_section":null,"og_article_tags":null,"twitter_use_og":false,"twitter_card":"default","twitter_image_type":"default","twitter_image_url":null,"twitter_image_custom_url":null,"twitter_image_custom_fields":null,"twitter_title":null,"twitter_description":null,"schema":{"blockGraphs":[],"customGraphs":[],"default":{"data":{"Article":[],"Course":[],"Dataset":[],"FAQPage":[],"Movie":[],"Person":[],"Product":[],"ProductReview":[],"Car":[],"Recipe":[],"Service":[],"SoftwareApplication":[],"WebPage":[]},"graphName":"Article","isEnabled":true},"graphs":[]},"schema_type":null,"schema_type_options":null,"pillar_content":false,"robots_default":true,"robots_noindex":false,"robots_noarchive":false,"robots_nosnippet":false,"robots_nofollow":false,"robots_noimageindex":false,"robots_noodp":false,"robots_notranslate":false,"robots_max_snippet":null,"robots_max_videopreview":null,"robots_max_imagepreview":"large","priority":null,"frequency":null,"local_seo":null,"breadcrumb_settings":null,"limit_modified_date":false,"ai":null,"created":"2021-01-18 18:52:09","updated":"2025-11-18 00:59:23","seo_analyzer_scan_date":null,"focus_keyword":null,"additional_keywords":null,"truseo_locale":null},"aioseo_breadcrumb":"<div class=\"aioseo-breadcrumbs\"><span class=\"aioseo-breadcrumb\">\n\t\t\t<a href=\"https:\/\/www.encontracentrosaopaulo.com.br\/sobre\" title=\"In\u00edcio\">In\u00edcio<\/a>\n\t\t<\/span><span class=\"aioseo-breadcrumb-separator\">&raquo;<\/span><span class=\"aioseo-breadcrumb\">\n\t\t\t<a href=\"https:\/\/www.encontracentrosaopaulo.com.br\/sobre\/noticias-no-centro-sp\/\" title=\"Not\u00edcias Centro SP\">Not\u00edcias Centro SP<\/a>\n\t\t<\/span><span class=\"aioseo-breadcrumb-separator\">&raquo;<\/span><span class=\"aioseo-breadcrumb\">\n\t\t\tCentro: Museu da Diversidade recebe exposi\u00e7\u00e3o Cris\u00e1lidas\n\t\t<\/span><\/div>","aioseo_breadcrumb_json":[{"label":"In\u00edcio","link":"https:\/\/www.encontracentrosaopaulo.com.br\/sobre"},{"label":"Not\u00edcias Centro SP","link":"https:\/\/www.encontracentrosaopaulo.com.br\/sobre\/noticias-no-centro-sp\/"},{"label":"Centro: Museu da Diversidade recebe exposi\u00e7\u00e3o Cris\u00e1lidas","link":"https:\/\/www.encontracentrosaopaulo.com.br\/sobre\/centro-museu-da-diversidade-recebe-exposicao-crisalidas\/"}],"_links":{"self":[{"href":"https:\/\/www.encontracentrosaopaulo.com.br\/sobre\/wp-json\/wp\/v2\/posts\/5552","targetHints":{"allow":["GET"]}}],"collection":[{"href":"https:\/\/www.encontracentrosaopaulo.com.br\/sobre\/wp-json\/wp\/v2\/posts"}],"about":[{"href":"https:\/\/www.encontracentrosaopaulo.com.br\/sobre\/wp-json\/wp\/v2\/types\/post"}],"author":[{"embeddable":true,"href":"https:\/\/www.encontracentrosaopaulo.com.br\/sobre\/wp-json\/wp\/v2\/users\/1"}],"replies":[{"embeddable":true,"href":"https:\/\/www.encontracentrosaopaulo.com.br\/sobre\/wp-json\/wp\/v2\/comments?post=5552"}],"version-history":[{"count":0,"href":"https:\/\/www.encontracentrosaopaulo.com.br\/sobre\/wp-json\/wp\/v2\/posts\/5552\/revisions"}],"wp:attachment":[{"href":"https:\/\/www.encontracentrosaopaulo.com.br\/sobre\/wp-json\/wp\/v2\/media?parent=5552"}],"wp:term":[{"taxonomy":"category","embeddable":true,"href":"https:\/\/www.encontracentrosaopaulo.com.br\/sobre\/wp-json\/wp\/v2\/categories?post=5552"},{"taxonomy":"post_tag","embeddable":true,"href":"https:\/\/www.encontracentrosaopaulo.com.br\/sobre\/wp-json\/wp\/v2\/tags?post=5552"}],"curies":[{"name":"wp","href":"https:\/\/api.w.org\/{rel}","templated":true}]}}