{"id":558,"date":"2012-05-02T09:55:15","date_gmt":"2012-05-02T11:55:15","guid":{"rendered":"http:\/\/www.encontracentrosaopaulo.com.br\/noticias\/?p=558"},"modified":"2019-04-29T16:23:06","modified_gmt":"2019-04-29T19:23:06","slug":"centro-sp-virada-cultural-acontece-nos-dias-5-e-6-de-maio","status":"publish","type":"post","link":"https:\/\/www.encontracentrosaopaulo.com.br\/sobre\/centro-sp-virada-cultural-acontece-nos-dias-5-e-6-de-maio\/","title":{"rendered":"Centro SP: Virada Cultural acontece nos dias 5 e 6 de maio"},"content":{"rendered":"<div class=\"d6585b5127f45a35450431d0abc3f90c\" data-index=\"1\" style=\"float: none; margin:0px;\">\n<!-- Anuncio display - global -->\r\n<ins class=\"adsbygoogle\"\r\n     style=\"display:block\"\r\n     data-ad-client=\"ca-pub-8585364105181520\"\r\n     data-ad-slot=\"8789329856\"\r\n     data-ad-format=\"auto\"\r\n     data-full-width-responsive=\"true\"><\/ins>\r\n<script>\r\n     (adsbygoogle = window.adsbygoogle || []).push({});\r\n<\/script>\n<\/div>\n<p>A <em>Virada Cultural <\/em>deste ano ser\u00e1 realizada entre as 18 horas  do s\u00e1bado (5\/5) at\u00e9 as 18 horas do domingo (6\/5). Nesta sua oitava  edi\u00e7\u00e3o, o evento conta com mais de 900 atra\u00e7\u00f5es distribu\u00eddas em 114  locais, sendo 50 pontos localizados na regi\u00e3o central da cidade.<\/p>\n<p>O per\u00edmetro permanece praticamente o mesmo, por\u00e9m este ano teve uma  importante inclus\u00e3o: o elevado Costa e Silva, mais conhecido como  Minhoc\u00e3o. No espa\u00e7o, ter\u00e1 o Mercado Mundo Mix, um projeto multicultural  que agrega diversas linguagens, apresentando novas id\u00e9ias e tend\u00eancias  art\u00edsticas, musicais, de moda e design. Outra atra\u00e7\u00e3o \u00e9 o Chefe na Rua,  em que chefs de cozinha renomados como, Alex Atala e Janaina Rueda,  far\u00e3o pratos para o p\u00fablico entre R$5 e R$20.<\/p>\n<p>Outra novidade nesta edi\u00e7\u00e3o \u00e9 o palco dedicado a Elis Regina,  falecida h\u00e1 30 anos. Para homenagear a cantora, o palco Boulevar S\u00e3o  Jo\u00e3o contar\u00e1 com v\u00e1rios artistas, como Jair Rodrigues e Maria Rita,  filha da cantora, interpretando os grandes sucessos de Elis.<\/p>\n<p>Na Pra\u00e7a da S\u00e9, haver\u00e1 apresenta\u00e7\u00f5es de stand-up, com a participa\u00e7\u00e3o  de Rafinha Bastos, Tom Calvacante, Danilo Gentili e Rafael Cortez. A MTV  ganhou um palco nesta edi\u00e7\u00e3o. Localizado na rua Casper L\u00edbero, as  atra\u00e7\u00f5es come\u00e7am \u00e0s 19 horas do s\u00e1bado, e acabam \u00e0s 18 horas do dia 6.  Forfun, Cachorro Grande e Fresno s\u00e3o as principais bandas que  participar\u00e3o do evento.<\/p>\n<p>O palco montado em frente \u00e0 <a title=\"Esta\u00e7\u00e3o J\u00falio Prestes\" href=\"http:\/\/www.encontracentrosaopaulo.com.br\/centro-sp\/estacao-julio-prestes-no-centro.shtml\" target=\"_self\">Esta\u00e7\u00e3o J\u00falio Prestes<\/a> ser\u00e1 dedicado as  sonoridades africanas e ao afrobeat. Passar\u00e3o pelo palco Ray Lema e  Orquestra Jazz Sinf\u00f4nica, Ebo Taylor, Tony Allen e o Bixiga 70. Gilberto  Gil encerrar\u00e1 as apresenta\u00e7\u00f5es no domingo, \u00e0s 18 horas. No palco S\u00e3o  Jo\u00e3o, o destaque fica por conta dos Mutantes, que se apresentar\u00e3o \u00e0s 2  da manh\u00e3 no domingo, e dos Tit\u00e3s, que far\u00e3o um show-tributo ao \u00e1lbum <em>Cabe\u00e7a Dinossauro<\/em>, lan\u00e7ado em 1986. A banda se apresenta \u00e0s 12 horas no domingo.<\/p>\n<p>Como no ano passado, a Virada contar\u00e1 com barracas de pastel  espalhadas pelo Centro de S\u00e3o Paulo. Ser\u00e3o ao todo 10 bols\u00f5es de alimenta\u00e7\u00e3o,  e a Festa do Imigrante, evento que re\u00fane a gastronomia e manifesta\u00e7\u00e3o  art\u00edstica de v\u00e1rios pa\u00edses, ganhar\u00e1 uma filial na Virada, com barracas  t\u00edpicas.<\/p>\n<p>Os museus mantidos pela Secretaria Estadual da Cultura funcionar\u00e3o  com hor\u00e1rio expandido, entrada gr\u00e1tis e com diversas atividades  culturais. O <a title=\"Museu da L\u00edngua Portuguesa\" href=\"http:\/\/www.encontracentrosaopaulo.com.br\/centro-sp\/museu-da-lingua-portuguesa-naluz.shtml\" target=\"_self\">Museu da L\u00edngua Portuguesa<\/a> funcionar\u00e1 das 10 horas \u00e0 meia  noite no s\u00e1bado, e o Museu do Futebol abrir\u00e1 suas portas das 9 \u00e0s 20  horas, e oferecer\u00e1 transporte gratuito da esta\u00e7\u00e3o Cl\u00ednicas (Linha  Verde) e esta\u00e7\u00e3o Metr\u00f4 Palmeiras\/Barra Funda (Linha Vermelha) do Metr\u00f4. O SESC  participar\u00e1 novamente da Virada com programa\u00e7\u00e3o variada e gratuita, como  pe\u00e7as teatrais, manifesta\u00e7\u00f5es art\u00edsticas e m\u00fasica.<\/p>\n<p>Para conferir a programa\u00e7\u00e3o completa, acesse o site da Virada Cultural    .<\/p>\n<p><em>Fonte: Prefeitura de S. Paulo<\/em><\/p>\n\n<div style=\"font-size: 0px; height: 0px; line-height: 0px; margin: 0; padding: 0; clear: both;\"><\/div>","protected":false},"excerpt":{"rendered":"<p>A Virada Cultural deste ano ser\u00e1 realizada entre as 18 horas do s\u00e1bado (5\/5) at\u00e9 as 18 horas do domingo (6\/5). Nesta sua oitava edi\u00e7\u00e3o, o evento conta com mais de 900 atra\u00e7\u00f5es distribu\u00eddas em 114 locais, sendo 50 pontos localizados na regi\u00e3o central da cidade. O per\u00edmetro permanece praticamente o mesmo, por\u00e9m este ano teve uma importante inclus\u00e3o: o elevado Costa e Silva, mais conhecido como Minhoc\u00e3o. No espa\u00e7o, ter\u00e1 o Mercado Mundo Mix, um projeto multicultural que agrega diversas linguagens, apresentando novas id\u00e9ias e tend\u00eancias art\u00edsticas, musicais, de moda e design. Outra atra\u00e7\u00e3o \u00e9 o Chefe na Rua, <\/p>\n","protected":false},"author":1,"featured_media":0,"comment_status":"open","ping_status":"closed","sticky":false,"template":"","format":"standard","meta":{"footnotes":""},"categories":[6],"tags":[],"class_list":["post-558","post","type-post","status-publish","format-standard","hentry","category-noticias-no-centro-sp"],"aioseo_notices":[],"aioseo_head":"\n\t\t<!-- All in One SEO 5.0.0.1 - aioseo.com -->\n\t<meta name=\"description\" content=\"A Virada Cultural deste ano ser\u00e1 realizada entre as 18 horas do s\u00e1bado (5\/5) at\u00e9 as 18 horas do domingo (6\/5). Nesta sua oitava edi\u00e7\u00e3o, o evento conta com mais de 900 atra\u00e7\u00f5es distribu\u00eddas em 114 locais, sendo 50 pontos localizados na regi\u00e3o central da cidade. O per\u00edmetro permanece praticamente o mesmo, por\u00e9m este ano\" \/>\n\t<meta name=\"robots\" content=\"max-image-preview:large\" \/>\n\t<meta name=\"author\" content=\"Encontra Centro SP\"\/>\n\t<link rel=\"canonical\" href=\"https:\/\/www.encontracentrosaopaulo.com.br\/sobre\/centro-sp-virada-cultural-acontece-nos-dias-5-e-6-de-maio\/\" \/>\n\t<meta name=\"generator\" content=\"All in One SEO (AIOSEO) 5.0.0.1\" \/>\n\t\t<meta property=\"og:locale\" content=\"pt_BR\" \/>\n\t\t<meta property=\"og:site_name\" content=\"Encontra Centro SP | Not\u00edcias, eventos, informa\u00e7\u00f5es e dicas na cidade de Centro SP e regi\u00e3o.\" \/>\n\t\t<meta property=\"og:type\" content=\"article\" \/>\n\t\t<meta property=\"og:title\" content=\"Centro SP: Virada Cultural acontece nos dias 5 e 6 de maio | Encontra Centro SP\" \/>\n\t\t<meta property=\"og:description\" content=\"A Virada Cultural deste ano ser\u00e1 realizada entre as 18 horas do s\u00e1bado (5\/5) at\u00e9 as 18 horas do domingo (6\/5). Nesta sua oitava edi\u00e7\u00e3o, o evento conta com mais de 900 atra\u00e7\u00f5es distribu\u00eddas em 114 locais, sendo 50 pontos localizados na regi\u00e3o central da cidade. O per\u00edmetro permanece praticamente o mesmo, por\u00e9m este ano\" \/>\n\t\t<meta property=\"og:url\" content=\"https:\/\/www.encontracentrosaopaulo.com.br\/sobre\/centro-sp-virada-cultural-acontece-nos-dias-5-e-6-de-maio\/\" \/>\n\t\t<meta property=\"article:published_time\" content=\"2012-05-02T11:55:15+00:00\" \/>\n\t\t<meta property=\"article:modified_time\" content=\"2019-04-29T19:23:06+00:00\" \/>\n\t\t<meta name=\"twitter:card\" content=\"summary\" \/>\n\t\t<meta name=\"twitter:title\" content=\"Centro SP: Virada Cultural acontece nos dias 5 e 6 de maio | Encontra Centro SP\" \/>\n\t\t<meta name=\"twitter:description\" content=\"A Virada Cultural deste ano ser\u00e1 realizada entre as 18 horas do s\u00e1bado (5\/5) at\u00e9 as 18 horas do domingo (6\/5). Nesta sua oitava edi\u00e7\u00e3o, o evento conta com mais de 900 atra\u00e7\u00f5es distribu\u00eddas em 114 locais, sendo 50 pontos localizados na regi\u00e3o central da cidade. O per\u00edmetro permanece praticamente o mesmo, por\u00e9m este ano\" \/>\n\t\t<script type=\"application\/ld+json\" class=\"aioseo-schema\">\n\t\t\t{\"@context\":\"https:\\\/\\\/schema.org\",\"@graph\":[{\"@type\":\"Article\",\"@id\":\"https:\\\/\\\/www.encontracentrosaopaulo.com.br\\\/sobre\\\/centro-sp-virada-cultural-acontece-nos-dias-5-e-6-de-maio\\\/#article\",\"name\":\"Centro SP: Virada Cultural acontece nos dias 5 e 6 de maio | Encontra Centro SP\",\"headline\":\"Centro SP: Virada Cultural acontece nos dias 5 e 6 de maio\",\"author\":{\"@id\":\"https:\\\/\\\/www.encontracentrosaopaulo.com.br\\\/sobre\\\/author\\\/ecentrosaopaulo\\\/#author\"},\"publisher\":{\"@id\":\"https:\\\/\\\/www.encontracentrosaopaulo.com.br\\\/sobre\\\/#organization\"},\"datePublished\":\"2012-05-02T09:55:15-03:00\",\"dateModified\":\"2019-04-29T16:23:06-03:00\",\"inLanguage\":\"pt-BR\",\"mainEntityOfPage\":{\"@id\":\"https:\\\/\\\/www.encontracentrosaopaulo.com.br\\\/sobre\\\/centro-sp-virada-cultural-acontece-nos-dias-5-e-6-de-maio\\\/#webpage\"},\"isPartOf\":{\"@id\":\"https:\\\/\\\/www.encontracentrosaopaulo.com.br\\\/sobre\\\/centro-sp-virada-cultural-acontece-nos-dias-5-e-6-de-maio\\\/#webpage\"},\"articleSection\":\"Not\\u00edcias Centro SP\"},{\"@type\":\"BreadcrumbList\",\"@id\":\"https:\\\/\\\/www.encontracentrosaopaulo.com.br\\\/sobre\\\/centro-sp-virada-cultural-acontece-nos-dias-5-e-6-de-maio\\\/#breadcrumblist\",\"itemListElement\":[{\"@type\":\"ListItem\",\"@id\":\"https:\\\/\\\/www.encontracentrosaopaulo.com.br\\\/sobre#listItem\",\"position\":1,\"name\":\"In\\u00edcio\",\"item\":\"https:\\\/\\\/www.encontracentrosaopaulo.com.br\\\/sobre\",\"nextItem\":{\"@type\":\"ListItem\",\"@id\":\"https:\\\/\\\/www.encontracentrosaopaulo.com.br\\\/sobre\\\/noticias-no-centro-sp\\\/#listItem\",\"name\":\"Not\\u00edcias Centro SP\"}},{\"@type\":\"ListItem\",\"@id\":\"https:\\\/\\\/www.encontracentrosaopaulo.com.br\\\/sobre\\\/noticias-no-centro-sp\\\/#listItem\",\"position\":2,\"name\":\"Not\\u00edcias Centro SP\",\"item\":\"https:\\\/\\\/www.encontracentrosaopaulo.com.br\\\/sobre\\\/noticias-no-centro-sp\\\/\",\"nextItem\":{\"@type\":\"ListItem\",\"@id\":\"https:\\\/\\\/www.encontracentrosaopaulo.com.br\\\/sobre\\\/centro-sp-virada-cultural-acontece-nos-dias-5-e-6-de-maio\\\/#listItem\",\"name\":\"Centro SP: Virada Cultural acontece nos dias 5 e 6 de maio\"},\"previousItem\":{\"@type\":\"ListItem\",\"@id\":\"https:\\\/\\\/www.encontracentrosaopaulo.com.br\\\/sobre#listItem\",\"name\":\"In\\u00edcio\"}},{\"@type\":\"ListItem\",\"@id\":\"https:\\\/\\\/www.encontracentrosaopaulo.com.br\\\/sobre\\\/centro-sp-virada-cultural-acontece-nos-dias-5-e-6-de-maio\\\/#listItem\",\"position\":3,\"name\":\"Centro SP: Virada Cultural acontece nos dias 5 e 6 de maio\",\"previousItem\":{\"@type\":\"ListItem\",\"@id\":\"https:\\\/\\\/www.encontracentrosaopaulo.com.br\\\/sobre\\\/noticias-no-centro-sp\\\/#listItem\",\"name\":\"Not\\u00edcias Centro SP\"}}]},{\"@type\":\"Organization\",\"@id\":\"https:\\\/\\\/www.encontracentrosaopaulo.com.br\\\/sobre\\\/#organization\",\"name\":\"Encontra Centro SP\",\"description\":\"Not\\u00edcias, eventos, informa\\u00e7\\u00f5es e dicas na cidade de Centro SP e regi\\u00e3o.\",\"url\":\"https:\\\/\\\/www.encontracentrosaopaulo.com.br\\\/sobre\\\/\"},{\"@type\":\"Person\",\"@id\":\"https:\\\/\\\/www.encontracentrosaopaulo.com.br\\\/sobre\\\/author\\\/ecentrosaopaulo\\\/#author\",\"url\":\"https:\\\/\\\/www.encontracentrosaopaulo.com.br\\\/sobre\\\/author\\\/ecentrosaopaulo\\\/\",\"name\":\"Encontra Centro SP\",\"image\":{\"@type\":\"ImageObject\",\"@id\":\"https:\\\/\\\/www.encontracentrosaopaulo.com.br\\\/sobre\\\/centro-sp-virada-cultural-acontece-nos-dias-5-e-6-de-maio\\\/#authorImage\",\"url\":\"https:\\\/\\\/secure.gravatar.com\\\/avatar\\\/507340682b8270222e1f208e23198b6ae7e2c6a1033ae84e99bc6bce4f82a387?s=96&d=mm&r=g\",\"width\":96,\"height\":96,\"caption\":\"Encontra Centro SP\"}},{\"@type\":\"WebPage\",\"@id\":\"https:\\\/\\\/www.encontracentrosaopaulo.com.br\\\/sobre\\\/centro-sp-virada-cultural-acontece-nos-dias-5-e-6-de-maio\\\/#webpage\",\"url\":\"https:\\\/\\\/www.encontracentrosaopaulo.com.br\\\/sobre\\\/centro-sp-virada-cultural-acontece-nos-dias-5-e-6-de-maio\\\/\",\"name\":\"Centro SP: Virada Cultural acontece nos dias 5 e 6 de maio | Encontra Centro SP\",\"description\":\"A Virada Cultural deste ano ser\\u00e1 realizada entre as 18 horas do s\\u00e1bado (5\\\/5) at\\u00e9 as 18 horas do domingo (6\\\/5). Nesta sua oitava edi\\u00e7\\u00e3o, o evento conta com mais de 900 atra\\u00e7\\u00f5es distribu\\u00eddas em 114 locais, sendo 50 pontos localizados na regi\\u00e3o central da cidade. O per\\u00edmetro permanece praticamente o mesmo, por\\u00e9m este ano\",\"inLanguage\":\"pt-BR\",\"isPartOf\":{\"@id\":\"https:\\\/\\\/www.encontracentrosaopaulo.com.br\\\/sobre\\\/#website\"},\"breadcrumb\":{\"@id\":\"https:\\\/\\\/www.encontracentrosaopaulo.com.br\\\/sobre\\\/centro-sp-virada-cultural-acontece-nos-dias-5-e-6-de-maio\\\/#breadcrumblist\"},\"author\":{\"@id\":\"https:\\\/\\\/www.encontracentrosaopaulo.com.br\\\/sobre\\\/author\\\/ecentrosaopaulo\\\/#author\"},\"creator\":{\"@id\":\"https:\\\/\\\/www.encontracentrosaopaulo.com.br\\\/sobre\\\/author\\\/ecentrosaopaulo\\\/#author\"},\"datePublished\":\"2012-05-02T09:55:15-03:00\",\"dateModified\":\"2019-04-29T16:23:06-03:00\"},{\"@type\":\"WebSite\",\"@id\":\"https:\\\/\\\/www.encontracentrosaopaulo.com.br\\\/sobre\\\/#website\",\"url\":\"https:\\\/\\\/www.encontracentrosaopaulo.com.br\\\/sobre\\\/\",\"name\":\"Encontra Centro SP\",\"description\":\"Not\\u00edcias, eventos, informa\\u00e7\\u00f5es e dicas na cidade de Centro SP e regi\\u00e3o.\",\"inLanguage\":\"pt-BR\",\"publisher\":{\"@id\":\"https:\\\/\\\/www.encontracentrosaopaulo.com.br\\\/sobre\\\/#organization\"}}]}\n\t\t<\/script>\n\t\t<!-- All in One SEO -->\n\n","aioseo_head_json":{"title":"Centro SP: Virada Cultural acontece nos dias 5 e 6 de maio | Encontra Centro SP","description":"A Virada Cultural deste ano ser\u00e1 realizada entre as 18 horas do s\u00e1bado (5\/5) at\u00e9 as 18 horas do domingo (6\/5). Nesta sua oitava edi\u00e7\u00e3o, o evento conta com mais de 900 atra\u00e7\u00f5es distribu\u00eddas em 114 locais, sendo 50 pontos localizados na regi\u00e3o central da cidade. O per\u00edmetro permanece praticamente o mesmo, por\u00e9m este ano","canonical_url":"https:\/\/www.encontracentrosaopaulo.com.br\/sobre\/centro-sp-virada-cultural-acontece-nos-dias-5-e-6-de-maio\/","robots":"max-image-preview:large","keywords":"","webmasterTools":{"miscellaneous":""},"schema":{"@context":"https:\/\/schema.org","@graph":[{"@type":"Article","@id":"https:\/\/www.encontracentrosaopaulo.com.br\/sobre\/centro-sp-virada-cultural-acontece-nos-dias-5-e-6-de-maio\/#article","name":"Centro SP: Virada Cultural acontece nos dias 5 e 6 de maio | Encontra Centro SP","headline":"Centro SP: Virada Cultural acontece nos dias 5 e 6 de maio","author":{"@id":"https:\/\/www.encontracentrosaopaulo.com.br\/sobre\/author\/ecentrosaopaulo\/#author"},"publisher":{"@id":"https:\/\/www.encontracentrosaopaulo.com.br\/sobre\/#organization"},"datePublished":"2012-05-02T09:55:15-03:00","dateModified":"2019-04-29T16:23:06-03:00","inLanguage":"pt-BR","mainEntityOfPage":{"@id":"https:\/\/www.encontracentrosaopaulo.com.br\/sobre\/centro-sp-virada-cultural-acontece-nos-dias-5-e-6-de-maio\/#webpage"},"isPartOf":{"@id":"https:\/\/www.encontracentrosaopaulo.com.br\/sobre\/centro-sp-virada-cultural-acontece-nos-dias-5-e-6-de-maio\/#webpage"},"articleSection":"Not\u00edcias Centro SP"},{"@type":"BreadcrumbList","@id":"https:\/\/www.encontracentrosaopaulo.com.br\/sobre\/centro-sp-virada-cultural-acontece-nos-dias-5-e-6-de-maio\/#breadcrumblist","itemListElement":[{"@type":"ListItem","@id":"https:\/\/www.encontracentrosaopaulo.com.br\/sobre#listItem","position":1,"name":"In\u00edcio","item":"https:\/\/www.encontracentrosaopaulo.com.br\/sobre","nextItem":{"@type":"ListItem","@id":"https:\/\/www.encontracentrosaopaulo.com.br\/sobre\/noticias-no-centro-sp\/#listItem","name":"Not\u00edcias Centro SP"}},{"@type":"ListItem","@id":"https:\/\/www.encontracentrosaopaulo.com.br\/sobre\/noticias-no-centro-sp\/#listItem","position":2,"name":"Not\u00edcias Centro SP","item":"https:\/\/www.encontracentrosaopaulo.com.br\/sobre\/noticias-no-centro-sp\/","nextItem":{"@type":"ListItem","@id":"https:\/\/www.encontracentrosaopaulo.com.br\/sobre\/centro-sp-virada-cultural-acontece-nos-dias-5-e-6-de-maio\/#listItem","name":"Centro SP: Virada Cultural acontece nos dias 5 e 6 de maio"},"previousItem":{"@type":"ListItem","@id":"https:\/\/www.encontracentrosaopaulo.com.br\/sobre#listItem","name":"In\u00edcio"}},{"@type":"ListItem","@id":"https:\/\/www.encontracentrosaopaulo.com.br\/sobre\/centro-sp-virada-cultural-acontece-nos-dias-5-e-6-de-maio\/#listItem","position":3,"name":"Centro SP: Virada Cultural acontece nos dias 5 e 6 de maio","previousItem":{"@type":"ListItem","@id":"https:\/\/www.encontracentrosaopaulo.com.br\/sobre\/noticias-no-centro-sp\/#listItem","name":"Not\u00edcias Centro SP"}}]},{"@type":"Organization","@id":"https:\/\/www.encontracentrosaopaulo.com.br\/sobre\/#organization","name":"Encontra Centro SP","description":"Not\u00edcias, eventos, informa\u00e7\u00f5es e dicas na cidade de Centro SP e regi\u00e3o.","url":"https:\/\/www.encontracentrosaopaulo.com.br\/sobre\/"},{"@type":"Person","@id":"https:\/\/www.encontracentrosaopaulo.com.br\/sobre\/author\/ecentrosaopaulo\/#author","url":"https:\/\/www.encontracentrosaopaulo.com.br\/sobre\/author\/ecentrosaopaulo\/","name":"Encontra Centro SP","image":{"@type":"ImageObject","@id":"https:\/\/www.encontracentrosaopaulo.com.br\/sobre\/centro-sp-virada-cultural-acontece-nos-dias-5-e-6-de-maio\/#authorImage","url":"https:\/\/secure.gravatar.com\/avatar\/507340682b8270222e1f208e23198b6ae7e2c6a1033ae84e99bc6bce4f82a387?s=96&d=mm&r=g","width":96,"height":96,"caption":"Encontra Centro SP"}},{"@type":"WebPage","@id":"https:\/\/www.encontracentrosaopaulo.com.br\/sobre\/centro-sp-virada-cultural-acontece-nos-dias-5-e-6-de-maio\/#webpage","url":"https:\/\/www.encontracentrosaopaulo.com.br\/sobre\/centro-sp-virada-cultural-acontece-nos-dias-5-e-6-de-maio\/","name":"Centro SP: Virada Cultural acontece nos dias 5 e 6 de maio | Encontra Centro SP","description":"A Virada Cultural deste ano ser\u00e1 realizada entre as 18 horas do s\u00e1bado (5\/5) at\u00e9 as 18 horas do domingo (6\/5). Nesta sua oitava edi\u00e7\u00e3o, o evento conta com mais de 900 atra\u00e7\u00f5es distribu\u00eddas em 114 locais, sendo 50 pontos localizados na regi\u00e3o central da cidade. O per\u00edmetro permanece praticamente o mesmo, por\u00e9m este ano","inLanguage":"pt-BR","isPartOf":{"@id":"https:\/\/www.encontracentrosaopaulo.com.br\/sobre\/#website"},"breadcrumb":{"@id":"https:\/\/www.encontracentrosaopaulo.com.br\/sobre\/centro-sp-virada-cultural-acontece-nos-dias-5-e-6-de-maio\/#breadcrumblist"},"author":{"@id":"https:\/\/www.encontracentrosaopaulo.com.br\/sobre\/author\/ecentrosaopaulo\/#author"},"creator":{"@id":"https:\/\/www.encontracentrosaopaulo.com.br\/sobre\/author\/ecentrosaopaulo\/#author"},"datePublished":"2012-05-02T09:55:15-03:00","dateModified":"2019-04-29T16:23:06-03:00"},{"@type":"WebSite","@id":"https:\/\/www.encontracentrosaopaulo.com.br\/sobre\/#website","url":"https:\/\/www.encontracentrosaopaulo.com.br\/sobre\/","name":"Encontra Centro SP","description":"Not\u00edcias, eventos, informa\u00e7\u00f5es e dicas na cidade de Centro SP e regi\u00e3o.","inLanguage":"pt-BR","publisher":{"@id":"https:\/\/www.encontracentrosaopaulo.com.br\/sobre\/#organization"}}]},"og:locale":"pt_BR","og:site_name":"Encontra Centro SP | Not\u00edcias, eventos, informa\u00e7\u00f5es e dicas na cidade de Centro SP e regi\u00e3o.","og:type":"article","og:title":"Centro SP: Virada Cultural acontece nos dias 5 e 6 de maio | Encontra Centro SP","og:description":"A Virada Cultural deste ano ser\u00e1 realizada entre as 18 horas do s\u00e1bado (5\/5) at\u00e9 as 18 horas do domingo (6\/5). Nesta sua oitava edi\u00e7\u00e3o, o evento conta com mais de 900 atra\u00e7\u00f5es distribu\u00eddas em 114 locais, sendo 50 pontos localizados na regi\u00e3o central da cidade. O per\u00edmetro permanece praticamente o mesmo, por\u00e9m este ano","og:url":"https:\/\/www.encontracentrosaopaulo.com.br\/sobre\/centro-sp-virada-cultural-acontece-nos-dias-5-e-6-de-maio\/","article:published_time":"2012-05-02T11:55:15+00:00","article:modified_time":"2019-04-29T19:23:06+00:00","twitter:card":"summary","twitter:title":"Centro SP: Virada Cultural acontece nos dias 5 e 6 de maio | Encontra Centro SP","twitter:description":"A Virada Cultural deste ano ser\u00e1 realizada entre as 18 horas do s\u00e1bado (5\/5) at\u00e9 as 18 horas do domingo (6\/5). Nesta sua oitava edi\u00e7\u00e3o, o evento conta com mais de 900 atra\u00e7\u00f5es distribu\u00eddas em 114 locais, sendo 50 pontos localizados na regi\u00e3o central da cidade. O per\u00edmetro permanece praticamente o mesmo, por\u00e9m este ano"},"aioseo_meta_data":{"post_id":"558","title":null,"description":null,"keywords":null,"keyphrases":null,"primary_term":null,"canonical_url":null,"og_title":null,"og_description":null,"og_object_type":"default","og_image_type":"default","og_image_url":null,"og_image_width":null,"og_image_height":null,"og_image_custom_url":null,"og_image_custom_fields":null,"og_video":null,"og_custom_url":null,"og_article_section":null,"og_article_tags":null,"twitter_use_og":false,"twitter_card":"default","twitter_image_type":"default","twitter_image_url":null,"twitter_image_custom_url":null,"twitter_image_custom_fields":null,"twitter_title":null,"twitter_description":null,"schema":{"blockGraphs":[],"customGraphs":[],"default":{"data":{"Article":[],"Course":[],"Dataset":[],"FAQPage":[],"Movie":[],"Person":[],"Product":[],"ProductReview":[],"Car":[],"Recipe":[],"Service":[],"SoftwareApplication":[],"WebPage":[]},"graphName":"Article","isEnabled":true},"graphs":[]},"schema_type":null,"schema_type_options":null,"pillar_content":false,"robots_default":true,"robots_noindex":false,"robots_noarchive":false,"robots_nosnippet":false,"robots_nofollow":false,"robots_noimageindex":false,"robots_noodp":false,"robots_notranslate":false,"robots_max_snippet":null,"robots_max_videopreview":null,"robots_max_imagepreview":"large","priority":null,"frequency":null,"local_seo":null,"breadcrumb_settings":null,"limit_modified_date":false,"ai":null,"created":"2021-01-20 23:28:59","updated":"2025-11-14 00:24:31","seo_analyzer_scan_date":null,"focus_keyword":null,"additional_keywords":null,"truseo_locale":null},"aioseo_breadcrumb":"<div class=\"aioseo-breadcrumbs\"><span class=\"aioseo-breadcrumb\">\n\t\t\t<a href=\"https:\/\/www.encontracentrosaopaulo.com.br\/sobre\" title=\"In\u00edcio\">In\u00edcio<\/a>\n\t\t<\/span><span class=\"aioseo-breadcrumb-separator\">&raquo;<\/span><span class=\"aioseo-breadcrumb\">\n\t\t\t<a href=\"https:\/\/www.encontracentrosaopaulo.com.br\/sobre\/noticias-no-centro-sp\/\" title=\"Not\u00edcias Centro SP\">Not\u00edcias Centro SP<\/a>\n\t\t<\/span><span class=\"aioseo-breadcrumb-separator\">&raquo;<\/span><span class=\"aioseo-breadcrumb\">\n\t\t\tCentro SP: Virada Cultural acontece nos dias 5 e 6 de maio\n\t\t<\/span><\/div>","aioseo_breadcrumb_json":[{"label":"In\u00edcio","link":"https:\/\/www.encontracentrosaopaulo.com.br\/sobre"},{"label":"Not\u00edcias Centro SP","link":"https:\/\/www.encontracentrosaopaulo.com.br\/sobre\/noticias-no-centro-sp\/"},{"label":"Centro SP: Virada Cultural acontece nos dias 5 e 6 de maio","link":"https:\/\/www.encontracentrosaopaulo.com.br\/sobre\/centro-sp-virada-cultural-acontece-nos-dias-5-e-6-de-maio\/"}],"_links":{"self":[{"href":"https:\/\/www.encontracentrosaopaulo.com.br\/sobre\/wp-json\/wp\/v2\/posts\/558","targetHints":{"allow":["GET"]}}],"collection":[{"href":"https:\/\/www.encontracentrosaopaulo.com.br\/sobre\/wp-json\/wp\/v2\/posts"}],"about":[{"href":"https:\/\/www.encontracentrosaopaulo.com.br\/sobre\/wp-json\/wp\/v2\/types\/post"}],"author":[{"embeddable":true,"href":"https:\/\/www.encontracentrosaopaulo.com.br\/sobre\/wp-json\/wp\/v2\/users\/1"}],"replies":[{"embeddable":true,"href":"https:\/\/www.encontracentrosaopaulo.com.br\/sobre\/wp-json\/wp\/v2\/comments?post=558"}],"version-history":[{"count":0,"href":"https:\/\/www.encontracentrosaopaulo.com.br\/sobre\/wp-json\/wp\/v2\/posts\/558\/revisions"}],"wp:attachment":[{"href":"https:\/\/www.encontracentrosaopaulo.com.br\/sobre\/wp-json\/wp\/v2\/media?parent=558"}],"wp:term":[{"taxonomy":"category","embeddable":true,"href":"https:\/\/www.encontracentrosaopaulo.com.br\/sobre\/wp-json\/wp\/v2\/categories?post=558"},{"taxonomy":"post_tag","embeddable":true,"href":"https:\/\/www.encontracentrosaopaulo.com.br\/sobre\/wp-json\/wp\/v2\/tags?post=558"}],"curies":[{"name":"wp","href":"https:\/\/api.w.org\/{rel}","templated":true}]}}