{"id":5597,"date":"2013-11-18T08:43:55","date_gmt":"2013-11-18T10:43:55","guid":{"rendered":"http:\/\/www.encontracentrosaopaulo.com.br\/noticias\/?p=5597"},"modified":"2019-04-29T16:20:02","modified_gmt":"2019-04-29T19:20:02","slug":"anhangabau-tera-shows-de-dexter-e-emicida-em-comemoracao-ao-dia-da-consciencia-negra","status":"publish","type":"post","link":"https:\/\/www.encontracentrosaopaulo.com.br\/sobre\/anhangabau-tera-shows-de-dexter-e-emicida-em-comemoracao-ao-dia-da-consciencia-negra\/","title":{"rendered":"Anhangaba\u00fa ter\u00e1 shows de Dexter e Emicida em comemora\u00e7\u00e3o ao Dia da Consci\u00eancia Negra"},"content":{"rendered":"<div class=\"d6585b5127f45a35450431d0abc3f90c\" data-index=\"1\" style=\"float: none; margin:0px;\">\n<!-- Anuncio display - global -->\r\n<ins class=\"adsbygoogle\"\r\n     style=\"display:block\"\r\n     data-ad-client=\"ca-pub-8585364105181520\"\r\n     data-ad-slot=\"8789329856\"\r\n     data-ad-format=\"auto\"\r\n     data-full-width-responsive=\"true\"><\/ins>\r\n<script>\r\n     (adsbygoogle = window.adsbygoogle || []).push({});\r\n<\/script>\n<\/div>\n<p>Em comemora\u00e7\u00e3o ao Dia da Consci\u00eancia Negra, a Secretaria Municipal de Promo\u00e7\u00e3o a Igualdade Racial, em parceria com a Secretaria de Cultura do Governo do Estado de S\u00e3o Paulo, promove nos pr\u00f3ximos dias 19 e 20 de novembro uma s\u00e9rie de shows no <a title=\"Vale do Anhangaba\u00fa\" href=\"http:\/\/www.encontracentrosaopaulo.com.br\/centro-sp\/vale-do-anhangabau-no-centro.shtml\" target=\"_blank\">Vale do Anhangaba\u00fa<\/a>. Com o tema \u201cM\u00fasica, Dan\u00e7a e Resist\u00eancia\u201d, a festa trar\u00e1 uma variedade de atra\u00e7\u00f5es de diferentes g\u00eaneros. No palco, samba, funk, soul, hip hop e outras vertentes musicais negras d\u00e3o o tom da festa, enquanto n\u00fameros de dan\u00e7a animam o p\u00fablico.<\/p>\n<p>Os shows trar\u00e3o nomes como Arlindo Cruz, sambista com mais de 550 m\u00fasicas gravadas por diversos artistas; Dexter, um dos rappers que protagonizaram a volta do rap na Virada Cultural em 2012; Izzy Gordon, cantora paulista de soul, e jazz e blus e os rappers Rappin\u2019 Hood e Emicida. Keith Sweath, cantor e compositor norte-americano de soul e R&amp;B tamb\u00e9m tem presen\u00e7a confirmada no evento.<\/p>\n<p>A programa\u00e7\u00e3o completa do show pode ser conferida no hotsite Consci\u00eancia Negra em S\u00e3o Paulo. Nos intervalos dos shows, as lend\u00e1rias equipes de som dos bailes black dos anos 70 e 80, tais como Zimbabwe, Chic Show, Black Mad, Projeto Dinamite e Os Carlos, ir\u00e3o animar a galera, trazendo samba-rock, soul e funk.<\/p>\n<p>No dia 20, a alguns metros do palco principal, na Pra\u00e7a do Correio, a Secretaria de Esportes Lazer e Recrea\u00e7\u00e3o (SEME) realizar\u00e1 uma baile voltado para a terceira idade. Com repert\u00f3rio black, o baile ser\u00e1 realizado das 12 horas \u00e0s 16 horas.<\/p>\n<p><strong>Feira Gastron\u00f4mica e Cultural<br \/>\n<\/strong>Tamb\u00e9m no Vale do Anhangaba\u00fa, cerca de 30 expositores de artesanatos, moda e acess\u00f3rios e mais dez barracas com a culin\u00e1ria afro-brasileira ir\u00e3o compor as comemora\u00e7\u00f5es em homenagem ao Dia da Consci\u00eancia Negra. A feira funcionar\u00e1 das 16 horas \u00e0 meia-noite do dia 19, e das 10 horas \u00e0 meia-noite do dia 20.<\/p>\n<p>Junto \u00e0 exposi\u00e7\u00e3o e ao espa\u00e7o gastron\u00f4mico, acontecer\u00e3o ainda atividades culturais, como interven\u00e7\u00f5es po\u00e9ticas, oficinas, rodas de samba e capoeira. Haver\u00e1 ainda apresenta\u00e7\u00f5es de grupos teatrais e culturais internacionais: Parodiantes da Ilha (S\u00e3o Tom\u00e9 e Pr\u00edncipe), A Cavaqueira do Poste (Mo\u00e7ambique) e GTO Teatro do Oprimido (Guin\u00e9 Bissau).<\/p>\n<p><strong>M\u00eas da Consci\u00eancia Negra<br \/>\n<\/strong>Al\u00e9m das atra\u00e7\u00f5es reunidas na v\u00e9spera e no pr\u00f3prio Dia da Consci\u00eancia Negra, a Prefeitura apoia ainda uma s\u00e9rie de atividades que se estender\u00e3o at\u00e9 o final do m\u00eas em diversos Centros Educacionais Unificados (CEUs) e tamb\u00e9m em Clubes Esportivos Municipais.<\/p>\n<p>S\u00e3o apresenta\u00e7\u00f5es de teatro, aulas e oficinas de capoeira &#8211; atividade cultural e esportiva legitimamente brasileira -, al\u00e9m de jogos de basquete de rua, futebol, exerc\u00edcios em piscina, v\u00f4lei adaptado, caminhada e lutas, como MMA e Kickboxing. A programa\u00e7\u00e3o completa dessas atividades pode tamb\u00e9m ser conferida no hotsite Consci\u00eancia Negra em S\u00e3o Paulo.<\/p>\n<p><strong>20 de novembro<br \/>\n<\/strong>O Dia da Consci\u00eancia Negra \u00e9 comemorado no dia 20 de novembro, como forma de homenagem a Zumbi dos Palmares, morto na mesma data, em 1695, e para marcar a luta contra o preconceito. A data e o feriado na cidade s\u00e3o garantidos pela Lei 13.707, de janeiro de 2004.<\/p>\n<p>O prefeito Fernando Haddad criou em janeiro a Secretaria Municipal de Promo\u00e7\u00e3o a Igualdade Racial, que \u00e9 liderada pelo secret\u00e1rio Netinho de Paula.<\/p>\n<p>Em maio deste ano foi assinada uma Portaria Intersecretarial com cinco Pastas diferente que cria o grupo de trabalho \u2018Educa\u00e7\u00e3o das Rela\u00e7\u00f5es Etnicorraciais\u2019. O grupo trabalha, principalmente, na elabora\u00e7\u00e3o da proposta de implementa\u00e7\u00e3o, acompanhamento e monitoramento da Lei 10.639\/2003, que institui o ensino da Hist\u00f3ria da \u00c1frica nas escolas p\u00fablicas e privadas. A Secretaria Municipal de Esportes \u00e9 respons\u00e1vel pelo investimento na pr\u00e1tica da capoeira e pela aproxima\u00e7\u00e3o dos centros esportivos municipais \u00e0s pr\u00e1ticas educativas e de socializa\u00e7\u00e3o que auxiliem na promo\u00e7\u00e3o da igualdade racial.<\/p>\n<p><strong>Ciclofaixas de lazer<\/strong><br \/>\nEm decorr\u00eancia do feriado municipal do Dia da Consci\u00eancia Negra, as ciclofaixas de lazer da cidade ser\u00e3o ativadas\u00a0na pr\u00f3xima quarta-feira (20), das 7 horas \u00e0s 16 horas. De acordo com a Companhia de Engenharia de Tr\u00e1fego (CET), pretende-se com a iniciativa a implementa\u00e7\u00e3o de mais uma op\u00e7\u00e3o de lazer no feriado. Normalmente, as ciclofaixas s\u00e3o abertas apenas aos domingos.<\/p>\n\n<div style=\"font-size: 0px; height: 0px; line-height: 0px; margin: 0; padding: 0; clear: both;\"><\/div>","protected":false},"excerpt":{"rendered":"<p>Em comemora\u00e7\u00e3o ao Dia da Consci\u00eancia Negra, a Secretaria Municipal de Promo\u00e7\u00e3o a Igualdade Racial, em parceria com a Secretaria de Cultura do Governo do Estado de S\u00e3o Paulo, promove nos pr\u00f3ximos dias 19 e 20 de novembro uma s\u00e9rie de shows no Vale do Anhangaba\u00fa. Com o tema \u201cM\u00fasica, Dan\u00e7a e Resist\u00eancia\u201d, a festa trar\u00e1 uma variedade de atra\u00e7\u00f5es de diferentes g\u00eaneros. No palco, samba, funk, soul, hip hop e outras vertentes musicais negras d\u00e3o o tom da festa, enquanto n\u00fameros de dan\u00e7a animam o p\u00fablico. Os shows trar\u00e3o nomes como Arlindo Cruz, sambista com mais de 550 m\u00fasicas <\/p>\n","protected":false},"author":1,"featured_media":0,"comment_status":"open","ping_status":"closed","sticky":false,"template":"","format":"standard","meta":{"footnotes":""},"categories":[6],"tags":[],"class_list":["post-5597","post","type-post","status-publish","format-standard","hentry","category-noticias-no-centro-sp"],"aioseo_notices":[],"aioseo_head":"\n\t\t<!-- All in One SEO 5.0.0.1 - aioseo.com -->\n\t<meta name=\"description\" content=\"Em comemora\u00e7\u00e3o ao Dia da Consci\u00eancia Negra, a Secretaria Municipal de Promo\u00e7\u00e3o a Igualdade Racial, em parceria com a Secretaria de Cultura do Governo do Estado de S\u00e3o Paulo, promove nos pr\u00f3ximos dias 19 e 20 de novembro uma s\u00e9rie de shows no Vale do Anhangaba\u00fa. Com o tema \u201cM\u00fasica, Dan\u00e7a e Resist\u00eancia\u201d, a festa\" \/>\n\t<meta name=\"robots\" content=\"max-image-preview:large\" \/>\n\t<meta name=\"author\" content=\"Encontra Centro SP\"\/>\n\t<link rel=\"canonical\" href=\"https:\/\/www.encontracentrosaopaulo.com.br\/sobre\/anhangabau-tera-shows-de-dexter-e-emicida-em-comemoracao-ao-dia-da-consciencia-negra\/\" \/>\n\t<meta name=\"generator\" content=\"All in One SEO (AIOSEO) 5.0.0.1\" \/>\n\t\t<meta property=\"og:locale\" content=\"pt_BR\" \/>\n\t\t<meta property=\"og:site_name\" content=\"Encontra Centro SP | Not\u00edcias, eventos, informa\u00e7\u00f5es e dicas na cidade de Centro SP e regi\u00e3o.\" \/>\n\t\t<meta property=\"og:type\" content=\"article\" \/>\n\t\t<meta property=\"og:title\" content=\"Anhangaba\u00fa ter\u00e1 shows de Dexter e Emicida em comemora\u00e7\u00e3o ao Dia da Consci\u00eancia Negra | Encontra Centro SP\" \/>\n\t\t<meta property=\"og:description\" content=\"Em comemora\u00e7\u00e3o ao Dia da Consci\u00eancia Negra, a Secretaria Municipal de Promo\u00e7\u00e3o a Igualdade Racial, em parceria com a Secretaria de Cultura do Governo do Estado de S\u00e3o Paulo, promove nos pr\u00f3ximos dias 19 e 20 de novembro uma s\u00e9rie de shows no Vale do Anhangaba\u00fa. Com o tema \u201cM\u00fasica, Dan\u00e7a e Resist\u00eancia\u201d, a festa\" \/>\n\t\t<meta property=\"og:url\" content=\"https:\/\/www.encontracentrosaopaulo.com.br\/sobre\/anhangabau-tera-shows-de-dexter-e-emicida-em-comemoracao-ao-dia-da-consciencia-negra\/\" \/>\n\t\t<meta property=\"article:published_time\" content=\"2013-11-18T10:43:55+00:00\" \/>\n\t\t<meta property=\"article:modified_time\" content=\"2019-04-29T19:20:02+00:00\" \/>\n\t\t<meta name=\"twitter:card\" content=\"summary\" \/>\n\t\t<meta name=\"twitter:title\" content=\"Anhangaba\u00fa ter\u00e1 shows de Dexter e Emicida em comemora\u00e7\u00e3o ao Dia da Consci\u00eancia Negra | Encontra Centro SP\" \/>\n\t\t<meta name=\"twitter:description\" content=\"Em comemora\u00e7\u00e3o ao Dia da Consci\u00eancia Negra, a Secretaria Municipal de Promo\u00e7\u00e3o a Igualdade Racial, em parceria com a Secretaria de Cultura do Governo do Estado de S\u00e3o Paulo, promove nos pr\u00f3ximos dias 19 e 20 de novembro uma s\u00e9rie de shows no Vale do Anhangaba\u00fa. Com o tema \u201cM\u00fasica, Dan\u00e7a e Resist\u00eancia\u201d, a festa\" \/>\n\t\t<script type=\"application\/ld+json\" class=\"aioseo-schema\">\n\t\t\t{\"@context\":\"https:\\\/\\\/schema.org\",\"@graph\":[{\"@type\":\"Article\",\"@id\":\"https:\\\/\\\/www.encontracentrosaopaulo.com.br\\\/sobre\\\/anhangabau-tera-shows-de-dexter-e-emicida-em-comemoracao-ao-dia-da-consciencia-negra\\\/#article\",\"name\":\"Anhangaba\\u00fa ter\\u00e1 shows de Dexter e Emicida em comemora\\u00e7\\u00e3o ao Dia da Consci\\u00eancia Negra | Encontra Centro SP\",\"headline\":\"Anhangaba\\u00fa ter\\u00e1 shows de Dexter e Emicida em comemora\\u00e7\\u00e3o ao Dia da Consci\\u00eancia Negra\",\"author\":{\"@id\":\"https:\\\/\\\/www.encontracentrosaopaulo.com.br\\\/sobre\\\/author\\\/ecentrosaopaulo\\\/#author\"},\"publisher\":{\"@id\":\"https:\\\/\\\/www.encontracentrosaopaulo.com.br\\\/sobre\\\/#organization\"},\"datePublished\":\"2013-11-18T08:43:55-02:00\",\"dateModified\":\"2019-04-29T16:20:02-03:00\",\"inLanguage\":\"pt-BR\",\"mainEntityOfPage\":{\"@id\":\"https:\\\/\\\/www.encontracentrosaopaulo.com.br\\\/sobre\\\/anhangabau-tera-shows-de-dexter-e-emicida-em-comemoracao-ao-dia-da-consciencia-negra\\\/#webpage\"},\"isPartOf\":{\"@id\":\"https:\\\/\\\/www.encontracentrosaopaulo.com.br\\\/sobre\\\/anhangabau-tera-shows-de-dexter-e-emicida-em-comemoracao-ao-dia-da-consciencia-negra\\\/#webpage\"},\"articleSection\":\"Not\\u00edcias Centro SP\"},{\"@type\":\"BreadcrumbList\",\"@id\":\"https:\\\/\\\/www.encontracentrosaopaulo.com.br\\\/sobre\\\/anhangabau-tera-shows-de-dexter-e-emicida-em-comemoracao-ao-dia-da-consciencia-negra\\\/#breadcrumblist\",\"itemListElement\":[{\"@type\":\"ListItem\",\"@id\":\"https:\\\/\\\/www.encontracentrosaopaulo.com.br\\\/sobre#listItem\",\"position\":1,\"name\":\"In\\u00edcio\",\"item\":\"https:\\\/\\\/www.encontracentrosaopaulo.com.br\\\/sobre\",\"nextItem\":{\"@type\":\"ListItem\",\"@id\":\"https:\\\/\\\/www.encontracentrosaopaulo.com.br\\\/sobre\\\/noticias-no-centro-sp\\\/#listItem\",\"name\":\"Not\\u00edcias Centro SP\"}},{\"@type\":\"ListItem\",\"@id\":\"https:\\\/\\\/www.encontracentrosaopaulo.com.br\\\/sobre\\\/noticias-no-centro-sp\\\/#listItem\",\"position\":2,\"name\":\"Not\\u00edcias Centro SP\",\"item\":\"https:\\\/\\\/www.encontracentrosaopaulo.com.br\\\/sobre\\\/noticias-no-centro-sp\\\/\",\"nextItem\":{\"@type\":\"ListItem\",\"@id\":\"https:\\\/\\\/www.encontracentrosaopaulo.com.br\\\/sobre\\\/anhangabau-tera-shows-de-dexter-e-emicida-em-comemoracao-ao-dia-da-consciencia-negra\\\/#listItem\",\"name\":\"Anhangaba\\u00fa ter\\u00e1 shows de Dexter e Emicida em comemora\\u00e7\\u00e3o ao Dia da Consci\\u00eancia Negra\"},\"previousItem\":{\"@type\":\"ListItem\",\"@id\":\"https:\\\/\\\/www.encontracentrosaopaulo.com.br\\\/sobre#listItem\",\"name\":\"In\\u00edcio\"}},{\"@type\":\"ListItem\",\"@id\":\"https:\\\/\\\/www.encontracentrosaopaulo.com.br\\\/sobre\\\/anhangabau-tera-shows-de-dexter-e-emicida-em-comemoracao-ao-dia-da-consciencia-negra\\\/#listItem\",\"position\":3,\"name\":\"Anhangaba\\u00fa ter\\u00e1 shows de Dexter e Emicida em comemora\\u00e7\\u00e3o ao Dia da Consci\\u00eancia Negra\",\"previousItem\":{\"@type\":\"ListItem\",\"@id\":\"https:\\\/\\\/www.encontracentrosaopaulo.com.br\\\/sobre\\\/noticias-no-centro-sp\\\/#listItem\",\"name\":\"Not\\u00edcias Centro SP\"}}]},{\"@type\":\"Organization\",\"@id\":\"https:\\\/\\\/www.encontracentrosaopaulo.com.br\\\/sobre\\\/#organization\",\"name\":\"Encontra Centro SP\",\"description\":\"Not\\u00edcias, eventos, informa\\u00e7\\u00f5es e dicas na cidade de Centro SP e regi\\u00e3o.\",\"url\":\"https:\\\/\\\/www.encontracentrosaopaulo.com.br\\\/sobre\\\/\"},{\"@type\":\"Person\",\"@id\":\"https:\\\/\\\/www.encontracentrosaopaulo.com.br\\\/sobre\\\/author\\\/ecentrosaopaulo\\\/#author\",\"url\":\"https:\\\/\\\/www.encontracentrosaopaulo.com.br\\\/sobre\\\/author\\\/ecentrosaopaulo\\\/\",\"name\":\"Encontra Centro SP\",\"image\":{\"@type\":\"ImageObject\",\"@id\":\"https:\\\/\\\/www.encontracentrosaopaulo.com.br\\\/sobre\\\/anhangabau-tera-shows-de-dexter-e-emicida-em-comemoracao-ao-dia-da-consciencia-negra\\\/#authorImage\",\"url\":\"https:\\\/\\\/secure.gravatar.com\\\/avatar\\\/507340682b8270222e1f208e23198b6ae7e2c6a1033ae84e99bc6bce4f82a387?s=96&d=mm&r=g\",\"width\":96,\"height\":96,\"caption\":\"Encontra Centro SP\"}},{\"@type\":\"WebPage\",\"@id\":\"https:\\\/\\\/www.encontracentrosaopaulo.com.br\\\/sobre\\\/anhangabau-tera-shows-de-dexter-e-emicida-em-comemoracao-ao-dia-da-consciencia-negra\\\/#webpage\",\"url\":\"https:\\\/\\\/www.encontracentrosaopaulo.com.br\\\/sobre\\\/anhangabau-tera-shows-de-dexter-e-emicida-em-comemoracao-ao-dia-da-consciencia-negra\\\/\",\"name\":\"Anhangaba\\u00fa ter\\u00e1 shows de Dexter e Emicida em comemora\\u00e7\\u00e3o ao Dia da Consci\\u00eancia Negra | Encontra Centro SP\",\"description\":\"Em comemora\\u00e7\\u00e3o ao Dia da Consci\\u00eancia Negra, a Secretaria Municipal de Promo\\u00e7\\u00e3o a Igualdade Racial, em parceria com a Secretaria de Cultura do Governo do Estado de S\\u00e3o Paulo, promove nos pr\\u00f3ximos dias 19 e 20 de novembro uma s\\u00e9rie de shows no Vale do Anhangaba\\u00fa. Com o tema \\u201cM\\u00fasica, Dan\\u00e7a e Resist\\u00eancia\\u201d, a festa\",\"inLanguage\":\"pt-BR\",\"isPartOf\":{\"@id\":\"https:\\\/\\\/www.encontracentrosaopaulo.com.br\\\/sobre\\\/#website\"},\"breadcrumb\":{\"@id\":\"https:\\\/\\\/www.encontracentrosaopaulo.com.br\\\/sobre\\\/anhangabau-tera-shows-de-dexter-e-emicida-em-comemoracao-ao-dia-da-consciencia-negra\\\/#breadcrumblist\"},\"author\":{\"@id\":\"https:\\\/\\\/www.encontracentrosaopaulo.com.br\\\/sobre\\\/author\\\/ecentrosaopaulo\\\/#author\"},\"creator\":{\"@id\":\"https:\\\/\\\/www.encontracentrosaopaulo.com.br\\\/sobre\\\/author\\\/ecentrosaopaulo\\\/#author\"},\"datePublished\":\"2013-11-18T08:43:55-02:00\",\"dateModified\":\"2019-04-29T16:20:02-03:00\"},{\"@type\":\"WebSite\",\"@id\":\"https:\\\/\\\/www.encontracentrosaopaulo.com.br\\\/sobre\\\/#website\",\"url\":\"https:\\\/\\\/www.encontracentrosaopaulo.com.br\\\/sobre\\\/\",\"name\":\"Encontra Centro SP\",\"description\":\"Not\\u00edcias, eventos, informa\\u00e7\\u00f5es e dicas na cidade de Centro SP e regi\\u00e3o.\",\"inLanguage\":\"pt-BR\",\"publisher\":{\"@id\":\"https:\\\/\\\/www.encontracentrosaopaulo.com.br\\\/sobre\\\/#organization\"}}]}\n\t\t<\/script>\n\t\t<!-- All in One SEO -->\n\n","aioseo_head_json":{"title":"Anhangaba\u00fa ter\u00e1 shows de Dexter e Emicida em comemora\u00e7\u00e3o ao Dia da Consci\u00eancia Negra | Encontra Centro SP","description":"Em comemora\u00e7\u00e3o ao Dia da Consci\u00eancia Negra, a Secretaria Municipal de Promo\u00e7\u00e3o a Igualdade Racial, em parceria com a Secretaria de Cultura do Governo do Estado de S\u00e3o Paulo, promove nos pr\u00f3ximos dias 19 e 20 de novembro uma s\u00e9rie de shows no Vale do Anhangaba\u00fa. Com o tema \u201cM\u00fasica, Dan\u00e7a e Resist\u00eancia\u201d, a festa","canonical_url":"https:\/\/www.encontracentrosaopaulo.com.br\/sobre\/anhangabau-tera-shows-de-dexter-e-emicida-em-comemoracao-ao-dia-da-consciencia-negra\/","robots":"max-image-preview:large","keywords":"","webmasterTools":{"miscellaneous":""},"schema":{"@context":"https:\/\/schema.org","@graph":[{"@type":"Article","@id":"https:\/\/www.encontracentrosaopaulo.com.br\/sobre\/anhangabau-tera-shows-de-dexter-e-emicida-em-comemoracao-ao-dia-da-consciencia-negra\/#article","name":"Anhangaba\u00fa ter\u00e1 shows de Dexter e Emicida em comemora\u00e7\u00e3o ao Dia da Consci\u00eancia Negra | Encontra Centro SP","headline":"Anhangaba\u00fa ter\u00e1 shows de Dexter e Emicida em comemora\u00e7\u00e3o ao Dia da Consci\u00eancia Negra","author":{"@id":"https:\/\/www.encontracentrosaopaulo.com.br\/sobre\/author\/ecentrosaopaulo\/#author"},"publisher":{"@id":"https:\/\/www.encontracentrosaopaulo.com.br\/sobre\/#organization"},"datePublished":"2013-11-18T08:43:55-02:00","dateModified":"2019-04-29T16:20:02-03:00","inLanguage":"pt-BR","mainEntityOfPage":{"@id":"https:\/\/www.encontracentrosaopaulo.com.br\/sobre\/anhangabau-tera-shows-de-dexter-e-emicida-em-comemoracao-ao-dia-da-consciencia-negra\/#webpage"},"isPartOf":{"@id":"https:\/\/www.encontracentrosaopaulo.com.br\/sobre\/anhangabau-tera-shows-de-dexter-e-emicida-em-comemoracao-ao-dia-da-consciencia-negra\/#webpage"},"articleSection":"Not\u00edcias Centro SP"},{"@type":"BreadcrumbList","@id":"https:\/\/www.encontracentrosaopaulo.com.br\/sobre\/anhangabau-tera-shows-de-dexter-e-emicida-em-comemoracao-ao-dia-da-consciencia-negra\/#breadcrumblist","itemListElement":[{"@type":"ListItem","@id":"https:\/\/www.encontracentrosaopaulo.com.br\/sobre#listItem","position":1,"name":"In\u00edcio","item":"https:\/\/www.encontracentrosaopaulo.com.br\/sobre","nextItem":{"@type":"ListItem","@id":"https:\/\/www.encontracentrosaopaulo.com.br\/sobre\/noticias-no-centro-sp\/#listItem","name":"Not\u00edcias Centro SP"}},{"@type":"ListItem","@id":"https:\/\/www.encontracentrosaopaulo.com.br\/sobre\/noticias-no-centro-sp\/#listItem","position":2,"name":"Not\u00edcias Centro SP","item":"https:\/\/www.encontracentrosaopaulo.com.br\/sobre\/noticias-no-centro-sp\/","nextItem":{"@type":"ListItem","@id":"https:\/\/www.encontracentrosaopaulo.com.br\/sobre\/anhangabau-tera-shows-de-dexter-e-emicida-em-comemoracao-ao-dia-da-consciencia-negra\/#listItem","name":"Anhangaba\u00fa ter\u00e1 shows de Dexter e Emicida em comemora\u00e7\u00e3o ao Dia da Consci\u00eancia Negra"},"previousItem":{"@type":"ListItem","@id":"https:\/\/www.encontracentrosaopaulo.com.br\/sobre#listItem","name":"In\u00edcio"}},{"@type":"ListItem","@id":"https:\/\/www.encontracentrosaopaulo.com.br\/sobre\/anhangabau-tera-shows-de-dexter-e-emicida-em-comemoracao-ao-dia-da-consciencia-negra\/#listItem","position":3,"name":"Anhangaba\u00fa ter\u00e1 shows de Dexter e Emicida em comemora\u00e7\u00e3o ao Dia da Consci\u00eancia Negra","previousItem":{"@type":"ListItem","@id":"https:\/\/www.encontracentrosaopaulo.com.br\/sobre\/noticias-no-centro-sp\/#listItem","name":"Not\u00edcias Centro SP"}}]},{"@type":"Organization","@id":"https:\/\/www.encontracentrosaopaulo.com.br\/sobre\/#organization","name":"Encontra Centro SP","description":"Not\u00edcias, eventos, informa\u00e7\u00f5es e dicas na cidade de Centro SP e regi\u00e3o.","url":"https:\/\/www.encontracentrosaopaulo.com.br\/sobre\/"},{"@type":"Person","@id":"https:\/\/www.encontracentrosaopaulo.com.br\/sobre\/author\/ecentrosaopaulo\/#author","url":"https:\/\/www.encontracentrosaopaulo.com.br\/sobre\/author\/ecentrosaopaulo\/","name":"Encontra Centro SP","image":{"@type":"ImageObject","@id":"https:\/\/www.encontracentrosaopaulo.com.br\/sobre\/anhangabau-tera-shows-de-dexter-e-emicida-em-comemoracao-ao-dia-da-consciencia-negra\/#authorImage","url":"https:\/\/secure.gravatar.com\/avatar\/507340682b8270222e1f208e23198b6ae7e2c6a1033ae84e99bc6bce4f82a387?s=96&d=mm&r=g","width":96,"height":96,"caption":"Encontra Centro SP"}},{"@type":"WebPage","@id":"https:\/\/www.encontracentrosaopaulo.com.br\/sobre\/anhangabau-tera-shows-de-dexter-e-emicida-em-comemoracao-ao-dia-da-consciencia-negra\/#webpage","url":"https:\/\/www.encontracentrosaopaulo.com.br\/sobre\/anhangabau-tera-shows-de-dexter-e-emicida-em-comemoracao-ao-dia-da-consciencia-negra\/","name":"Anhangaba\u00fa ter\u00e1 shows de Dexter e Emicida em comemora\u00e7\u00e3o ao Dia da Consci\u00eancia Negra | Encontra Centro SP","description":"Em comemora\u00e7\u00e3o ao Dia da Consci\u00eancia Negra, a Secretaria Municipal de Promo\u00e7\u00e3o a Igualdade Racial, em parceria com a Secretaria de Cultura do Governo do Estado de S\u00e3o Paulo, promove nos pr\u00f3ximos dias 19 e 20 de novembro uma s\u00e9rie de shows no Vale do Anhangaba\u00fa. Com o tema \u201cM\u00fasica, Dan\u00e7a e Resist\u00eancia\u201d, a festa","inLanguage":"pt-BR","isPartOf":{"@id":"https:\/\/www.encontracentrosaopaulo.com.br\/sobre\/#website"},"breadcrumb":{"@id":"https:\/\/www.encontracentrosaopaulo.com.br\/sobre\/anhangabau-tera-shows-de-dexter-e-emicida-em-comemoracao-ao-dia-da-consciencia-negra\/#breadcrumblist"},"author":{"@id":"https:\/\/www.encontracentrosaopaulo.com.br\/sobre\/author\/ecentrosaopaulo\/#author"},"creator":{"@id":"https:\/\/www.encontracentrosaopaulo.com.br\/sobre\/author\/ecentrosaopaulo\/#author"},"datePublished":"2013-11-18T08:43:55-02:00","dateModified":"2019-04-29T16:20:02-03:00"},{"@type":"WebSite","@id":"https:\/\/www.encontracentrosaopaulo.com.br\/sobre\/#website","url":"https:\/\/www.encontracentrosaopaulo.com.br\/sobre\/","name":"Encontra Centro SP","description":"Not\u00edcias, eventos, informa\u00e7\u00f5es e dicas na cidade de Centro SP e regi\u00e3o.","inLanguage":"pt-BR","publisher":{"@id":"https:\/\/www.encontracentrosaopaulo.com.br\/sobre\/#organization"}}]},"og:locale":"pt_BR","og:site_name":"Encontra Centro SP | Not\u00edcias, eventos, informa\u00e7\u00f5es e dicas na cidade de Centro SP e regi\u00e3o.","og:type":"article","og:title":"Anhangaba\u00fa ter\u00e1 shows de Dexter e Emicida em comemora\u00e7\u00e3o ao Dia da Consci\u00eancia Negra | Encontra Centro SP","og:description":"Em comemora\u00e7\u00e3o ao Dia da Consci\u00eancia Negra, a Secretaria Municipal de Promo\u00e7\u00e3o a Igualdade Racial, em parceria com a Secretaria de Cultura do Governo do Estado de S\u00e3o Paulo, promove nos pr\u00f3ximos dias 19 e 20 de novembro uma s\u00e9rie de shows no Vale do Anhangaba\u00fa. Com o tema \u201cM\u00fasica, Dan\u00e7a e Resist\u00eancia\u201d, a festa","og:url":"https:\/\/www.encontracentrosaopaulo.com.br\/sobre\/anhangabau-tera-shows-de-dexter-e-emicida-em-comemoracao-ao-dia-da-consciencia-negra\/","article:published_time":"2013-11-18T10:43:55+00:00","article:modified_time":"2019-04-29T19:20:02+00:00","twitter:card":"summary","twitter:title":"Anhangaba\u00fa ter\u00e1 shows de Dexter e Emicida em comemora\u00e7\u00e3o ao Dia da Consci\u00eancia Negra | Encontra Centro SP","twitter:description":"Em comemora\u00e7\u00e3o ao Dia da Consci\u00eancia Negra, a Secretaria Municipal de Promo\u00e7\u00e3o a Igualdade Racial, em parceria com a Secretaria de Cultura do Governo do Estado de S\u00e3o Paulo, promove nos pr\u00f3ximos dias 19 e 20 de novembro uma s\u00e9rie de shows no Vale do Anhangaba\u00fa. Com o tema \u201cM\u00fasica, Dan\u00e7a e Resist\u00eancia\u201d, a festa"},"aioseo_meta_data":{"post_id":"5597","title":null,"description":null,"keywords":null,"keyphrases":null,"primary_term":null,"canonical_url":null,"og_title":null,"og_description":null,"og_object_type":"default","og_image_type":"default","og_image_url":null,"og_image_width":null,"og_image_height":null,"og_image_custom_url":null,"og_image_custom_fields":null,"og_video":null,"og_custom_url":null,"og_article_section":null,"og_article_tags":null,"twitter_use_og":false,"twitter_card":"default","twitter_image_type":"default","twitter_image_url":null,"twitter_image_custom_url":null,"twitter_image_custom_fields":null,"twitter_title":null,"twitter_description":null,"schema":{"blockGraphs":[],"customGraphs":[],"default":{"data":{"Article":[],"Course":[],"Dataset":[],"FAQPage":[],"Movie":[],"Person":[],"Product":[],"ProductReview":[],"Car":[],"Recipe":[],"Service":[],"SoftwareApplication":[],"WebPage":[]},"graphName":"Article","isEnabled":true},"graphs":[]},"schema_type":null,"schema_type_options":null,"pillar_content":false,"robots_default":true,"robots_noindex":false,"robots_noarchive":false,"robots_nosnippet":false,"robots_nofollow":false,"robots_noimageindex":false,"robots_noodp":false,"robots_notranslate":false,"robots_max_snippet":null,"robots_max_videopreview":null,"robots_max_imagepreview":"large","priority":null,"frequency":null,"local_seo":null,"breadcrumb_settings":null,"limit_modified_date":false,"ai":null,"created":"2021-01-18 18:52:09","updated":"2025-11-18 01:00:37","seo_analyzer_scan_date":null,"focus_keyword":null,"additional_keywords":null,"truseo_locale":null},"aioseo_breadcrumb":"<div class=\"aioseo-breadcrumbs\"><span class=\"aioseo-breadcrumb\">\n\t\t\t<a href=\"https:\/\/www.encontracentrosaopaulo.com.br\/sobre\" title=\"In\u00edcio\">In\u00edcio<\/a>\n\t\t<\/span><span class=\"aioseo-breadcrumb-separator\">&raquo;<\/span><span class=\"aioseo-breadcrumb\">\n\t\t\t<a href=\"https:\/\/www.encontracentrosaopaulo.com.br\/sobre\/noticias-no-centro-sp\/\" title=\"Not\u00edcias Centro SP\">Not\u00edcias Centro SP<\/a>\n\t\t<\/span><span class=\"aioseo-breadcrumb-separator\">&raquo;<\/span><span class=\"aioseo-breadcrumb\">\n\t\t\tAnhangaba\u00fa ter\u00e1 shows de Dexter e Emicida em comemora\u00e7\u00e3o ao Dia da Consci\u00eancia Negra\n\t\t<\/span><\/div>","aioseo_breadcrumb_json":[{"label":"In\u00edcio","link":"https:\/\/www.encontracentrosaopaulo.com.br\/sobre"},{"label":"Not\u00edcias Centro SP","link":"https:\/\/www.encontracentrosaopaulo.com.br\/sobre\/noticias-no-centro-sp\/"},{"label":"Anhangaba\u00fa ter\u00e1 shows de Dexter e Emicida em comemora\u00e7\u00e3o ao Dia da Consci\u00eancia Negra","link":"https:\/\/www.encontracentrosaopaulo.com.br\/sobre\/anhangabau-tera-shows-de-dexter-e-emicida-em-comemoracao-ao-dia-da-consciencia-negra\/"}],"_links":{"self":[{"href":"https:\/\/www.encontracentrosaopaulo.com.br\/sobre\/wp-json\/wp\/v2\/posts\/5597","targetHints":{"allow":["GET"]}}],"collection":[{"href":"https:\/\/www.encontracentrosaopaulo.com.br\/sobre\/wp-json\/wp\/v2\/posts"}],"about":[{"href":"https:\/\/www.encontracentrosaopaulo.com.br\/sobre\/wp-json\/wp\/v2\/types\/post"}],"author":[{"embeddable":true,"href":"https:\/\/www.encontracentrosaopaulo.com.br\/sobre\/wp-json\/wp\/v2\/users\/1"}],"replies":[{"embeddable":true,"href":"https:\/\/www.encontracentrosaopaulo.com.br\/sobre\/wp-json\/wp\/v2\/comments?post=5597"}],"version-history":[{"count":0,"href":"https:\/\/www.encontracentrosaopaulo.com.br\/sobre\/wp-json\/wp\/v2\/posts\/5597\/revisions"}],"wp:attachment":[{"href":"https:\/\/www.encontracentrosaopaulo.com.br\/sobre\/wp-json\/wp\/v2\/media?parent=5597"}],"wp:term":[{"taxonomy":"category","embeddable":true,"href":"https:\/\/www.encontracentrosaopaulo.com.br\/sobre\/wp-json\/wp\/v2\/categories?post=5597"},{"taxonomy":"post_tag","embeddable":true,"href":"https:\/\/www.encontracentrosaopaulo.com.br\/sobre\/wp-json\/wp\/v2\/tags?post=5597"}],"curies":[{"name":"wp","href":"https:\/\/api.w.org\/{rel}","templated":true}]}}