{"id":5650,"date":"2014-02-13T09:13:20","date_gmt":"2014-02-13T11:13:20","guid":{"rendered":"http:\/\/www.encontracentrosaopaulo.com.br\/noticias\/?p=5650"},"modified":"2019-04-29T16:20:01","modified_gmt":"2019-04-29T19:20:01","slug":"la-fura-dels-baus-abre-a-temporada-sinfonica-do-theatro-municipal","status":"publish","type":"post","link":"https:\/\/www.encontracentrosaopaulo.com.br\/sobre\/la-fura-dels-baus-abre-a-temporada-sinfonica-do-theatro-municipal\/","title":{"rendered":"La Fura Dels Baus abre a temporada sinf\u00f4nica do Theatro Municipal"},"content":{"rendered":"<div class=\"d6585b5127f45a35450431d0abc3f90c\" data-index=\"1\" style=\"float: none; margin:0px;\">\n<!-- Anuncio display - global -->\r\n<ins class=\"adsbygoogle\"\r\n     style=\"display:block\"\r\n     data-ad-client=\"ca-pub-8585364105181520\"\r\n     data-ad-slot=\"8789329856\"\r\n     data-ad-format=\"auto\"\r\n     data-full-width-responsive=\"true\"><\/ins>\r\n<script>\r\n     (adsbygoogle = window.adsbygoogle || []).push({});\r\n<\/script>\n<\/div>\n<p>O Theatro Municipal de S\u00e3o Paulo abre a temporada sinf\u00f4nica 2014 com dois concertos nos dias 15 e 16, com a participa\u00e7\u00e3o do grupo teatral catal\u00e3o La Fura Dels Baus. Fundado em 1979, em Barcelona, o grupo apresentar\u00e1 os tr\u00eas poemas sinf\u00f4nicos da \u201cTrologia Romana\u201d de Ottorino Respighi \u2013 Festivais Romanos, Fontes de Roma e Pinheiros de Roma.<\/p>\n<p>No palco estar\u00e1o maestro John Neschling acompanhado pelos m\u00fasicos da Orquestra Sinf\u00f4nica do Municipal (OSM). A m\u00fasica de Respighi permite que os m\u00fasicos e os seus instrumentos sejam os &#8220;grandes jogadores&#8221; com seus movimentos coreografados, determinados pela riqueza da partitura e pelas proje\u00e7\u00f5es em v\u00eddeo. Os tr\u00eas poemas s\u00e3o definidos pelas ruas e pra\u00e7as da cidade eterna.<\/p>\n<p>\u201cVamos dar a \u00eanfase m\u00e1xima aos m\u00fasicos da orquestra neste formato h\u00edbrido, que \u00e9 apoiado em um jogo de luzes, sombras e video-cria\u00e7\u00f5es do cineasta e fot\u00f3grafo franc\u00eas Emmanuel Carlier\u201d, explicou o diretor do La Fura Dels Baus, Carlus Padrissa.<\/p>\n<p>La Fura dels Baus alcan\u00e7ou fama internacional pelo trabalho com teatro digital, teatro de rua, \u00f3pera, performances e teatro contempor\u00e2neo. Em 1992, foi a respons\u00e1vel pela abertura dos Jogos Ol\u00edmpicos, em Barcelona, que foi transmitida e assistida ao vivo para mais de 500 milh\u00f5es de espectadores. O espet\u00e1culo L\u2019home del mil.leni, para celebrar o novo mil\u00eanio em 2000, teve um p\u00fablico de mais de 20 mil pessoas em Barcelona. A Divina Com\u00e9dia, apresentada em Floren\u00e7a, teve mais de 35 mil espectadores. La Navaja en el Ojo, que abriu a Bienal de Valencia, atraiu um p\u00fablico de mais de 20 mil pessoas.<\/p>\n<p>\u201cTrata-se de ver as linhas brilhantes, que d\u00e3o ao som produzido pela orquestra sinf\u00f4nica a reinterpreta\u00e7\u00e3o das ideias que passaram pela cabe\u00e7a de Respighi ao compor as tr\u00eas grandes pe\u00e7as. M\u00fasica e luz, movimento e fotografias. Um jogo de correspond\u00eancias entre o fogo interior do ser humano e do material: pedra, \u00e1gua e pinho\u201d, disse Padrissa.<\/p>\n<p>Para o maestro e diretor art\u00edstico do <a title=\"Theatro Municipal de S\u00e3o Paulo\" href=\"http:\/\/www.encontracentrosaopaulo.com.br\/centro-sp\/theatro-municipal-de-sao-paulo-no-centro.shtml\" target=\"_blank\">Theatro Municipal de S\u00e3o Paulo<\/a>, John Neschling, acredita que os espectadores que comparecerem ao concerto ter\u00e3o uma chance \u00fanica por conta da qualidade do grupo teatral catal\u00e3o. \u201cO p\u00fablico de S\u00e3o Paulo ter\u00e1 uma oportunidade sem precedentes de assistir a um dos grupos mais criativos da cena art\u00edstica mundial\u201d, comentou.<br \/>\n<strong><br \/>\nConcertos Sinf\u00f4nicos<\/strong><br \/>\nOttorino Respighi &#8211; Trilogia Romana<br \/>\n15\/02 &#8211; S\u00e1bado &#8211; \u00e0s 20h<br \/>\n16\/02- Domingo &#8211; \u00e0s 17h<br \/>\nIngressos: R$ 20 a R$ 60 \u2013 meia-entrada para estudantes.<br \/>\nLocais de compra: Ingresso F\u00e1cil (ingressofacil.com.br) e bilheteria do Theatro Municipal<\/p>\n<p>Funcionamento da bilheteria<br \/>\nDe segunda a s\u00e1bado das 10h \u00e0s 19h.<br \/>\nDomingo das 10h \u00e0s 17h.<br \/>\nNos espet\u00e1culos \u00e0 noite, at\u00e9 o in\u00edcio do evento;<br \/>\nEm dias de espet\u00e1culos pela manh\u00e3, a partir das 9h.<\/p>\n<p>John Neschling \u2013 Regente<br \/>\nFura dels Baus \u2013 Realiza\u00e7\u00e3o<br \/>\nCapacidade: 1.500 lugares<br \/>\nSugest\u00e3o et\u00e1ria: acima de 10 anos<br \/>\nDura\u00e7\u00e3o: 90 minutos<\/p>\n\n<div style=\"font-size: 0px; height: 0px; line-height: 0px; margin: 0; padding: 0; clear: both;\"><\/div>","protected":false},"excerpt":{"rendered":"<p>O Theatro Municipal de S\u00e3o Paulo abre a temporada sinf\u00f4nica 2014 com dois concertos nos dias 15 e 16, com a participa\u00e7\u00e3o do grupo teatral catal\u00e3o La Fura Dels Baus. Fundado em 1979, em Barcelona, o grupo apresentar\u00e1 os tr\u00eas poemas sinf\u00f4nicos da \u201cTrologia Romana\u201d de Ottorino Respighi \u2013 Festivais Romanos, Fontes de Roma e Pinheiros de Roma. No palco estar\u00e1o maestro John Neschling acompanhado pelos m\u00fasicos da Orquestra Sinf\u00f4nica do Municipal (OSM). A m\u00fasica de Respighi permite que os m\u00fasicos e os seus instrumentos sejam os &#8220;grandes jogadores&#8221; com seus movimentos coreografados, determinados pela riqueza da partitura e pelas <\/p>\n","protected":false},"author":1,"featured_media":0,"comment_status":"open","ping_status":"closed","sticky":false,"template":"","format":"standard","meta":{"footnotes":""},"categories":[6],"tags":[],"class_list":["post-5650","post","type-post","status-publish","format-standard","hentry","category-noticias-no-centro-sp"],"aioseo_notices":[],"_links":{"self":[{"href":"https:\/\/www.encontracentrosaopaulo.com.br\/sobre\/wp-json\/wp\/v2\/posts\/5650","targetHints":{"allow":["GET"]}}],"collection":[{"href":"https:\/\/www.encontracentrosaopaulo.com.br\/sobre\/wp-json\/wp\/v2\/posts"}],"about":[{"href":"https:\/\/www.encontracentrosaopaulo.com.br\/sobre\/wp-json\/wp\/v2\/types\/post"}],"author":[{"embeddable":true,"href":"https:\/\/www.encontracentrosaopaulo.com.br\/sobre\/wp-json\/wp\/v2\/users\/1"}],"replies":[{"embeddable":true,"href":"https:\/\/www.encontracentrosaopaulo.com.br\/sobre\/wp-json\/wp\/v2\/comments?post=5650"}],"version-history":[{"count":0,"href":"https:\/\/www.encontracentrosaopaulo.com.br\/sobre\/wp-json\/wp\/v2\/posts\/5650\/revisions"}],"wp:attachment":[{"href":"https:\/\/www.encontracentrosaopaulo.com.br\/sobre\/wp-json\/wp\/v2\/media?parent=5650"}],"wp:term":[{"taxonomy":"category","embeddable":true,"href":"https:\/\/www.encontracentrosaopaulo.com.br\/sobre\/wp-json\/wp\/v2\/categories?post=5650"},{"taxonomy":"post_tag","embeddable":true,"href":"https:\/\/www.encontracentrosaopaulo.com.br\/sobre\/wp-json\/wp\/v2\/tags?post=5650"}],"curies":[{"name":"wp","href":"https:\/\/api.w.org\/{rel}","templated":true}]}}