{"id":5716,"date":"2015-09-29T15:25:31","date_gmt":"2015-09-29T17:25:31","guid":{"rendered":"http:\/\/www.encontracentrosaopaulo.com.br\/noticias\/?p=5716"},"modified":"2019-04-29T16:20:00","modified_gmt":"2019-04-29T19:20:00","slug":"coral-paulistano-se-apresenta-gratuitamente-na-escadaria-do-theatro-municipal","status":"publish","type":"post","link":"https:\/\/www.encontracentrosaopaulo.com.br\/sobre\/coral-paulistano-se-apresenta-gratuitamente-na-escadaria-do-theatro-municipal\/","title":{"rendered":"Coral Paulistano se apresenta gratuitamente na Escadaria do Theatro Municipal"},"content":{"rendered":"<div class=\"d6585b5127f45a35450431d0abc3f90c\" data-index=\"1\" style=\"float: none; margin:0px;\">\n<!-- Anuncio display - global -->\r\n<ins class=\"adsbygoogle\"\r\n     style=\"display:block\"\r\n     data-ad-client=\"ca-pub-8585364105181520\"\r\n     data-ad-slot=\"8789329856\"\r\n     data-ad-format=\"auto\"\r\n     data-full-width-responsive=\"true\"><\/ins>\r\n<script>\r\n     (adsbygoogle = window.adsbygoogle || []).push({});\r\n<\/script>\n<\/div>\n<p>O Theatro Municipal abre suas portas para o p\u00fablico em apresenta\u00e7\u00e3o gratuita do Coral Paulistano na Escadaria do Municipal. O evento faz parte do projeto Municipal na Cidade, que tem como objetivo promover o amplo acesso do p\u00fablico ao Theatro.<\/p>\n<p>O evento acontece na Escadaria Interna do Theatro Municipal, no dia 30\/09\/2015 \u00e0s 12hrs e \u00e9 aberto ao p\u00fablico.<\/p>\n<p><img loading=\"lazy\" decoding=\"async\" class=\"alignnone\" src=\"http:\/\/www.encontracentrosaopaulo.com.br\/imgs\/teatro.jpg\" alt=\"\" width=\"509\" height=\"333\" \/><\/p>\n<p><strong>Servi\u00e7o:<\/strong><br \/>\nEvento: Coral Paulistano<br \/>\nLocal: Theatro Municipal de SP<br \/>\nEndere\u00e7o: Pra\u00e7a Ramos de Azevedo s\/n &#8211; Centro &#8211; S\u00e3o Paulo &#8211; SP<br \/>\nData: 30\/09\/2015 \u00e0s 12hrs<br \/>\nValor: Gratuito<br \/>\nReg\u00eancia: Martinho Lutero Galati de Oliveira e Luiz Marchetti<\/p>\n\n<div style=\"font-size: 0px; height: 0px; line-height: 0px; margin: 0; padding: 0; clear: both;\"><\/div>","protected":false},"excerpt":{"rendered":"<p>O Theatro Municipal abre suas portas para o p\u00fablico em apresenta\u00e7\u00e3o gratuita do Coral Paulistano na Escadaria do Municipal. O evento faz parte do projeto Municipal na Cidade, que tem como objetivo promover o amplo acesso do p\u00fablico ao Theatro. O evento acontece na Escadaria Interna do Theatro Municipal, no dia 30\/09\/2015 \u00e0s 12hrs e \u00e9 aberto ao p\u00fablico. Servi\u00e7o: Evento: Coral Paulistano Local: Theatro Municipal de SP Endere\u00e7o: Pra\u00e7a Ramos de Azevedo s\/n &#8211; Centro &#8211; S\u00e3o Paulo &#8211; SP Data: 30\/09\/2015 \u00e0s 12hrs Valor: Gratuito Reg\u00eancia: Martinho Lutero Galati de Oliveira e Luiz Marchetti<\/p>\n","protected":false},"author":1,"featured_media":0,"comment_status":"open","ping_status":"closed","sticky":false,"template":"","format":"standard","meta":{"footnotes":""},"categories":[20],"tags":[],"class_list":["post-5716","post","type-post","status-publish","format-standard","hentry","category-cultura-no-centro-sp"],"aioseo_notices":[],"_links":{"self":[{"href":"https:\/\/www.encontracentrosaopaulo.com.br\/sobre\/wp-json\/wp\/v2\/posts\/5716","targetHints":{"allow":["GET"]}}],"collection":[{"href":"https:\/\/www.encontracentrosaopaulo.com.br\/sobre\/wp-json\/wp\/v2\/posts"}],"about":[{"href":"https:\/\/www.encontracentrosaopaulo.com.br\/sobre\/wp-json\/wp\/v2\/types\/post"}],"author":[{"embeddable":true,"href":"https:\/\/www.encontracentrosaopaulo.com.br\/sobre\/wp-json\/wp\/v2\/users\/1"}],"replies":[{"embeddable":true,"href":"https:\/\/www.encontracentrosaopaulo.com.br\/sobre\/wp-json\/wp\/v2\/comments?post=5716"}],"version-history":[{"count":0,"href":"https:\/\/www.encontracentrosaopaulo.com.br\/sobre\/wp-json\/wp\/v2\/posts\/5716\/revisions"}],"wp:attachment":[{"href":"https:\/\/www.encontracentrosaopaulo.com.br\/sobre\/wp-json\/wp\/v2\/media?parent=5716"}],"wp:term":[{"taxonomy":"category","embeddable":true,"href":"https:\/\/www.encontracentrosaopaulo.com.br\/sobre\/wp-json\/wp\/v2\/categories?post=5716"},{"taxonomy":"post_tag","embeddable":true,"href":"https:\/\/www.encontracentrosaopaulo.com.br\/sobre\/wp-json\/wp\/v2\/tags?post=5716"}],"curies":[{"name":"wp","href":"https:\/\/api.w.org\/{rel}","templated":true}]}}