{"id":5905,"date":"2025-11-28T08:47:00","date_gmt":"2025-11-28T11:47:00","guid":{"rendered":"https:\/\/www.encontracentrosaopaulo.com.br\/sobre\/feriado-do-dia-da-consciencia-negra-leva-arte-e-historia-as-ruas-de-sp\/"},"modified":"2025-11-28T08:47:00","modified_gmt":"2025-11-28T11:47:00","slug":"feriado-do-dia-da-consciencia-negra-leva-arte-e-historia-as-ruas-de-sp","status":"publish","type":"post","link":"https:\/\/www.encontracentrosaopaulo.com.br\/sobre\/feriado-do-dia-da-consciencia-negra-leva-arte-e-historia-as-ruas-de-sp\/","title":{"rendered":"Feriado do Dia da Consci\u00eancia Negra leva arte e hist\u00f3ria \u00e0s ruas de SP"},"content":{"rendered":"<div class=\"d6585b5127f45a35450431d0abc3f90c\" data-index=\"1\" style=\"float: none; margin:0px;\">\n<!-- Anuncio display - global -->\r\n<ins class=\"adsbygoogle\"\r\n     style=\"display:block\"\r\n     data-ad-client=\"ca-pub-8585364105181520\"\r\n     data-ad-slot=\"8789329856\"\r\n     data-ad-format=\"auto\"\r\n     data-full-width-responsive=\"true\"><\/ins>\r\n<script>\r\n     (adsbygoogle = window.adsbygoogle || []).push({});\r\n<\/script>\n<\/div>\n<h2>Expo Internacional da Consci\u00eancia Negra<\/h2>\n<p>A Expo Internacional da Consci\u00eancia Negra \u00e9 um evento significativo que ocorre anualmente em S\u00e3o Paulo, e neste ano n\u00e3o \u00e9 diferente. O evento acontece no Centro Cultural S\u00e3o Paulo, localizado no bairro Vergueiro, e se estende por dois dias, reunindo diversas atividades voltadas para a educa\u00e7\u00e3o e a promo\u00e7\u00e3o cultural afro-brasileira. Com o tema <strong>Afrofuturismo<\/strong>, a feira tem como objetivo discutir e promover reflex\u00f5es sobre como o futuro pode ser moldado a partir de perspectivas e narrativas de protagonismo negro.<\/p>\n<p>O afrofuturismo \u00e9 um conceito que combina elementos de fic\u00e7\u00e3o cient\u00edfica, hist\u00f3ria e cultura afrodescendente, propondo uma reimagina\u00e7\u00e3o do passado sob uma nova luz e aspirando a um futuro mais inclusivo. Durante o evento, s\u00e3o realizados pain\u00e9is, workshops e exposi\u00e7\u00f5es que celebram a contribui\u00e7\u00e3o das comunidades afrodescendentes ao Brasil e ao mundo. <\/p>\n<p>Al\u00e9m de abordar o afrofuturismo, o evento, que ocorre em um espa\u00e7o emblem\u00e1tico como o Centro Cultural S\u00e3o Paulo, busca ser um espa\u00e7o de resist\u00eancia e de promo\u00e7\u00e3o do <strong>afroempreendedorismo<\/strong>. Atrav\u00e9s de feiras e estandes que re\u00fanem artistas, empreendedores e ativistas, a Expo promove a troca de experi\u00eancias e a valoriza\u00e7\u00e3o da cultura afro-brasileira.<\/p>\n<p>A import\u00e2ncia do evento tamb\u00e9m est\u00e1 na cria\u00e7\u00e3o de um espa\u00e7o seguro para express\u00f5es culturais muitas vezes marginalizadas. \u00c9 um momento para refletir sobre as lutas e conquistas da popula\u00e7\u00e3o negra no Brasil e a necessidade de se buscar justi\u00e7a social e igualdade racial em um contexto hist\u00f3rico marcado por desigualdades.<\/p>\n<h2>Samba, Censura e Resist\u00eancia durante a Ditadura Militar<\/h2>\n<p>No dia do feriado, uma roda de conversa no <strong>Memorial da Resist\u00eancia de S\u00e3o Paulo<\/strong> abordar\u00e1 a rela\u00e7\u00e3o entre o samba, a censura e a resist\u00eancia durante a ditadura militar brasileira. O samba, um dos ritmos mais representativos da cultura brasileira, foi tamb\u00e9m um espa\u00e7o de luta e resist\u00eancia ao longo da hist\u00f3ria. Durante o per\u00edodo da ditadura, as letras dos sambas-enredos frequentemente eram alvo de censura, o que demonstra como a m\u00fasica se transformou em um ve\u00edculo de protesto e reivindica\u00e7\u00e3o de direitos.<\/p>\n<p>Essa roda de conversa, que conta com a participa\u00e7\u00e3o de membros da escola de samba Casa Verde, discutir\u00e1 as interfer\u00eancias da censura nas letras de samba e como essas express\u00f5es culturais foram fundamentais para a resist\u00eancia da popula\u00e7\u00e3o negra e do povo brasileiro durante um dos per\u00edodos mais sombrios da hist\u00f3ria do pa\u00eds. Ao recuperar e discutir essas mem\u00f3rias, criamos um espa\u00e7o de reflex\u00e3o sobre o poder da arte para desafiar regimes opressores e para promover a liberdade de express\u00e3o.<\/p>\n<p>O evento n\u00e3o s\u00f3 celebra a hist\u00f3ria do samba como um s\u00edmbolo de resist\u00eancia, mas tamb\u00e9m serve como um alerta sobre os desafios contempor\u00e2neos em rela\u00e7\u00e3o \u00e0 liberdade de express\u00e3o e ao racismo cultural que ainda persistem na sociedade brasileira. Assim, \u00e9 uma oportunidade rara para os participantes se engajarem em um di\u00e1logo significativo sobre a cultura e suas interse\u00e7\u00f5es com a pol\u00edtica e a luta por direitos.<\/p>\n<h2>Menino Mandela: Musical na Caixa Cultural<\/h2>\n<p>Outro evento marcante que faz parte das comemora\u00e7\u00f5es do Dia da Consci\u00eancia Negra \u00e9 o musical <strong>Menino Mandela<\/strong>, que ocorrer\u00e1 na <strong>Caixa Cultural S\u00e3o Paulo<\/strong>. A pe\u00e7a apresenta uma vis\u00e3o fascinante da inf\u00e2ncia de Nelson Mandela, um dos maiores \u00edcones da luta contra o apartheid na \u00c1frica do Sul. Por meio de can\u00e7\u00f5es e performances teatrais envolventes, a obra promove a reflex\u00e3o sobre a import\u00e2ncia de Mandela na luta pela justi\u00e7a racial e pela igualdade. <\/p>\n<p>O musical \u00e9 uma oportunidade valiosa para que as pessoas conhe\u00e7am a hist\u00f3ria de Mandela desde os seus primeiros anos, entendendo como sua inf\u00e2ncia e suas experi\u00eancias formaram o l\u00edder que lutou pela liberdade de seu povo. A pe\u00e7a n\u00e3o apenas entret\u00e9m, mas educa e inspira, mostrando o quanto a determina\u00e7\u00e3o e a resili\u00eancia s\u00e3o fundamentais para transformar realidades.<\/p>\n<p>A Caixa Cultural tamb\u00e9m oferece uma oficina de m\u00fasicas tradicionais africanas, que complementa a tem\u00e1tica do musical e proporciona uma imers\u00e3o nos ritmos e sons do continente africano. Essa oficina \u00e9 uma oportunidade de aprender sobre a rica diversidade cultural da \u00c1frica e como ela repercute na m\u00fasica e na dan\u00e7a brasileira. Os participantes poder\u00e3o experimentar instrumentos tradicionais como o djembe, e explorar a conex\u00e3o entre cultura, identidade e resist\u00eancia.<\/p>\n<h2>Visita Tem\u00e1tica na Casa S\u00edtio da Ressaca<\/h2>\n<p>A Casa S\u00edtio da Ressaca, um dos mais antigos exemplares da arquitetura bandeirista em S\u00e3o Paulo, realiza uma visita tem\u00e1tica de 18 a 23 de novembro, abordando a presen\u00e7a negra na hist\u00f3ria da regi\u00e3o. Este evento intitulado <strong>Mem\u00f3rias de Ressaca: Presen\u00e7a Negra e Patrim\u00f4nio Vivo<\/strong> \u00e9 uma excelente oportunidade para os visitantes compreenderem como a hist\u00f3ria da popula\u00e7\u00e3o negra est\u00e1 entrela\u00e7ada com a forma\u00e7\u00e3o da cidade. <\/p>\n<p>A atividade \u00e9 parte de um percurso que envolve o <strong>Centro de Culturas Negras M\u00e3e Sylvia de Oxal\u00e1<\/strong> e a Biblioteca Paulo Duarte, formando um complexo cultural dedicado \u00e0 valoriza\u00e7\u00e3o da identidade afro-brasileira. Durante a visita, os participantes ter\u00e3o acesso a informa\u00e7\u00f5es hist\u00f3ricas sobre a presen\u00e7a negra na cidade desde o per\u00edodo colonial at\u00e9 os dias atuais, destacando a import\u00e2ncia da cultura afro-brasileira na constru\u00e7\u00e3o de S\u00e3o Paulo.<\/p>\n<p>Essa experi\u00eancia \u00e9 fundamental para que novas gera\u00e7\u00f5es possam conhecer e valorizar suas ra\u00edzes e a diversidade cultural que comp\u00f5e o tecido social brasileiro. A Casa S\u00edtio da Ressaca n\u00e3o apenas preserva a hist\u00f3ria arquitet\u00f4nica, mas tamb\u00e9m se firma como um espa\u00e7o de luta por mem\u00f3ria e identidade.<\/p>\n<h2>Beco do Pinto: Um Corredor de Mem\u00f3ria Negra<\/h2>\n<p>No Centro Hist\u00f3rico de S\u00e3o Paulo, o <strong>Beco do Pinto<\/strong> se transforma em um corredor de mem\u00f3ria negra, onde entre 19 e 23 de novembro realiza a atividade <strong>Passagens Negras: Rastros e Resist\u00eancias no Beco do Pinto<\/strong>. Este projeto visa reviver e contar as hist\u00f3rias da resist\u00eancia das popula\u00e7\u00f5es afrodescendentes que habitaram e trabalharam nessa regi\u00e3o ao longo da hist\u00f3ria.<\/p>\n<p>A atividade prop\u00f5e uma s\u00e9rie de visitas guiadas que exploram vest\u00edgios arqueol\u00f3gicos e marcas do ch\u00e3o, revelando a rica hist\u00f3ria de trabalho, deslocamento e resist\u00eancia que a popula\u00e7\u00e3o negra enfrentou desde o per\u00edodo colonial at\u00e9 a contemporaneidade. Este espa\u00e7o \u00e9 crucial para lembrar a luta dos afrodescendentes e relembrar as contribui\u00e7\u00f5es que fizeram para a cidade de S\u00e3o Paulo. Os visitantes poder\u00e3o perceber como esses rastros do passado ainda impactam a sociedade atual.<\/p>\n<p>Al\u00e9m de oferecer uma vis\u00e3o panor\u00e2mica sobre a hist\u00f3ria da popula\u00e7\u00e3o negra na cidade, as atividades no Beco do Pinto promovem um di\u00e1logo entre as gera\u00e7\u00f5es, fortalecer a identidade cultural e a consci\u00eancia sobre as quest\u00f5es sociais pertinentes at\u00e9 os dias atuais. O reconhecimento dos espa\u00e7os hist\u00f3ricos e a conscientiza\u00e7\u00e3o sobre sua import\u00e2ncia s\u00e3o a\u00e7\u00f5es essenciais para a constru\u00e7\u00e3o de um futuro mais igualit\u00e1rio.<\/p>\n<h2>Literatura Negra nas Bibliotecas Paulistanas<\/h2>\n<p>As bibliotecas municipais de S\u00e3o Paulo tamb\u00e9m entrar\u00e3o no esp\u00edrito das comemora\u00e7\u00f5es do Dia da Consci\u00eancia Negra com a conta\u00e7\u00e3o de hist\u00f3rias da Companhia N\u00facleo, intitulada <strong>Pequenas Not\u00e1veis: Caroline de Jesus<\/strong>, que ser\u00e1 exibida em v\u00e1rias bibliotecas at\u00e9 o dia 28 de novembro. Essa atividade tem como objetivo destacar a vida e a obra de Carolina Maria de Jesus, uma das vozes mais importantes da literatura negra brasileira. <\/p>\n<p>A conta\u00e7\u00e3o de hist\u00f3rias oferece uma oportunidade para que crian\u00e7as e jovens conhe\u00e7am a import\u00e2ncia de Carolina, que, apesar de viver em condi\u00e7\u00f5es adversas, conseguiu transformar sua realidade por meio das palavras. A literatura \u00e9 uma ferramenta poderosa para promover a conscientiza\u00e7\u00e3o sobre temas sociais, a luta por direitos e os desafios enfrentados pela popula\u00e7\u00e3o negra.<\/p>\n<p>As apresenta\u00e7\u00f5es ocorrer\u00e3o em diversas bibliotecas municipais, proporcionando um acesso democr\u00e1tico ao conhecimento e \u00e0 cultura afro-brasileira. Essa iniciativa \u00e9 essencial n\u00e3o apenas para promover a leitura, mas tamb\u00e9m para empoderar novos grupos a se expressarem artisticamente e a conhecerem a riqueza de sua heran\u00e7a cultural.<\/p>\n<h2>Feiras e Exposi\u00e7\u00f5es sobre Cultura Afro-Brasileira<\/h2>\n<p>As feiras e exposi\u00e7\u00f5es que acontecem na cidade t\u00eam um papel crucial na valoriza\u00e7\u00e3o da cultura afro-brasileira, permitindo que artistas e empreendedores afrodescendentes mostrem seu trabalho e promovam suas produ\u00e7\u00f5es. Essas feiras costumam incluir artesanato, gastronomia, m\u00fasica e dan\u00e7as t\u00edpicas, proporcionando um espa\u00e7o vibrante e repleto de cultura. <\/p>\n<p>Nessas feiras, os visitantes podem adquirir produtos aut\u00eanticos, participar de rodas de conversa e performances, al\u00e9m de se envolver em atividades que ressaltam a import\u00e2ncia da cultura afro-brasileira. As atividades s\u00e3o organizadas com o objetivo de fomentar o di\u00e1logo e a troca de experi\u00eancias, al\u00e9m de promover o entendimento sobre as quest\u00f5es sociais e culturais que ainda afetam a popula\u00e7\u00e3o negra.<\/p>\n<p>Este interc\u00e2mbio cultural \u00e9 fundamental para que houvesse um reconhecimento das contribui\u00e7\u00f5es que a cultura afro-brasileira oferece \u00e0 sociedade. \u00c9 uma oportunidade para que todos participem de um movimento de valoriza\u00e7\u00e3o e resist\u00eancia, refor\u00e7ando a necessidade de um olhar mais atento e respeitoso para com as diversidades que comp\u00f5em a riqueza cultural do Brasil.<\/p>\n<h2>Atividades Educativas para Crian\u00e7as<\/h2>\n<p>Durante o feriado, muitas atividades educativas s\u00e3o planejadas para as crian\u00e7as, focando na hist\u00f3ria e nas contribui\u00e7\u00f5es da popula\u00e7\u00e3o negra. Programas de aprendizado que incluem conta\u00e7\u00e3o de hist\u00f3rias e oficinas de arte s\u00e3o organizados em diversos espa\u00e7os culturais e escolas, ajudando as crian\u00e7as a compreenderem a import\u00e2ncia da diversidade cultural em um ambiente educativo. <\/p>\n<p>Essas atividades s\u00e3o projetadas para criar um espa\u00e7o seguro onde as crian\u00e7as possam explorar sua identidade e a cultura afro-brasileira, estimulando a valoriza\u00e7\u00e3o e o respeito pelas diferen\u00e7as desde cedo. Por meio de atividades l\u00fadicas, as crian\u00e7as t\u00eam a oportunidade de aprender sobre figuras hist\u00f3ricas importantes da luta pelos direitos civis e de explorar a rica tradi\u00e7\u00e3o cultural, incluindo m\u00fasica, dan\u00e7a, arte e literatura.<\/p>\n<p>Esse tipo de abordagem educacional n\u00e3o apenas fortalece a identidade cultural, mas tamb\u00e9m encoraja o respeito e a empatia entre diferentes grupos sociais. Proporcionar um conhecimento hist\u00f3rico e cultural adequado \u00e9 um passo importante para a constru\u00e7\u00e3o de uma sociedade mais justa e igualit\u00e1ria.<\/p>\n<h2>Teatro e Performances nas Ruas de SP<\/h2>\n<p>A arte de rua tamb\u00e9m desempenha um papel significativo nas comemora\u00e7\u00f5es do Dia da Consci\u00eancia Negra. V\u00e1rias apresenta\u00e7\u00f5es teatrais e performances ocorrem em espa\u00e7os p\u00fablicos ao longo da cidade, levando as quest\u00f5es raciais e sociais para uma audi\u00eancia diversificada e ampla. O teatro de rua \u00e9 uma forma poderosa de protesto e reflex\u00e3o, permitindo que artistas expressem suas vis\u00f5es e critiques sociais de forma direta e acess\u00edvel.<\/p>\n<p>Esse tipo de arte interativa n\u00e3o s\u00f3 entretem, mas tamb\u00e9m educa e provoca discuss\u00f5es sobre temas pertinentes \u00e0 luta contra o racismo e pela inclus\u00e3o social. As performances abordam desde hist\u00f3rias de resist\u00eancia e supera\u00e7\u00e3o at\u00e9 cr\u00edticas \u00e0s injusti\u00e7as sociais enfrentadas pela popula\u00e7\u00e3o negra, engajando o p\u00fablico de maneira ativa.<\/p>\n<p>As apresenta\u00e7\u00f5es em espa\u00e7os p\u00fablicos s\u00e3o uma forma de democratizar o acesso \u00e0 cultura e \u00e0 educa\u00e7\u00e3o, tornando os temas da consci\u00eancia negra mais vis\u00edveis e relevantes para toda a sociedade. Al\u00e9m disso, s\u00e3o uma oportunidade para artistas independentes se manifestarem e criarem um di\u00e1logo entre suas experi\u00eancias e a comunidade.\u201d<\/p>\n<h2>A Import\u00e2ncia da Consci\u00eancia Negra na Sociedade Contempor\u00e2nea<\/h2>\n<p>O Dia da Consci\u00eancia Negra \u00e9 um momento de reflex\u00e3o sobre as lutas e conquistas da popula\u00e7\u00e3o negra no Brasil. Este feriado \u00e9 fundamental para reconhecer a import\u00e2ncia da cultura e das contribui\u00e7\u00f5es africanas no contexto brasileiro. Mais do que uma data comemorativa, \u00e9 uma oportunidade de promover a reflex\u00e3o cr\u00edtica sobre a discrimina\u00e7\u00e3o e as desigualdades que persistem na sociedade.<\/p>\n<p>Ao celebrarmos a Consci\u00eancia Negra, refor\u00e7amos a necessidade de um compromisso cont\u00ednuo com a igualdade racial e justi\u00e7a social. As atividades realizadas durante o feriado mostram como a luta por reconhecimento e dignidade continua viva e relevante, incentivando novas gera\u00e7\u00f5es a se envolverem e a lutar por um futuro mais justo.<\/p>\n<p>O fortalecimento da consci\u00eancia negra contribui para cria\u00e7\u00e3o de uma identidade multicultural rica e diversa que enriquece a sociedade. Portanto, as celebra\u00e7\u00f5es do Dia da Consci\u00eancia Negra s\u00e3o essenciais para promover um di\u00e1logo construtivo sobre a hist\u00f3ria, a cultura e as contribui\u00e7\u00f5es dos povos afrodescendentes no Brasil, destacando que a luta por igualdade \u00e9 responsabilidade de todos.<\/p>\n\n<div style=\"font-size: 0px; height: 0px; line-height: 0px; margin: 0; padding: 0; clear: both;\"><\/div>","protected":false},"excerpt":{"rendered":"<p>Feriado do Dia da Consci\u00eancia Negra traz arte e hist\u00f3ria \u00e0s ruas.<\/p>\n","protected":false},"author":1,"featured_media":0,"comment_status":"open","ping_status":"closed","sticky":false,"template":"","format":"standard","meta":{"footnotes":""},"categories":[20],"tags":[],"class_list":["post-5905","post","type-post","status-publish","format-standard","hentry","category-cultura-no-centro-sp"],"aioseo_notices":[],"_links":{"self":[{"href":"https:\/\/www.encontracentrosaopaulo.com.br\/sobre\/wp-json\/wp\/v2\/posts\/5905","targetHints":{"allow":["GET"]}}],"collection":[{"href":"https:\/\/www.encontracentrosaopaulo.com.br\/sobre\/wp-json\/wp\/v2\/posts"}],"about":[{"href":"https:\/\/www.encontracentrosaopaulo.com.br\/sobre\/wp-json\/wp\/v2\/types\/post"}],"author":[{"embeddable":true,"href":"https:\/\/www.encontracentrosaopaulo.com.br\/sobre\/wp-json\/wp\/v2\/users\/1"}],"replies":[{"embeddable":true,"href":"https:\/\/www.encontracentrosaopaulo.com.br\/sobre\/wp-json\/wp\/v2\/comments?post=5905"}],"version-history":[{"count":0,"href":"https:\/\/www.encontracentrosaopaulo.com.br\/sobre\/wp-json\/wp\/v2\/posts\/5905\/revisions"}],"wp:attachment":[{"href":"https:\/\/www.encontracentrosaopaulo.com.br\/sobre\/wp-json\/wp\/v2\/media?parent=5905"}],"wp:term":[{"taxonomy":"category","embeddable":true,"href":"https:\/\/www.encontracentrosaopaulo.com.br\/sobre\/wp-json\/wp\/v2\/categories?post=5905"},{"taxonomy":"post_tag","embeddable":true,"href":"https:\/\/www.encontracentrosaopaulo.com.br\/sobre\/wp-json\/wp\/v2\/tags?post=5905"}],"curies":[{"name":"wp","href":"https:\/\/api.w.org\/{rel}","templated":true}]}}