{"id":5929,"date":"2025-12-16T08:05:00","date_gmt":"2025-12-16T11:05:00","guid":{"rendered":"https:\/\/www.encontracentrosaopaulo.com.br\/sobre\/exclusivo-video-mostra-ladroes-com-obras-roubadas-da-biblioteca-mario-de-andrade-em-rua-do-centro-de-sp\/"},"modified":"2025-12-16T08:05:00","modified_gmt":"2025-12-16T11:05:00","slug":"exclusivo-video-mostra-ladroes-com-obras-roubadas-da-biblioteca-mario-de-andrade-em-rua-do-centro-de-sp","status":"publish","type":"post","link":"https:\/\/www.encontracentrosaopaulo.com.br\/sobre\/exclusivo-video-mostra-ladroes-com-obras-roubadas-da-biblioteca-mario-de-andrade-em-rua-do-centro-de-sp\/","title":{"rendered":"Exclusivo: v\u00eddeo mostra ladr\u00f5es com obras roubadas da Biblioteca M\u00e1rio de Andrade em rua do Centro de SP"},"content":{"rendered":"<div class=\"d6585b5127f45a35450431d0abc3f90c\" data-index=\"1\" style=\"float: none; margin:0px;\">\n<!-- Anuncio display - global -->\r\n<ins class=\"adsbygoogle\"\r\n     style=\"display:block\"\r\n     data-ad-client=\"ca-pub-8585364105181520\"\r\n     data-ad-slot=\"8789329856\"\r\n     data-ad-format=\"auto\"\r\n     data-full-width-responsive=\"true\"><\/ins>\r\n<script>\r\n     (adsbygoogle = window.adsbygoogle || []).push({});\r\n<\/script>\n<\/div>\n<h2>Detalhes do Roubo na Biblioteca<\/h2>\n<p>No \u00faltimo dia 7 de dezembro de 2025, a Biblioteca Municipal M\u00e1rio de Andrade, um importante centro cultural de S\u00e3o Paulo, foi alvo de um roubo audacioso. Os ladr\u00f5es, em plena luz do dia, conseguiram invadir o local e levar obras inestim\u00e1veis da exposi\u00e7\u00e3o em andamento. Apesar do sistema de seguran\u00e7a que inclui vigilantes e c\u00e2meras de monitoramento, a a\u00e7\u00e3o criminosa foi r\u00e1pida e planejada. Informa\u00e7\u00f5es das autoridades indicam que os criminosos renderam uma vigilante e um casal de idosos que estava visitando a biblioteca, o que demonstra n\u00e3o apenas a aud\u00e1cia, mas tamb\u00e9m a frieza da a\u00e7\u00e3o.<\/p>\n<p>A seguran\u00e7a do espa\u00e7o cultural foi refor\u00e7ada nos \u00faltimos anos, no entanto, nada parece ter sido suficiente para evitar que os ladr\u00f5es, que conseguiram despistar a vigil\u00e2ncia e o sistema de c\u00e2meras, entrassem e sa\u00edssem sem serem identificados.<\/p>\n<p>As imagens captadas pelas c\u00e2meras de seguran\u00e7a revelaram os ladr\u00f5es levando as obras pelas ruas do Centro hist\u00f3rico de S\u00e3o Paulo, em plena luz do dia, o que coloca em pauta a efic\u00e1cia das medidas de seguran\u00e7a nos grandes centros culturais. A invas\u00e3o e o roubo suscitam uma s\u00e9rie de quest\u00f5es sobre a seguran\u00e7a patrimonial, n\u00e3o apenas da Biblioteca M\u00e1rio de Andrade, mas de todas as institui\u00e7\u00f5es culturais que abrigam acervos valiosos.<\/p>\n<h2>As Obras Roubadas e Seu Valor<\/h2>\n<p>Entre as obras levadas, estavam oito gravuras de Henri Matisse e cinco gravuras do renomado artista brasileiro Candido Portinari, que faziam parte da exposi\u00e7\u00e3o intitulada &#8220;Do livro ao museu: MAM S\u00e3o Paulo e a Biblioteca M\u00e1rio de Andrade&#8221;. Essas obras eram de fato tesouros inestim\u00e1veis, tanto para a cultura brasileira quanto para o acervo das artes pl\u00e1sticas mundial.<\/p>\n<p>As gravuras de Matisse, em especial, s\u00e3o reconhecidas pela sua vibrante expressividade e inova\u00e7\u00e3o, caracter\u00edsticas que tornaram o artista um \u00edcone do Fauvismo, movimento que revolucionou a arte moderna. Os trabalhos de Portinari, por sua vez, refletem a realidade social do Brasil, trazendo \u00e0 tona a vida do povo brasileiro em suas obras. O roubo dessas obras n\u00e3o se refere apenas a uma perda material; \u00e9 uma perda incalcul\u00e1vel para a hist\u00f3ria da arte e da cultura nacional.<\/p>\n<p>Al\u00e9m de seu valor art\u00edstico, h\u00e1 tamb\u00e9m um consider\u00e1vel valor econ\u00f4mico para essas obras. Muitas delas s\u00e3o comercializadas em leil\u00f5es internacionais por quantias exorbitantes, representando n\u00e3o apenas a cria\u00e7\u00e3o art\u00edstica de gigantes da arte, mas tamb\u00e9m um patrim\u00f4nio cultural herdado que deve ser protegido. Assaltos a museus e bibliotecas geram preocupa\u00e7\u00f5es n\u00e3o apenas financeiras, mas tamb\u00e9m a fun\u00e7\u00e3o desses espa\u00e7os de preservar e disseminar cultura.<\/p>\n<h2>Impacto Cultural da Perda<\/h2>\n<p>A perda das obras da Biblioteca M\u00e1rio de Andrade n\u00e3o se restringe ao espa\u00e7o f\u00edsico que elas ocupavam. Trata-se de um golpe no patrim\u00f4nio cultural do Brasil, que se v\u00ea despojado de arte que conta a hist\u00f3ria de um povo e reflete as influ\u00eancias e as revolu\u00e7\u00f5es que moldaram a nossa identidade. O impacto cultural \u00e9 profundo e afeta tanto a identidade dos artistas como o legado que eles deixam para a sociedade.<\/p>\n<p>O dif\u00edcil acesso a obras de certos artistas, seja por quest\u00f5es econ\u00f4micas ou geogr\u00e1ficas, torna as institui\u00e7\u00f5es p\u00fablicas ainda mais importantes. Por meio delas, a popula\u00e7\u00e3o pode ter acesso a exposi\u00e7\u00f5es e a um amplo acervo de obras que de outra forma n\u00e3o teria a oportunidade de conhecer. Quando um roubo como este ocorre, n\u00e3o apenas as obras s\u00e3o perdidas, mas tamb\u00e9m a chance de futuras gera\u00e7\u00f5es apreciarem e aprenderem com elas. Essa perda de acesso resulta em um empobrecimento cultural que atinge a todos.<\/p>\n<p>As institui\u00e7\u00f5es p\u00fablicas devem oferecer seguran\u00e7a e assegurar que o patrim\u00f4nio cultural esteja protegido e acess\u00edvel a todos. A cada nova perda, corre-se o risco de desencorajar o p\u00fablico, tornando invi\u00e1vel a visita a locais que deviam ser, acima de tudo, acess\u00edveis. O incidente na Biblioteca M\u00e1rio de Andrade apresenta a urg\u00eancia de repensar a abordagem de seguran\u00e7a em institui\u00e7\u00f5es culturais.<\/p>\n<h2>A Resposta da Secretaria de Cultura<\/h2>\n<p>A Secretaria de Cultura e Economia Criativa do estado de S\u00e3o Paulo emitiu um comunicado sobre o caso, afirmando que est\u00e1 colaborando com as autoridades para garantir que os ladr\u00f5es sejam localizados e que as obras sejam recuperadas. O prefeito da cidade, Ricardo Nunes, informou que as imagens das c\u00e2meras do programa SmartSampa est\u00e3o sendo analisadas e que a identifica\u00e7\u00e3o dos criminosos \u00e9 uma prioridade para a pol\u00edcia.<\/p>\n<p>Al\u00e9m disso, a Secretaria destacou que as obras roubadas possuem ap\u00f3lice de seguro vigente, o que pode proporcionar algum al\u00edvio financeiro caso as obras n\u00e3o sejam recuperadas. No entanto, a quest\u00e3o mais urgente \u00e9 a perda cultural, que n\u00e3o pode ser coberta por qualquer quantia monet\u00e1ria. O sentimento de seguran\u00e7a em ambientes culturais deve ser restaurado, n\u00e3o apenas pela recupera\u00e7\u00e3o das obras, mas tamb\u00e9m pela eleva\u00e7\u00e3o da prote\u00e7\u00e3o em torno delas.<\/p>\n<p>Os esfor\u00e7os para refor\u00e7ar a seguran\u00e7a s\u00e3o uma resposta importante, mas s\u00e3o apenas um primeiro passo. H\u00e1 uma necessidade premente de um debate mais amplo sobre como as institui\u00e7\u00f5es culturais podem se proteger contra a\u00e7\u00f5es criminosas, come\u00e7ando por uma avalia\u00e7\u00e3o cr\u00edtica das pol\u00edticas de seguran\u00e7a atualmente em vigor.<\/p>\n<h2>Identifica\u00e7\u00e3o dos Ladr\u00f5es<\/h2>\n<p>Com o avan\u00e7o da investiga\u00e7\u00e3o, a pol\u00edcia de S\u00e3o Paulo divulgou retratos dos dois homens que invadiram a biblioteca. As imagens, resultantes da an\u00e1lise das c\u00e2meras de seguran\u00e7a, mostram claramente os indiv\u00edduos que participaram da a\u00e7\u00e3o criminosa. Essa divulga\u00e7\u00e3o foi um passo importante na mobiliza\u00e7\u00e3o da comunidade para ajudar na captura dos ladr\u00f5es.<\/p>\n<p>As autoridades solicitam que qualquer informa\u00e7\u00e3o que possa levar \u00e0 pris\u00e3o dos suspeitos seja encaminhada. A colabora\u00e7\u00e3o da popula\u00e7\u00e3o \u00e9 vital em casos como esse. Muitas vezes, as pistas que ajudam as investiga\u00e7\u00f5es v\u00eam de membros da comunidade que se deparam com informa\u00e7\u00f5es relevantes ou que reconhecem os indiv\u00edduos a partir das imagens divulgadas.<\/p>\n<p>Embora os ladr\u00f5es ainda estejam foragidos, a expectativa \u00e9 de que a ampla divulga\u00e7\u00e3o e a r\u00e1pida resposta policial ajudem a localiz\u00e1-los. A identifica\u00e7\u00e3o \u00e9 um primeiro passo crucial, mas a recupera\u00e7\u00e3o do patrim\u00f4nio cultural \u00e9 ainda mais urgente. A sequestro de obras de arte n\u00e3o \u00e9 uma quest\u00e3o nova; na verdade, \u00e9 um problema global. Portanto, a press\u00e3o p\u00fablica pode muitas vezes ser um fator decisivo em garantir que os criminosos sejam trazidos \u00e0 justi\u00e7a.<\/p>\n<h2>Investiga\u00e7\u00e3o em Andamento<\/h2>\n<p>A investiga\u00e7\u00e3o sobre o roubo na Biblioteca M\u00e1rio de Andrade est\u00e1 sendo conduzida pela 1\u00aa Central Especializada de Repress\u00e3o a Crimes e Ocorr\u00eancias Diversas (Cerco), respons\u00e1vel por investigar n\u00e3o apenas roubos, mas diferentes tipos de crimes patrimoniais. A complexidade do caso exige uma extens\u00e3o de recursos e investigadores capacitados que possam lidar com a situa\u00e7\u00e3o de forma eficaz.<\/p>\n<p>A pol\u00edcia est\u00e1 reunindo todas as evid\u00eancias coletadas no local do crime, al\u00e9m de analisar as grava\u00e7\u00f5es das c\u00e2meras, na expectativa de construir um quadro mais completo da situa\u00e7\u00e3o. A utiliza\u00e7\u00e3o de tecnologia avan\u00e7ada, como o reconhecimento facial, pode ser uma ferramenta significativa na localiza\u00e7\u00e3o dos criminosos, mas \u00e9 importante que n\u00e3o se dependa exclusivamente dela. O envolvimento da comunidade, a an\u00e1lise de dados e a experi\u00eancia dos investigadores s\u00e3o igualmente importantes para o sucesso da opera\u00e7\u00e3o.<\/p>\n<p>Os eventos desse tipo levantam preocupa\u00e7\u00f5es n\u00e3o apenas sobre a seguran\u00e7a das institui\u00e7\u00f5es, mas tamb\u00e9m sobre a efic\u00e1cia das respostas e protocolos das autoridades. \u00c9 fundamental que a popula\u00e7\u00e3o tenha confian\u00e7a nas institui\u00e7\u00f5es de seguran\u00e7a p\u00fablica e que essas institui\u00e7\u00f5es atestem que est\u00e3o fazendo tudo o que \u00e9 poss\u00edvel para recuperar as obras e punir os respons\u00e1veis.<\/p>\n<h2>Rea\u00e7\u00e3o da Comunidade<\/h2>\n<p>Ap\u00f3s o ocorrido, a comunidade art\u00edstica e cultural de S\u00e3o Paulo manifestou sua preocupa\u00e7\u00e3o e indigna\u00e7\u00e3o com o roubo. Muitos expressaram seu apoio \u00e0 Biblioteca M\u00e1rio de Andrade, ressaltando a import\u00e2ncia da preserva\u00e7\u00e3o do patrim\u00f4nio cultural e a necessidade de prote\u00e7\u00e3o cont\u00ednua para institui\u00e7\u00f5es que guardam a hist\u00f3ria do Brasil.<\/p>\n<p>O seu roubo provocou discuss\u00f5es essenciais sobre o papel das bibliotecas, museus e espa\u00e7os culturais dentro da sociedade. Eles n\u00e3o s\u00e3o apenas locais de armazenamento de livros e obras de arte; s\u00e3o essenciais para a educa\u00e7\u00e3o, a cultura e a troca de saberes entre gera\u00e7\u00f5es. Portanto, a comunidade se re\u00fane para evidenciar que esse tipo de ato criminoso deve ser combatido com todas as for\u00e7as.<\/p>\n<p>V\u00e1rios artistas, intelectuais e cidad\u00e3os comuns t\u00eam se mobilizado nas redes sociais para criar campanhas que promovam a seguran\u00e7a das institui\u00e7\u00f5es culturais. Essa express\u00e3o de solidariedade e paix\u00e3o pelo patrim\u00f4nio cultural \u00e9 um dos aspectos positivos que podem emergir de situa\u00e7\u00f5es adversas, mostrando que, apesar das perdas, a luta pela prote\u00e7\u00e3o do que \u00e9 nosso permanece viva.<\/p>\n<h2>Import\u00e2ncia da Seguran\u00e7a em Bibliotecas<\/h2>\n<p>A seguran\u00e7a em bibliotecas e institui\u00e7\u00f5es culturais \u00e9 um assunto que deve ser tratado com seriedade. Com a quantidade de obras valiosas que representam a identidade cultural e a mem\u00f3ria coletiva, as bibliotecas demandam um conjunto robusto de medidas de prote\u00e7\u00e3o que abranjam desde monitoramento e vigil\u00e2ncia at\u00e9 colabora\u00e7\u00f5es com as autoridades.<\/p>\n<p>As bibliotecas, por serem acess\u00edveis ao p\u00fablico, est\u00e3o naturalmente mais vulner\u00e1veis a crimes, e \u00e9 vital que as institui\u00e7\u00f5es adotem medidas de preven\u00e7\u00e3o. Sistemas de seguran\u00e7a bem-intencionados n\u00e3o s\u00e3o suficientes; \u00e9 necess\u00e1rio o treinamento cont\u00ednuo dos funcion\u00e1rios, al\u00e9m de um plano de seguran\u00e7a integrado que inclua tanto preven\u00e7\u00e3o quanto resposta a incidentes.<\/p>\n<p>Uma verdadeira cultura de seguran\u00e7a deve ser estabelecida, onde cada membro da equipe \u2014 desde vigilantes at\u00e9 bibliotec\u00e1rios \u2014 saiba como agir em caso de incidentes. Al\u00e9m disso, a conscientiza\u00e7\u00e3o do p\u00fablico tamb\u00e9m \u00e9 fundamental. Os visitantes devem ser incentivados a relatar comportamentos suspeitos e a se sentirem parte da responsabilidade de proteger o patrim\u00f4nio.<\/p>\n<h2>Hist\u00f3rico de Roubos na Biblioteca<\/h2>\n<p>A Biblioteca M\u00e1rio de Andrade n\u00e3o \u00e9 estranha a incidentes de roubo. Em 2006, doze gravuras raras do s\u00e9culo 19 foram furtadas em um assalto semelhante e, embora tenham sido recuperadas somente em 2024, tal caso revela a vulnerabilidade do espa\u00e7o e as dificuldades em se proteger o acervo cultural ao longo do tempo. O fato de que este problema j\u00e1 havia ocorrido antes levanta quest\u00f5es sobre se as li\u00e7\u00f5es foram realmente aprendidas e se as medidas corretas foram adotadas desde a \u00faltima ocorr\u00eancia.<\/p>\n<p>O roubo de obras exc\u00eantricas \u00e9 um fen\u00f4meno que tem sido observado mundialmente. Bibliotecas e museus de todo o mundo frequentemente se tornam alvos de assaltantes que visam cole\u00e7\u00f5es preciosas que n\u00e3o apenas possuem valor econ\u00f4mico, mas tamb\u00e9m hist\u00f3rico e cultural. Portanto, \u00e9 imprescind\u00edvel que as li\u00e7\u00f5es de incidentes passados sejam consideradas para estabelecer uma estrat\u00e9gia de seguran\u00e7a mais eficaz e sustent\u00e1vel.<\/p>\n<h2>O Que Fazer para Proteger o Acervo Art\u00edstico?<\/h2>\n<p>A prote\u00e7\u00e3o do acervo art\u00edstico e cultural de institui\u00e7\u00f5es como a Biblioteca M\u00e1rio de Andrade n\u00e3o depende apenas da capacidade de resposta das autoridades. \u00c9 imprescind\u00edvel que as institui\u00e7\u00f5es tomem medidas proativas para garantir a seguran\u00e7a das obras. Isso envolve a implementa\u00e7\u00e3o de um sistema de vigil\u00e2ncia que utilize tecnologia avan\u00e7ada e a\u00e7\u00f5es de preven\u00e7\u00e3o.<\/p>\n<p>N\u00e3o se deve deixar de lado o treinamento cont\u00ednuo dos funcion\u00e1rios, capacitando-os a responder adequadamente \u00e0s situa\u00e7\u00f5es de emerg\u00eancia. Isso inclui o desenvolvimento de protocolos que guiem a equipe a seguir, desde a notifica\u00e7\u00e3o das autoridades at\u00e9 a direta comunica\u00e7\u00e3o com o p\u00fablico em caso de qualquer incidente suspeito.<\/p>\n<p>Outras medidas incluem a cataloga\u00e7\u00e3o e documenta\u00e7\u00e3o rigorosa do acervo, o desenvolvimento de parcerias com for\u00e7as de seguran\u00e7a locais e a promo\u00e7\u00e3o de campanhas de conscientiza\u00e7\u00e3o entre a comunidade sobre o valor cultural dos bens, para que todos se unam em sua prote\u00e7\u00e3o.<\/p>\n<p>Assim, ao se centrar na seguran\u00e7a das bibliotecas e de suas cole\u00e7\u00f5es, a sociedade n\u00e3o apenas protege sua heran\u00e7a cultural, como tamb\u00e9m assegura que as futuras gera\u00e7\u00f5es tenham a oportunidade de conhecer e valorizar essa mesma cultura.<\/p>\n\n<div style=\"font-size: 0px; height: 0px; line-height: 0px; margin: 0; padding: 0; clear: both;\"><\/div>","protected":false},"excerpt":{"rendered":"<p>Ladr\u00f5es furtam obras raras da Biblioteca M\u00e1rio de Andrade em S\u00e3o Paulo.<\/p>\n","protected":false},"author":1,"featured_media":0,"comment_status":"open","ping_status":"closed","sticky":false,"template":"","format":"standard","meta":{"footnotes":""},"categories":[6],"tags":[],"class_list":["post-5929","post","type-post","status-publish","format-standard","hentry","category-noticias-no-centro-sp"],"aioseo_notices":[],"_links":{"self":[{"href":"https:\/\/www.encontracentrosaopaulo.com.br\/sobre\/wp-json\/wp\/v2\/posts\/5929","targetHints":{"allow":["GET"]}}],"collection":[{"href":"https:\/\/www.encontracentrosaopaulo.com.br\/sobre\/wp-json\/wp\/v2\/posts"}],"about":[{"href":"https:\/\/www.encontracentrosaopaulo.com.br\/sobre\/wp-json\/wp\/v2\/types\/post"}],"author":[{"embeddable":true,"href":"https:\/\/www.encontracentrosaopaulo.com.br\/sobre\/wp-json\/wp\/v2\/users\/1"}],"replies":[{"embeddable":true,"href":"https:\/\/www.encontracentrosaopaulo.com.br\/sobre\/wp-json\/wp\/v2\/comments?post=5929"}],"version-history":[{"count":0,"href":"https:\/\/www.encontracentrosaopaulo.com.br\/sobre\/wp-json\/wp\/v2\/posts\/5929\/revisions"}],"wp:attachment":[{"href":"https:\/\/www.encontracentrosaopaulo.com.br\/sobre\/wp-json\/wp\/v2\/media?parent=5929"}],"wp:term":[{"taxonomy":"category","embeddable":true,"href":"https:\/\/www.encontracentrosaopaulo.com.br\/sobre\/wp-json\/wp\/v2\/categories?post=5929"},{"taxonomy":"post_tag","embeddable":true,"href":"https:\/\/www.encontracentrosaopaulo.com.br\/sobre\/wp-json\/wp\/v2\/tags?post=5929"}],"curies":[{"name":"wp","href":"https:\/\/api.w.org\/{rel}","templated":true}]}}