{"id":5939,"date":"2025-12-27T12:37:00","date_gmt":"2025-12-27T15:37:00","guid":{"rendered":"https:\/\/www.encontracentrosaopaulo.com.br\/sobre\/novo-centro-governo-de-sp-quer-3-predios-iconicos-de-volta-a-vida-em-parceria-com-iniciativa-privada\/"},"modified":"2025-12-27T12:37:00","modified_gmt":"2025-12-27T15:37:00","slug":"novo-centro-governo-de-sp-quer-3-predios-iconicos-de-volta-a-vida-em-parceria-com-iniciativa-privada","status":"publish","type":"post","link":"https:\/\/www.encontracentrosaopaulo.com.br\/sobre\/novo-centro-governo-de-sp-quer-3-predios-iconicos-de-volta-a-vida-em-parceria-com-iniciativa-privada\/","title":{"rendered":"Novo centro: Governo de SP quer 3 pr\u00e9dios ic\u00f4nicos \u2018de volta \u00e0 vida\u2019 em parceria com iniciativa privada"},"content":{"rendered":"<div class=\"d6585b5127f45a35450431d0abc3f90c\" data-index=\"1\" style=\"float: none; margin:0px;\">\n<!-- Anuncio display - global -->\r\n<ins class=\"adsbygoogle\"\r\n     style=\"display:block\"\r\n     data-ad-client=\"ca-pub-8585364105181520\"\r\n     data-ad-slot=\"8789329856\"\r\n     data-ad-format=\"auto\"\r\n     data-full-width-responsive=\"true\"><\/ins>\r\n<script>\r\n     (adsbygoogle = window.adsbygoogle || []).push({});\r\n<\/script>\n<\/div>\n<h2>Revitaliza\u00e7\u00e3o dos edif\u00edcios ic\u00f4nicos<\/h2>\n<p>A revitaliza\u00e7\u00e3o dos edif\u00edcios ic\u00f4nicos de S\u00e3o Paulo \u00e9 uma iniciativa que busca resgatar a hist\u00f3ria e a cultura da cidade, ao mesmo tempo em que promove o desenvolvimento econ\u00f4mico e social da regi\u00e3o central. O governo do estado de S\u00e3o Paulo identificou a necessidade de restaurar e reabilitar espa\u00e7os que, embora fa\u00e7am parte do patrim\u00f4nio hist\u00f3rico, est\u00e3o em desuso ou deteriora\u00e7\u00e3o. O projeto tem como base n\u00e3o apenas a restaura\u00e7\u00e3o arquitet\u00f4nica, mas tamb\u00e9m a cria\u00e7\u00e3o de espa\u00e7os que fomentem a conviv\u00eancia e o com\u00e9rcio.<\/p>\n<p>Com a proposta de transformar tr\u00eas pr\u00e9dios ic\u00f4nicos, o governo busca voltar a atrair um p\u00fablico diversificado, com a introdu\u00e7\u00e3o de restaurantes, bares e escrit\u00f3rios que possam gerar emprego e atividade econ\u00f4mica na regi\u00e3o. Este movimento \u00e9 fundamental para revitalizar a vida urbana, que muitas vezes \u00e9 perdida em \u00e1reas centrais das cidades.<\/p>\n<p>Al\u00e9m disso, a revitaliza\u00e7\u00e3o desses pr\u00e9dios deve considerar a preserva\u00e7\u00e3o de suas caracter\u00edsticas arquitet\u00f4nicas e culturais. Com interven\u00e7\u00f5es pontuais, ser\u00e1 poss\u00edvel manter a ess\u00eancia do que fez desses locais marcos importantes da hist\u00f3ria paulista.<\/p>\n<p><img decoding=\"async\" src=\"https:\/\/www.encontracentrosaopaulo.com.br\/sobre\/wp-content\/uploads\/novo-centro-governo-de-sp-quer-3-predios-iconicos-de-volta-a-vida-em-parceria-com-iniciativa-privada.webp\" alt=\"novo centro\" loading=\"lazy\" \/><\/p>\n<h2>Objetivos do governo para o novo centro<\/h2>\n<p>Os objetivos do governo de S\u00e3o Paulo com o novo centro administrativo s\u00e3o amplos e ambiciosos. Em primeiro lugar, a cria\u00e7\u00e3o de um ambiente que promova a maior efici\u00eancia na Administra\u00e7\u00e3o P\u00fablica, concentrando em um \u00fanico espa\u00e7o diversos \u00f3rg\u00e3os e secretarias que atualmente ocupam diferentes endere\u00e7os na cidade. Isso visa n\u00e3o apenas melhorar a gest\u00e3o p\u00fablica, mas tamb\u00e9m possibilitar uma melhor integra\u00e7\u00e3o entre \u00e1reas relacionadas e a otimiza\u00e7\u00e3o de recursos.<\/p>\n<p>Em segundo lugar, a revitaliza\u00e7\u00e3o do centro tem a inten\u00e7\u00e3o de reestabelecer a \u00e1rea como um ponto de encontro e de circula\u00e7\u00e3o de pessoas, promovendo a vida urbana vibrante. Esse impulso est\u00e1 alinhado com a meta de dar nova vida \u00e0 cultura e \u00e0 economia, trazendo novos empreendimentos e melhorando a infraestrutura da regi\u00e3o, como melhorias em acessibilidade e transporte p\u00fablico.<\/p>\n<p>Por \u00faltimo, o governo tamb\u00e9m busca engajar parcerias com a iniciativa privada, promovendo um modelo de colabora\u00e7\u00e3o que trar\u00e1 benef\u00edcios tanto para o setor p\u00fablico quanto para o setor privado, contribuindo para o fortalecimento da economia local e a gera\u00e7\u00e3o de empregos.<\/p>\n<h2>Edif\u00edcios escolhidos para revitaliza\u00e7\u00e3o<\/h2>\n<p>No \u00e2mbito do projeto de revitaliza\u00e7\u00e3o, tr\u00eas edif\u00edcios foram destacados por sua import\u00e2ncia hist\u00f3rica e potencial de transforma\u00e7\u00e3o:<\/p>\n<ul>\n<li><strong>O Edif\u00edcio do antigo Banco de S\u00e3o Paulo:<\/strong> Constru\u00eddo entre 1935 e 1938, o pr\u00e9dio abriga atualmente a Secretaria de Esportes. Com uma arquitetura marcante, sua revitaliza\u00e7\u00e3o deve trazer um novo uso que atraia p\u00fablico e desenvolva o turismo cultural na regi\u00e3o.<\/li>\n<li><strong>O Edif\u00edcio Saldanha Marinho:<\/strong> Localizado na Rua L\u00edbero Badar\u00f3 e tombado desde 1986, \u00e9 um exemplo do estilo art d\u00e9co na cidade. O objetivo \u00e9 manter a est\u00e9tica original enquanto se promove um uso moderno que traga vida ao espa\u00e7o.<\/li>\n<li><strong>O antigo Hotel Esplanada:<\/strong> Com hist\u00f3ria que remonta a 1923, o pr\u00e9dio foi um importante hotel na \u00e9poca e atualmente \u00e9 sede de secretarias. A proposta revitaliza o complexo, buscando retornar a sua fun\u00e7\u00e3o de hotel, aliada a possibilidades culturais e tur\u00edsticas na regi\u00e3o ao lado do Theatro Municipal.<\/li>\n<\/ul>\n<p>Esses edif\u00edcios foram escolhidos n\u00e3o apenas pela sua beleza e valor hist\u00f3rico, mas tamb\u00e9m porque possuem espa\u00e7o para serem transformados e utilizados de forma a atender as necessidades contempor\u00e2neas da cidade.<\/p>\n<h2>Transforma\u00e7\u00e3o do espa\u00e7o urbano em SP<\/h2>\n<p>A transforma\u00e7\u00e3o do espa\u00e7o urbano em S\u00e3o Paulo \u00e9 um elemento-chave para a cria\u00e7\u00e3o de um ambiente que valorize a intera\u00e7\u00e3o social e a est\u00e9tica da cidade. Com o novo centro, projetam-se \u00e1reas verdes, pra\u00e7as e espa\u00e7os p\u00fablicos que possibilitar\u00e3o a realiza\u00e7\u00e3o de eventos e atividades ao ar livre, promovendo a aproxima\u00e7\u00e3o entre cultura e comunidade.<\/p>\n<p>O projeto visa aumentar a quantidade de \u00e1reas verdes na regi\u00e3o, o que \u00e9 crucial para a melhoria da qualidade de vida urbana. O aumento de jardins e pra\u00e7as p\u00fablicas oferece um espa\u00e7o de lazer \u00e0 popula\u00e7\u00e3o, reduzindo a sensa\u00e7\u00e3o de caos frequentemente associada a grandes centros urbanos.<\/p>\n<p>Al\u00e9m disso, a moderniza\u00e7\u00e3o do transporte p\u00fablico e a cria\u00e7\u00e3o de terminais interligados buscam facilitar o acesso \u00e0 regi\u00e3o, promovendo um fluxo cont\u00ednuo de pessoas durante todo o dia. Essa transforma\u00e7\u00e3o n\u00e3o apenas tornar\u00e1 o centro mais acess\u00edvel, como tamb\u00e9m ajudar\u00e1 a revitalizar a economia local, atraindo consumidores e turistas.<\/p>\n<h2>Import\u00e2ncia das parcerias p\u00fablicas e privadas<\/h2>\n<p>As parcerias entre o setor p\u00fablico e a iniciativa privada s\u00e3o fundamentais para o sucesso do projeto de revitaliza\u00e7\u00e3o do centro de S\u00e3o Paulo. Este modelo de colabora\u00e7\u00e3o permite a soma de recursos, conhecimentos e experi\u00eancias, o que pode acelerar a implementa\u00e7\u00e3o e garantir a efic\u00e1cia das interven\u00e7\u00f5es.<\/p>\n<p>A iniciativa privada, muitas vezes, possui expertise em gest\u00e3o e inova\u00e7\u00e3o que \u00e9 essencial para maximizar o potencial dos projetos urbanos. Por outro lado, o setor p\u00fablico pode oferecer garantias legais e regulat\u00f3rias que aumentam a seguran\u00e7a dos investimentos, al\u00e9m de assegurar que as iniciativas estejam em linha com os interesses sociais.<\/p>\n<p>Um exemplo de como essas parcerias podem ser frut\u00edferas \u00e9 a possibilidade de concess\u00f5es para a utiliza\u00e7\u00e3o de espa\u00e7os p\u00fablicos em troca de investimentos na revitaliza\u00e7\u00e3o de \u00e1reas degradadas. Assim, todos os envolvidos ganham: a cidade se embeleza e funciona melhor, os empres\u00e1rios encontram oportunidades para neg\u00f3cios, e a popula\u00e7\u00e3o desfruta de um ambiente mais agrad\u00e1vel.<\/p>\n<h2>Previs\u00e3o de finaliza\u00e7\u00e3o para 2030<\/h2>\n<p>O prazo previsto para a conclus\u00e3o das obras e da implementa\u00e7\u00e3o completa do novo centro administrativo \u00e9 2030. Este cronograma \u00e9 visto como otimista, mas vi\u00e1vel, considerando as etapas planejadas e os investimentos estimados em R$ 6 bilh\u00f5es. A expectativa \u00e9 que, ao longo dos pr\u00f3ximos anos, fases de constru\u00e7\u00e3o e renova\u00e7\u00e3o estejam em andamento, tornando-se vis\u00edveis para a popula\u00e7\u00e3o.<\/p>\n<p>Com a entrega de cada espa\u00e7o e sua transforma\u00e7\u00e3o em \u00e1reas ativas e vibrantes, a expectativa \u00e9 que muito antes de 2030 as mudan\u00e7as j\u00e1 comecem a impactar positivamente a regi\u00e3o, incentivando o retorno da popula\u00e7\u00e3o e a atra\u00e7\u00e3o de turistas.<\/p>\n<p>Essa previs\u00e3o tamb\u00e9m estabelece um marco temporal que permite ao governo e aos investidores planejarem adequadamente suas a\u00e7\u00f5es, garantindo que as interven\u00e7\u00f5es sejam realizadas de forma integrada e sustent\u00e1vel.<\/p>\n<h2>Como ser\u00e3o utilizados os espa\u00e7os<\/h2>\n<p>Os espa\u00e7os restaurados e revitalizados servir\u00e3o a m\u00faltiplas fun\u00e7\u00f5es, refletindo a necessidade de um ambiente urbano contempor\u00e2neo que atenda a diversidade de interesses da popula\u00e7\u00e3o. O conceito de espa\u00e7o misto \u00e9 central a essa proposta, incluindo \u00e1reas para habita\u00e7\u00e3o, com\u00e9rcio e servi\u00e7os.<\/p>\n<p>Os pr\u00e9dios, como o Edif\u00edcio da antiga Secretaria de Esportes, dever\u00e3o abrigar bares, restaurantes e at\u00e9 mesmo espa\u00e7os culturais, como teatros ou salas de exposi\u00e7\u00f5es. O ideal \u00e9 que a popula\u00e7\u00e3o possa circular pelos pr\u00e9dios e ocupar brilhantemente esses espa\u00e7os, promovendo atividades que aumentar\u00e3o o fluxo de pessoas na regi\u00e3o.<\/p>\n<p>Al\u00e9m disso, a revitaliza\u00e7\u00e3o do Edif\u00edcio Saldanha Marinho e do antigo Hotel Esplanada buscar\u00e1 resgatar o valor hist\u00f3rico e cultural desses locais, transformando-os em hospedagens que atraem visitantes e neg\u00f3cios. O conceito de rooftops e espa\u00e7os ao ar livre em seus terra\u00e7os ser\u00e1 uma caracter\u00edstica marcante, criando locais de conviv\u00eancia com vistas privilegiadas da cidade.<\/p>\n<h2>Impacto econ\u00f4mico na regi\u00e3o<\/h2>\n<p>A revitaliza\u00e7\u00e3o do centro de S\u00e3o Paulo deve gerar um impacto econ\u00f4mico significativo em sua regi\u00e3o. A cria\u00e7\u00e3o de novas empresas, com\u00e9rcios e servi\u00e7os n\u00e3o apenas proporcionar\u00e1 novas vagas de trabalho, mas tamb\u00e9m impulsionar\u00e1 o consumo local. Estima-se que, com a reocupa\u00e7\u00e3o desses pr\u00e9dios, mais de 10 mil novas oportunidades de emprego seriam criadas durante e ap\u00f3s as obras.<\/p>\n<p>Com a melhora da infraestrutura do transporte e a cria\u00e7\u00e3o de \u00e1reas de lazer e conviv\u00eancia, espera-se tamb\u00e9m um aumento na valoriza\u00e7\u00e3o imobili\u00e1ria. Isso pode tornar a \u00e1rea mais atraente para moradia, al\u00e9m de impulsionar as vendas e os servi\u00e7os nas redondezas.<\/p>\n<p>O aumento da circula\u00e7\u00e3o de pessoas resultar\u00e1 em um ambiente comercial mais din\u00e2mico, melhorando o fluxo de caixa de pequenos empres\u00e1rios e incentivando novos investimentos, criando um ciclo virtuoso de crescimento e desenvolvimento.<\/p>\n<h2>A hist\u00f3ria por tr\u00e1s dos pr\u00e9dios<\/h2>\n<p>Os tr\u00eas pr\u00e9dios escolhidos para a revitaliza\u00e7\u00e3o t\u00eam uma rica hist\u00f3ria embutida em suas paredes. O Edif\u00edcio do antigo Banco de S\u00e3o Paulo, por exemplo, simboliza a import\u00e2ncia da cidade no contexto financeiro brasileiro durante o s\u00e9culo XX. Sua arquitetura \u00e9 um testemunho do desenvolvimento econ\u00f4mico da \u00e9poca.<\/p>\n<p>O Edif\u00edcio Saldanha Marinho, por sua vez, representa o movimento modernista e a arte d\u00e9co que marcaram o crescimento urbano da cidade em sua fase de desenvolvimento. Ele \u00e9 um marco n\u00e3o s\u00f3 da arquitetura, mas da identidade cultural de S\u00e3o Paulo.<\/p>\n<p>O antigo Hotel Esplanada, com sua fun\u00e7\u00e3o de receber visitantes ilustres e artistas, \u00e9 mais um cap\u00edtulo da hist\u00f3ria vibrante da cidade. Transform\u00e1-lo novamente em hotel \u00e9 trazer de volta parte da hist\u00f3ria, ao mesmo tempo em que se adapta \u00e0s novas demandas da sociedade atual.<\/p>\n<h2>O que esperar do futuro do centro de SP<\/h2>\n<p>O futuro do centro de S\u00e3o Paulo, com as novas propostas e revitaliza\u00e7\u00f5es, promete ser din\u00e2mico e promissor. Espera-se que essa transforma\u00e7\u00e3o n\u00e3o apenas melhore a est\u00e9tica urbana, mas tamb\u00e9m devolva a vitalidade e a identidade que a regi\u00e3o perdeu ao longo dos anos.<\/p>\n<p>Com a volta do p\u00fablico e a reabertura de neg\u00f3cios nos edif\u00edcios reformados, o centro deve novamente ser um ponto de atra\u00e7\u00e3o cultural e comercial. Festivais, exposi\u00e7\u00f5es, shows e atividades de lazer prometem at\u00e9 mesmo transformar a imagem que a cidade tem atualmente na mente dos moradores e visitantes.<\/p>\n<p>Al\u00e9m disso, os investimentos na infraestrutura e a promo\u00e7\u00e3o de parcerias com diferentes setores s\u00e3o estrat\u00e9gias que visam garantir que o novo centro n\u00e3o seja apenas uma revitaliza\u00e7\u00e3o moment\u00e2nea, mas sim uma mudan\u00e7a perene que impactar\u00e1 positivamente a qualidade de vida na cidade de S\u00e3o Paulo.<\/p>\n<p>Dessa forma, a iniciativa do governo do estado tem uma vis\u00e3o a longo prazo, que busca a constru\u00e7\u00e3o de um futuro mais pr\u00f3spero e conectado na cidade, beneficiando n\u00e3o apenas a regi\u00e3o central, mas toda a popula\u00e7\u00e3o paulista que anseia por um espa\u00e7o urbano mais humano, acess\u00edvel e vibrante.<\/p>\n\n<div style=\"font-size: 0px; height: 0px; line-height: 0px; margin: 0; padding: 0; clear: both;\"><\/div>","protected":false},"excerpt":{"rendered":"<p>A revitaliza\u00e7\u00e3o de 3 pr\u00e9dios ic\u00f4nicos do centro de SP \u00e9 uma prioridade do governo at\u00e9 2030.<\/p>\n","protected":false},"author":1,"featured_media":5938,"comment_status":"open","ping_status":"closed","sticky":false,"template":"","format":"standard","meta":{"footnotes":""},"categories":[6],"tags":[],"class_list":["post-5939","post","type-post","status-publish","format-standard","has-post-thumbnail","hentry","category-noticias-no-centro-sp","has_thumb"],"aioseo_notices":[],"_links":{"self":[{"href":"https:\/\/www.encontracentrosaopaulo.com.br\/sobre\/wp-json\/wp\/v2\/posts\/5939","targetHints":{"allow":["GET"]}}],"collection":[{"href":"https:\/\/www.encontracentrosaopaulo.com.br\/sobre\/wp-json\/wp\/v2\/posts"}],"about":[{"href":"https:\/\/www.encontracentrosaopaulo.com.br\/sobre\/wp-json\/wp\/v2\/types\/post"}],"author":[{"embeddable":true,"href":"https:\/\/www.encontracentrosaopaulo.com.br\/sobre\/wp-json\/wp\/v2\/users\/1"}],"replies":[{"embeddable":true,"href":"https:\/\/www.encontracentrosaopaulo.com.br\/sobre\/wp-json\/wp\/v2\/comments?post=5939"}],"version-history":[{"count":0,"href":"https:\/\/www.encontracentrosaopaulo.com.br\/sobre\/wp-json\/wp\/v2\/posts\/5939\/revisions"}],"wp:featuredmedia":[{"embeddable":true,"href":"https:\/\/www.encontracentrosaopaulo.com.br\/sobre\/wp-json\/wp\/v2\/media\/5938"}],"wp:attachment":[{"href":"https:\/\/www.encontracentrosaopaulo.com.br\/sobre\/wp-json\/wp\/v2\/media?parent=5939"}],"wp:term":[{"taxonomy":"category","embeddable":true,"href":"https:\/\/www.encontracentrosaopaulo.com.br\/sobre\/wp-json\/wp\/v2\/categories?post=5939"},{"taxonomy":"post_tag","embeddable":true,"href":"https:\/\/www.encontracentrosaopaulo.com.br\/sobre\/wp-json\/wp\/v2\/tags?post=5939"}],"curies":[{"name":"wp","href":"https:\/\/api.w.org\/{rel}","templated":true}]}}