{"id":5993,"date":"2026-01-11T09:55:29","date_gmt":"2026-01-11T12:55:29","guid":{"rendered":"https:\/\/www.encontracentrosaopaulo.com.br\/sobre\/caminhos-iluminados-de-natal-viram-programa-de-familia-em-sao-paulo\/"},"modified":"2026-01-11T09:55:29","modified_gmt":"2026-01-11T12:55:29","slug":"caminhos-iluminados-de-natal-viram-programa-de-familia-em-sao-paulo","status":"publish","type":"post","link":"https:\/\/www.encontracentrosaopaulo.com.br\/sobre\/caminhos-iluminados-de-natal-viram-programa-de-familia-em-sao-paulo\/","title":{"rendered":"Caminhos iluminados de Natal viram programa de fam\u00edlia em S\u00e3o Paulo"},"content":{"rendered":"<div class=\"d6585b5127f45a35450431d0abc3f90c\" data-index=\"1\" style=\"float: none; margin:0px;\">\n<!-- Anuncio display - global -->\r\n<ins class=\"adsbygoogle\"\r\n     style=\"display:block\"\r\n     data-ad-client=\"ca-pub-8585364105181520\"\r\n     data-ad-slot=\"8789329856\"\r\n     data-ad-format=\"auto\"\r\n     data-full-width-responsive=\"true\"><\/ins>\r\n<script>\r\n     (adsbygoogle = window.adsbygoogle || []).push({});\r\n<\/script>\n<\/div>\n<h2>A Magia do Natal em S\u00e3o Paulo<\/h2>\n<p>O Natal em S\u00e3o Paulo transforma a rotina e a atmosfera da cidade, fazendo com que a agita\u00e7\u00e3o t\u00edpica do dia a dia d\u00ea lugar a um clima festivo e acolhedor. Durante este per\u00edodo especial, as luzes e a decora\u00e7\u00e3o natalina aparecem em diferentes pontos, criando um cen\u00e1rio m\u00e1gico que atrai tanto moradores quanto turistas. A cidade se enche de cores, sons e aromas que remetem \u00e0 tradi\u00e7\u00e3o natalina, promovendo um sentimento de uni\u00e3o e esperan\u00e7a nas pessoas. Essa magia, no entanto, vai muito al\u00e9m da est\u00e9tica das luzes; ela representa um renascimento da vida urbana ap\u00f3s momentos dif\u00edceis.<\/p>\n<h2>Decora\u00e7\u00e3o e Luzes na Avenida Paulista<\/h2>\n<p>A Avenida Paulista \u00e9 indiscutivelmente um dos principais palcos do Natal em S\u00e3o Paulo. Nesse cart\u00e3o-postal, a presen\u00e7a de milhares de luzes natalinas transforma o ambiente em um espet\u00e1culo visual impressionante. A ilumina\u00e7\u00e3o \u00e9 cuidadosamente planejada, com arcos brilhantes, estrelas e \u00e1rvores decoradas que atraem a aten\u00e7\u00e3o e despertam a curiosidade dos visitantes. Os 290 arcos iluminados na ciclovia, por exemplo, oferecem um cen\u00e1rio perfeito para fotos e v\u00eddeos, fazendo com que as fam\u00edlias e amigos se re\u00fanam para capturar momentos especiais. Al\u00e9m disso, como a Avenida Paulista \u00e9 um espa\u00e7o acess\u00edvel a todos, proporciona uma experi\u00eancia de Natal democr\u00e1tica, onde qualquer um pode se sentir parte da celebra\u00e7\u00e3o.<\/p>\n<h2>Experi\u00eancias da Fam\u00edlia nas Noites Iluminadas<\/h2>\n<p>As noites iluminadas da Avenida Paulista n\u00e3o se resumem apenas \u00e0 beleza das luzes, mas tamb\u00e9m \u00e0s experi\u00eancias que elas proporcionam \u00e0s fam\u00edlias. Muitas pessoas aproveitam a ocasi\u00e3o para sair em grupo, criando mem\u00f3rias que ficar\u00e3o guardadas para sempre. \u00c9 comum ver pais levando seus filhos para ver as luzes, tirando fotos com o Papai Noel ou participando das diversas atividades que s\u00e3o organizadas durante o Natal. Algumas fam\u00edlias fazem isso uma tradi\u00e7\u00e3o, reunindo-se todos os anos para celebrar juntos essa \u00e9poca m\u00e1gica. Esse valor emocional, de estar ao lado de entes queridos, \u00e9 um dos aspectos mais importantes do Natal, e as luzes ajudam a criar um ambiente que potencia esses la\u00e7os familiares.<\/p>\n<h2>O Retorno \u00e0 Vida Ap\u00f3s a Pandemia<\/h2>\n<p>Ap\u00f3s os desafios enfrentados durante a pandemia de COVID-19, a decora\u00e7\u00e3o de Natal em S\u00e3o Paulo representa n\u00e3o apenas a celebra\u00e7\u00e3o, mas tamb\u00e9m uma resili\u00eancia e um retorno \u00e0 vida. Muitas pessoas comentam que ao ver as luzes, especialmente ap\u00f3s um per\u00edodo em que as ruas estavam vazias e desertas, sentem-se revigoradas. \u00c9 como se a cidade estivesse dizendo que est\u00e1 viva novamente e pronta para receb\u00ea-los de volta. Cleo Rodrigues, uma arquiteta, expressou esse sentimento ao declarar que a decora\u00e7\u00e3o trouxe um novo \u00e2nimo para os trabalhadores da regi\u00e3o, que puderam ver a avenida renascendo das cinzas. O Natal, assim, se torna um ponto de esperan\u00e7a e otimismo, simbolizando um novo come\u00e7o e o desejo de que tempos melhores est\u00e3o por vir.<\/p>\n<h2>Arcos Iluminados: Um Cen\u00e1rio Perfeito<\/h2>\n<p>A beleza dos arcos iluminados na Avenida Paulista n\u00e3o apenas encanta quem passa por l\u00e1, mas tamb\u00e9m se transforma em inspira\u00e7\u00e3o para artistas e fot\u00f3grafos. O design meticulosamente elaborado e a combina\u00e7\u00e3o de cores criam um ambiente de sonho que captura a ess\u00eancia do Natal. Muitas pessoas que visitam a cidade fazem quest\u00e3o de documentar suas experi\u00eancias, compartilhando-lhes nas redes sociais e recomendando que outros venham para ver o espet\u00e1culo. Essa propaga\u00e7\u00e3o do encanto natalino contribui para o turismo local, uma vez que a Avenida Paulista se torna um destino natalino para muitos que desejam viver a magia do Natal.<\/p>\n<h2>O Efeito das Luzes na Humildade das Pessoas<\/h2>\n<p>As luzes de Natal t\u00eam um poder peculiar sobre as pessoas. Elas inspiram esperan\u00e7a e alegria, promovendo um clima de solidariedade e humanidade. As decora\u00e7\u00f5es de Natal, especialmente em um espa\u00e7o p\u00fablico como a Avenida Paulista, oferecem a todos a oportunidade de participar da celebra\u00e7\u00e3o, independentemente de sua origem ou condi\u00e7\u00e3o econ\u00f4mica. Elas criam um espa\u00e7o inclusivo onde todos s\u00e3o bem-vindos para desfrutar do esp\u00edrito natalino. Essa atmosfera de uni\u00e3o \u00e9 particularmente importante em tempos dif\u00edceis, onde gestos simples de bondade e generosidade podem trazer um impacto significativo. \u00c9 comum ver pessoas trocando sorrisos e conversando, unidas pela f\u00e9 e pela esperan\u00e7a que a \u00e9poca do Natal desperta, o que transforma a Avenida em um verdadeiro s\u00edmbolo de reconcilia\u00e7\u00e3o e comunidade.<\/p>\n<h2>O Parque do Ibirapuera e Sua Grande Atra\u00e7\u00e3o<\/h2>\n<p>O Parque do Ibirapuera \u00e9 outra localiza\u00e7\u00e3o emblem\u00e1tica da decora\u00e7\u00e3o natalina em S\u00e3o Paulo. A \u00e1rvore de Natal de 57 metros, que se ilumina com brilhos e cores vibrantes, \u00e9 uma enorme atra\u00e7\u00e3o que faz com que pessoas de todas as idades se re\u00fanam para admirar e tirar fotos. O parque, conhecido por sua grandeza e beleza natural, se transforma em um espa\u00e7o m\u00e1gico durante o per\u00edodo das festividades. As milhares de luzes brilhando na \u00e1rvore combinadas com os sons da celebra\u00e7\u00e3o ao redor fazem desse lugar um ponto de encontro para fam\u00edlias e amigos. Al\u00e9m de ser um visual encantador, o espa\u00e7o tamb\u00e9m promove atividades culturais e shows que enriquecem ainda mais a experi\u00eancia do p\u00fablico, fortalecendo o amor e a cultura que o Natal representa.<\/p>\n<h2>Constru\u00e7\u00f5es Hist\u00f3ricas Recebem Proje\u00e7\u00f5es Lumin\u00e1rias<\/h2>\n<p>Outro aspecto fascinante do Natal em S\u00e3o Paulo \u00e9 como as proje\u00e7\u00f5es de luz s\u00e3o usadas para iluminar constru\u00e7\u00f5es hist\u00f3ricas, transformando-as em verdadeiras obras de arte. Os projetos de ilumina\u00e7\u00e3o criam um espet\u00e1culo visual que dan\u00e7a nas fachadas de pr\u00e9dios antigos, como a Catedral da S\u00e9. Will Monteiro, respons\u00e1vel t\u00e9cnico pelas proje\u00e7\u00f5es, expressou a profunda emo\u00e7\u00e3o que sentiu ao criar algo que n\u00e3o apenas encanta, mas tamb\u00e9m toca o cora\u00e7\u00e3o das pessoas. \u00c9 um esfor\u00e7o conjunto que visa relembrar as tradi\u00e7\u00f5es e reavivar o esp\u00edrito natalino na cidade. Os visitantes podem n\u00e3o apenas apreciar a beleza est\u00e9tica desses locais, mas tamb\u00e9m se conectar com a rica hist\u00f3ria de S\u00e3o Paulo enquanto se envolvem na magia do Natal.<\/p>\n<h2>Cultura e Natal: Uma Fus\u00e3o Especial<\/h2>\n<p>O Natal em S\u00e3o Paulo n\u00e3o \u00e9 apenas sobre as luzes e decora\u00e7\u00f5es; \u00e9 tamb\u00e9m uma fus\u00e3o cultural. As comunidades se juntam para celebrar, trazendo consigo suas tradi\u00e7\u00f5es e costumes, o que enriquece a experi\u00eancia festiva. Festivais de Natal re\u00fanem m\u00fasica, dan\u00e7a e gastronomia em um s\u00f3 lugar, permitindo que todos experimentem a diversidade cultural que S\u00e3o Paulo abriga. As crian\u00e7as brincam com as decora\u00e7\u00f5es, e as fam\u00edlias se juntam em celebra\u00e7\u00f5es de amor e f\u00e9. As diferentes etnias e culturas presentes na cidade se tornam um reflexo do esp\u00edrito de uni\u00e3o que o Natal promove, mostrando que, n\u00e3o importa a origem, todos est\u00e3o aqui para celebrar a vida e a esperan\u00e7a.<\/p>\n<h2>Reflex\u00f5es Sobre o Verdadeiro Esp\u00edrito Natalino<\/h2>\n<p>A \u00e9poca do Natal em S\u00e3o Paulo serve como um momento de reflex\u00e3o sobre o verdadeiro significado da festividade. Para muitos, \u00e9 um per\u00edodo de renovar la\u00e7os familiares, refor\u00e7ar amizades e compartilhar amor com a comunidade. O brilho das luzes e as decora\u00e7\u00f5es encantadoras n\u00e3o s\u00e3o o fim em si mesmo, mas sim uma representa\u00e7\u00e3o externa do que \u00e9 sentido internamente: a esperan\u00e7a, a generosidade e a paz. Muitas pessoas se dedicam a ajudar os menos afortunados durante essa \u00e9poca, demonstrando que o verdadeiro esp\u00edrito natalino \u00e9 sobre dar, cuidar e amar. Ao final do dia, o que realmente importa \u00e9 a conex\u00e3o entre as pessoas que se re\u00fanem para celebrar a vida, a amizade e a uni\u00e3o.<\/p>\n\n<div style=\"font-size: 0px; height: 0px; line-height: 0px; margin: 0; padding: 0; clear: both;\"><\/div>","protected":false},"excerpt":{"rendered":"<p>Caminhos iluminados de Natal reinventam as celebra\u00e7\u00f5es familiares em S\u00e3o Paulo.<\/p>\n","protected":false},"author":1,"featured_media":0,"comment_status":"open","ping_status":"closed","sticky":false,"template":"","format":"standard","meta":{"footnotes":""},"categories":[20],"tags":[],"class_list":["post-5993","post","type-post","status-publish","format-standard","hentry","category-cultura-no-centro-sp"],"aioseo_notices":[],"_links":{"self":[{"href":"https:\/\/www.encontracentrosaopaulo.com.br\/sobre\/wp-json\/wp\/v2\/posts\/5993","targetHints":{"allow":["GET"]}}],"collection":[{"href":"https:\/\/www.encontracentrosaopaulo.com.br\/sobre\/wp-json\/wp\/v2\/posts"}],"about":[{"href":"https:\/\/www.encontracentrosaopaulo.com.br\/sobre\/wp-json\/wp\/v2\/types\/post"}],"author":[{"embeddable":true,"href":"https:\/\/www.encontracentrosaopaulo.com.br\/sobre\/wp-json\/wp\/v2\/users\/1"}],"replies":[{"embeddable":true,"href":"https:\/\/www.encontracentrosaopaulo.com.br\/sobre\/wp-json\/wp\/v2\/comments?post=5993"}],"version-history":[{"count":0,"href":"https:\/\/www.encontracentrosaopaulo.com.br\/sobre\/wp-json\/wp\/v2\/posts\/5993\/revisions"}],"wp:attachment":[{"href":"https:\/\/www.encontracentrosaopaulo.com.br\/sobre\/wp-json\/wp\/v2\/media?parent=5993"}],"wp:term":[{"taxonomy":"category","embeddable":true,"href":"https:\/\/www.encontracentrosaopaulo.com.br\/sobre\/wp-json\/wp\/v2\/categories?post=5993"},{"taxonomy":"post_tag","embeddable":true,"href":"https:\/\/www.encontracentrosaopaulo.com.br\/sobre\/wp-json\/wp\/v2\/tags?post=5993"}],"curies":[{"name":"wp","href":"https:\/\/api.w.org\/{rel}","templated":true}]}}