{"id":6017,"date":"2026-01-15T14:32:07","date_gmt":"2026-01-15T17:32:07","guid":{"rendered":"https:\/\/www.encontracentrosaopaulo.com.br\/sobre\/prefeitura-de-sao-paulo-retoma-espaco-ocupado-pelo-teatro-de-conteiner\/"},"modified":"2026-01-15T14:32:07","modified_gmt":"2026-01-15T17:32:07","slug":"prefeitura-de-sao-paulo-retoma-espaco-ocupado-pelo-teatro-de-conteiner","status":"publish","type":"post","link":"https:\/\/www.encontracentrosaopaulo.com.br\/sobre\/prefeitura-de-sao-paulo-retoma-espaco-ocupado-pelo-teatro-de-conteiner\/","title":{"rendered":"Prefeitura de S\u00e3o Paulo retoma espa\u00e7o ocupado pelo Teatro de Cont\u00eainer"},"content":{"rendered":"<div class=\"d6585b5127f45a35450431d0abc3f90c\" data-index=\"1\" style=\"float: none; margin:0px;\">\n<!-- Anuncio display - global -->\r\n<ins class=\"adsbygoogle\"\r\n     style=\"display:block\"\r\n     data-ad-client=\"ca-pub-8585364105181520\"\r\n     data-ad-slot=\"8789329856\"\r\n     data-ad-format=\"auto\"\r\n     data-full-width-responsive=\"true\"><\/ins>\r\n<script>\r\n     (adsbygoogle = window.adsbygoogle || []).push({});\r\n<\/script>\n<\/div>\n<h2>Contexto da Retomada<\/h2>\n<p>Em um cen\u00e1rio de constantes transforma\u00e7\u00f5es urbanas e sociais, a recente decis\u00e3o da Prefeitura de S\u00e3o Paulo de retomar o espa\u00e7o ocupado pelo Teatro de Cont\u00eainer Mungunz\u00e1 marca um cap\u00edtulo significativo na hist\u00f3ria cultural da cidade. Este teatro, situado no cora\u00e7\u00e3o de S\u00e3o Paulo, foi inaugurado h\u00e1 quase dez anos e se tornou um ponto de encontro vibrante para artistas, espectadores e a comunidade local. Com uma proposta inovadora, o espa\u00e7o utilizou cont\u00eaineres como estrutura f\u00edsica, simbolizando resist\u00eancia e adapta\u00e7\u00e3o em um ambiente onde a cultura tem enfrentado desafios significativos devido \u00e0 especula\u00e7\u00e3o imobili\u00e1ria e \u00e0 falta de investimento em espa\u00e7os culturais.<\/p>\n<p>A decis\u00e3o de retomar o espa\u00e7o foi facilitada por uma ordem judicial que determinou o fim do prazo de perman\u00eancia do grupo teatral. A opera\u00e7\u00e3o de desocupa\u00e7\u00e3o, realizada no dia 15 de janeiro de 2026, ocorreu sob a supervis\u00e3o da Guarda Civil Metropolitana e gerou grande repercuss\u00e3o na m\u00eddia e na comunidade art\u00edstica. O consenso sobre a necessidade de revitaliza\u00e7\u00e3o urbana muitas vezes esbarra na prote\u00e7\u00e3o da arte e da cultura popular, levando a uma constante luta por espa\u00e7os que promovam este tipo de atividade.<\/p>\n<h2>A Decis\u00e3o da Justi\u00e7a<\/h2>\n<p>A quest\u00e3o legal envolvendo a perman\u00eancia do Teatro de Cont\u00eainer n\u00e3o \u00e9 simples. Em agosto de 2025, uma liminar havia garantido ao grupo teatral mais 180 dias no local, tempo que visava permitir a transi\u00e7\u00e3o de suas atividades para outro espa\u00e7o, sugerido pela pr\u00f3pria prefeitura. No entanto, essa liminar foi posteriormente reduzida, resultando em um complexo jogo de incerteza para a companhia. O que parecia uma solu\u00e7\u00e3o tempor\u00e1ria transformou-se em um impasse quando a prefeitura decidiu executar a ordem judicial.<\/p>\n<p>A a\u00e7\u00e3o judicial reflete um dilema comum em grandes cidades: o direito \u00e0 habita\u00e7\u00e3o e a busca por espa\u00e7os que promovam atividades culturais e art\u00edsticas. A decis\u00e3o foi vista como um reflexo sobre o papel da cultura no planejamento urbano e na vida comunit\u00e1ria. A incerteza jur\u00eddica e a falta de di\u00e1logo entre as partes envolvidas criaram um clima de tens\u00e3o em torno do desfecho da situa\u00e7\u00e3o, culminando na opera\u00e7\u00e3o de desocupa\u00e7\u00e3o.<\/p>\n<h2>Rea\u00e7\u00e3o da Companhia de Teatro<\/h2>\n<p>A rea\u00e7\u00e3o da Companhia de Teatro Mungunz\u00e1, respons\u00e1vel pelo Teatro de Cont\u00eainer, foi de surpresa e protesto. Os gestores da companhia expressaram sua indigna\u00e7\u00e3o em rela\u00e7\u00e3o \u00e0 falta de comunica\u00e7\u00e3o da prefeitura durante o processo de desocupa\u00e7\u00e3o. Al\u00e9m disso, apontaram a fragilidade da situa\u00e7\u00e3o, j\u00e1 que a sede da companhia foi lacrada sem aviso pr\u00e9vio, impedindo a retirada de materiais e equipamentos essenciais para suas produ\u00e7\u00f5es.<\/p>\n<p>Lucas Breda, um dos gestores, mencionou em entrevistas que a companhia estava em processo de adapta\u00e7\u00e3o para a mudan\u00e7a para o novo espa\u00e7o oferecido pela prefeitura. Todavia, a falta de acesso ao local lacrado frustrou os planos e aumentou a press\u00e3o sobre os artistas envolvidos. Marcos Felipe, outro gestor, destacou a import\u00e2ncia de um di\u00e1logo aberto com as autoridades, enfatizando que a retirada do espa\u00e7o deveria ter sido tratada de maneira mais org\u00e2nica e respeitosa, considerando a hist\u00f3ria e a import\u00e2ncia do local para a cultura local.<\/p>\n<h2>Impacto na Comunidade Art\u00edstica<\/h2>\n<p>A desocupa\u00e7\u00e3o do Teatro de Cont\u00eainer teve implica\u00e7\u00f5es diretas na comunidade art\u00edstica de S\u00e3o Paulo. O teatro se consolidou como um espa\u00e7o de resist\u00eancia, oferecendo uma plataforma para novas vozes e projetos art\u00edsticos que frequentemente n\u00e3o encontram espa\u00e7o em circuitos tradicionais. A aus\u00eancia desse local levanta preocupa\u00e7\u00f5es sobre o futuro de iniciativas culturais que dependem de locais acess\u00edveis e que promovam a inclus\u00e3o social.<\/p>\n<p>A a\u00e7\u00e3o da prefeitura foi recebida com cr\u00edticas, levando a uma mobiliza\u00e7\u00e3o entre artistas e integrantes da classe cultural. Muitos expressaram seu descontentamento nas redes sociais, pedindo por uma reconsidera\u00e7\u00e3o e enfatizando a necessidade de espa\u00e7os que acolham a diversidade art\u00edstica. A luta em defesa do Teatro de Cont\u00eainer ressoou em outros centros culturais e comunidades art\u00edsticas, evidenciando a interconex\u00e3o entre a cultura e os direitos sociais.<\/p>\n<h2>A Import\u00e2ncia do Teatro de Cont\u00eainer<\/h2>\n<p>O Teatro de Cont\u00eainer n\u00e3o \u00e9 apenas uma estrutura f\u00edsica; \u00e9 um s\u00edmbolo da capacidade de adapta\u00e7\u00e3o e inova\u00e7\u00e3o na cultura. Desde sua inaugura\u00e7\u00e3o, o teatro se destacou por sua est\u00e9tica \u00fanica e pela programa\u00e7\u00e3o diversificada, que vai desde apresenta\u00e7\u00f5es teatrais a eventos comunit\u00e1rios. A configura\u00e7\u00e3o em cont\u00eaineres representa uma alternativa vi\u00e1vel e econ\u00f4mica para a cria\u00e7\u00e3o de espa\u00e7os culturais em \u00e1reas urbanas, muitas vezes negligenciadas.<\/p>\n<p>Al\u00e9m disso, o teatro promoveu a inclus\u00e3o social, permitindo o acesso a diferentes formas de arte para p\u00fablicos variados. A sua presen\u00e7a no centro de S\u00e3o Paulo era um lembrete de que a cultura deve ser acess\u00edvel a todos, n\u00e3o restrita a espa\u00e7os elitistas ou comerciais. Essa filosofia \u00e9 fundamental para a forma\u00e7\u00e3o de uma cidade mais justa e respons\u00e1vel, onde a arte desempenha um papel central no desenvolvimento social e humano.<\/p>\n<h2>Planos para o Novo Espa\u00e7o<\/h2>\n<p>Com a decis\u00e3o da prefeitura em retirar a companhia do local, a perspectiva de mudan\u00e7a para o novo espa\u00e7o na Rua Helv\u00e9tia 807 se tornou um foco central. Os gestores do Teatro de Cont\u00eainer, em conformidade com a prefeitura, j\u00e1 estavam trabalhando em um plano log\u00edstico para a transi\u00e7\u00e3o. No entanto, a falta de acesso \u00e0 antiga sede complicou a execu\u00e7\u00e3o desse plano, dificultando a retirada dos bens essenciais e a estrutura necess\u00e1ria para a continuidade do seu trabalho.<\/p>\n<p>A nova localiza\u00e7\u00e3o promete ser uma continua\u00e7\u00e3o da miss\u00e3o art\u00edstica da companhia, mas a rapidez da mudan\u00e7a suscita questionamentos sobre a continuidade das atividades e a capacidade de adapta\u00e7\u00e3o ao novo ambiente. Para que a transi\u00e7\u00e3o seja bem-sucedida, \u00e9 fundamental que as autoridades municipais forne\u00e7am o apoio necess\u00e1rio, permitindo uma mudan\u00e7a organizada e sem interrup\u00e7\u00f5es para o p\u00fablico e os artistas envolvidos.<\/p>\n<h2>A Luta por Di\u00e1logo<\/h2>\n<p>O apelo por di\u00e1logo e comunica\u00e7\u00e3o aberta por parte dos gestores do Teatro de Cont\u00eainer \u00e9 um ponto crucial para o desenrolar da situa\u00e7\u00e3o. A aus\u00eancia de uma conversa franca entre as partes envolvidas ressalta uma falha na gest\u00e3o cultural da cidade, onde decis\u00f5es que afetam a vida cultural s\u00e3o tomadas sem a devida consulta aos artistas e \u00e0 comunidade.<\/p>\n<p>Promover um di\u00e1logo construtivo poderia n\u00e3o apenas suavizar tens\u00f5es, mas tamb\u00e9m criar um espa\u00e7o conjunto para solu\u00e7\u00f5es mais criativas e sustent\u00e1veis. A busca por alternativas que atendam tanto \u00e0s necessidades da popula\u00e7\u00e3o quanto \u00e0s demandas da diversidade art\u00edstica \u00e9 um caminho que precisa ser priorizado. Envolvendo os artistas nas decis\u00f5es sobre os seus espa\u00e7os, a cidade pode garantir uma cultura vibrante e inclusiva.<\/p>\n<h2>Expectativas da Cia Teatral<\/h2>\n<p>Com as incertezas geradas pela desocupa\u00e7\u00e3o e a mudan\u00e7a programada, as expectativas da Companhia de Teatro Mungunz\u00e1 est\u00e3o repletas de desafios e esperan\u00e7as. \u00c9 fundamental que a equipe mantenha n\u00e3o apenas sua identidade art\u00edstica, mas tamb\u00e9m a conex\u00e3o com a comunidade que sempre frequentou o Teatro de Cont\u00eainer. O desafio ser\u00e1 manter a continuidade das atividades enquanto realiza a transi\u00e7\u00e3o adequada.<\/p>\n<p>Os artistas esperam que a nova localiza\u00e7\u00e3o possa oferecer um espa\u00e7o ainda mais acolhedor para a express\u00e3o cultural, e que novos p\u00fablicos ser\u00e3o estimulados a visitar. No entanto, isso depende muito da forma como a mudan\u00e7a ser\u00e1 administrada e de quanto tempo ter\u00e3o para se estabelecer e reorganizar. O futuro do Teatro de Cont\u00eainer, assim como o das iniciativas culturais em S\u00e3o Paulo, depende de um planejamento cuidadoso e de um compromisso cont\u00ednuo por parte das autoridades para garantir que a cultura permane\u00e7a acess\u00edvel e em expans\u00e3o.<\/p>\n<h2>O Papel da Prefeitura<\/h2>\n<p>A atua\u00e7\u00e3o da Prefeitura de S\u00e3o Paulo nesse epis\u00f3dio \u00e9 de suma import\u00e2ncia. Por um lado, a administra\u00e7\u00e3o municipal argumenta que a desocupa\u00e7\u00e3o do espa\u00e7o \u00e9 parte de um plano mais amplo de revitaliza\u00e7\u00e3o que inclui a constru\u00e7\u00e3o de unidades habitacionais populares e a revitaliza\u00e7\u00e3o do entorno. No entanto, isso n\u00e3o deve ocorrer \u00e0 custa do patrim\u00f4nio cultural e da diversidade art\u00edstica que tornam a cidade viva.<\/p>\n<p>O equil\u00edbrio entre desenvolvimento urbano e preserva\u00e7\u00e3o cultural \u00e9 uma tarefa complexa. Para que as reivindica\u00e7\u00f5es sociais sejam atendidas, \u00e9 imprescind\u00edvel que a prefeitura ou\u00e7a e integre as perspectivas dos artistas e da comunidade, permitindo um desenvolvimento que respeite e valorize a cultura local.<\/p>\n<h2>Futuro da Cultura em S\u00e3o Paulo<\/h2>\n<p>O futuro da cultura em S\u00e3o Paulo est\u00e1 intrinsecamente ligado \u00e0 capacidade de dialogar e encontrar solu\u00e7\u00f5es que equilibrem os interesses urbanos e culturais. A situa\u00e7\u00e3o do Teatro de Cont\u00eainer evidencia a fragilidade que muitos espa\u00e7os culturais enfrentam diante das press\u00f5es do desenvolvimento imobili\u00e1rio.<\/p>\n<p>No entanto, a mobiliza\u00e7\u00e3o da comunidade art\u00edstica em defesa do espa\u00e7o \u00e9 um sinal otimista de que a cultura pode lutar e resistir. O engajamento ativo de artistas, cidad\u00e3os e grupos organizados \u00e9 vital para garantir que a arte continue a prosperar na cidade. Se a prefeitura estiver disposta a colaborar e ouvir, o futuro da cultura em S\u00e3o Paulo poder\u00e1 se configurar sob a luz da inclus\u00e3o, diversidade e inova\u00e7\u00e3o.<\/p>\n\n<div style=\"font-size: 0px; height: 0px; line-height: 0px; margin: 0; padding: 0; clear: both;\"><\/div>","protected":false},"excerpt":{"rendered":"<p>Teatro de Cont\u00eainer \u00e9 surpreendido com a retomada do espa\u00e7o pela prefeitura.<\/p>\n","protected":false},"author":1,"featured_media":0,"comment_status":"open","ping_status":"closed","sticky":false,"template":"","format":"standard","meta":{"footnotes":""},"categories":[20],"tags":[],"class_list":["post-6017","post","type-post","status-publish","format-standard","hentry","category-cultura-no-centro-sp"],"aioseo_notices":[],"_links":{"self":[{"href":"https:\/\/www.encontracentrosaopaulo.com.br\/sobre\/wp-json\/wp\/v2\/posts\/6017","targetHints":{"allow":["GET"]}}],"collection":[{"href":"https:\/\/www.encontracentrosaopaulo.com.br\/sobre\/wp-json\/wp\/v2\/posts"}],"about":[{"href":"https:\/\/www.encontracentrosaopaulo.com.br\/sobre\/wp-json\/wp\/v2\/types\/post"}],"author":[{"embeddable":true,"href":"https:\/\/www.encontracentrosaopaulo.com.br\/sobre\/wp-json\/wp\/v2\/users\/1"}],"replies":[{"embeddable":true,"href":"https:\/\/www.encontracentrosaopaulo.com.br\/sobre\/wp-json\/wp\/v2\/comments?post=6017"}],"version-history":[{"count":0,"href":"https:\/\/www.encontracentrosaopaulo.com.br\/sobre\/wp-json\/wp\/v2\/posts\/6017\/revisions"}],"wp:attachment":[{"href":"https:\/\/www.encontracentrosaopaulo.com.br\/sobre\/wp-json\/wp\/v2\/media?parent=6017"}],"wp:term":[{"taxonomy":"category","embeddable":true,"href":"https:\/\/www.encontracentrosaopaulo.com.br\/sobre\/wp-json\/wp\/v2\/categories?post=6017"},{"taxonomy":"post_tag","embeddable":true,"href":"https:\/\/www.encontracentrosaopaulo.com.br\/sobre\/wp-json\/wp\/v2\/tags?post=6017"}],"curies":[{"name":"wp","href":"https:\/\/api.w.org\/{rel}","templated":true}]}}