{"id":6119,"date":"2026-02-04T14:41:49","date_gmt":"2026-02-04T17:41:49","guid":{"rendered":"https:\/\/www.encontracentrosaopaulo.com.br\/sobre\/centro-de-sao-paulo-esta-sem-luz-eletrica-nesta-terca\/"},"modified":"2026-02-04T14:41:49","modified_gmt":"2026-02-04T17:41:49","slug":"centro-de-sao-paulo-esta-sem-luz-eletrica-nesta-terca","status":"publish","type":"post","link":"https:\/\/www.encontracentrosaopaulo.com.br\/sobre\/centro-de-sao-paulo-esta-sem-luz-eletrica-nesta-terca\/","title":{"rendered":"Centro de S\u00e3o Paulo est\u00e1 sem luz el\u00e9trica nesta ter\u00e7a"},"content":{"rendered":"<div class=\"d6585b5127f45a35450431d0abc3f90c\" data-index=\"1\" style=\"float: none; margin:0px;\">\n<!-- Anuncio display - global -->\r\n<ins class=\"adsbygoogle\"\r\n     style=\"display:block\"\r\n     data-ad-client=\"ca-pub-8585364105181520\"\r\n     data-ad-slot=\"8789329856\"\r\n     data-ad-format=\"auto\"\r\n     data-full-width-responsive=\"true\"><\/ins>\r\n<script>\r\n     (adsbygoogle = window.adsbygoogle || []).push({});\r\n<\/script>\n<\/div>\n<p><strong>Centro de S\u00e3o Paulo sem fornecimento el\u00e9trico<\/strong> foi o cen\u00e1rio enfrentado por aproximadamente 40 mil consumidores esta ter\u00e7a-feira (3 de fevereiro de 2026). A suspens\u00e3o da energia el\u00e9trica impactou diversas \u00e1reas, incluindo a Avenida Nove de Julho e Higien\u00f3polis, al\u00e9m de bairros adjacentes. A Enel, respons\u00e1vel pela distribui\u00e7\u00e3o, declarou que o problema teve in\u00edcio ao meio-dia, mas as causas exatas ainda n\u00e3o foram estabelecidas.<\/p>\n<h2>Causas do apag\u00e3o no centro de S\u00e3o Paulo<\/h2>\n<p>A interrup\u00e7\u00e3o do fornecimento de energia n\u00e3o parece ter liga\u00e7\u00e3o com condi\u00e7\u00f5es clim\u00e1ticas adversas, j\u00e1 que n\u00e3o ocorreram chuvas intensas na regi\u00e3o no dia do apag\u00e3o. A companhia informou que est\u00e1 investigando a situa\u00e7\u00e3o, por\u00e9m at\u00e9 o momento n\u00e3o identificou a fonte da falha. Essa incerteza levanta preocupa\u00e7\u00f5es sobre a infraestrutura el\u00e9trica da cidade e a capacidade da Enel em garantir um fornecimento est\u00e1vel.<\/p>\n<h2>Impactos para os comerciantes locais<\/h2>\n<p>A falta de energia afetou seriamente o com\u00e9rcio na regi\u00e3o central de S\u00e3o Paulo. V\u00e1rios estabelecimentos, incluindo lojas e restaurantes, relataram preju\u00edzos significativos devido \u00e0 impossibilidade de operar. Em particular, a Alameda Barros, conhecida por suas atividades comerciais, ficou marcada pela aus\u00eancia de movimento, uma vez que muitos empresarios e funcion\u00e1rios se viram obrigados a interromper ou cancelar atendimentos. Isso n\u00e3o apenas causou desconforto para os clientes, mas tamb\u00e9m gerou um clima de incerteza entre os propriet\u00e1rios de neg\u00f3cios locais.<\/p>\n<p><img decoding=\"async\" src=\"https:\/\/www.encontracentrosaopaulo.com.br\/sobre\/wp-content\/uploads\/centro-de-sao-paulo-esta-sem-luz-eletrica-nesta-terca.webp\" alt=\"centro de s\u00e3o paulo sem luz\" loading=\"lazy\" \/><\/p>\n<h2>Medidas emergenciais adotadas pela concession\u00e1ria<\/h2>\n<p>Em resposta \u00e0 crise, a Enel assegurou que estava distribuindo geradores tempor\u00e1rios para mitigar os efeitos do apag\u00e3o e ajudar na manuten\u00e7\u00e3o das opera\u00e7\u00f5es dos servi\u00e7os essenciais na \u00e1rea. Entretanto, essa solu\u00e7\u00e3o \u00e9 apenas paliativa e n\u00e3o resolve o problema maior da falta de confiabilidade na rede el\u00e9trica. A recupera\u00e7\u00e3o do fluxo normal de energia se tornou uma prioridade urgente para a empresa.<\/p>\n<h2>Rea\u00e7\u00f5es de autoridades sobre a interrup\u00e7\u00e3o<\/h2>\n<p>A situa\u00e7\u00e3o gerou rea\u00e7\u00f5es de diferentes autoridades, incluindo o Prefeito e o Governador de S\u00e3o Paulo. Ambos manifestaram descontentamento em rela\u00e7\u00e3o \u00e0 Enel e \u00e0 continuidade dos servi\u00e7os prestados pela companhia. O descontentamento p\u00fablico \u00e9 palp\u00e1vel, especialmente ap\u00f3s uma s\u00e9rie de apag\u00f5es recorrentes nos \u00faltimos dois anos, que resultaram em uma press\u00e3o crescente sobre a empresa para que melhorias fossem implementadas. Eles pedem uma revis\u00e3o imediata do servi\u00e7o da concession\u00e1ria.<\/p>\n<h2>Compara\u00e7\u00e3o com outros apag\u00f5es recentes<\/h2>\n<p>O incidente atual n\u00e3o \u00e9 um fato isolado, mas parte de um padr\u00e3o cont\u00ednuo de problemas enfrentados pela Enel em S\u00e3o Paulo. Nos \u00faltimos anos, a cidade vivenciou diversos cortes de energia, levando a um aumento das cr\u00edticas por parte da popula\u00e7\u00e3o e dos \u00f3rg\u00e3os reguladores. Comparando com apag\u00f5es anteriores, pode-se notar que a falta de a\u00e7\u00e3o eficiente em resposta a estas interrup\u00e7\u00f5es pode estar contribuindo para esta imagem negativa da prestadora de servi\u00e7os.<\/p>\n<h2>Hist\u00f3rico de problemas da Enel em SP<\/h2>\n<p>Ao longo dos \u00faltimos anos, a Enel tem enfrentado cr\u00edticas constantes devido a falhas no fornecimento de energia. Incidentes semelhantes a este se sucederam com frequ\u00eancia, com relatos de interrup\u00e7\u00f5es prolongadas, que n\u00e3o s\u00f3 afetam a vida cotidiana das pessoas, mas tamb\u00e9m t\u00eam impacto econ\u00f4mico consider\u00e1vel. A coleta de feedback por parte da popula\u00e7\u00e3o tem revelado uma crescente insatisfa\u00e7\u00e3o sobre a forma como a Enel gere os servi\u00e7os, elevando a press\u00e3o sobre a empresa para que estrat\u00e9gias eficazes sejam implementadas.<\/p>\n<h2>A avalia\u00e7\u00e3o do contrato da concession\u00e1ria<\/h2>\n<p>Atualmente, h\u00e1 uma revis\u00e3o do contrato da Enel com a Ag\u00eancia Nacional de Energia El\u00e9trica (Aneel) em andamento. A continuidade da concess\u00e3o da empresa est\u00e1 sob avalia\u00e7\u00e3o, especialmente ap\u00f3s a press\u00e3o recebida de autoridades locais e da popula\u00e7\u00e3o. O processo de caducidade da concess\u00e3o foi aberto devido ao insatisfat\u00f3rio hist\u00f3rico de apag\u00f5es e \u00e0 falta de respostas satisfat\u00f3rias da empresa.<\/p>\n<h2>Consequ\u00eancias para a popula\u00e7\u00e3o afetada<\/h2>\n<p>A interrup\u00e7\u00e3o no fornecimento de energia traz consequ\u00eancias diretas \u00e0 vida da popula\u00e7\u00e3o. Al\u00e9m do desconforto e das dificuldades no cotidiano, a falta de energia el\u00e9trica pode afetar servi\u00e7os essenciais, como hospitais e centros de sa\u00fade. As \u00faltimas semanas j\u00e1 foram marcadas por uma interrup\u00e7\u00e3o no abastecimento, que resultou em um inc\u00eandio no Instituto do C\u00e2ncer (Icesp) e culminou na morte de um paciente durante sua transfer\u00eancia. Este incidente mais recente evidenciou a gravidade da situa\u00e7\u00e3o e o risco que essas interrup\u00e7\u00f5es representam para a seguran\u00e7a p\u00fablica.<\/p>\n<h2>Perspectivas para o restabelecimento total<\/h2>\n<p>At\u00e9 o momento em que esta not\u00edcia foi redigida, a Enel trabalhou para restabelecer energia a cerca de 95% dos clientes afetados, ap\u00f3s a ocorr\u00eancia de falhas em sua rede subterr\u00e2nea na regi\u00e3o central da capital. A empresa indicou que a maioria do fornecimento foi normalizado \u00e0s 19h do dia do apag\u00e3o, mas a preocupa\u00e7\u00e3o persiste em rela\u00e7\u00e3o \u00e0 energia de aproximadamente 1.000 clientes que ainda aguardavam a reestabelecimento total no dia seguinte.<\/p>\n<h2>Import\u00e2ncia de um fornecimento de energia confi\u00e1vel<\/h2>\n<p>Um fornecimento de energia el\u00e9trica confi\u00e1vel \u00e9 fundamental para o funcionamento de qualquer cidade moderna. Para os cidad\u00e3os de S\u00e3o Paulo, a continuidade das operac\u00f5es da Enel \u00e9 crucial, n\u00e3o apenas do ponto de vista de conveni\u00eancia, mas tamb\u00e9m para assegurar a seguran\u00e7a e o bem-estar da popula\u00e7\u00e3o. Medidas estrat\u00e9gicas e investimentos em infraestrutura s\u00e3o necess\u00e1rios para garantir que eventos como este n\u00e3o se repitam. Al\u00e9m disso, a transpar\u00eancia e efici\u00eancia na gest\u00e3o das crises s\u00e3o essenciais para restaurar a confian\u00e7a p\u00fablica na empresa e no sistema el\u00e9trico como um todo.<\/p>\n\n<div style=\"font-size: 0px; height: 0px; line-height: 0px; margin: 0; padding: 0; clear: both;\"><\/div>","protected":false},"excerpt":{"rendered":"<p>Centro de S\u00e3o Paulo enfrenta apag\u00e3o. Entenda as causas e consequ\u00eancias.<\/p>\n","protected":false},"author":1,"featured_media":6118,"comment_status":"open","ping_status":"closed","sticky":false,"template":"","format":"standard","meta":{"footnotes":""},"categories":[6],"tags":[],"class_list":["post-6119","post","type-post","status-publish","format-standard","has-post-thumbnail","hentry","category-noticias-no-centro-sp","has_thumb"],"aioseo_notices":[],"aioseo_head":"\n\t\t<!-- All in One SEO 5.0.0.1 - aioseo.com -->\n\t<meta name=\"description\" content=\"Centro de S\u00e3o Paulo enfrenta apag\u00e3o. Entenda as causas e consequ\u00eancias.\" \/>\n\t<meta name=\"robots\" content=\"max-image-preview:large\" \/>\n\t<meta name=\"author\" content=\"Encontra Centro SP\"\/>\n\t<link rel=\"canonical\" href=\"https:\/\/www.encontracentrosaopaulo.com.br\/sobre\/centro-de-sao-paulo-esta-sem-luz-eletrica-nesta-terca\/\" \/>\n\t<meta name=\"generator\" content=\"All in One SEO (AIOSEO) 5.0.0.1\" \/>\n\t\t<meta property=\"og:locale\" content=\"pt_BR\" \/>\n\t\t<meta property=\"og:site_name\" content=\"Encontra Centro SP | Not\u00edcias, eventos, informa\u00e7\u00f5es e dicas na cidade de Centro SP e regi\u00e3o.\" \/>\n\t\t<meta property=\"og:type\" content=\"article\" \/>\n\t\t<meta property=\"og:title\" content=\"Centro de S\u00e3o Paulo est\u00e1 sem luz el\u00e9trica nesta ter\u00e7a | Encontra Centro SP\" \/>\n\t\t<meta property=\"og:description\" content=\"Centro de S\u00e3o Paulo enfrenta apag\u00e3o. Entenda as causas e consequ\u00eancias.\" \/>\n\t\t<meta property=\"og:url\" content=\"https:\/\/www.encontracentrosaopaulo.com.br\/sobre\/centro-de-sao-paulo-esta-sem-luz-eletrica-nesta-terca\/\" \/>\n\t\t<meta property=\"article:published_time\" content=\"2026-02-04T17:41:49+00:00\" \/>\n\t\t<meta property=\"article:modified_time\" content=\"2026-02-04T17:41:49+00:00\" \/>\n\t\t<meta name=\"twitter:card\" content=\"summary\" \/>\n\t\t<meta name=\"twitter:title\" content=\"Centro de S\u00e3o Paulo est\u00e1 sem luz el\u00e9trica nesta ter\u00e7a | Encontra Centro SP\" \/>\n\t\t<meta name=\"twitter:description\" content=\"Centro de S\u00e3o Paulo enfrenta apag\u00e3o. Entenda as causas e consequ\u00eancias.\" \/>\n\t\t<script type=\"application\/ld+json\" class=\"aioseo-schema\">\n\t\t\t{\"@context\":\"https:\\\/\\\/schema.org\",\"@graph\":[{\"@type\":\"Article\",\"@id\":\"https:\\\/\\\/www.encontracentrosaopaulo.com.br\\\/sobre\\\/centro-de-sao-paulo-esta-sem-luz-eletrica-nesta-terca\\\/#article\",\"name\":\"Centro de S\\u00e3o Paulo est\\u00e1 sem luz el\\u00e9trica nesta ter\\u00e7a | Encontra Centro SP\",\"headline\":\"Centro de S\\u00e3o Paulo est\\u00e1 sem luz el\\u00e9trica nesta ter\\u00e7a\",\"author\":{\"@id\":\"https:\\\/\\\/www.encontracentrosaopaulo.com.br\\\/sobre\\\/author\\\/ecentrosaopaulo\\\/#author\"},\"publisher\":{\"@id\":\"https:\\\/\\\/www.encontracentrosaopaulo.com.br\\\/sobre\\\/#organization\"},\"image\":{\"@type\":\"ImageObject\",\"url\":\"https:\\\/\\\/www.encontracentrosaopaulo.com.br\\\/sobre\\\/wp-content\\\/uploads\\\/centro-de-sao-paulo-esta-sem-luz-eletrica-nesta-terca.webp\",\"width\":280,\"height\":280,\"caption\":\"centro de s\\u00e3o paulo sem luz\"},\"datePublished\":\"2026-02-04T14:41:49-03:00\",\"dateModified\":\"2026-02-04T14:41:49-03:00\",\"inLanguage\":\"pt-BR\",\"mainEntityOfPage\":{\"@id\":\"https:\\\/\\\/www.encontracentrosaopaulo.com.br\\\/sobre\\\/centro-de-sao-paulo-esta-sem-luz-eletrica-nesta-terca\\\/#webpage\"},\"isPartOf\":{\"@id\":\"https:\\\/\\\/www.encontracentrosaopaulo.com.br\\\/sobre\\\/centro-de-sao-paulo-esta-sem-luz-eletrica-nesta-terca\\\/#webpage\"},\"articleSection\":\"Not\\u00edcias Centro SP\"},{\"@type\":\"BreadcrumbList\",\"@id\":\"https:\\\/\\\/www.encontracentrosaopaulo.com.br\\\/sobre\\\/centro-de-sao-paulo-esta-sem-luz-eletrica-nesta-terca\\\/#breadcrumblist\",\"itemListElement\":[{\"@type\":\"ListItem\",\"@id\":\"https:\\\/\\\/www.encontracentrosaopaulo.com.br\\\/sobre#listItem\",\"position\":1,\"name\":\"In\\u00edcio\",\"item\":\"https:\\\/\\\/www.encontracentrosaopaulo.com.br\\\/sobre\",\"nextItem\":{\"@type\":\"ListItem\",\"@id\":\"https:\\\/\\\/www.encontracentrosaopaulo.com.br\\\/sobre\\\/noticias-no-centro-sp\\\/#listItem\",\"name\":\"Not\\u00edcias Centro SP\"}},{\"@type\":\"ListItem\",\"@id\":\"https:\\\/\\\/www.encontracentrosaopaulo.com.br\\\/sobre\\\/noticias-no-centro-sp\\\/#listItem\",\"position\":2,\"name\":\"Not\\u00edcias Centro SP\",\"item\":\"https:\\\/\\\/www.encontracentrosaopaulo.com.br\\\/sobre\\\/noticias-no-centro-sp\\\/\",\"nextItem\":{\"@type\":\"ListItem\",\"@id\":\"https:\\\/\\\/www.encontracentrosaopaulo.com.br\\\/sobre\\\/centro-de-sao-paulo-esta-sem-luz-eletrica-nesta-terca\\\/#listItem\",\"name\":\"Centro de S\\u00e3o Paulo est\\u00e1 sem luz el\\u00e9trica nesta ter\\u00e7a\"},\"previousItem\":{\"@type\":\"ListItem\",\"@id\":\"https:\\\/\\\/www.encontracentrosaopaulo.com.br\\\/sobre#listItem\",\"name\":\"In\\u00edcio\"}},{\"@type\":\"ListItem\",\"@id\":\"https:\\\/\\\/www.encontracentrosaopaulo.com.br\\\/sobre\\\/centro-de-sao-paulo-esta-sem-luz-eletrica-nesta-terca\\\/#listItem\",\"position\":3,\"name\":\"Centro de S\\u00e3o Paulo est\\u00e1 sem luz el\\u00e9trica nesta ter\\u00e7a\",\"previousItem\":{\"@type\":\"ListItem\",\"@id\":\"https:\\\/\\\/www.encontracentrosaopaulo.com.br\\\/sobre\\\/noticias-no-centro-sp\\\/#listItem\",\"name\":\"Not\\u00edcias Centro SP\"}}]},{\"@type\":\"Organization\",\"@id\":\"https:\\\/\\\/www.encontracentrosaopaulo.com.br\\\/sobre\\\/#organization\",\"name\":\"Encontra Centro SP\",\"description\":\"Not\\u00edcias, eventos, informa\\u00e7\\u00f5es e dicas na cidade de Centro SP e regi\\u00e3o.\",\"url\":\"https:\\\/\\\/www.encontracentrosaopaulo.com.br\\\/sobre\\\/\"},{\"@type\":\"Person\",\"@id\":\"https:\\\/\\\/www.encontracentrosaopaulo.com.br\\\/sobre\\\/author\\\/ecentrosaopaulo\\\/#author\",\"url\":\"https:\\\/\\\/www.encontracentrosaopaulo.com.br\\\/sobre\\\/author\\\/ecentrosaopaulo\\\/\",\"name\":\"Encontra Centro SP\",\"image\":{\"@type\":\"ImageObject\",\"@id\":\"https:\\\/\\\/www.encontracentrosaopaulo.com.br\\\/sobre\\\/centro-de-sao-paulo-esta-sem-luz-eletrica-nesta-terca\\\/#authorImage\",\"url\":\"https:\\\/\\\/secure.gravatar.com\\\/avatar\\\/507340682b8270222e1f208e23198b6ae7e2c6a1033ae84e99bc6bce4f82a387?s=96&d=mm&r=g\",\"width\":96,\"height\":96,\"caption\":\"Encontra Centro SP\"}},{\"@type\":\"WebPage\",\"@id\":\"https:\\\/\\\/www.encontracentrosaopaulo.com.br\\\/sobre\\\/centro-de-sao-paulo-esta-sem-luz-eletrica-nesta-terca\\\/#webpage\",\"url\":\"https:\\\/\\\/www.encontracentrosaopaulo.com.br\\\/sobre\\\/centro-de-sao-paulo-esta-sem-luz-eletrica-nesta-terca\\\/\",\"name\":\"Centro de S\\u00e3o Paulo est\\u00e1 sem luz el\\u00e9trica nesta ter\\u00e7a | Encontra Centro SP\",\"description\":\"Centro de S\\u00e3o Paulo enfrenta apag\\u00e3o. Entenda as causas e consequ\\u00eancias.\",\"inLanguage\":\"pt-BR\",\"isPartOf\":{\"@id\":\"https:\\\/\\\/www.encontracentrosaopaulo.com.br\\\/sobre\\\/#website\"},\"breadcrumb\":{\"@id\":\"https:\\\/\\\/www.encontracentrosaopaulo.com.br\\\/sobre\\\/centro-de-sao-paulo-esta-sem-luz-eletrica-nesta-terca\\\/#breadcrumblist\"},\"author\":{\"@id\":\"https:\\\/\\\/www.encontracentrosaopaulo.com.br\\\/sobre\\\/author\\\/ecentrosaopaulo\\\/#author\"},\"creator\":{\"@id\":\"https:\\\/\\\/www.encontracentrosaopaulo.com.br\\\/sobre\\\/author\\\/ecentrosaopaulo\\\/#author\"},\"image\":{\"@type\":\"ImageObject\",\"url\":\"https:\\\/\\\/www.encontracentrosaopaulo.com.br\\\/sobre\\\/wp-content\\\/uploads\\\/centro-de-sao-paulo-esta-sem-luz-eletrica-nesta-terca.webp\",\"@id\":\"https:\\\/\\\/www.encontracentrosaopaulo.com.br\\\/sobre\\\/centro-de-sao-paulo-esta-sem-luz-eletrica-nesta-terca\\\/#mainImage\",\"width\":280,\"height\":280,\"caption\":\"centro de s\\u00e3o paulo sem luz\"},\"primaryImageOfPage\":{\"@id\":\"https:\\\/\\\/www.encontracentrosaopaulo.com.br\\\/sobre\\\/centro-de-sao-paulo-esta-sem-luz-eletrica-nesta-terca\\\/#mainImage\"},\"datePublished\":\"2026-02-04T14:41:49-03:00\",\"dateModified\":\"2026-02-04T14:41:49-03:00\"},{\"@type\":\"WebSite\",\"@id\":\"https:\\\/\\\/www.encontracentrosaopaulo.com.br\\\/sobre\\\/#website\",\"url\":\"https:\\\/\\\/www.encontracentrosaopaulo.com.br\\\/sobre\\\/\",\"name\":\"Encontra Centro SP\",\"description\":\"Not\\u00edcias, eventos, informa\\u00e7\\u00f5es e dicas na cidade de Centro SP e regi\\u00e3o.\",\"inLanguage\":\"pt-BR\",\"publisher\":{\"@id\":\"https:\\\/\\\/www.encontracentrosaopaulo.com.br\\\/sobre\\\/#organization\"}}]}\n\t\t<\/script>\n\t\t<!-- All in One SEO -->\n\n","aioseo_head_json":{"title":"Centro de S\u00e3o Paulo est\u00e1 sem luz el\u00e9trica nesta ter\u00e7a | Encontra Centro SP","description":"Centro de S\u00e3o Paulo enfrenta apag\u00e3o. Entenda as causas e consequ\u00eancias.","canonical_url":"https:\/\/www.encontracentrosaopaulo.com.br\/sobre\/centro-de-sao-paulo-esta-sem-luz-eletrica-nesta-terca\/","robots":"max-image-preview:large","keywords":"","webmasterTools":{"miscellaneous":""},"schema":{"@context":"https:\/\/schema.org","@graph":[{"@type":"Article","@id":"https:\/\/www.encontracentrosaopaulo.com.br\/sobre\/centro-de-sao-paulo-esta-sem-luz-eletrica-nesta-terca\/#article","name":"Centro de S\u00e3o Paulo est\u00e1 sem luz el\u00e9trica nesta ter\u00e7a | Encontra Centro SP","headline":"Centro de S\u00e3o Paulo est\u00e1 sem luz el\u00e9trica nesta ter\u00e7a","author":{"@id":"https:\/\/www.encontracentrosaopaulo.com.br\/sobre\/author\/ecentrosaopaulo\/#author"},"publisher":{"@id":"https:\/\/www.encontracentrosaopaulo.com.br\/sobre\/#organization"},"image":{"@type":"ImageObject","url":"https:\/\/www.encontracentrosaopaulo.com.br\/sobre\/wp-content\/uploads\/centro-de-sao-paulo-esta-sem-luz-eletrica-nesta-terca.webp","width":280,"height":280,"caption":"centro de s\u00e3o paulo sem luz"},"datePublished":"2026-02-04T14:41:49-03:00","dateModified":"2026-02-04T14:41:49-03:00","inLanguage":"pt-BR","mainEntityOfPage":{"@id":"https:\/\/www.encontracentrosaopaulo.com.br\/sobre\/centro-de-sao-paulo-esta-sem-luz-eletrica-nesta-terca\/#webpage"},"isPartOf":{"@id":"https:\/\/www.encontracentrosaopaulo.com.br\/sobre\/centro-de-sao-paulo-esta-sem-luz-eletrica-nesta-terca\/#webpage"},"articleSection":"Not\u00edcias Centro SP"},{"@type":"BreadcrumbList","@id":"https:\/\/www.encontracentrosaopaulo.com.br\/sobre\/centro-de-sao-paulo-esta-sem-luz-eletrica-nesta-terca\/#breadcrumblist","itemListElement":[{"@type":"ListItem","@id":"https:\/\/www.encontracentrosaopaulo.com.br\/sobre#listItem","position":1,"name":"In\u00edcio","item":"https:\/\/www.encontracentrosaopaulo.com.br\/sobre","nextItem":{"@type":"ListItem","@id":"https:\/\/www.encontracentrosaopaulo.com.br\/sobre\/noticias-no-centro-sp\/#listItem","name":"Not\u00edcias Centro SP"}},{"@type":"ListItem","@id":"https:\/\/www.encontracentrosaopaulo.com.br\/sobre\/noticias-no-centro-sp\/#listItem","position":2,"name":"Not\u00edcias Centro SP","item":"https:\/\/www.encontracentrosaopaulo.com.br\/sobre\/noticias-no-centro-sp\/","nextItem":{"@type":"ListItem","@id":"https:\/\/www.encontracentrosaopaulo.com.br\/sobre\/centro-de-sao-paulo-esta-sem-luz-eletrica-nesta-terca\/#listItem","name":"Centro de S\u00e3o Paulo est\u00e1 sem luz el\u00e9trica nesta ter\u00e7a"},"previousItem":{"@type":"ListItem","@id":"https:\/\/www.encontracentrosaopaulo.com.br\/sobre#listItem","name":"In\u00edcio"}},{"@type":"ListItem","@id":"https:\/\/www.encontracentrosaopaulo.com.br\/sobre\/centro-de-sao-paulo-esta-sem-luz-eletrica-nesta-terca\/#listItem","position":3,"name":"Centro de S\u00e3o Paulo est\u00e1 sem luz el\u00e9trica nesta ter\u00e7a","previousItem":{"@type":"ListItem","@id":"https:\/\/www.encontracentrosaopaulo.com.br\/sobre\/noticias-no-centro-sp\/#listItem","name":"Not\u00edcias Centro SP"}}]},{"@type":"Organization","@id":"https:\/\/www.encontracentrosaopaulo.com.br\/sobre\/#organization","name":"Encontra Centro SP","description":"Not\u00edcias, eventos, informa\u00e7\u00f5es e dicas na cidade de Centro SP e regi\u00e3o.","url":"https:\/\/www.encontracentrosaopaulo.com.br\/sobre\/"},{"@type":"Person","@id":"https:\/\/www.encontracentrosaopaulo.com.br\/sobre\/author\/ecentrosaopaulo\/#author","url":"https:\/\/www.encontracentrosaopaulo.com.br\/sobre\/author\/ecentrosaopaulo\/","name":"Encontra Centro SP","image":{"@type":"ImageObject","@id":"https:\/\/www.encontracentrosaopaulo.com.br\/sobre\/centro-de-sao-paulo-esta-sem-luz-eletrica-nesta-terca\/#authorImage","url":"https:\/\/secure.gravatar.com\/avatar\/507340682b8270222e1f208e23198b6ae7e2c6a1033ae84e99bc6bce4f82a387?s=96&d=mm&r=g","width":96,"height":96,"caption":"Encontra Centro SP"}},{"@type":"WebPage","@id":"https:\/\/www.encontracentrosaopaulo.com.br\/sobre\/centro-de-sao-paulo-esta-sem-luz-eletrica-nesta-terca\/#webpage","url":"https:\/\/www.encontracentrosaopaulo.com.br\/sobre\/centro-de-sao-paulo-esta-sem-luz-eletrica-nesta-terca\/","name":"Centro de S\u00e3o Paulo est\u00e1 sem luz el\u00e9trica nesta ter\u00e7a | Encontra Centro SP","description":"Centro de S\u00e3o Paulo enfrenta apag\u00e3o. Entenda as causas e consequ\u00eancias.","inLanguage":"pt-BR","isPartOf":{"@id":"https:\/\/www.encontracentrosaopaulo.com.br\/sobre\/#website"},"breadcrumb":{"@id":"https:\/\/www.encontracentrosaopaulo.com.br\/sobre\/centro-de-sao-paulo-esta-sem-luz-eletrica-nesta-terca\/#breadcrumblist"},"author":{"@id":"https:\/\/www.encontracentrosaopaulo.com.br\/sobre\/author\/ecentrosaopaulo\/#author"},"creator":{"@id":"https:\/\/www.encontracentrosaopaulo.com.br\/sobre\/author\/ecentrosaopaulo\/#author"},"image":{"@type":"ImageObject","url":"https:\/\/www.encontracentrosaopaulo.com.br\/sobre\/wp-content\/uploads\/centro-de-sao-paulo-esta-sem-luz-eletrica-nesta-terca.webp","@id":"https:\/\/www.encontracentrosaopaulo.com.br\/sobre\/centro-de-sao-paulo-esta-sem-luz-eletrica-nesta-terca\/#mainImage","width":280,"height":280,"caption":"centro de s\u00e3o paulo sem luz"},"primaryImageOfPage":{"@id":"https:\/\/www.encontracentrosaopaulo.com.br\/sobre\/centro-de-sao-paulo-esta-sem-luz-eletrica-nesta-terca\/#mainImage"},"datePublished":"2026-02-04T14:41:49-03:00","dateModified":"2026-02-04T14:41:49-03:00"},{"@type":"WebSite","@id":"https:\/\/www.encontracentrosaopaulo.com.br\/sobre\/#website","url":"https:\/\/www.encontracentrosaopaulo.com.br\/sobre\/","name":"Encontra Centro SP","description":"Not\u00edcias, eventos, informa\u00e7\u00f5es e dicas na cidade de Centro SP e regi\u00e3o.","inLanguage":"pt-BR","publisher":{"@id":"https:\/\/www.encontracentrosaopaulo.com.br\/sobre\/#organization"}}]},"og:locale":"pt_BR","og:site_name":"Encontra Centro SP | Not\u00edcias, eventos, informa\u00e7\u00f5es e dicas na cidade de Centro SP e regi\u00e3o.","og:type":"article","og:title":"Centro de S\u00e3o Paulo est\u00e1 sem luz el\u00e9trica nesta ter\u00e7a | Encontra Centro SP","og:description":"Centro de S\u00e3o Paulo enfrenta apag\u00e3o. Entenda as causas e consequ\u00eancias.","og:url":"https:\/\/www.encontracentrosaopaulo.com.br\/sobre\/centro-de-sao-paulo-esta-sem-luz-eletrica-nesta-terca\/","article:published_time":"2026-02-04T17:41:49+00:00","article:modified_time":"2026-02-04T17:41:49+00:00","twitter:card":"summary","twitter:title":"Centro de S\u00e3o Paulo est\u00e1 sem luz el\u00e9trica nesta ter\u00e7a | Encontra Centro SP","twitter:description":"Centro de S\u00e3o Paulo enfrenta apag\u00e3o. Entenda as causas e consequ\u00eancias."},"aioseo_meta_data":{"post_id":"6119","title":null,"description":null,"keywords":null,"keyphrases":null,"primary_term":null,"canonical_url":null,"og_title":null,"og_description":null,"og_object_type":"default","og_image_type":"default","og_image_url":null,"og_image_width":null,"og_image_height":null,"og_image_custom_url":null,"og_image_custom_fields":null,"og_video":null,"og_custom_url":null,"og_article_section":null,"og_article_tags":null,"twitter_use_og":false,"twitter_card":"default","twitter_image_type":"default","twitter_image_url":null,"twitter_image_custom_url":null,"twitter_image_custom_fields":null,"twitter_title":null,"twitter_description":null,"schema":{"blockGraphs":[],"customGraphs":[],"default":{"data":{"Article":[],"Course":[],"Dataset":[],"FAQPage":[],"Movie":[],"Person":[],"Product":[],"ProductReview":[],"Car":[],"Recipe":[],"Service":[],"SoftwareApplication":[],"WebPage":[]},"graphName":"Article","isEnabled":true},"graphs":[]},"schema_type":"default","schema_type_options":null,"pillar_content":false,"robots_default":true,"robots_noindex":false,"robots_noarchive":false,"robots_nosnippet":false,"robots_nofollow":false,"robots_noimageindex":false,"robots_noodp":false,"robots_notranslate":false,"robots_max_snippet":null,"robots_max_videopreview":null,"robots_max_imagepreview":"large","priority":null,"frequency":null,"local_seo":null,"breadcrumb_settings":null,"limit_modified_date":false,"ai":null,"created":"2026-02-04 17:41:53","updated":"2026-02-04 18:09:37","seo_analyzer_scan_date":null,"focus_keyword":null,"additional_keywords":null,"truseo_locale":null},"aioseo_breadcrumb":"<div class=\"aioseo-breadcrumbs\"><span class=\"aioseo-breadcrumb\">\n\t\t\t<a href=\"https:\/\/www.encontracentrosaopaulo.com.br\/sobre\" title=\"In\u00edcio\">In\u00edcio<\/a>\n\t\t<\/span><span class=\"aioseo-breadcrumb-separator\">&raquo;<\/span><span class=\"aioseo-breadcrumb\">\n\t\t\t<a href=\"https:\/\/www.encontracentrosaopaulo.com.br\/sobre\/noticias-no-centro-sp\/\" title=\"Not\u00edcias Centro SP\">Not\u00edcias Centro SP<\/a>\n\t\t<\/span><span class=\"aioseo-breadcrumb-separator\">&raquo;<\/span><span class=\"aioseo-breadcrumb\">\n\t\t\tCentro de S\u00e3o Paulo est\u00e1 sem luz el\u00e9trica nesta ter\u00e7a\n\t\t<\/span><\/div>","aioseo_breadcrumb_json":[{"label":"In\u00edcio","link":"https:\/\/www.encontracentrosaopaulo.com.br\/sobre"},{"label":"Not\u00edcias Centro SP","link":"https:\/\/www.encontracentrosaopaulo.com.br\/sobre\/noticias-no-centro-sp\/"},{"label":"Centro de S\u00e3o Paulo est\u00e1 sem luz el\u00e9trica nesta ter\u00e7a","link":"https:\/\/www.encontracentrosaopaulo.com.br\/sobre\/centro-de-sao-paulo-esta-sem-luz-eletrica-nesta-terca\/"}],"_links":{"self":[{"href":"https:\/\/www.encontracentrosaopaulo.com.br\/sobre\/wp-json\/wp\/v2\/posts\/6119","targetHints":{"allow":["GET"]}}],"collection":[{"href":"https:\/\/www.encontracentrosaopaulo.com.br\/sobre\/wp-json\/wp\/v2\/posts"}],"about":[{"href":"https:\/\/www.encontracentrosaopaulo.com.br\/sobre\/wp-json\/wp\/v2\/types\/post"}],"author":[{"embeddable":true,"href":"https:\/\/www.encontracentrosaopaulo.com.br\/sobre\/wp-json\/wp\/v2\/users\/1"}],"replies":[{"embeddable":true,"href":"https:\/\/www.encontracentrosaopaulo.com.br\/sobre\/wp-json\/wp\/v2\/comments?post=6119"}],"version-history":[{"count":0,"href":"https:\/\/www.encontracentrosaopaulo.com.br\/sobre\/wp-json\/wp\/v2\/posts\/6119\/revisions"}],"wp:featuredmedia":[{"embeddable":true,"href":"https:\/\/www.encontracentrosaopaulo.com.br\/sobre\/wp-json\/wp\/v2\/media\/6118"}],"wp:attachment":[{"href":"https:\/\/www.encontracentrosaopaulo.com.br\/sobre\/wp-json\/wp\/v2\/media?parent=6119"}],"wp:term":[{"taxonomy":"category","embeddable":true,"href":"https:\/\/www.encontracentrosaopaulo.com.br\/sobre\/wp-json\/wp\/v2\/categories?post=6119"},{"taxonomy":"post_tag","embeddable":true,"href":"https:\/\/www.encontracentrosaopaulo.com.br\/sobre\/wp-json\/wp\/v2\/tags?post=6119"}],"curies":[{"name":"wp","href":"https:\/\/api.w.org\/{rel}","templated":true}]}}