{"id":6121,"date":"2026-02-04T14:43:41","date_gmt":"2026-02-04T17:43:41","guid":{"rendered":"https:\/\/www.encontracentrosaopaulo.com.br\/sobre\/apagao-no-centro-de-sao-paulo-deixa-milhares-sem-energia-e-enel-espalha-geradores-pelas-ruas\/"},"modified":"2026-02-04T14:43:41","modified_gmt":"2026-02-04T17:43:41","slug":"apagao-no-centro-de-sao-paulo-deixa-milhares-sem-energia-e-enel-espalha-geradores-pelas-ruas","status":"publish","type":"post","link":"https:\/\/www.encontracentrosaopaulo.com.br\/sobre\/apagao-no-centro-de-sao-paulo-deixa-milhares-sem-energia-e-enel-espalha-geradores-pelas-ruas\/","title":{"rendered":"Apag\u00e3o no Centro de S\u00e3o Paulo deixa milhares sem energia, e Enel espalha geradores pelas ruas"},"content":{"rendered":"<div class=\"d6585b5127f45a35450431d0abc3f90c\" data-index=\"1\" style=\"float: none; margin:0px;\">\n<!-- Anuncio display - global -->\r\n<ins class=\"adsbygoogle\"\r\n     style=\"display:block\"\r\n     data-ad-client=\"ca-pub-8585364105181520\"\r\n     data-ad-slot=\"8789329856\"\r\n     data-ad-format=\"auto\"\r\n     data-full-width-responsive=\"true\"><\/ins>\r\n<script>\r\n     (adsbygoogle = window.adsbygoogle || []).push({});\r\n<\/script>\n<\/div>\n<h2>Bairros Atingidos pelo Apag\u00e3o<\/h2>\n<p>Na tarde desta ter\u00e7a-feira, 3 de fevereiro de 2026, uma falta de energia el\u00e9trica atingiu diversas \u00e1reas do centro de S\u00e3o Paulo, afetando principalmente os bairros de <strong>Consola\u00e7\u00e3o<\/strong>, <strong>Higien\u00f3polis<\/strong>, <strong>Vila Buarque<\/strong>, <strong>Santa Cec\u00edlia<\/strong> e <strong>Bela Vista<\/strong>. Moradores relataram a interrup\u00e7\u00e3o no fornecimento de eletricidade por volta do meio-dia, o que levou a uma s\u00e9rie de transtornos na mais movimentada regi\u00e3o da cidade.<\/p>\n<h2>Impacto na Popula\u00e7\u00e3o Local<\/h2>\n<p>O apag\u00e3o ocasionou dificuldades significativas para os residentes e comerciantes locais. Com a perda de energia, muitos estabelecimentos enfrentaram preju\u00edzos financeiros, uma vez que n\u00e3o conseguiam realizar vendas e interagir com os clientes. Al\u00e9m disso, a situa\u00e7\u00e3o gerou sofrimento para os habitantes, que se viram sem eletricidade em momentos de alta demanda, como para o uso de ventiladores e a conserva\u00e7\u00e3o de alimentos.<\/p>\n<h2>Respostas Imediatas da Enel<\/h2>\n<p>A concession\u00e1ria Enel, respons\u00e1vel pelo fornecimento de energia, emitiu um comunicado afirmando que um problema t\u00e9cnico na rede subterr\u00e2nea era a causa da interrup\u00e7\u00e3o. Em resposta ao incidente, a empresa mobilizou equipes para trabalhar na restaura\u00e7\u00e3o do servi\u00e7o e implementou um plano de conting\u00eancia.<\/p>\n<p><img decoding=\"async\" src=\"https:\/\/www.encontracentrosaopaulo.com.br\/sobre\/wp-content\/uploads\/apagao-no-centro-de-sao-paulo-deixa-milhares-sem-energia-e-enel-espalha-geradores-pelas-ruas.webp\" alt=\"apag\u00e3o em S\u00e3o Paulo\" loading=\"lazy\" \/><\/p>\n<h2>Mobiliza\u00e7\u00e3o de Geradores pela Cidade<\/h2>\n<p>Para mitigar os efeitos do apag\u00e3o, a Enel espalhou geradores por v\u00e1rias \u00e1reas da cidade. Essas unidades tempor\u00e1rias foram posicionadas em locais estrat\u00e9gicos para atender pr\u00e9dios residenciais e comerciais, garantindo um m\u00ednimo de funcionalidade durante a interrup\u00e7\u00e3o. Imagens divulgadas pela <strong>TV Globo<\/strong> mostraram os geradores em opera\u00e7\u00e3o, ajudando a aliviar a situa\u00e7\u00e3o para muitos estabelecimentos.<\/p>\n<h2>Relatos de Moradores Afetados<\/h2>\n<p>Diversos habitantes afetados compartilharam suas experi\u00eancias nas redes sociais. Muitos mencionaram a falta de informa\u00e7\u00f5es durante a situa\u00e7\u00e3o de crise, o que aumentou a ansiedade e a preocupa\u00e7\u00e3o. Relatos sobre a dificuldade de manter a rotina sem energia el\u00e9trica foram frequentes. Um comerciante, por exemplo, descreveu como a perda repentina de energia o deixou incapaz de atender seus clientes e de preservar seus produtos aliment\u00edcios.<\/p>\n<h2>Dados sobre o N\u00famero de Im\u00f3veis Sem Energia<\/h2>\n<p>Os dados oficiais da Enel foram alarmantes. Inicialmente, cerca de <strong>33.472 im\u00f3veis<\/strong> estavam sem fornecimento de energia por volta das 15h30. O n\u00famero cresceu para <strong>34.151<\/strong> usu\u00e1rios \u00e0s 17h49, com <strong>30.992<\/strong> deles localizados somente na capital. Antes das 21h35, as estimativas indicavam que mais de <strong>35.607<\/strong> im\u00f3veis permaneciam sem luz, evidenciando a gravidade da situa\u00e7\u00e3o.<\/p>\n<h2>Causas do Problema na Rede Subterr\u00e2nea<\/h2>\n<p>A Enel apontou que a falha ocorreu em um segmento espec\u00edfico da rede subterr\u00e2nea que serve as proximidades das avenidas 9 de Julho e Higien\u00f3polis. Essas \u00e1reas, por serem substancialmente urbanizadas e atenderem um grande fluxo de pessoas e atividades, estavam vulner\u00e1veis a interrup\u00e7\u00f5es provocadas por problemas t\u00e9cnicos.<\/p>\n<h2>Procedimentos T\u00e9cnicos em Andamento<\/h2>\n<p>A recupera\u00e7\u00e3o do fornecimento de energia envolveu procedimentos t\u00e9cnicos detalhados. De acordo com a Enel, a natureza subterr\u00e2nea do sistema el\u00e9trico exige cuidados especiais e tempo extra para a identifica\u00e7\u00e3o exata do ponto de falha. As equipes de manuten\u00e7\u00e3o foram mobilizadas de forma \u00e1gil para lidar com a situa\u00e7\u00e3o e iniciar os reparos necess\u00e1rios.<\/p>\n<h2>Expectativas para a Normaliza\u00e7\u00e3o do Servi\u00e7o<\/h2>\n<p>A Enel garantiu que estava trabalhando arduamente para normalizar o abastecimento de energia o quanto antes. As previs\u00f5es iniciais apontavam que o reparo completo e a restaura\u00e7\u00e3o do servi\u00e7o poderiam levar v\u00e1rias horas, mas os esfor\u00e7os da equipe t\u00e9cnica visavam minimizar o tempo de espera para os clientes afetados.<\/p>\n<h2>A Import\u00e2ncia da Infraestrutura El\u00e9trica<\/h2>\n<p>Este evento ressaltou a import\u00e2ncia da infraestrutura el\u00e9trica nas grandes cidades, principalmente em regi\u00f5es que concentram com\u00e9rcio e fendas residenciais. A confiabilidade do fornecimento de energia \u00e9 crucial n\u00e3o s\u00f3 para o funcionamento di\u00e1rio das atividades, como tamb\u00e9m para a seguran\u00e7a e bem-estar da popula\u00e7\u00e3o. Investimentos em manuten\u00e7\u00e3o e moderniza\u00e7\u00e3o da rede el\u00e9trica s\u00e3o essenciais para prevenir futuros apag\u00f5es e garantir uma resposta r\u00e1pida em caso de incidentes.<\/p>\n\n<div style=\"font-size: 0px; height: 0px; line-height: 0px; margin: 0; padding: 0; clear: both;\"><\/div>","protected":false},"excerpt":{"rendered":"<p>Apag\u00e3o em S\u00e3o Paulo atinge milhares, descobertas essenciais.<\/p>\n","protected":false},"author":1,"featured_media":6120,"comment_status":"open","ping_status":"closed","sticky":false,"template":"","format":"standard","meta":{"footnotes":""},"categories":[6],"tags":[],"class_list":["post-6121","post","type-post","status-publish","format-standard","has-post-thumbnail","hentry","category-noticias-no-centro-sp","has_thumb"],"aioseo_notices":[],"aioseo_head":"\n\t\t<!-- All in One SEO 5.0.0.1 - aioseo.com -->\n\t<meta name=\"description\" content=\"Apag\u00e3o em S\u00e3o Paulo atinge milhares, descobertas essenciais.\" \/>\n\t<meta name=\"robots\" content=\"max-image-preview:large\" \/>\n\t<meta name=\"author\" content=\"Encontra Centro SP\"\/>\n\t<link rel=\"canonical\" href=\"https:\/\/www.encontracentrosaopaulo.com.br\/sobre\/apagao-no-centro-de-sao-paulo-deixa-milhares-sem-energia-e-enel-espalha-geradores-pelas-ruas\/\" \/>\n\t<meta name=\"generator\" content=\"All in One SEO (AIOSEO) 5.0.0.1\" \/>\n\t\t<meta property=\"og:locale\" content=\"pt_BR\" \/>\n\t\t<meta property=\"og:site_name\" content=\"Encontra Centro SP | Not\u00edcias, eventos, informa\u00e7\u00f5es e dicas na cidade de Centro SP e regi\u00e3o.\" \/>\n\t\t<meta property=\"og:type\" content=\"article\" \/>\n\t\t<meta property=\"og:title\" content=\"Apag\u00e3o no Centro de S\u00e3o Paulo deixa milhares sem energia, e Enel espalha geradores pelas ruas | Encontra Centro SP\" \/>\n\t\t<meta property=\"og:description\" content=\"Apag\u00e3o em S\u00e3o Paulo atinge milhares, descobertas essenciais.\" \/>\n\t\t<meta property=\"og:url\" content=\"https:\/\/www.encontracentrosaopaulo.com.br\/sobre\/apagao-no-centro-de-sao-paulo-deixa-milhares-sem-energia-e-enel-espalha-geradores-pelas-ruas\/\" \/>\n\t\t<meta property=\"article:published_time\" content=\"2026-02-04T17:43:41+00:00\" \/>\n\t\t<meta property=\"article:modified_time\" content=\"2026-02-04T17:43:41+00:00\" \/>\n\t\t<meta name=\"twitter:card\" content=\"summary\" \/>\n\t\t<meta name=\"twitter:title\" content=\"Apag\u00e3o no Centro de S\u00e3o Paulo deixa milhares sem energia, e Enel espalha geradores pelas ruas | Encontra Centro SP\" \/>\n\t\t<meta name=\"twitter:description\" content=\"Apag\u00e3o em S\u00e3o Paulo atinge milhares, descobertas essenciais.\" \/>\n\t\t<script type=\"application\/ld+json\" class=\"aioseo-schema\">\n\t\t\t{\"@context\":\"https:\\\/\\\/schema.org\",\"@graph\":[{\"@type\":\"Article\",\"@id\":\"https:\\\/\\\/www.encontracentrosaopaulo.com.br\\\/sobre\\\/apagao-no-centro-de-sao-paulo-deixa-milhares-sem-energia-e-enel-espalha-geradores-pelas-ruas\\\/#article\",\"name\":\"Apag\\u00e3o no Centro de S\\u00e3o Paulo deixa milhares sem energia, e Enel espalha geradores pelas ruas | Encontra Centro SP\",\"headline\":\"Apag\\u00e3o no Centro de S\\u00e3o Paulo deixa milhares sem energia, e Enel espalha geradores pelas ruas\",\"author\":{\"@id\":\"https:\\\/\\\/www.encontracentrosaopaulo.com.br\\\/sobre\\\/author\\\/ecentrosaopaulo\\\/#author\"},\"publisher\":{\"@id\":\"https:\\\/\\\/www.encontracentrosaopaulo.com.br\\\/sobre\\\/#organization\"},\"image\":{\"@type\":\"ImageObject\",\"url\":\"https:\\\/\\\/www.encontracentrosaopaulo.com.br\\\/sobre\\\/wp-content\\\/uploads\\\/apagao-no-centro-de-sao-paulo-deixa-milhares-sem-energia-e-enel-espalha-geradores-pelas-ruas.webp\",\"width\":280,\"height\":280,\"caption\":\"apag\\u00e3o em S\\u00e3o Paulo\"},\"datePublished\":\"2026-02-04T14:43:41-03:00\",\"dateModified\":\"2026-02-04T14:43:41-03:00\",\"inLanguage\":\"pt-BR\",\"mainEntityOfPage\":{\"@id\":\"https:\\\/\\\/www.encontracentrosaopaulo.com.br\\\/sobre\\\/apagao-no-centro-de-sao-paulo-deixa-milhares-sem-energia-e-enel-espalha-geradores-pelas-ruas\\\/#webpage\"},\"isPartOf\":{\"@id\":\"https:\\\/\\\/www.encontracentrosaopaulo.com.br\\\/sobre\\\/apagao-no-centro-de-sao-paulo-deixa-milhares-sem-energia-e-enel-espalha-geradores-pelas-ruas\\\/#webpage\"},\"articleSection\":\"Not\\u00edcias Centro SP\"},{\"@type\":\"BreadcrumbList\",\"@id\":\"https:\\\/\\\/www.encontracentrosaopaulo.com.br\\\/sobre\\\/apagao-no-centro-de-sao-paulo-deixa-milhares-sem-energia-e-enel-espalha-geradores-pelas-ruas\\\/#breadcrumblist\",\"itemListElement\":[{\"@type\":\"ListItem\",\"@id\":\"https:\\\/\\\/www.encontracentrosaopaulo.com.br\\\/sobre#listItem\",\"position\":1,\"name\":\"In\\u00edcio\",\"item\":\"https:\\\/\\\/www.encontracentrosaopaulo.com.br\\\/sobre\",\"nextItem\":{\"@type\":\"ListItem\",\"@id\":\"https:\\\/\\\/www.encontracentrosaopaulo.com.br\\\/sobre\\\/noticias-no-centro-sp\\\/#listItem\",\"name\":\"Not\\u00edcias Centro SP\"}},{\"@type\":\"ListItem\",\"@id\":\"https:\\\/\\\/www.encontracentrosaopaulo.com.br\\\/sobre\\\/noticias-no-centro-sp\\\/#listItem\",\"position\":2,\"name\":\"Not\\u00edcias Centro SP\",\"item\":\"https:\\\/\\\/www.encontracentrosaopaulo.com.br\\\/sobre\\\/noticias-no-centro-sp\\\/\",\"nextItem\":{\"@type\":\"ListItem\",\"@id\":\"https:\\\/\\\/www.encontracentrosaopaulo.com.br\\\/sobre\\\/apagao-no-centro-de-sao-paulo-deixa-milhares-sem-energia-e-enel-espalha-geradores-pelas-ruas\\\/#listItem\",\"name\":\"Apag\\u00e3o no Centro de S\\u00e3o Paulo deixa milhares sem energia, e Enel espalha geradores pelas ruas\"},\"previousItem\":{\"@type\":\"ListItem\",\"@id\":\"https:\\\/\\\/www.encontracentrosaopaulo.com.br\\\/sobre#listItem\",\"name\":\"In\\u00edcio\"}},{\"@type\":\"ListItem\",\"@id\":\"https:\\\/\\\/www.encontracentrosaopaulo.com.br\\\/sobre\\\/apagao-no-centro-de-sao-paulo-deixa-milhares-sem-energia-e-enel-espalha-geradores-pelas-ruas\\\/#listItem\",\"position\":3,\"name\":\"Apag\\u00e3o no Centro de S\\u00e3o Paulo deixa milhares sem energia, e Enel espalha geradores pelas ruas\",\"previousItem\":{\"@type\":\"ListItem\",\"@id\":\"https:\\\/\\\/www.encontracentrosaopaulo.com.br\\\/sobre\\\/noticias-no-centro-sp\\\/#listItem\",\"name\":\"Not\\u00edcias Centro SP\"}}]},{\"@type\":\"Organization\",\"@id\":\"https:\\\/\\\/www.encontracentrosaopaulo.com.br\\\/sobre\\\/#organization\",\"name\":\"Encontra Centro SP\",\"description\":\"Not\\u00edcias, eventos, informa\\u00e7\\u00f5es e dicas na cidade de Centro SP e regi\\u00e3o.\",\"url\":\"https:\\\/\\\/www.encontracentrosaopaulo.com.br\\\/sobre\\\/\"},{\"@type\":\"Person\",\"@id\":\"https:\\\/\\\/www.encontracentrosaopaulo.com.br\\\/sobre\\\/author\\\/ecentrosaopaulo\\\/#author\",\"url\":\"https:\\\/\\\/www.encontracentrosaopaulo.com.br\\\/sobre\\\/author\\\/ecentrosaopaulo\\\/\",\"name\":\"Encontra Centro SP\",\"image\":{\"@type\":\"ImageObject\",\"@id\":\"https:\\\/\\\/www.encontracentrosaopaulo.com.br\\\/sobre\\\/apagao-no-centro-de-sao-paulo-deixa-milhares-sem-energia-e-enel-espalha-geradores-pelas-ruas\\\/#authorImage\",\"url\":\"https:\\\/\\\/secure.gravatar.com\\\/avatar\\\/507340682b8270222e1f208e23198b6ae7e2c6a1033ae84e99bc6bce4f82a387?s=96&d=mm&r=g\",\"width\":96,\"height\":96,\"caption\":\"Encontra Centro SP\"}},{\"@type\":\"WebPage\",\"@id\":\"https:\\\/\\\/www.encontracentrosaopaulo.com.br\\\/sobre\\\/apagao-no-centro-de-sao-paulo-deixa-milhares-sem-energia-e-enel-espalha-geradores-pelas-ruas\\\/#webpage\",\"url\":\"https:\\\/\\\/www.encontracentrosaopaulo.com.br\\\/sobre\\\/apagao-no-centro-de-sao-paulo-deixa-milhares-sem-energia-e-enel-espalha-geradores-pelas-ruas\\\/\",\"name\":\"Apag\\u00e3o no Centro de S\\u00e3o Paulo deixa milhares sem energia, e Enel espalha geradores pelas ruas | Encontra Centro SP\",\"description\":\"Apag\\u00e3o em S\\u00e3o Paulo atinge milhares, descobertas essenciais.\",\"inLanguage\":\"pt-BR\",\"isPartOf\":{\"@id\":\"https:\\\/\\\/www.encontracentrosaopaulo.com.br\\\/sobre\\\/#website\"},\"breadcrumb\":{\"@id\":\"https:\\\/\\\/www.encontracentrosaopaulo.com.br\\\/sobre\\\/apagao-no-centro-de-sao-paulo-deixa-milhares-sem-energia-e-enel-espalha-geradores-pelas-ruas\\\/#breadcrumblist\"},\"author\":{\"@id\":\"https:\\\/\\\/www.encontracentrosaopaulo.com.br\\\/sobre\\\/author\\\/ecentrosaopaulo\\\/#author\"},\"creator\":{\"@id\":\"https:\\\/\\\/www.encontracentrosaopaulo.com.br\\\/sobre\\\/author\\\/ecentrosaopaulo\\\/#author\"},\"image\":{\"@type\":\"ImageObject\",\"url\":\"https:\\\/\\\/www.encontracentrosaopaulo.com.br\\\/sobre\\\/wp-content\\\/uploads\\\/apagao-no-centro-de-sao-paulo-deixa-milhares-sem-energia-e-enel-espalha-geradores-pelas-ruas.webp\",\"@id\":\"https:\\\/\\\/www.encontracentrosaopaulo.com.br\\\/sobre\\\/apagao-no-centro-de-sao-paulo-deixa-milhares-sem-energia-e-enel-espalha-geradores-pelas-ruas\\\/#mainImage\",\"width\":280,\"height\":280,\"caption\":\"apag\\u00e3o em S\\u00e3o Paulo\"},\"primaryImageOfPage\":{\"@id\":\"https:\\\/\\\/www.encontracentrosaopaulo.com.br\\\/sobre\\\/apagao-no-centro-de-sao-paulo-deixa-milhares-sem-energia-e-enel-espalha-geradores-pelas-ruas\\\/#mainImage\"},\"datePublished\":\"2026-02-04T14:43:41-03:00\",\"dateModified\":\"2026-02-04T14:43:41-03:00\"},{\"@type\":\"WebSite\",\"@id\":\"https:\\\/\\\/www.encontracentrosaopaulo.com.br\\\/sobre\\\/#website\",\"url\":\"https:\\\/\\\/www.encontracentrosaopaulo.com.br\\\/sobre\\\/\",\"name\":\"Encontra Centro SP\",\"description\":\"Not\\u00edcias, eventos, informa\\u00e7\\u00f5es e dicas na cidade de Centro SP e regi\\u00e3o.\",\"inLanguage\":\"pt-BR\",\"publisher\":{\"@id\":\"https:\\\/\\\/www.encontracentrosaopaulo.com.br\\\/sobre\\\/#organization\"}}]}\n\t\t<\/script>\n\t\t<!-- All in One SEO -->\n\n","aioseo_head_json":{"title":"Apag\u00e3o no Centro de S\u00e3o Paulo deixa milhares sem energia, e Enel espalha geradores pelas ruas | Encontra Centro SP","description":"Apag\u00e3o em S\u00e3o Paulo atinge milhares, descobertas essenciais.","canonical_url":"https:\/\/www.encontracentrosaopaulo.com.br\/sobre\/apagao-no-centro-de-sao-paulo-deixa-milhares-sem-energia-e-enel-espalha-geradores-pelas-ruas\/","robots":"max-image-preview:large","keywords":"","webmasterTools":{"miscellaneous":""},"schema":{"@context":"https:\/\/schema.org","@graph":[{"@type":"Article","@id":"https:\/\/www.encontracentrosaopaulo.com.br\/sobre\/apagao-no-centro-de-sao-paulo-deixa-milhares-sem-energia-e-enel-espalha-geradores-pelas-ruas\/#article","name":"Apag\u00e3o no Centro de S\u00e3o Paulo deixa milhares sem energia, e Enel espalha geradores pelas ruas | Encontra Centro SP","headline":"Apag\u00e3o no Centro de S\u00e3o Paulo deixa milhares sem energia, e Enel espalha geradores pelas ruas","author":{"@id":"https:\/\/www.encontracentrosaopaulo.com.br\/sobre\/author\/ecentrosaopaulo\/#author"},"publisher":{"@id":"https:\/\/www.encontracentrosaopaulo.com.br\/sobre\/#organization"},"image":{"@type":"ImageObject","url":"https:\/\/www.encontracentrosaopaulo.com.br\/sobre\/wp-content\/uploads\/apagao-no-centro-de-sao-paulo-deixa-milhares-sem-energia-e-enel-espalha-geradores-pelas-ruas.webp","width":280,"height":280,"caption":"apag\u00e3o em S\u00e3o Paulo"},"datePublished":"2026-02-04T14:43:41-03:00","dateModified":"2026-02-04T14:43:41-03:00","inLanguage":"pt-BR","mainEntityOfPage":{"@id":"https:\/\/www.encontracentrosaopaulo.com.br\/sobre\/apagao-no-centro-de-sao-paulo-deixa-milhares-sem-energia-e-enel-espalha-geradores-pelas-ruas\/#webpage"},"isPartOf":{"@id":"https:\/\/www.encontracentrosaopaulo.com.br\/sobre\/apagao-no-centro-de-sao-paulo-deixa-milhares-sem-energia-e-enel-espalha-geradores-pelas-ruas\/#webpage"},"articleSection":"Not\u00edcias Centro SP"},{"@type":"BreadcrumbList","@id":"https:\/\/www.encontracentrosaopaulo.com.br\/sobre\/apagao-no-centro-de-sao-paulo-deixa-milhares-sem-energia-e-enel-espalha-geradores-pelas-ruas\/#breadcrumblist","itemListElement":[{"@type":"ListItem","@id":"https:\/\/www.encontracentrosaopaulo.com.br\/sobre#listItem","position":1,"name":"In\u00edcio","item":"https:\/\/www.encontracentrosaopaulo.com.br\/sobre","nextItem":{"@type":"ListItem","@id":"https:\/\/www.encontracentrosaopaulo.com.br\/sobre\/noticias-no-centro-sp\/#listItem","name":"Not\u00edcias Centro SP"}},{"@type":"ListItem","@id":"https:\/\/www.encontracentrosaopaulo.com.br\/sobre\/noticias-no-centro-sp\/#listItem","position":2,"name":"Not\u00edcias Centro SP","item":"https:\/\/www.encontracentrosaopaulo.com.br\/sobre\/noticias-no-centro-sp\/","nextItem":{"@type":"ListItem","@id":"https:\/\/www.encontracentrosaopaulo.com.br\/sobre\/apagao-no-centro-de-sao-paulo-deixa-milhares-sem-energia-e-enel-espalha-geradores-pelas-ruas\/#listItem","name":"Apag\u00e3o no Centro de S\u00e3o Paulo deixa milhares sem energia, e Enel espalha geradores pelas ruas"},"previousItem":{"@type":"ListItem","@id":"https:\/\/www.encontracentrosaopaulo.com.br\/sobre#listItem","name":"In\u00edcio"}},{"@type":"ListItem","@id":"https:\/\/www.encontracentrosaopaulo.com.br\/sobre\/apagao-no-centro-de-sao-paulo-deixa-milhares-sem-energia-e-enel-espalha-geradores-pelas-ruas\/#listItem","position":3,"name":"Apag\u00e3o no Centro de S\u00e3o Paulo deixa milhares sem energia, e Enel espalha geradores pelas ruas","previousItem":{"@type":"ListItem","@id":"https:\/\/www.encontracentrosaopaulo.com.br\/sobre\/noticias-no-centro-sp\/#listItem","name":"Not\u00edcias Centro SP"}}]},{"@type":"Organization","@id":"https:\/\/www.encontracentrosaopaulo.com.br\/sobre\/#organization","name":"Encontra Centro SP","description":"Not\u00edcias, eventos, informa\u00e7\u00f5es e dicas na cidade de Centro SP e regi\u00e3o.","url":"https:\/\/www.encontracentrosaopaulo.com.br\/sobre\/"},{"@type":"Person","@id":"https:\/\/www.encontracentrosaopaulo.com.br\/sobre\/author\/ecentrosaopaulo\/#author","url":"https:\/\/www.encontracentrosaopaulo.com.br\/sobre\/author\/ecentrosaopaulo\/","name":"Encontra Centro SP","image":{"@type":"ImageObject","@id":"https:\/\/www.encontracentrosaopaulo.com.br\/sobre\/apagao-no-centro-de-sao-paulo-deixa-milhares-sem-energia-e-enel-espalha-geradores-pelas-ruas\/#authorImage","url":"https:\/\/secure.gravatar.com\/avatar\/507340682b8270222e1f208e23198b6ae7e2c6a1033ae84e99bc6bce4f82a387?s=96&d=mm&r=g","width":96,"height":96,"caption":"Encontra Centro SP"}},{"@type":"WebPage","@id":"https:\/\/www.encontracentrosaopaulo.com.br\/sobre\/apagao-no-centro-de-sao-paulo-deixa-milhares-sem-energia-e-enel-espalha-geradores-pelas-ruas\/#webpage","url":"https:\/\/www.encontracentrosaopaulo.com.br\/sobre\/apagao-no-centro-de-sao-paulo-deixa-milhares-sem-energia-e-enel-espalha-geradores-pelas-ruas\/","name":"Apag\u00e3o no Centro de S\u00e3o Paulo deixa milhares sem energia, e Enel espalha geradores pelas ruas | Encontra Centro SP","description":"Apag\u00e3o em S\u00e3o Paulo atinge milhares, descobertas essenciais.","inLanguage":"pt-BR","isPartOf":{"@id":"https:\/\/www.encontracentrosaopaulo.com.br\/sobre\/#website"},"breadcrumb":{"@id":"https:\/\/www.encontracentrosaopaulo.com.br\/sobre\/apagao-no-centro-de-sao-paulo-deixa-milhares-sem-energia-e-enel-espalha-geradores-pelas-ruas\/#breadcrumblist"},"author":{"@id":"https:\/\/www.encontracentrosaopaulo.com.br\/sobre\/author\/ecentrosaopaulo\/#author"},"creator":{"@id":"https:\/\/www.encontracentrosaopaulo.com.br\/sobre\/author\/ecentrosaopaulo\/#author"},"image":{"@type":"ImageObject","url":"https:\/\/www.encontracentrosaopaulo.com.br\/sobre\/wp-content\/uploads\/apagao-no-centro-de-sao-paulo-deixa-milhares-sem-energia-e-enel-espalha-geradores-pelas-ruas.webp","@id":"https:\/\/www.encontracentrosaopaulo.com.br\/sobre\/apagao-no-centro-de-sao-paulo-deixa-milhares-sem-energia-e-enel-espalha-geradores-pelas-ruas\/#mainImage","width":280,"height":280,"caption":"apag\u00e3o em S\u00e3o Paulo"},"primaryImageOfPage":{"@id":"https:\/\/www.encontracentrosaopaulo.com.br\/sobre\/apagao-no-centro-de-sao-paulo-deixa-milhares-sem-energia-e-enel-espalha-geradores-pelas-ruas\/#mainImage"},"datePublished":"2026-02-04T14:43:41-03:00","dateModified":"2026-02-04T14:43:41-03:00"},{"@type":"WebSite","@id":"https:\/\/www.encontracentrosaopaulo.com.br\/sobre\/#website","url":"https:\/\/www.encontracentrosaopaulo.com.br\/sobre\/","name":"Encontra Centro SP","description":"Not\u00edcias, eventos, informa\u00e7\u00f5es e dicas na cidade de Centro SP e regi\u00e3o.","inLanguage":"pt-BR","publisher":{"@id":"https:\/\/www.encontracentrosaopaulo.com.br\/sobre\/#organization"}}]},"og:locale":"pt_BR","og:site_name":"Encontra Centro SP | Not\u00edcias, eventos, informa\u00e7\u00f5es e dicas na cidade de Centro SP e regi\u00e3o.","og:type":"article","og:title":"Apag\u00e3o no Centro de S\u00e3o Paulo deixa milhares sem energia, e Enel espalha geradores pelas ruas | Encontra Centro SP","og:description":"Apag\u00e3o em S\u00e3o Paulo atinge milhares, descobertas essenciais.","og:url":"https:\/\/www.encontracentrosaopaulo.com.br\/sobre\/apagao-no-centro-de-sao-paulo-deixa-milhares-sem-energia-e-enel-espalha-geradores-pelas-ruas\/","article:published_time":"2026-02-04T17:43:41+00:00","article:modified_time":"2026-02-04T17:43:41+00:00","twitter:card":"summary","twitter:title":"Apag\u00e3o no Centro de S\u00e3o Paulo deixa milhares sem energia, e Enel espalha geradores pelas ruas | Encontra Centro SP","twitter:description":"Apag\u00e3o em S\u00e3o Paulo atinge milhares, descobertas essenciais."},"aioseo_meta_data":{"post_id":"6121","title":null,"description":null,"keywords":null,"keyphrases":null,"primary_term":null,"canonical_url":null,"og_title":null,"og_description":null,"og_object_type":"default","og_image_type":"default","og_image_url":null,"og_image_width":null,"og_image_height":null,"og_image_custom_url":null,"og_image_custom_fields":null,"og_video":null,"og_custom_url":null,"og_article_section":null,"og_article_tags":null,"twitter_use_og":false,"twitter_card":"default","twitter_image_type":"default","twitter_image_url":null,"twitter_image_custom_url":null,"twitter_image_custom_fields":null,"twitter_title":null,"twitter_description":null,"schema":{"blockGraphs":[],"customGraphs":[],"default":{"data":{"Article":[],"Course":[],"Dataset":[],"FAQPage":[],"Movie":[],"Person":[],"Product":[],"ProductReview":[],"Car":[],"Recipe":[],"Service":[],"SoftwareApplication":[],"WebPage":[]},"graphName":"Article","isEnabled":true},"graphs":[]},"schema_type":"default","schema_type_options":null,"pillar_content":false,"robots_default":true,"robots_noindex":false,"robots_noarchive":false,"robots_nosnippet":false,"robots_nofollow":false,"robots_noimageindex":false,"robots_noodp":false,"robots_notranslate":false,"robots_max_snippet":null,"robots_max_videopreview":null,"robots_max_imagepreview":"large","priority":null,"frequency":null,"local_seo":null,"breadcrumb_settings":null,"limit_modified_date":false,"ai":null,"created":"2026-02-04 17:43:46","updated":"2026-02-04 18:09:37","seo_analyzer_scan_date":null,"focus_keyword":null,"additional_keywords":null,"truseo_locale":null},"aioseo_breadcrumb":"<div class=\"aioseo-breadcrumbs\"><span class=\"aioseo-breadcrumb\">\n\t\t\t<a href=\"https:\/\/www.encontracentrosaopaulo.com.br\/sobre\" title=\"In\u00edcio\">In\u00edcio<\/a>\n\t\t<\/span><span class=\"aioseo-breadcrumb-separator\">&raquo;<\/span><span class=\"aioseo-breadcrumb\">\n\t\t\t<a href=\"https:\/\/www.encontracentrosaopaulo.com.br\/sobre\/noticias-no-centro-sp\/\" title=\"Not\u00edcias Centro SP\">Not\u00edcias Centro SP<\/a>\n\t\t<\/span><span class=\"aioseo-breadcrumb-separator\">&raquo;<\/span><span class=\"aioseo-breadcrumb\">\n\t\t\tApag\u00e3o no Centro de S\u00e3o Paulo deixa milhares sem energia, e Enel espalha geradores pelas ruas\n\t\t<\/span><\/div>","aioseo_breadcrumb_json":[{"label":"In\u00edcio","link":"https:\/\/www.encontracentrosaopaulo.com.br\/sobre"},{"label":"Not\u00edcias Centro SP","link":"https:\/\/www.encontracentrosaopaulo.com.br\/sobre\/noticias-no-centro-sp\/"},{"label":"Apag\u00e3o no Centro de S\u00e3o Paulo deixa milhares sem energia, e Enel espalha geradores pelas ruas","link":"https:\/\/www.encontracentrosaopaulo.com.br\/sobre\/apagao-no-centro-de-sao-paulo-deixa-milhares-sem-energia-e-enel-espalha-geradores-pelas-ruas\/"}],"_links":{"self":[{"href":"https:\/\/www.encontracentrosaopaulo.com.br\/sobre\/wp-json\/wp\/v2\/posts\/6121","targetHints":{"allow":["GET"]}}],"collection":[{"href":"https:\/\/www.encontracentrosaopaulo.com.br\/sobre\/wp-json\/wp\/v2\/posts"}],"about":[{"href":"https:\/\/www.encontracentrosaopaulo.com.br\/sobre\/wp-json\/wp\/v2\/types\/post"}],"author":[{"embeddable":true,"href":"https:\/\/www.encontracentrosaopaulo.com.br\/sobre\/wp-json\/wp\/v2\/users\/1"}],"replies":[{"embeddable":true,"href":"https:\/\/www.encontracentrosaopaulo.com.br\/sobre\/wp-json\/wp\/v2\/comments?post=6121"}],"version-history":[{"count":0,"href":"https:\/\/www.encontracentrosaopaulo.com.br\/sobre\/wp-json\/wp\/v2\/posts\/6121\/revisions"}],"wp:featuredmedia":[{"embeddable":true,"href":"https:\/\/www.encontracentrosaopaulo.com.br\/sobre\/wp-json\/wp\/v2\/media\/6120"}],"wp:attachment":[{"href":"https:\/\/www.encontracentrosaopaulo.com.br\/sobre\/wp-json\/wp\/v2\/media?parent=6121"}],"wp:term":[{"taxonomy":"category","embeddable":true,"href":"https:\/\/www.encontracentrosaopaulo.com.br\/sobre\/wp-json\/wp\/v2\/categories?post=6121"},{"taxonomy":"post_tag","embeddable":true,"href":"https:\/\/www.encontracentrosaopaulo.com.br\/sobre\/wp-json\/wp\/v2\/tags?post=6121"}],"curies":[{"name":"wp","href":"https:\/\/api.w.org\/{rel}","templated":true}]}}