{"id":6129,"date":"2026-02-05T14:48:23","date_gmt":"2026-02-05T17:48:23","guid":{"rendered":"https:\/\/www.encontracentrosaopaulo.com.br\/sobre\/bairros-do-centro-de-sp-sofrem-apagao-e-mais-de-30-mil-imoveis-ficam-sem-luz\/"},"modified":"2026-02-05T14:48:23","modified_gmt":"2026-02-05T17:48:23","slug":"bairros-do-centro-de-sp-sofrem-apagao-e-mais-de-30-mil-imoveis-ficam-sem-luz","status":"publish","type":"post","link":"https:\/\/www.encontracentrosaopaulo.com.br\/sobre\/bairros-do-centro-de-sp-sofrem-apagao-e-mais-de-30-mil-imoveis-ficam-sem-luz\/","title":{"rendered":"Bairros do Centro de SP sofrem apag\u00e3o e mais de 30 mil im\u00f3veis ficam sem luz"},"content":{"rendered":"<div class=\"d6585b5127f45a35450431d0abc3f90c\" data-index=\"1\" style=\"float: none; margin:0px;\">\n<!-- Anuncio display - global -->\r\n<ins class=\"adsbygoogle\"\r\n     style=\"display:block\"\r\n     data-ad-client=\"ca-pub-8585364105181520\"\r\n     data-ad-slot=\"8789329856\"\r\n     data-ad-format=\"auto\"\r\n     data-full-width-responsive=\"true\"><\/ins>\r\n<script>\r\n     (adsbygoogle = window.adsbygoogle || []).push({});\r\n<\/script>\n<\/div>\n<h2>Impacto do Apag\u00e3o em Bairros Centrais<\/h2>\n<p>No dia 3 de fevereiro de 2026, um apag\u00e3o significativo afetou o centro de S\u00e3o Paulo, atingindo mais de <strong>33 mil im\u00f3veis<\/strong> em bairros conhecidos como <strong>Higien\u00f3polis<\/strong> e <strong>Consola\u00e7\u00e3o<\/strong>. Moradores desses locais enfrentaram interrup\u00e7\u00f5es no fornecimento de eletricidade a partir do meio-dia, resultando em uma tarde repleta de transtornos para a popula\u00e7\u00e3o local.<\/p>\n<p>A falta de energia teve um impacto direto nas atividades cotidianas, com muitos residentes relatando dificuldades no trabalho e na realiza\u00e7\u00e3o de tarefas b\u00e1sicas. Al\u00e9m disso, \u00e1reas p\u00fablicas e neg\u00f3cios tamb\u00e9m sofreram com a aus\u00eancia de energia, criando uma onda de preocupa\u00e7\u00f5es sobre a depend\u00eancia da popula\u00e7\u00e3o em rela\u00e7\u00e3o ao fornecimento energ\u00e9tico.<\/p>\n<h2>Causas do Apag\u00e3o em SP<\/h2>\n<p>A <strong>Enel<\/strong>, companhia respons\u00e1vel pela distribui\u00e7\u00e3o de energia na regi\u00e3o, declarou que o apag\u00e3o foi causado por falhas em uma rede subterr\u00e2nea. Tais falhas demandam reparos complexos, uma vez que a infraestrutura el\u00e9trica na \u00e1rea central \u00e9 predominantemente subterr\u00e2nea, envolvendo riscos t\u00e9cnicos adicionais.<\/p>\n<p><img decoding=\"async\" src=\"https:\/\/www.encontracentrosaopaulo.com.br\/sobre\/wp-content\/uploads\/bairros-do-centro-de-sp-sofrem-apagao-e-mais-de-30-mil-imoveis-ficam-sem-luz.webp\" alt=\"apag\u00e3o em S\u00e3o Paulo\" loading=\"lazy\" \/><\/p>\n<p>As equipes de emerg\u00eancia da Enel est\u00e3o ativamente trabalhando para identificar o ponto exato da falha e restaurar o fornecimento de energia. O processo para solucionar este tipo de problema \u00e9 prolongado, especialmente em locais onde a rede \u00e9 antiga e a manuten\u00e7\u00e3o \u00e9 desafiadora.<\/p>\n<h2>Dados da Distribui\u00e7\u00e3o El\u00e9trica<\/h2>\n<p>O desabastecimento energ\u00e9tico alcan\u00e7ou seu pico em torno das <strong>15h30<\/strong>, quando foi registrado que cerca de <strong>34 mil im\u00f3veis<\/strong> estavam sem energia. Entretanto, a quantidade de resid\u00eancias afetadas come\u00e7ou a cair progressivamente nas horas seguintes, mas ainda permanecia em aproximadamente <strong>33 mil<\/strong> no relato final.<\/p>\n<p>Um total de <strong>30 mil im\u00f3veis<\/strong> afetados estavam concentrados na capital, evidenciando a gravidade da situa\u00e7\u00e3o para os moradores da metr\u00f3pole.<\/p>\n<h2>Resposta da Enel ao Apag\u00e3o<\/h2>\n<p>Em resposta ao apag\u00e3o, a Enel tomou medidas imediatas para minimizar os danos. A empresa come\u00e7ou a enviara geradores para os pontos mais cr\u00edticos, permitindo que servi\u00e7os b\u00e1sicos pudessem continuar operando enquanto o problema era resolvido.<\/p>\n<p>Al\u00e9m disso, a companhia emitiu comunicados aos moradores, assegurando que as equipes estavam em campo, trabalhando incessantemente para regularizar a eletricidade. Essa resposta envolve n\u00e3o apenas a identifica\u00e7\u00e3o da falha, mas tamb\u00e9m a reconfigura\u00e7\u00e3o da malha el\u00e9trica nas \u00e1reas afetadas.<\/p>\n<h2>Expectativa de Retorno \u00e0 Normalidade<\/h2>\n<p>A expectativa para a normaliza\u00e7\u00e3o do fornecimento de energia variava conforme as atualiza\u00e7\u00f5es recebidas. A previs\u00e3o inicial era que os servi\u00e7os fossem totalmente restabelecidos ao longo das pr\u00f3ximas horas, dependendo da complexidade dos reparos na rede.<\/p>\n<p>Funcion\u00e1rios da Enel afirmaram que estavam utilizando um laborat\u00f3rio m\u00f3vel para auxiliar na localiza\u00e7\u00e3o e corre\u00e7\u00e3o do defeito. O objetivo prim\u00e1rio da empresa \u00e9 garantir que todos os consumidores afetados tenham a energia restaurada o mais r\u00e1pido poss\u00edvel.<\/p>\n<h2>Rea\u00e7\u00e3o dos Moradores ao Problema<\/h2>\n<p>Os moradores das \u00e1reas afetadas expressaram frustra\u00e7\u00e3o e preocupa\u00e7\u00e3o devido aos transtornos causados pelo apag\u00e3o. Muitos relataram a dificuldade de realizar atividades di\u00e1rias, e alguns neg\u00f3cios perderam receita significativa devido \u00e0 falta de energia.<\/p>\n<p>A comunidade exigiu respostas r\u00e1pidas da Enel e um esclarecimento sobre as causas. As reclama\u00e7\u00f5es e questionamentos foram intensificadas nas redes sociais, com moradores compartilhando suas experi\u00eancias e buscando informa\u00e7\u00f5es sobre o retorno da energia.<\/p>\n<h2>Not\u00edcias sobre Problemas El\u00e9tricos Frequentes<\/h2>\n<p>Infelizmente, apag\u00f5es e problemas no fornecimento de energia n\u00e3o s\u00e3o eventos isolados em S\u00e3o Paulo. Nos \u00faltimos meses, houve um aumento na frequ\u00eancia de interrup\u00e7\u00f5es, levantando preocupa\u00e7\u00f5es sobre a qualidade da infraestrutura el\u00e9trica da cidade.<\/p>\n<p>Esse aumento de incidentes gera questionamentos sobre a manuten\u00e7\u00e3o e investimentos necess\u00e1rios para garantir um sistema de energia mais robusto e confi\u00e1vel, especialmente em \u00e1reas densamente habitadas.<\/p>\n<h2>Solu\u00e7\u00f5es Tempor\u00e1rias Oferecidas<\/h2>\n<p>Como parte das a\u00e7\u00f5es paliativas para lidar com o apag\u00e3o, a Enel colocou em opera\u00e7\u00e3o geradores em v\u00e1rias \u00e1reas estrat\u00e9gicas. Essa interven\u00e7\u00e3o visa prevenir a paralisa\u00e7\u00e3o completa de servi\u00e7os essenciais, como hospitais e estabelecimentos comerciais.<\/p>\n<p>A implementa\u00e7\u00e3o de geradores foi b\u00e1sica para garantir que a rotina da popula\u00e7\u00e3o n\u00e3o fosse completamente interrompida, permitindo que atividades b\u00e1sicas continuassem em andamento durante o per\u00edodo cr\u00edtico.<\/p>\n<h2>Medidas de Precau\u00e7\u00e3o em Casos Futuros<\/h2>\n<p>Diante das recorr\u00eancias de apag\u00f5es, as autoridades e a Enel est\u00e3o sendo pressionadas a desenvolver medidas preventivas mais eficazes. Isso inclui a atualiza\u00e7\u00e3o da infraestrutura el\u00e9trica antiga, que tem sido um ponto focal de reclama\u00e7\u00f5es.<\/p>\n<p>Entre as sugest\u00f5es apresentadas est\u00e3o investimentos em tecnologias mais modernas, aprimorando a capacidade de resposta a falhas, e mantendo um invent\u00e1rio pr\u00f3ximo dos equipamentos e sistemas el\u00e9tricos cr\u00edticos.<\/p>\n<h2>Hist\u00f3rico de Apag\u00f5es em S\u00e3o Paulo<\/h2>\n<p>O hist\u00f3rico de apag\u00f5es na cidade de S\u00e3o Paulo \u00e9 preocupante, com diversos epis\u00f3dios ao longo dos anos que afetaram diferentes regi\u00f5es. Tais eventos geram um debate necess\u00e1rio sobre a resist\u00eancia da infraestrutura el\u00e9trica e a necessidade de um planejamento energ\u00e9tico que leve em considera\u00e7\u00e3o o crescimento populacional e as demandas crescentes.<\/p>\n<p>A situa\u00e7\u00e3o atual do apag\u00e3o de 3 de fevereiro de 2026 pode servir como um alerta e catalisador para a\u00e7\u00f5es mais decisivas em termos de moderniza\u00e7\u00e3o da rede el\u00e9trica e transpar\u00eancia nas opera\u00e7\u00f5es da empresa respons\u00e1vel pelo fornecimento de energia na metr\u00f3pole.<\/p>\n\n<div style=\"font-size: 0px; height: 0px; line-height: 0px; margin: 0; padding: 0; clear: both;\"><\/div>","protected":false},"excerpt":{"rendered":"<p>Apag\u00e3o em S\u00e3o Paulo deixou mais de 30 mil im\u00f3veis sem energia el\u00e9trica.<\/p>\n","protected":false},"author":1,"featured_media":6128,"comment_status":"open","ping_status":"closed","sticky":false,"template":"","format":"standard","meta":{"footnotes":""},"categories":[6],"tags":[],"class_list":["post-6129","post","type-post","status-publish","format-standard","has-post-thumbnail","hentry","category-noticias-no-centro-sp","has_thumb"],"aioseo_notices":[],"aioseo_head":"\n\t\t<!-- All in One SEO 5.0.0.1 - aioseo.com -->\n\t<meta name=\"description\" content=\"Apag\u00e3o em S\u00e3o Paulo deixou mais de 30 mil im\u00f3veis sem energia el\u00e9trica.\" \/>\n\t<meta name=\"robots\" content=\"max-image-preview:large\" \/>\n\t<meta name=\"author\" content=\"Encontra Centro SP\"\/>\n\t<link rel=\"canonical\" href=\"https:\/\/www.encontracentrosaopaulo.com.br\/sobre\/bairros-do-centro-de-sp-sofrem-apagao-e-mais-de-30-mil-imoveis-ficam-sem-luz\/\" \/>\n\t<meta name=\"generator\" content=\"All in One SEO (AIOSEO) 5.0.0.1\" \/>\n\t\t<meta property=\"og:locale\" content=\"pt_BR\" \/>\n\t\t<meta property=\"og:site_name\" content=\"Encontra Centro SP | Not\u00edcias, eventos, informa\u00e7\u00f5es e dicas na cidade de Centro SP e regi\u00e3o.\" \/>\n\t\t<meta property=\"og:type\" content=\"article\" \/>\n\t\t<meta property=\"og:title\" content=\"Bairros do Centro de SP sofrem apag\u00e3o e mais de 30 mil im\u00f3veis ficam sem luz | Encontra Centro SP\" \/>\n\t\t<meta property=\"og:description\" content=\"Apag\u00e3o em S\u00e3o Paulo deixou mais de 30 mil im\u00f3veis sem energia el\u00e9trica.\" \/>\n\t\t<meta property=\"og:url\" content=\"https:\/\/www.encontracentrosaopaulo.com.br\/sobre\/bairros-do-centro-de-sp-sofrem-apagao-e-mais-de-30-mil-imoveis-ficam-sem-luz\/\" \/>\n\t\t<meta property=\"article:published_time\" content=\"2026-02-05T17:48:23+00:00\" \/>\n\t\t<meta property=\"article:modified_time\" content=\"2026-02-05T17:48:23+00:00\" \/>\n\t\t<meta name=\"twitter:card\" content=\"summary\" \/>\n\t\t<meta name=\"twitter:title\" content=\"Bairros do Centro de SP sofrem apag\u00e3o e mais de 30 mil im\u00f3veis ficam sem luz | Encontra Centro SP\" \/>\n\t\t<meta name=\"twitter:description\" content=\"Apag\u00e3o em S\u00e3o Paulo deixou mais de 30 mil im\u00f3veis sem energia el\u00e9trica.\" \/>\n\t\t<script type=\"application\/ld+json\" class=\"aioseo-schema\">\n\t\t\t{\"@context\":\"https:\\\/\\\/schema.org\",\"@graph\":[{\"@type\":\"Article\",\"@id\":\"https:\\\/\\\/www.encontracentrosaopaulo.com.br\\\/sobre\\\/bairros-do-centro-de-sp-sofrem-apagao-e-mais-de-30-mil-imoveis-ficam-sem-luz\\\/#article\",\"name\":\"Bairros do Centro de SP sofrem apag\\u00e3o e mais de 30 mil im\\u00f3veis ficam sem luz | Encontra Centro SP\",\"headline\":\"Bairros do Centro de SP sofrem apag\\u00e3o e mais de 30 mil im\\u00f3veis ficam sem luz\",\"author\":{\"@id\":\"https:\\\/\\\/www.encontracentrosaopaulo.com.br\\\/sobre\\\/author\\\/ecentrosaopaulo\\\/#author\"},\"publisher\":{\"@id\":\"https:\\\/\\\/www.encontracentrosaopaulo.com.br\\\/sobre\\\/#organization\"},\"image\":{\"@type\":\"ImageObject\",\"url\":\"https:\\\/\\\/www.encontracentrosaopaulo.com.br\\\/sobre\\\/wp-content\\\/uploads\\\/bairros-do-centro-de-sp-sofrem-apagao-e-mais-de-30-mil-imoveis-ficam-sem-luz.webp\",\"width\":280,\"height\":280,\"caption\":\"apag\\u00e3o em S\\u00e3o Paulo\"},\"datePublished\":\"2026-02-05T14:48:23-03:00\",\"dateModified\":\"2026-02-05T14:48:23-03:00\",\"inLanguage\":\"pt-BR\",\"mainEntityOfPage\":{\"@id\":\"https:\\\/\\\/www.encontracentrosaopaulo.com.br\\\/sobre\\\/bairros-do-centro-de-sp-sofrem-apagao-e-mais-de-30-mil-imoveis-ficam-sem-luz\\\/#webpage\"},\"isPartOf\":{\"@id\":\"https:\\\/\\\/www.encontracentrosaopaulo.com.br\\\/sobre\\\/bairros-do-centro-de-sp-sofrem-apagao-e-mais-de-30-mil-imoveis-ficam-sem-luz\\\/#webpage\"},\"articleSection\":\"Not\\u00edcias Centro SP\"},{\"@type\":\"BreadcrumbList\",\"@id\":\"https:\\\/\\\/www.encontracentrosaopaulo.com.br\\\/sobre\\\/bairros-do-centro-de-sp-sofrem-apagao-e-mais-de-30-mil-imoveis-ficam-sem-luz\\\/#breadcrumblist\",\"itemListElement\":[{\"@type\":\"ListItem\",\"@id\":\"https:\\\/\\\/www.encontracentrosaopaulo.com.br\\\/sobre#listItem\",\"position\":1,\"name\":\"In\\u00edcio\",\"item\":\"https:\\\/\\\/www.encontracentrosaopaulo.com.br\\\/sobre\",\"nextItem\":{\"@type\":\"ListItem\",\"@id\":\"https:\\\/\\\/www.encontracentrosaopaulo.com.br\\\/sobre\\\/noticias-no-centro-sp\\\/#listItem\",\"name\":\"Not\\u00edcias Centro SP\"}},{\"@type\":\"ListItem\",\"@id\":\"https:\\\/\\\/www.encontracentrosaopaulo.com.br\\\/sobre\\\/noticias-no-centro-sp\\\/#listItem\",\"position\":2,\"name\":\"Not\\u00edcias Centro SP\",\"item\":\"https:\\\/\\\/www.encontracentrosaopaulo.com.br\\\/sobre\\\/noticias-no-centro-sp\\\/\",\"nextItem\":{\"@type\":\"ListItem\",\"@id\":\"https:\\\/\\\/www.encontracentrosaopaulo.com.br\\\/sobre\\\/bairros-do-centro-de-sp-sofrem-apagao-e-mais-de-30-mil-imoveis-ficam-sem-luz\\\/#listItem\",\"name\":\"Bairros do Centro de SP sofrem apag\\u00e3o e mais de 30 mil im\\u00f3veis ficam sem luz\"},\"previousItem\":{\"@type\":\"ListItem\",\"@id\":\"https:\\\/\\\/www.encontracentrosaopaulo.com.br\\\/sobre#listItem\",\"name\":\"In\\u00edcio\"}},{\"@type\":\"ListItem\",\"@id\":\"https:\\\/\\\/www.encontracentrosaopaulo.com.br\\\/sobre\\\/bairros-do-centro-de-sp-sofrem-apagao-e-mais-de-30-mil-imoveis-ficam-sem-luz\\\/#listItem\",\"position\":3,\"name\":\"Bairros do Centro de SP sofrem apag\\u00e3o e mais de 30 mil im\\u00f3veis ficam sem luz\",\"previousItem\":{\"@type\":\"ListItem\",\"@id\":\"https:\\\/\\\/www.encontracentrosaopaulo.com.br\\\/sobre\\\/noticias-no-centro-sp\\\/#listItem\",\"name\":\"Not\\u00edcias Centro SP\"}}]},{\"@type\":\"Organization\",\"@id\":\"https:\\\/\\\/www.encontracentrosaopaulo.com.br\\\/sobre\\\/#organization\",\"name\":\"Encontra Centro SP\",\"description\":\"Not\\u00edcias, eventos, informa\\u00e7\\u00f5es e dicas na cidade de Centro SP e regi\\u00e3o.\",\"url\":\"https:\\\/\\\/www.encontracentrosaopaulo.com.br\\\/sobre\\\/\"},{\"@type\":\"Person\",\"@id\":\"https:\\\/\\\/www.encontracentrosaopaulo.com.br\\\/sobre\\\/author\\\/ecentrosaopaulo\\\/#author\",\"url\":\"https:\\\/\\\/www.encontracentrosaopaulo.com.br\\\/sobre\\\/author\\\/ecentrosaopaulo\\\/\",\"name\":\"Encontra Centro SP\",\"image\":{\"@type\":\"ImageObject\",\"@id\":\"https:\\\/\\\/www.encontracentrosaopaulo.com.br\\\/sobre\\\/bairros-do-centro-de-sp-sofrem-apagao-e-mais-de-30-mil-imoveis-ficam-sem-luz\\\/#authorImage\",\"url\":\"https:\\\/\\\/secure.gravatar.com\\\/avatar\\\/507340682b8270222e1f208e23198b6ae7e2c6a1033ae84e99bc6bce4f82a387?s=96&d=mm&r=g\",\"width\":96,\"height\":96,\"caption\":\"Encontra Centro SP\"}},{\"@type\":\"WebPage\",\"@id\":\"https:\\\/\\\/www.encontracentrosaopaulo.com.br\\\/sobre\\\/bairros-do-centro-de-sp-sofrem-apagao-e-mais-de-30-mil-imoveis-ficam-sem-luz\\\/#webpage\",\"url\":\"https:\\\/\\\/www.encontracentrosaopaulo.com.br\\\/sobre\\\/bairros-do-centro-de-sp-sofrem-apagao-e-mais-de-30-mil-imoveis-ficam-sem-luz\\\/\",\"name\":\"Bairros do Centro de SP sofrem apag\\u00e3o e mais de 30 mil im\\u00f3veis ficam sem luz | Encontra Centro SP\",\"description\":\"Apag\\u00e3o em S\\u00e3o Paulo deixou mais de 30 mil im\\u00f3veis sem energia el\\u00e9trica.\",\"inLanguage\":\"pt-BR\",\"isPartOf\":{\"@id\":\"https:\\\/\\\/www.encontracentrosaopaulo.com.br\\\/sobre\\\/#website\"},\"breadcrumb\":{\"@id\":\"https:\\\/\\\/www.encontracentrosaopaulo.com.br\\\/sobre\\\/bairros-do-centro-de-sp-sofrem-apagao-e-mais-de-30-mil-imoveis-ficam-sem-luz\\\/#breadcrumblist\"},\"author\":{\"@id\":\"https:\\\/\\\/www.encontracentrosaopaulo.com.br\\\/sobre\\\/author\\\/ecentrosaopaulo\\\/#author\"},\"creator\":{\"@id\":\"https:\\\/\\\/www.encontracentrosaopaulo.com.br\\\/sobre\\\/author\\\/ecentrosaopaulo\\\/#author\"},\"image\":{\"@type\":\"ImageObject\",\"url\":\"https:\\\/\\\/www.encontracentrosaopaulo.com.br\\\/sobre\\\/wp-content\\\/uploads\\\/bairros-do-centro-de-sp-sofrem-apagao-e-mais-de-30-mil-imoveis-ficam-sem-luz.webp\",\"@id\":\"https:\\\/\\\/www.encontracentrosaopaulo.com.br\\\/sobre\\\/bairros-do-centro-de-sp-sofrem-apagao-e-mais-de-30-mil-imoveis-ficam-sem-luz\\\/#mainImage\",\"width\":280,\"height\":280,\"caption\":\"apag\\u00e3o em S\\u00e3o Paulo\"},\"primaryImageOfPage\":{\"@id\":\"https:\\\/\\\/www.encontracentrosaopaulo.com.br\\\/sobre\\\/bairros-do-centro-de-sp-sofrem-apagao-e-mais-de-30-mil-imoveis-ficam-sem-luz\\\/#mainImage\"},\"datePublished\":\"2026-02-05T14:48:23-03:00\",\"dateModified\":\"2026-02-05T14:48:23-03:00\"},{\"@type\":\"WebSite\",\"@id\":\"https:\\\/\\\/www.encontracentrosaopaulo.com.br\\\/sobre\\\/#website\",\"url\":\"https:\\\/\\\/www.encontracentrosaopaulo.com.br\\\/sobre\\\/\",\"name\":\"Encontra Centro SP\",\"description\":\"Not\\u00edcias, eventos, informa\\u00e7\\u00f5es e dicas na cidade de Centro SP e regi\\u00e3o.\",\"inLanguage\":\"pt-BR\",\"publisher\":{\"@id\":\"https:\\\/\\\/www.encontracentrosaopaulo.com.br\\\/sobre\\\/#organization\"}}]}\n\t\t<\/script>\n\t\t<!-- All in One SEO -->\n\n","aioseo_head_json":{"title":"Bairros do Centro de SP sofrem apag\u00e3o e mais de 30 mil im\u00f3veis ficam sem luz | Encontra Centro SP","description":"Apag\u00e3o em S\u00e3o Paulo deixou mais de 30 mil im\u00f3veis sem energia el\u00e9trica.","canonical_url":"https:\/\/www.encontracentrosaopaulo.com.br\/sobre\/bairros-do-centro-de-sp-sofrem-apagao-e-mais-de-30-mil-imoveis-ficam-sem-luz\/","robots":"max-image-preview:large","keywords":"","webmasterTools":{"miscellaneous":""},"schema":{"@context":"https:\/\/schema.org","@graph":[{"@type":"Article","@id":"https:\/\/www.encontracentrosaopaulo.com.br\/sobre\/bairros-do-centro-de-sp-sofrem-apagao-e-mais-de-30-mil-imoveis-ficam-sem-luz\/#article","name":"Bairros do Centro de SP sofrem apag\u00e3o e mais de 30 mil im\u00f3veis ficam sem luz | Encontra Centro SP","headline":"Bairros do Centro de SP sofrem apag\u00e3o e mais de 30 mil im\u00f3veis ficam sem luz","author":{"@id":"https:\/\/www.encontracentrosaopaulo.com.br\/sobre\/author\/ecentrosaopaulo\/#author"},"publisher":{"@id":"https:\/\/www.encontracentrosaopaulo.com.br\/sobre\/#organization"},"image":{"@type":"ImageObject","url":"https:\/\/www.encontracentrosaopaulo.com.br\/sobre\/wp-content\/uploads\/bairros-do-centro-de-sp-sofrem-apagao-e-mais-de-30-mil-imoveis-ficam-sem-luz.webp","width":280,"height":280,"caption":"apag\u00e3o em S\u00e3o Paulo"},"datePublished":"2026-02-05T14:48:23-03:00","dateModified":"2026-02-05T14:48:23-03:00","inLanguage":"pt-BR","mainEntityOfPage":{"@id":"https:\/\/www.encontracentrosaopaulo.com.br\/sobre\/bairros-do-centro-de-sp-sofrem-apagao-e-mais-de-30-mil-imoveis-ficam-sem-luz\/#webpage"},"isPartOf":{"@id":"https:\/\/www.encontracentrosaopaulo.com.br\/sobre\/bairros-do-centro-de-sp-sofrem-apagao-e-mais-de-30-mil-imoveis-ficam-sem-luz\/#webpage"},"articleSection":"Not\u00edcias Centro SP"},{"@type":"BreadcrumbList","@id":"https:\/\/www.encontracentrosaopaulo.com.br\/sobre\/bairros-do-centro-de-sp-sofrem-apagao-e-mais-de-30-mil-imoveis-ficam-sem-luz\/#breadcrumblist","itemListElement":[{"@type":"ListItem","@id":"https:\/\/www.encontracentrosaopaulo.com.br\/sobre#listItem","position":1,"name":"In\u00edcio","item":"https:\/\/www.encontracentrosaopaulo.com.br\/sobre","nextItem":{"@type":"ListItem","@id":"https:\/\/www.encontracentrosaopaulo.com.br\/sobre\/noticias-no-centro-sp\/#listItem","name":"Not\u00edcias Centro SP"}},{"@type":"ListItem","@id":"https:\/\/www.encontracentrosaopaulo.com.br\/sobre\/noticias-no-centro-sp\/#listItem","position":2,"name":"Not\u00edcias Centro SP","item":"https:\/\/www.encontracentrosaopaulo.com.br\/sobre\/noticias-no-centro-sp\/","nextItem":{"@type":"ListItem","@id":"https:\/\/www.encontracentrosaopaulo.com.br\/sobre\/bairros-do-centro-de-sp-sofrem-apagao-e-mais-de-30-mil-imoveis-ficam-sem-luz\/#listItem","name":"Bairros do Centro de SP sofrem apag\u00e3o e mais de 30 mil im\u00f3veis ficam sem luz"},"previousItem":{"@type":"ListItem","@id":"https:\/\/www.encontracentrosaopaulo.com.br\/sobre#listItem","name":"In\u00edcio"}},{"@type":"ListItem","@id":"https:\/\/www.encontracentrosaopaulo.com.br\/sobre\/bairros-do-centro-de-sp-sofrem-apagao-e-mais-de-30-mil-imoveis-ficam-sem-luz\/#listItem","position":3,"name":"Bairros do Centro de SP sofrem apag\u00e3o e mais de 30 mil im\u00f3veis ficam sem luz","previousItem":{"@type":"ListItem","@id":"https:\/\/www.encontracentrosaopaulo.com.br\/sobre\/noticias-no-centro-sp\/#listItem","name":"Not\u00edcias Centro SP"}}]},{"@type":"Organization","@id":"https:\/\/www.encontracentrosaopaulo.com.br\/sobre\/#organization","name":"Encontra Centro SP","description":"Not\u00edcias, eventos, informa\u00e7\u00f5es e dicas na cidade de Centro SP e regi\u00e3o.","url":"https:\/\/www.encontracentrosaopaulo.com.br\/sobre\/"},{"@type":"Person","@id":"https:\/\/www.encontracentrosaopaulo.com.br\/sobre\/author\/ecentrosaopaulo\/#author","url":"https:\/\/www.encontracentrosaopaulo.com.br\/sobre\/author\/ecentrosaopaulo\/","name":"Encontra Centro SP","image":{"@type":"ImageObject","@id":"https:\/\/www.encontracentrosaopaulo.com.br\/sobre\/bairros-do-centro-de-sp-sofrem-apagao-e-mais-de-30-mil-imoveis-ficam-sem-luz\/#authorImage","url":"https:\/\/secure.gravatar.com\/avatar\/507340682b8270222e1f208e23198b6ae7e2c6a1033ae84e99bc6bce4f82a387?s=96&d=mm&r=g","width":96,"height":96,"caption":"Encontra Centro SP"}},{"@type":"WebPage","@id":"https:\/\/www.encontracentrosaopaulo.com.br\/sobre\/bairros-do-centro-de-sp-sofrem-apagao-e-mais-de-30-mil-imoveis-ficam-sem-luz\/#webpage","url":"https:\/\/www.encontracentrosaopaulo.com.br\/sobre\/bairros-do-centro-de-sp-sofrem-apagao-e-mais-de-30-mil-imoveis-ficam-sem-luz\/","name":"Bairros do Centro de SP sofrem apag\u00e3o e mais de 30 mil im\u00f3veis ficam sem luz | Encontra Centro SP","description":"Apag\u00e3o em S\u00e3o Paulo deixou mais de 30 mil im\u00f3veis sem energia el\u00e9trica.","inLanguage":"pt-BR","isPartOf":{"@id":"https:\/\/www.encontracentrosaopaulo.com.br\/sobre\/#website"},"breadcrumb":{"@id":"https:\/\/www.encontracentrosaopaulo.com.br\/sobre\/bairros-do-centro-de-sp-sofrem-apagao-e-mais-de-30-mil-imoveis-ficam-sem-luz\/#breadcrumblist"},"author":{"@id":"https:\/\/www.encontracentrosaopaulo.com.br\/sobre\/author\/ecentrosaopaulo\/#author"},"creator":{"@id":"https:\/\/www.encontracentrosaopaulo.com.br\/sobre\/author\/ecentrosaopaulo\/#author"},"image":{"@type":"ImageObject","url":"https:\/\/www.encontracentrosaopaulo.com.br\/sobre\/wp-content\/uploads\/bairros-do-centro-de-sp-sofrem-apagao-e-mais-de-30-mil-imoveis-ficam-sem-luz.webp","@id":"https:\/\/www.encontracentrosaopaulo.com.br\/sobre\/bairros-do-centro-de-sp-sofrem-apagao-e-mais-de-30-mil-imoveis-ficam-sem-luz\/#mainImage","width":280,"height":280,"caption":"apag\u00e3o em S\u00e3o Paulo"},"primaryImageOfPage":{"@id":"https:\/\/www.encontracentrosaopaulo.com.br\/sobre\/bairros-do-centro-de-sp-sofrem-apagao-e-mais-de-30-mil-imoveis-ficam-sem-luz\/#mainImage"},"datePublished":"2026-02-05T14:48:23-03:00","dateModified":"2026-02-05T14:48:23-03:00"},{"@type":"WebSite","@id":"https:\/\/www.encontracentrosaopaulo.com.br\/sobre\/#website","url":"https:\/\/www.encontracentrosaopaulo.com.br\/sobre\/","name":"Encontra Centro SP","description":"Not\u00edcias, eventos, informa\u00e7\u00f5es e dicas na cidade de Centro SP e regi\u00e3o.","inLanguage":"pt-BR","publisher":{"@id":"https:\/\/www.encontracentrosaopaulo.com.br\/sobre\/#organization"}}]},"og:locale":"pt_BR","og:site_name":"Encontra Centro SP | Not\u00edcias, eventos, informa\u00e7\u00f5es e dicas na cidade de Centro SP e regi\u00e3o.","og:type":"article","og:title":"Bairros do Centro de SP sofrem apag\u00e3o e mais de 30 mil im\u00f3veis ficam sem luz | Encontra Centro SP","og:description":"Apag\u00e3o em S\u00e3o Paulo deixou mais de 30 mil im\u00f3veis sem energia el\u00e9trica.","og:url":"https:\/\/www.encontracentrosaopaulo.com.br\/sobre\/bairros-do-centro-de-sp-sofrem-apagao-e-mais-de-30-mil-imoveis-ficam-sem-luz\/","article:published_time":"2026-02-05T17:48:23+00:00","article:modified_time":"2026-02-05T17:48:23+00:00","twitter:card":"summary","twitter:title":"Bairros do Centro de SP sofrem apag\u00e3o e mais de 30 mil im\u00f3veis ficam sem luz | Encontra Centro SP","twitter:description":"Apag\u00e3o em S\u00e3o Paulo deixou mais de 30 mil im\u00f3veis sem energia el\u00e9trica."},"aioseo_meta_data":{"post_id":"6129","title":null,"description":null,"keywords":null,"keyphrases":null,"primary_term":null,"canonical_url":null,"og_title":null,"og_description":null,"og_object_type":"default","og_image_type":"default","og_image_url":null,"og_image_width":null,"og_image_height":null,"og_image_custom_url":null,"og_image_custom_fields":null,"og_video":null,"og_custom_url":null,"og_article_section":null,"og_article_tags":null,"twitter_use_og":false,"twitter_card":"default","twitter_image_type":"default","twitter_image_url":null,"twitter_image_custom_url":null,"twitter_image_custom_fields":null,"twitter_title":null,"twitter_description":null,"schema":{"blockGraphs":[],"customGraphs":[],"default":{"data":{"Article":[],"Course":[],"Dataset":[],"FAQPage":[],"Movie":[],"Person":[],"Product":[],"ProductReview":[],"Car":[],"Recipe":[],"Service":[],"SoftwareApplication":[],"WebPage":[]},"graphName":"Article","isEnabled":true},"graphs":[]},"schema_type":"default","schema_type_options":null,"pillar_content":false,"robots_default":true,"robots_noindex":false,"robots_noarchive":false,"robots_nosnippet":false,"robots_nofollow":false,"robots_noimageindex":false,"robots_noodp":false,"robots_notranslate":false,"robots_max_snippet":null,"robots_max_videopreview":null,"robots_max_imagepreview":"large","priority":null,"frequency":null,"local_seo":null,"breadcrumb_settings":null,"limit_modified_date":false,"ai":null,"created":"2026-02-05 17:48:27","updated":"2026-02-05 17:55:43","seo_analyzer_scan_date":null,"focus_keyword":null,"additional_keywords":null,"truseo_locale":null},"aioseo_breadcrumb":"<div class=\"aioseo-breadcrumbs\"><span class=\"aioseo-breadcrumb\">\n\t\t\t<a href=\"https:\/\/www.encontracentrosaopaulo.com.br\/sobre\" title=\"In\u00edcio\">In\u00edcio<\/a>\n\t\t<\/span><span class=\"aioseo-breadcrumb-separator\">&raquo;<\/span><span class=\"aioseo-breadcrumb\">\n\t\t\t<a href=\"https:\/\/www.encontracentrosaopaulo.com.br\/sobre\/noticias-no-centro-sp\/\" title=\"Not\u00edcias Centro SP\">Not\u00edcias Centro SP<\/a>\n\t\t<\/span><span class=\"aioseo-breadcrumb-separator\">&raquo;<\/span><span class=\"aioseo-breadcrumb\">\n\t\t\tBairros do Centro de SP sofrem apag\u00e3o e mais de 30 mil im\u00f3veis ficam sem luz\n\t\t<\/span><\/div>","aioseo_breadcrumb_json":[{"label":"In\u00edcio","link":"https:\/\/www.encontracentrosaopaulo.com.br\/sobre"},{"label":"Not\u00edcias Centro SP","link":"https:\/\/www.encontracentrosaopaulo.com.br\/sobre\/noticias-no-centro-sp\/"},{"label":"Bairros do Centro de SP sofrem apag\u00e3o e mais de 30 mil im\u00f3veis ficam sem luz","link":"https:\/\/www.encontracentrosaopaulo.com.br\/sobre\/bairros-do-centro-de-sp-sofrem-apagao-e-mais-de-30-mil-imoveis-ficam-sem-luz\/"}],"_links":{"self":[{"href":"https:\/\/www.encontracentrosaopaulo.com.br\/sobre\/wp-json\/wp\/v2\/posts\/6129","targetHints":{"allow":["GET"]}}],"collection":[{"href":"https:\/\/www.encontracentrosaopaulo.com.br\/sobre\/wp-json\/wp\/v2\/posts"}],"about":[{"href":"https:\/\/www.encontracentrosaopaulo.com.br\/sobre\/wp-json\/wp\/v2\/types\/post"}],"author":[{"embeddable":true,"href":"https:\/\/www.encontracentrosaopaulo.com.br\/sobre\/wp-json\/wp\/v2\/users\/1"}],"replies":[{"embeddable":true,"href":"https:\/\/www.encontracentrosaopaulo.com.br\/sobre\/wp-json\/wp\/v2\/comments?post=6129"}],"version-history":[{"count":0,"href":"https:\/\/www.encontracentrosaopaulo.com.br\/sobre\/wp-json\/wp\/v2\/posts\/6129\/revisions"}],"wp:featuredmedia":[{"embeddable":true,"href":"https:\/\/www.encontracentrosaopaulo.com.br\/sobre\/wp-json\/wp\/v2\/media\/6128"}],"wp:attachment":[{"href":"https:\/\/www.encontracentrosaopaulo.com.br\/sobre\/wp-json\/wp\/v2\/media?parent=6129"}],"wp:term":[{"taxonomy":"category","embeddable":true,"href":"https:\/\/www.encontracentrosaopaulo.com.br\/sobre\/wp-json\/wp\/v2\/categories?post=6129"},{"taxonomy":"post_tag","embeddable":true,"href":"https:\/\/www.encontracentrosaopaulo.com.br\/sobre\/wp-json\/wp\/v2\/tags?post=6129"}],"curies":[{"name":"wp","href":"https:\/\/api.w.org\/{rel}","templated":true}]}}