{"id":6268,"date":"2026-03-08T14:31:58","date_gmt":"2026-03-08T17:31:58","guid":{"rendered":"https:\/\/www.encontracentrosaopaulo.com.br\/sobre\/mp-apura-fechamento-de-centro-de-convivencia-fundado-por-padre-julio-e-que-distribui-alimentos-prefeitura-fala-em-reorganizacao\/"},"modified":"2026-03-08T14:31:58","modified_gmt":"2026-03-08T17:31:58","slug":"mp-apura-fechamento-de-centro-de-convivencia-fundado-por-padre-julio-e-que-distribui-alimentos-prefeitura-fala-em-reorganizacao","status":"publish","type":"post","link":"https:\/\/www.encontracentrosaopaulo.com.br\/sobre\/mp-apura-fechamento-de-centro-de-convivencia-fundado-por-padre-julio-e-que-distribui-alimentos-prefeitura-fala-em-reorganizacao\/","title":{"rendered":"MP apura fechamento de centro de conviv\u00eancia fundado por padre Julio e que distribui alimentos; prefeitura fala em &#8216;reorganiza\u00e7\u00e3o&#8217;"},"content":{"rendered":"<div class=\"d6585b5127f45a35450431d0abc3f90c\" data-index=\"1\" style=\"float: none; margin:0px;\">\n<!-- Anuncio display - global -->\r\n<ins class=\"adsbygoogle\"\r\n     style=\"display:block\"\r\n     data-ad-client=\"ca-pub-8585364105181520\"\r\n     data-ad-slot=\"8789329856\"\r\n     data-ad-format=\"auto\"\r\n     data-full-width-responsive=\"true\"><\/ins>\r\n<script>\r\n     (adsbygoogle = window.adsbygoogle || []).push({});\r\n<\/script>\n<\/div>\n<h2>Contexto do N\u00facleo de Conviv\u00eancia<\/h2>\n<p>O N\u00facleo de Conviv\u00eancia S\u00e3o Martinho de Lima, sediado no bairro Belenzinho, na Zona Leste de S\u00e3o Paulo, tem um papel vital na assist\u00eancia social, oferecendo ajuda a cerca de 400 pessoas diariamente. Este espa\u00e7o foi projetado para funcionar como um ponto de apoio e conviv\u00eancia para pessoas em situa\u00e7\u00e3o de vulnerabilidade social. A iniciativa foi idealizada pelo padre Julio Lancellotti, cujo trabalho nas \u00faltimas tr\u00eas d\u00e9cadas foi reconhecido por fornecer n\u00e3o apenas refei\u00e7\u00f5es, mas um ambiente de acolhimento e dignidade para os mais necessitados.<\/p>\n<h2>Hist\u00f3ria do Centro Fundado por Padre Julio<\/h2>\n<p>O centro foi inaugurado h\u00e1 35 anos com a miss\u00e3o de atender as crescentes demandas da popula\u00e7\u00e3o em situa\u00e7\u00e3o de rua e carente da cidade. Padre Julio, conhecido por seu forte compromisso social, dedicou-se a criar um espa\u00e7o que fosse mais do que um simples refeit\u00f3rio. Ele imaginou um local onde as pessoas pudessem se sentir valorizadas e recuperassem, assim, um pouco de sua dignidade. Al\u00e9m de refei\u00e7\u00f5es, o centro oferece atividades como oficinas de arte, cursos de capacita\u00e7\u00e3o, e suporte psicol\u00f3gico, tornando-se um importante centro de conviv\u00eancia.<\/p>\n<h2>Rela\u00e7\u00e3o com a Prefeitura de S\u00e3o Paulo<\/h2>\n<p>A rela\u00e7\u00e3o entre o N\u00facleo de Conviv\u00eancia e a Prefeitura de S\u00e3o Paulo tem sido complexa. Nos \u00faltimos anos, a administra\u00e7\u00e3o municipal tem sinalizado uma inten\u00e7\u00e3o de reorganizar sua rede de servi\u00e7os sociais, incluindo o Centro S\u00e3o Martinho. A Secretaria Municipal de Assist\u00eancia e Desenvolvimento Social justificou esse movimento como parte de esfor\u00e7os para aprimorar a qualidade dos servi\u00e7os prestados. No entanto, essa reestrutura\u00e7\u00e3o traz inseguran\u00e7as e d\u00favidas quanto \u00e0 continuidade do atendimento atual \u00e0 popula\u00e7\u00e3o em situa\u00e7\u00e3o de vulnerabilidade.<\/p>\n<h2>Inqu\u00e9rito do Minist\u00e9rio P\u00fablico<\/h2>\n<p>Diante das informa\u00e7\u00f5es sobre o poss\u00edvel fechamento do N\u00facleo de Conviv\u00eancia, o Minist\u00e9rio P\u00fablico de S\u00e3o Paulo decidiu abrir um inqu\u00e9rito civil para investigar as motiva\u00e7\u00f5es e fundamentos dessa decis\u00e3o. O promotor de Justi\u00e7a solicitou \u00e0 prefeitura que apresentasse evid\u00eancias concretas que justificassem o fechamento e explicasse como ser\u00e1 garantido o atendimento a essas 400 pessoas afetadas. A sa\u00edda da prefeitura de afirmar que se trata de uma &#8216;reorganiza\u00e7\u00e3o&#8217; sem garantias claras de continuidade do servi\u00e7o foi um ponto focal da investiga\u00e7\u00e3o.<\/p>\n<h2>O que \u00e9 a Requalifica\u00e7\u00e3o da Rede Socioassistencial?<\/h2>\n<p>A requalifica\u00e7\u00e3o da rede socioassistencial refere-se a um esfor\u00e7o da Prefeitura para melhorar a efici\u00eancia e a efetividade dos servi\u00e7os ofertados na cidade. Esse processo inclui a avalia\u00e7\u00e3o dos servi\u00e7os existentes e a aloca\u00e7\u00e3o de recursos de maneira a atender melhor as necessidades da popula\u00e7\u00e3o vulnerable. No entanto, a aus\u00eancia de clareza sobre como essa reestrutura\u00e7\u00e3o ocorrer\u00e1 e quem ser\u00e1 impactado gera apreens\u00e3o na comunidade e entre aqueles que dependem do N\u00facleo de Conviv\u00eancia.<\/p>\n<h2>Impacto na Popula\u00e7\u00e3o Vulner\u00e1vel<\/h2>\n<p>A descontinuidade dos servi\u00e7os do N\u00facleo de Conviv\u00eancia poderia resultar em efeitos devastadores para a popula\u00e7\u00e3o que atualmente se beneficia do apoio di\u00e1rio. Estima-se que mais de 400 pessoas dependam diretamente das refei\u00e7\u00f5es e servi\u00e7os oferecidos pelo Centro. A inseguran\u00e7a alimentar e a falta de abrigo s\u00e3o apenas algumas das realidades enfrentadas por essas pessoas, que j\u00e1 est\u00e3o em situa\u00e7\u00f5es de vulnerabilidade. O fechamento poderia significar uma volta \u00e0 invisibilidade social e \u00e0 falta de assist\u00eancia imediata.<\/p>\n<h2>A Resposta da Secretaria Municipal<\/h2>\n<p>A Secretaria Municipal de Assist\u00eancia e Desenvolvimento Social, em resposta ao inqu\u00e9rito do Minist\u00e9rio P\u00fablico, declarou que a reorganiza\u00e7\u00e3o planejada visa melhorar os servi\u00e7os e que medidas est\u00e3o sendo tomadas para garantir que nenhuma pessoa deixe de receber assist\u00eancia durante a transi\u00e7\u00e3o. Alegam que os usu\u00e1rios ser\u00e3o redirecionados para outros equipamentos, como o Arsenal da Esperan\u00e7a, onde atender\u00e3o durante a noite, e posteriormente poder\u00e3o ser acolhidos durante o dia. Essas promessas, no entanto, n\u00e3o foram suficientes para dissipar as preocupa\u00e7\u00f5es da comunidade e do pr\u00f3prio promotor de Justi\u00e7a.<\/p>\n<h2>Declara\u00e7\u00f5es de Padre Julio Lancellotti<\/h2>\n<p>Conforme as declara\u00e7\u00f5es feitas pelo pr\u00f3prio padre Julio, a iminente interrup\u00e7\u00e3o das atividades do N\u00facleo de Conviv\u00eancia \u00e9 alarmante e pode resultar em uma crise de assist\u00eancia social. Ele ressaltou que as pessoas que frequentam o centro s\u00e3o muitas vezes invisibilizadas pela sociedade e t\u00eam suas necessidades b\u00e1sicas ignoradas. Em suas palavras, o fechamento acentua um problema j\u00e1 existente de marginaliza\u00e7\u00e3o e exclus\u00e3o, citando: &#8220;Se as opera\u00e7\u00f5es forem encerradas, milhares de pessoas simplesmente n\u00e3o ter\u00e3o a quem recorrer para assist\u00eancia&#8221;.<\/p>\n<h2>Medidas para Preservar os Servi\u00e7os<\/h2>\n<p>O Minist\u00e9rio P\u00fablico n\u00e3o est\u00e1 apenas questionando os motivos por tr\u00e1s do poss\u00edvel fechamento, mas est\u00e1 ativamente buscando garantir a continuidade dos servi\u00e7os. Entre as recomenda\u00e7\u00f5es feitas aos gestores p\u00fablicos est\u00e1 a obriga\u00e7\u00e3o de n\u00e3o mover adiante com a reorganiza\u00e7\u00e3o at\u00e9 que provas concretas do planejamento e estrat\u00e9gia sejam apresentadas, al\u00e9m de demandas para assegurar que interven\u00e7\u00f5es alternativas n\u00e3o deixem a popula\u00e7\u00e3o desassistida. Um ponto de destaque \u00e9 a urgente necessidade de vistorias no local para garantir a viabilidade e a continuidade do funcionamento.<\/p>\n<h2>Pr\u00f3ximos Passos do Processo Judicial<\/h2>\n<p>Com a abertura do inqu\u00e9rito, o processo judicial est\u00e1 em andamento e acompanhamentos cont\u00ednuos exigir\u00e3o compromissos e respostas da gest\u00e3o municipal de maneira c\u00e9lere. O promotor de Justi\u00e7a ir\u00e1 acompanhar de perto a situa\u00e7\u00e3o, e a colabora\u00e7\u00e3o entre o Minist\u00e9rio P\u00fablico e a Prefeitura ser\u00e1 essencial para a resolu\u00e7\u00e3o do impasse. Um prazo de 15 dias foi estabelecido para que a Secretaria Municipal forne\u00e7a os esclarecimentos necess\u00e1rios, e o processo de monitoramento poder\u00e1 levar \u00e0 abertura de um procedimento de fiscaliza\u00e7\u00e3o caso a continuidade do atendimento n\u00e3o esteja garantida.<\/p>\n\n<div style=\"font-size: 0px; height: 0px; line-height: 0px; margin: 0; padding: 0; clear: both;\"><\/div>","protected":false},"excerpt":{"rendered":"<p>MP apura o futuro do centro de conviv\u00eancia fundado por Padre Julio.<\/p>\n","protected":false},"author":1,"featured_media":0,"comment_status":"open","ping_status":"closed","sticky":false,"template":"","format":"standard","meta":{"footnotes":""},"categories":[43],"tags":[],"class_list":["post-6268","post","type-post","status-publish","format-standard","hentry","category-saude-no-centro-sp"],"aioseo_notices":[],"aioseo_head":"\n\t\t<!-- All in One SEO 5.0.0.1 - aioseo.com -->\n\t<meta name=\"description\" content=\"MP apura o futuro do centro de conviv\u00eancia fundado por Padre Julio.\" \/>\n\t<meta name=\"robots\" content=\"max-image-preview:large\" \/>\n\t<meta name=\"author\" content=\"Encontra Centro SP\"\/>\n\t<link rel=\"canonical\" href=\"https:\/\/www.encontracentrosaopaulo.com.br\/sobre\/mp-apura-fechamento-de-centro-de-convivencia-fundado-por-padre-julio-e-que-distribui-alimentos-prefeitura-fala-em-reorganizacao\/\" \/>\n\t<meta name=\"generator\" content=\"All in One SEO (AIOSEO) 5.0.0.1\" \/>\n\t\t<meta property=\"og:locale\" content=\"pt_BR\" \/>\n\t\t<meta property=\"og:site_name\" content=\"Encontra Centro SP | Not\u00edcias, eventos, informa\u00e7\u00f5es e dicas na cidade de Centro SP e regi\u00e3o.\" \/>\n\t\t<meta property=\"og:type\" content=\"article\" \/>\n\t\t<meta property=\"og:title\" content=\"MP apura fechamento de centro de conviv\u00eancia fundado por padre Julio e que distribui alimentos; prefeitura fala em \u2018reorganiza\u00e7\u00e3o\u2019 | Encontra Centro SP\" \/>\n\t\t<meta property=\"og:description\" content=\"MP apura o futuro do centro de conviv\u00eancia fundado por Padre Julio.\" \/>\n\t\t<meta property=\"og:url\" content=\"https:\/\/www.encontracentrosaopaulo.com.br\/sobre\/mp-apura-fechamento-de-centro-de-convivencia-fundado-por-padre-julio-e-que-distribui-alimentos-prefeitura-fala-em-reorganizacao\/\" \/>\n\t\t<meta property=\"article:published_time\" content=\"2026-03-08T17:31:58+00:00\" \/>\n\t\t<meta property=\"article:modified_time\" content=\"2026-03-08T17:31:58+00:00\" \/>\n\t\t<meta name=\"twitter:card\" content=\"summary\" \/>\n\t\t<meta name=\"twitter:title\" content=\"MP apura fechamento de centro de conviv\u00eancia fundado por padre Julio e que distribui alimentos; prefeitura fala em \u2018reorganiza\u00e7\u00e3o\u2019 | Encontra Centro SP\" \/>\n\t\t<meta name=\"twitter:description\" content=\"MP apura o futuro do centro de conviv\u00eancia fundado por Padre Julio.\" \/>\n\t\t<script type=\"application\/ld+json\" class=\"aioseo-schema\">\n\t\t\t{\"@context\":\"https:\\\/\\\/schema.org\",\"@graph\":[{\"@type\":\"Article\",\"@id\":\"https:\\\/\\\/www.encontracentrosaopaulo.com.br\\\/sobre\\\/mp-apura-fechamento-de-centro-de-convivencia-fundado-por-padre-julio-e-que-distribui-alimentos-prefeitura-fala-em-reorganizacao\\\/#article\",\"name\":\"MP apura fechamento de centro de conviv\\u00eancia fundado por padre Julio e que distribui alimentos; prefeitura fala em \\u2018reorganiza\\u00e7\\u00e3o\\u2019 | Encontra Centro SP\",\"headline\":\"MP apura fechamento de centro de conviv\\u00eancia fundado por padre Julio e que distribui alimentos; prefeitura fala em &#8216;reorganiza\\u00e7\\u00e3o&#8217;\",\"author\":{\"@id\":\"https:\\\/\\\/www.encontracentrosaopaulo.com.br\\\/sobre\\\/author\\\/ecentrosaopaulo\\\/#author\"},\"publisher\":{\"@id\":\"https:\\\/\\\/www.encontracentrosaopaulo.com.br\\\/sobre\\\/#organization\"},\"datePublished\":\"2026-03-08T14:31:58-03:00\",\"dateModified\":\"2026-03-08T14:31:58-03:00\",\"inLanguage\":\"pt-BR\",\"mainEntityOfPage\":{\"@id\":\"https:\\\/\\\/www.encontracentrosaopaulo.com.br\\\/sobre\\\/mp-apura-fechamento-de-centro-de-convivencia-fundado-por-padre-julio-e-que-distribui-alimentos-prefeitura-fala-em-reorganizacao\\\/#webpage\"},\"isPartOf\":{\"@id\":\"https:\\\/\\\/www.encontracentrosaopaulo.com.br\\\/sobre\\\/mp-apura-fechamento-de-centro-de-convivencia-fundado-por-padre-julio-e-que-distribui-alimentos-prefeitura-fala-em-reorganizacao\\\/#webpage\"},\"articleSection\":\"Sa\\u00fade Centro SP\"},{\"@type\":\"BreadcrumbList\",\"@id\":\"https:\\\/\\\/www.encontracentrosaopaulo.com.br\\\/sobre\\\/mp-apura-fechamento-de-centro-de-convivencia-fundado-por-padre-julio-e-que-distribui-alimentos-prefeitura-fala-em-reorganizacao\\\/#breadcrumblist\",\"itemListElement\":[{\"@type\":\"ListItem\",\"@id\":\"https:\\\/\\\/www.encontracentrosaopaulo.com.br\\\/sobre#listItem\",\"position\":1,\"name\":\"In\\u00edcio\",\"item\":\"https:\\\/\\\/www.encontracentrosaopaulo.com.br\\\/sobre\",\"nextItem\":{\"@type\":\"ListItem\",\"@id\":\"https:\\\/\\\/www.encontracentrosaopaulo.com.br\\\/sobre\\\/saude-no-centro-sp\\\/#listItem\",\"name\":\"Sa\\u00fade Centro SP\"}},{\"@type\":\"ListItem\",\"@id\":\"https:\\\/\\\/www.encontracentrosaopaulo.com.br\\\/sobre\\\/saude-no-centro-sp\\\/#listItem\",\"position\":2,\"name\":\"Sa\\u00fade Centro SP\",\"item\":\"https:\\\/\\\/www.encontracentrosaopaulo.com.br\\\/sobre\\\/saude-no-centro-sp\\\/\",\"nextItem\":{\"@type\":\"ListItem\",\"@id\":\"https:\\\/\\\/www.encontracentrosaopaulo.com.br\\\/sobre\\\/mp-apura-fechamento-de-centro-de-convivencia-fundado-por-padre-julio-e-que-distribui-alimentos-prefeitura-fala-em-reorganizacao\\\/#listItem\",\"name\":\"MP apura fechamento de centro de conviv\\u00eancia fundado por padre Julio e que distribui alimentos; prefeitura fala em &#8216;reorganiza\\u00e7\\u00e3o&#8217;\"},\"previousItem\":{\"@type\":\"ListItem\",\"@id\":\"https:\\\/\\\/www.encontracentrosaopaulo.com.br\\\/sobre#listItem\",\"name\":\"In\\u00edcio\"}},{\"@type\":\"ListItem\",\"@id\":\"https:\\\/\\\/www.encontracentrosaopaulo.com.br\\\/sobre\\\/mp-apura-fechamento-de-centro-de-convivencia-fundado-por-padre-julio-e-que-distribui-alimentos-prefeitura-fala-em-reorganizacao\\\/#listItem\",\"position\":3,\"name\":\"MP apura fechamento de centro de conviv\\u00eancia fundado por padre Julio e que distribui alimentos; prefeitura fala em &#8216;reorganiza\\u00e7\\u00e3o&#8217;\",\"previousItem\":{\"@type\":\"ListItem\",\"@id\":\"https:\\\/\\\/www.encontracentrosaopaulo.com.br\\\/sobre\\\/saude-no-centro-sp\\\/#listItem\",\"name\":\"Sa\\u00fade Centro SP\"}}]},{\"@type\":\"Organization\",\"@id\":\"https:\\\/\\\/www.encontracentrosaopaulo.com.br\\\/sobre\\\/#organization\",\"name\":\"Encontra Centro SP\",\"description\":\"Not\\u00edcias, eventos, informa\\u00e7\\u00f5es e dicas na cidade de Centro SP e regi\\u00e3o.\",\"url\":\"https:\\\/\\\/www.encontracentrosaopaulo.com.br\\\/sobre\\\/\"},{\"@type\":\"Person\",\"@id\":\"https:\\\/\\\/www.encontracentrosaopaulo.com.br\\\/sobre\\\/author\\\/ecentrosaopaulo\\\/#author\",\"url\":\"https:\\\/\\\/www.encontracentrosaopaulo.com.br\\\/sobre\\\/author\\\/ecentrosaopaulo\\\/\",\"name\":\"Encontra Centro SP\",\"image\":{\"@type\":\"ImageObject\",\"@id\":\"https:\\\/\\\/www.encontracentrosaopaulo.com.br\\\/sobre\\\/mp-apura-fechamento-de-centro-de-convivencia-fundado-por-padre-julio-e-que-distribui-alimentos-prefeitura-fala-em-reorganizacao\\\/#authorImage\",\"url\":\"https:\\\/\\\/secure.gravatar.com\\\/avatar\\\/507340682b8270222e1f208e23198b6ae7e2c6a1033ae84e99bc6bce4f82a387?s=96&d=mm&r=g\",\"width\":96,\"height\":96,\"caption\":\"Encontra Centro SP\"}},{\"@type\":\"WebPage\",\"@id\":\"https:\\\/\\\/www.encontracentrosaopaulo.com.br\\\/sobre\\\/mp-apura-fechamento-de-centro-de-convivencia-fundado-por-padre-julio-e-que-distribui-alimentos-prefeitura-fala-em-reorganizacao\\\/#webpage\",\"url\":\"https:\\\/\\\/www.encontracentrosaopaulo.com.br\\\/sobre\\\/mp-apura-fechamento-de-centro-de-convivencia-fundado-por-padre-julio-e-que-distribui-alimentos-prefeitura-fala-em-reorganizacao\\\/\",\"name\":\"MP apura fechamento de centro de conviv\\u00eancia fundado por padre Julio e que distribui alimentos; prefeitura fala em \\u2018reorganiza\\u00e7\\u00e3o\\u2019 | Encontra Centro SP\",\"description\":\"MP apura o futuro do centro de conviv\\u00eancia fundado por Padre Julio.\",\"inLanguage\":\"pt-BR\",\"isPartOf\":{\"@id\":\"https:\\\/\\\/www.encontracentrosaopaulo.com.br\\\/sobre\\\/#website\"},\"breadcrumb\":{\"@id\":\"https:\\\/\\\/www.encontracentrosaopaulo.com.br\\\/sobre\\\/mp-apura-fechamento-de-centro-de-convivencia-fundado-por-padre-julio-e-que-distribui-alimentos-prefeitura-fala-em-reorganizacao\\\/#breadcrumblist\"},\"author\":{\"@id\":\"https:\\\/\\\/www.encontracentrosaopaulo.com.br\\\/sobre\\\/author\\\/ecentrosaopaulo\\\/#author\"},\"creator\":{\"@id\":\"https:\\\/\\\/www.encontracentrosaopaulo.com.br\\\/sobre\\\/author\\\/ecentrosaopaulo\\\/#author\"},\"datePublished\":\"2026-03-08T14:31:58-03:00\",\"dateModified\":\"2026-03-08T14:31:58-03:00\"},{\"@type\":\"WebSite\",\"@id\":\"https:\\\/\\\/www.encontracentrosaopaulo.com.br\\\/sobre\\\/#website\",\"url\":\"https:\\\/\\\/www.encontracentrosaopaulo.com.br\\\/sobre\\\/\",\"name\":\"Encontra Centro SP\",\"description\":\"Not\\u00edcias, eventos, informa\\u00e7\\u00f5es e dicas na cidade de Centro SP e regi\\u00e3o.\",\"inLanguage\":\"pt-BR\",\"publisher\":{\"@id\":\"https:\\\/\\\/www.encontracentrosaopaulo.com.br\\\/sobre\\\/#organization\"}}]}\n\t\t<\/script>\n\t\t<!-- All in One SEO -->\n\n","aioseo_head_json":{"title":"MP apura fechamento de centro de conviv\u00eancia fundado por padre Julio e que distribui alimentos; prefeitura fala em \u2018reorganiza\u00e7\u00e3o\u2019 | Encontra Centro SP","description":"MP apura o futuro do centro de conviv\u00eancia fundado por Padre Julio.","canonical_url":"https:\/\/www.encontracentrosaopaulo.com.br\/sobre\/mp-apura-fechamento-de-centro-de-convivencia-fundado-por-padre-julio-e-que-distribui-alimentos-prefeitura-fala-em-reorganizacao\/","robots":"max-image-preview:large","keywords":"","webmasterTools":{"miscellaneous":""},"schema":{"@context":"https:\/\/schema.org","@graph":[{"@type":"Article","@id":"https:\/\/www.encontracentrosaopaulo.com.br\/sobre\/mp-apura-fechamento-de-centro-de-convivencia-fundado-por-padre-julio-e-que-distribui-alimentos-prefeitura-fala-em-reorganizacao\/#article","name":"MP apura fechamento de centro de conviv\u00eancia fundado por padre Julio e que distribui alimentos; prefeitura fala em \u2018reorganiza\u00e7\u00e3o\u2019 | Encontra Centro SP","headline":"MP apura fechamento de centro de conviv\u00eancia fundado por padre Julio e que distribui alimentos; prefeitura fala em &#8216;reorganiza\u00e7\u00e3o&#8217;","author":{"@id":"https:\/\/www.encontracentrosaopaulo.com.br\/sobre\/author\/ecentrosaopaulo\/#author"},"publisher":{"@id":"https:\/\/www.encontracentrosaopaulo.com.br\/sobre\/#organization"},"datePublished":"2026-03-08T14:31:58-03:00","dateModified":"2026-03-08T14:31:58-03:00","inLanguage":"pt-BR","mainEntityOfPage":{"@id":"https:\/\/www.encontracentrosaopaulo.com.br\/sobre\/mp-apura-fechamento-de-centro-de-convivencia-fundado-por-padre-julio-e-que-distribui-alimentos-prefeitura-fala-em-reorganizacao\/#webpage"},"isPartOf":{"@id":"https:\/\/www.encontracentrosaopaulo.com.br\/sobre\/mp-apura-fechamento-de-centro-de-convivencia-fundado-por-padre-julio-e-que-distribui-alimentos-prefeitura-fala-em-reorganizacao\/#webpage"},"articleSection":"Sa\u00fade Centro SP"},{"@type":"BreadcrumbList","@id":"https:\/\/www.encontracentrosaopaulo.com.br\/sobre\/mp-apura-fechamento-de-centro-de-convivencia-fundado-por-padre-julio-e-que-distribui-alimentos-prefeitura-fala-em-reorganizacao\/#breadcrumblist","itemListElement":[{"@type":"ListItem","@id":"https:\/\/www.encontracentrosaopaulo.com.br\/sobre#listItem","position":1,"name":"In\u00edcio","item":"https:\/\/www.encontracentrosaopaulo.com.br\/sobre","nextItem":{"@type":"ListItem","@id":"https:\/\/www.encontracentrosaopaulo.com.br\/sobre\/saude-no-centro-sp\/#listItem","name":"Sa\u00fade Centro SP"}},{"@type":"ListItem","@id":"https:\/\/www.encontracentrosaopaulo.com.br\/sobre\/saude-no-centro-sp\/#listItem","position":2,"name":"Sa\u00fade Centro SP","item":"https:\/\/www.encontracentrosaopaulo.com.br\/sobre\/saude-no-centro-sp\/","nextItem":{"@type":"ListItem","@id":"https:\/\/www.encontracentrosaopaulo.com.br\/sobre\/mp-apura-fechamento-de-centro-de-convivencia-fundado-por-padre-julio-e-que-distribui-alimentos-prefeitura-fala-em-reorganizacao\/#listItem","name":"MP apura fechamento de centro de conviv\u00eancia fundado por padre Julio e que distribui alimentos; prefeitura fala em &#8216;reorganiza\u00e7\u00e3o&#8217;"},"previousItem":{"@type":"ListItem","@id":"https:\/\/www.encontracentrosaopaulo.com.br\/sobre#listItem","name":"In\u00edcio"}},{"@type":"ListItem","@id":"https:\/\/www.encontracentrosaopaulo.com.br\/sobre\/mp-apura-fechamento-de-centro-de-convivencia-fundado-por-padre-julio-e-que-distribui-alimentos-prefeitura-fala-em-reorganizacao\/#listItem","position":3,"name":"MP apura fechamento de centro de conviv\u00eancia fundado por padre Julio e que distribui alimentos; prefeitura fala em &#8216;reorganiza\u00e7\u00e3o&#8217;","previousItem":{"@type":"ListItem","@id":"https:\/\/www.encontracentrosaopaulo.com.br\/sobre\/saude-no-centro-sp\/#listItem","name":"Sa\u00fade Centro SP"}}]},{"@type":"Organization","@id":"https:\/\/www.encontracentrosaopaulo.com.br\/sobre\/#organization","name":"Encontra Centro SP","description":"Not\u00edcias, eventos, informa\u00e7\u00f5es e dicas na cidade de Centro SP e regi\u00e3o.","url":"https:\/\/www.encontracentrosaopaulo.com.br\/sobre\/"},{"@type":"Person","@id":"https:\/\/www.encontracentrosaopaulo.com.br\/sobre\/author\/ecentrosaopaulo\/#author","url":"https:\/\/www.encontracentrosaopaulo.com.br\/sobre\/author\/ecentrosaopaulo\/","name":"Encontra Centro SP","image":{"@type":"ImageObject","@id":"https:\/\/www.encontracentrosaopaulo.com.br\/sobre\/mp-apura-fechamento-de-centro-de-convivencia-fundado-por-padre-julio-e-que-distribui-alimentos-prefeitura-fala-em-reorganizacao\/#authorImage","url":"https:\/\/secure.gravatar.com\/avatar\/507340682b8270222e1f208e23198b6ae7e2c6a1033ae84e99bc6bce4f82a387?s=96&d=mm&r=g","width":96,"height":96,"caption":"Encontra Centro SP"}},{"@type":"WebPage","@id":"https:\/\/www.encontracentrosaopaulo.com.br\/sobre\/mp-apura-fechamento-de-centro-de-convivencia-fundado-por-padre-julio-e-que-distribui-alimentos-prefeitura-fala-em-reorganizacao\/#webpage","url":"https:\/\/www.encontracentrosaopaulo.com.br\/sobre\/mp-apura-fechamento-de-centro-de-convivencia-fundado-por-padre-julio-e-que-distribui-alimentos-prefeitura-fala-em-reorganizacao\/","name":"MP apura fechamento de centro de conviv\u00eancia fundado por padre Julio e que distribui alimentos; prefeitura fala em \u2018reorganiza\u00e7\u00e3o\u2019 | Encontra Centro SP","description":"MP apura o futuro do centro de conviv\u00eancia fundado por Padre Julio.","inLanguage":"pt-BR","isPartOf":{"@id":"https:\/\/www.encontracentrosaopaulo.com.br\/sobre\/#website"},"breadcrumb":{"@id":"https:\/\/www.encontracentrosaopaulo.com.br\/sobre\/mp-apura-fechamento-de-centro-de-convivencia-fundado-por-padre-julio-e-que-distribui-alimentos-prefeitura-fala-em-reorganizacao\/#breadcrumblist"},"author":{"@id":"https:\/\/www.encontracentrosaopaulo.com.br\/sobre\/author\/ecentrosaopaulo\/#author"},"creator":{"@id":"https:\/\/www.encontracentrosaopaulo.com.br\/sobre\/author\/ecentrosaopaulo\/#author"},"datePublished":"2026-03-08T14:31:58-03:00","dateModified":"2026-03-08T14:31:58-03:00"},{"@type":"WebSite","@id":"https:\/\/www.encontracentrosaopaulo.com.br\/sobre\/#website","url":"https:\/\/www.encontracentrosaopaulo.com.br\/sobre\/","name":"Encontra Centro SP","description":"Not\u00edcias, eventos, informa\u00e7\u00f5es e dicas na cidade de Centro SP e regi\u00e3o.","inLanguage":"pt-BR","publisher":{"@id":"https:\/\/www.encontracentrosaopaulo.com.br\/sobre\/#organization"}}]},"og:locale":"pt_BR","og:site_name":"Encontra Centro SP | Not\u00edcias, eventos, informa\u00e7\u00f5es e dicas na cidade de Centro SP e regi\u00e3o.","og:type":"article","og:title":"MP apura fechamento de centro de conviv\u00eancia fundado por padre Julio e que distribui alimentos; prefeitura fala em \u2018reorganiza\u00e7\u00e3o\u2019 | Encontra Centro SP","og:description":"MP apura o futuro do centro de conviv\u00eancia fundado por Padre Julio.","og:url":"https:\/\/www.encontracentrosaopaulo.com.br\/sobre\/mp-apura-fechamento-de-centro-de-convivencia-fundado-por-padre-julio-e-que-distribui-alimentos-prefeitura-fala-em-reorganizacao\/","article:published_time":"2026-03-08T17:31:58+00:00","article:modified_time":"2026-03-08T17:31:58+00:00","twitter:card":"summary","twitter:title":"MP apura fechamento de centro de conviv\u00eancia fundado por padre Julio e que distribui alimentos; prefeitura fala em \u2018reorganiza\u00e7\u00e3o\u2019 | Encontra Centro SP","twitter:description":"MP apura o futuro do centro de conviv\u00eancia fundado por Padre Julio."},"aioseo_meta_data":{"post_id":"6268","title":null,"description":null,"keywords":null,"keyphrases":null,"primary_term":null,"canonical_url":null,"og_title":null,"og_description":null,"og_object_type":"default","og_image_type":"default","og_image_url":null,"og_image_width":null,"og_image_height":null,"og_image_custom_url":null,"og_image_custom_fields":null,"og_video":null,"og_custom_url":null,"og_article_section":null,"og_article_tags":null,"twitter_use_og":false,"twitter_card":"default","twitter_image_type":"default","twitter_image_url":null,"twitter_image_custom_url":null,"twitter_image_custom_fields":null,"twitter_title":null,"twitter_description":null,"schema":{"blockGraphs":[],"customGraphs":[],"default":{"data":{"Article":[],"Course":[],"Dataset":[],"FAQPage":[],"Movie":[],"Person":[],"Product":[],"ProductReview":[],"Car":[],"Recipe":[],"Service":[],"SoftwareApplication":[],"WebPage":[]},"graphName":"Article","isEnabled":true},"graphs":[]},"schema_type":"default","schema_type_options":null,"pillar_content":false,"robots_default":true,"robots_noindex":false,"robots_noarchive":false,"robots_nosnippet":false,"robots_nofollow":false,"robots_noimageindex":false,"robots_noodp":false,"robots_notranslate":false,"robots_max_snippet":null,"robots_max_videopreview":null,"robots_max_imagepreview":"large","priority":null,"frequency":null,"local_seo":null,"breadcrumb_settings":null,"limit_modified_date":false,"ai":null,"created":"2026-03-08 17:32:02","updated":"2026-03-08 19:39:00","seo_analyzer_scan_date":null,"focus_keyword":null,"additional_keywords":null,"truseo_locale":null},"aioseo_breadcrumb":"<div class=\"aioseo-breadcrumbs\"><span class=\"aioseo-breadcrumb\">\n\t\t\t<a href=\"https:\/\/www.encontracentrosaopaulo.com.br\/sobre\" title=\"In\u00edcio\">In\u00edcio<\/a>\n\t\t<\/span><span class=\"aioseo-breadcrumb-separator\">&raquo;<\/span><span class=\"aioseo-breadcrumb\">\n\t\t\t<a href=\"https:\/\/www.encontracentrosaopaulo.com.br\/sobre\/saude-no-centro-sp\/\" title=\"Sa\u00fade Centro SP\">Sa\u00fade Centro SP<\/a>\n\t\t<\/span><span class=\"aioseo-breadcrumb-separator\">&raquo;<\/span><span class=\"aioseo-breadcrumb\">\n\t\t\tMP apura fechamento de centro de conviv\u00eancia fundado por padre Julio e que distribui alimentos; prefeitura fala em \u2018reorganiza\u00e7\u00e3o\u2019\n\t\t<\/span><\/div>","aioseo_breadcrumb_json":[{"label":"In\u00edcio","link":"https:\/\/www.encontracentrosaopaulo.com.br\/sobre"},{"label":"Sa\u00fade Centro SP","link":"https:\/\/www.encontracentrosaopaulo.com.br\/sobre\/saude-no-centro-sp\/"},{"label":"MP apura fechamento de centro de conviv\u00eancia fundado por padre Julio e que distribui alimentos; prefeitura fala em &#8216;reorganiza\u00e7\u00e3o&#8217;","link":"https:\/\/www.encontracentrosaopaulo.com.br\/sobre\/mp-apura-fechamento-de-centro-de-convivencia-fundado-por-padre-julio-e-que-distribui-alimentos-prefeitura-fala-em-reorganizacao\/"}],"_links":{"self":[{"href":"https:\/\/www.encontracentrosaopaulo.com.br\/sobre\/wp-json\/wp\/v2\/posts\/6268","targetHints":{"allow":["GET"]}}],"collection":[{"href":"https:\/\/www.encontracentrosaopaulo.com.br\/sobre\/wp-json\/wp\/v2\/posts"}],"about":[{"href":"https:\/\/www.encontracentrosaopaulo.com.br\/sobre\/wp-json\/wp\/v2\/types\/post"}],"author":[{"embeddable":true,"href":"https:\/\/www.encontracentrosaopaulo.com.br\/sobre\/wp-json\/wp\/v2\/users\/1"}],"replies":[{"embeddable":true,"href":"https:\/\/www.encontracentrosaopaulo.com.br\/sobre\/wp-json\/wp\/v2\/comments?post=6268"}],"version-history":[{"count":0,"href":"https:\/\/www.encontracentrosaopaulo.com.br\/sobre\/wp-json\/wp\/v2\/posts\/6268\/revisions"}],"wp:attachment":[{"href":"https:\/\/www.encontracentrosaopaulo.com.br\/sobre\/wp-json\/wp\/v2\/media?parent=6268"}],"wp:term":[{"taxonomy":"category","embeddable":true,"href":"https:\/\/www.encontracentrosaopaulo.com.br\/sobre\/wp-json\/wp\/v2\/categories?post=6268"},{"taxonomy":"post_tag","embeddable":true,"href":"https:\/\/www.encontracentrosaopaulo.com.br\/sobre\/wp-json\/wp\/v2\/tags?post=6268"}],"curies":[{"name":"wp","href":"https:\/\/api.w.org\/{rel}","templated":true}]}}