{"id":6286,"date":"2026-03-14T14:28:38","date_gmt":"2026-03-14T17:28:38","guid":{"rendered":"https:\/\/www.encontracentrosaopaulo.com.br\/sobre\/nova-sede-de-tarcisio-no-centro-de-sp-inclui-restauro-de-imoveis-tombados-saiba-quais\/"},"modified":"2026-03-14T14:28:38","modified_gmt":"2026-03-14T17:28:38","slug":"nova-sede-de-tarcisio-no-centro-de-sp-inclui-restauro-de-imoveis-tombados-saiba-quais","status":"publish","type":"post","link":"https:\/\/www.encontracentrosaopaulo.com.br\/sobre\/nova-sede-de-tarcisio-no-centro-de-sp-inclui-restauro-de-imoveis-tombados-saiba-quais\/","title":{"rendered":"Nova sede de Tarc\u00edsio no centro de SP inclui restauro de im\u00f3veis tombados; saiba quais"},"content":{"rendered":"<div class=\"d6585b5127f45a35450431d0abc3f90c\" data-index=\"1\" style=\"float: none; margin:0px;\">\n<!-- Anuncio display - global -->\r\n<ins class=\"adsbygoogle\"\r\n     style=\"display:block\"\r\n     data-ad-client=\"ca-pub-8585364105181520\"\r\n     data-ad-slot=\"8789329856\"\r\n     data-ad-format=\"auto\"\r\n     data-full-width-responsive=\"true\"><\/ins>\r\n<script>\r\n     (adsbygoogle = window.adsbygoogle || []).push({});\r\n<\/script>\n<\/div>\n<h2>O que \u00e9 a nova sede administrativa do governo de SP?<\/h2>\n<p>A nova sede administrativa do governo de S\u00e3o Paulo representa uma iniciativa ambiciosa que vai al\u00e9m da simples constru\u00e7\u00e3o de novos edif\u00edcios. Est\u00e1 situada no cora\u00e7\u00e3o da capital paulista e envolve um projeto de transfer\u00eancia focado na requalifica\u00e7\u00e3o e revitaliza\u00e7\u00e3o de um conjunto de im\u00f3veis hist\u00f3ricos que foram tombados. Essa mudan\u00e7a visa n\u00e3o apenas modernizar a administra\u00e7\u00e3o p\u00fablica, mas tamb\u00e9m integrar o governo ao patrim\u00f4nio cultural da cidade.<\/p>\n<h2>Import\u00e2ncia do restauro de im\u00f3veis hist\u00f3ricos<\/h2>\n<p>O restauro de im\u00f3veis tombados \u00e9 fundamental para preservar a identidade e a hist\u00f3ria da cidade. Esses im\u00f3veis s\u00e3o testemunhos do passado e refletem a cultura, a economia e a arquitetura de \u00e9pocas anteriores. Ao serem restaurados, eles n\u00e3o apenas ganham uma nova vida, mas tamb\u00e9m se tornam atrativos para turistas e moradores, contribuindo para o fortalecimento da identidade local.<\/p>\n<p>O projeto abrange um total de 17 im\u00f3veis que possuem signific\u00e2ncia hist\u00f3rica, alguns dos quais est\u00e3o em condi\u00e7\u00f5es variadas \u2013 desde bem preservados at\u00e9 aqueles que necessitam de um trabalho profundo de requalifica\u00e7\u00e3o. Esse processo ser\u00e1 acompanhado rigorosamente pelos \u00f3rg\u00e3os de patrim\u00f4nio, garantindo que as interven\u00e7\u00f5es respeitem as caracter\u00edsticas arquitet\u00f4nicas e hist\u00f3ricas dos edif\u00edcios.<\/p>\n<h2>Como a iniciativa privada ir\u00e1 gerir os espa\u00e7os<\/h2>\n<p>A gest\u00e3o dos espa\u00e7os restaurados ficar\u00e1 a cargo da iniciativa privada, atrav\u00e9s de uma concession\u00e1ria que ter\u00e1 a liberdade de explorar comercialmente os im\u00f3veis. As possibilidades incluem a instala\u00e7\u00e3o de restaurantes, galerias de arte e escrit\u00f3rios, criando um ambiente vibrante que atrai popula\u00e7\u00e3o e visitantes. A estrat\u00e9gia \u00e9 gerar uma din\u00e2mica que favore\u00e7a n\u00e3o apenas a valoriza\u00e7\u00e3o dos im\u00f3veis, mas tamb\u00e9m a revitaliza\u00e7\u00e3o socioecon\u00f4mica da regi\u00e3o central.<\/p>\n<p>Ap\u00f3s a realiza\u00e7\u00e3o das obras, a concession\u00e1ria tamb\u00e9m ser\u00e1 respons\u00e1vel por apresentar um plano de uso para esses espa\u00e7os, o qual dever\u00e1 ser aprovado pelo Estado. Essa abordagem cria incentivo para que a iniciativa privada se empenhe em manter os im\u00f3veis em bom estado, contribuindo para o desenvolvimento do bairro.<\/p>\n<h2>Im\u00f3veis tombados: uma breve hist\u00f3ria<\/h2>\n<p>O Campos El\u00edseos, onde a nova sede ser\u00e1 instalada, foi o primeiro bairro planejado de S\u00e3o Paulo e possui um rico hist\u00f3rico ligado ao desenvolvimento da cidade. No final do s\u00e9culo 19, a \u00e1rea se tornou um destino importante para a aristocracia cafeeira, que construiu mans\u00f5es suntuosas. Os casarios e palacetes erguidos na \u00e9poca refletem o auge econ\u00f4mico e cultural da cidade, sendo, portanto, essenciais para entender a evolu\u00e7\u00e3o de S\u00e3o Paulo.<\/p>\n<p>Com a mudan\u00e7a da elite para outros bairros mais nobres, os casar\u00f5es foram ocupados por popula\u00e7\u00e3o de menor poder aquisitivo, e muitos deles foram demolidos para a constru\u00e7\u00e3o de pr\u00e9dios. Na d\u00e9cada de 90, o que era um centro vibrante come\u00e7ou a sofrer com a degrada\u00e7\u00e3o socioecon\u00f4mica representada pela Cracol\u00e2ndia, mas este novo projeto busca reverter essa situa\u00e7\u00e3o atrav\u00e9s da revitaliza\u00e7\u00e3o.<\/p>\n<h2>Impacto da nova sede na revitaliza\u00e7\u00e3o do centro<\/h2>\n<p>A instala\u00e7\u00e3o da nova sede administrativa no centro de SP est\u00e1 situada como um projeto de revitaliza\u00e7\u00e3o que pode trazer benef\u00edcios significativos para a \u00e1rea. O influxo de pessoas que frequentar\u00e3o os espa\u00e7os comerciais, os eventos e as atividades culturais nos im\u00f3veis restaurados deve estimular a economia local e, potencialmente, atrair novos investimentos e neg\u00f3cios.<\/p>\n<p>Al\u00e9m do impacto econ\u00f4mico direto, a mudan\u00e7a de sede tamb\u00e9m pode transformar a imagem do centro, promovendo uma sensa\u00e7\u00e3o de seguran\u00e7a e vitalidade que pode atrair moradores e visitantes. Espera-se que essa revitaliza\u00e7\u00e3o melhore a qualidade de vida na regi\u00e3o, fomentando um ambiente urbano mais agrad\u00e1vel e integrado ao cotidiano da popula\u00e7\u00e3o.<\/p>\n<h2>Desafios e oportunidades na transforma\u00e7\u00e3o<\/h2>\n<p>Implementar um projeto dessa magnitude n\u00e3o \u00e9 isento de desafios. Um dos principais pontos de aten\u00e7\u00e3o \u00e9 o fen\u00f4meno da gentrifica\u00e7\u00e3o, que, embora possa revitalizar a regi\u00e3o, pode levar \u00e0 eleva\u00e7\u00e3o dos custos de vida e expuls\u00e3o de residentes de longa data. \u00c9 crucial que o plano de desenvolvimento inclua estrat\u00e9gias para mitigar esses efeitos, como a inclus\u00e3o social e habita\u00e7\u00e3o acess\u00edvel.<\/p>\n<p>Outra quest\u00e3o importante \u00e9 o engajamento da comunidade local durante o processo de transforma\u00e7\u00e3o. A participa\u00e7\u00e3o ativa dos moradores e comerciantes na discuss\u00e3o e planejamento pode levar a um desenvolvimento mais harmonioso e sustent\u00e1vel, que respeite a cultura e as necessidades da popula\u00e7\u00e3o.<\/p>\n<h2>Expectativas da popula\u00e7\u00e3o sobre o projeto<\/h2>\n<p>A popula\u00e7\u00e3o, em geral, demonstra expectativas elevadas em rela\u00e7\u00e3o \u00e0 nova sede, apostando que ela possa trazer mais seguran\u00e7a, infraestrutura e servi\u00e7os de qualidade para a regi\u00e3o central. Al\u00e9m disso, a requalifica\u00e7\u00e3o dos im\u00f3veis tombados \u00e9 vista como uma oportunidade para reavivar a hist\u00f3ria e a cultura local, criando um ambiente de maior conex\u00e3o entre os moradores e o patrim\u00f4nio da cidade.<\/p>\n<h2>Compara\u00e7\u00f5es com outros projetos de revitaliza\u00e7\u00e3o<\/h2>\n<p>Projetos semelhantes de revitaliza\u00e7\u00e3o em outras cidades podem servir de exemplo e inspira\u00e7\u00e3o para a iniciativa em S\u00e3o Paulo. Cidades como Porto Alegre e Curitiba j\u00e1 implementaram com sucesso projetos que transformaram \u00e1reas degradadas em polos de cultura e com\u00e9rcio, o que pode ser um indicativo do potencial do projeto em Campos El\u00edseos.<\/p>\n<p>Um bom exemplo \u00e9 o projeto do Mercado P\u00fablico em Porto Alegre, que revitalizou o patrim\u00f4nio hist\u00f3rico e revitalizou a economia local ao atrair moradores e turistas. A compreens\u00e3o das li\u00e7\u00f5es aprendidas em outros contextos pode facilitar a implementa\u00e7\u00e3o e a aceita\u00e7\u00e3o da nova sede em S\u00e3o Paulo.<\/p>\n<h2>Perspectivas para o futuro dos Campos El\u00edseos<\/h2>\n<p>\u00c0 medida que o projeto avan\u00e7a, as perspectivas para o futuro dos Campos El\u00edseos s\u00e3o otimistas. Com um planejamento cuidadoso e uma execu\u00e7\u00e3o que respeite a hist\u00f3ria e o patrim\u00f4nio da \u00e1rea, \u00e9 poss\u00edvel transformar a regi\u00e3o em um centro cultural din\u00e2mico que valoriza a identidade paulistana.<\/p>\n<p>O futuro da sede do governo em Campos El\u00edseos est\u00e1 intimamente ligado \u00e0 revitaliza\u00e7\u00e3o do bairro e \u00e0 possibilidade de uma nova era de desenvolvimento sustent\u00e1vel e inclusivo. Com isso, espera-se que a nova sede n\u00e3o s\u00f3 atenda \u00e0s necessidades administrativas do governo, mas tamb\u00e9m se torne um referencial de inova\u00e7\u00e3o e cultura na cidade.<\/p>\n<h2>O papel da cultura na nova sede do governo<\/h2>\n<p>A cultura desempenha um papel vital na proposta da nova sede administrativa, uma vez que a iniciativa n\u00e3o deve apenas focar em neg\u00f3cios e administra\u00e7\u00e3o p\u00fablica, mas tamb\u00e9m na promo\u00e7\u00e3o de atividades culturais que envolvam a comunidade. A cria\u00e7\u00e3o de espa\u00e7os para eventos culturais, exposi\u00e7\u00f5es art\u00edsticas e atividades comunit\u00e1rias poder\u00e1 intensificar a intera\u00e7\u00e3o entre o governo e a popula\u00e7\u00e3o.<\/p>\n<p>Atrav\u00e9s da cultura, a nova sede tem o potencial de fortalecer a identidade local e incentivar a participa\u00e7\u00e3o cidad\u00e3, tornando-se um lugar onde a hist\u00f3ria de S\u00e3o Paulo \u00e9 celebrada e novos acontecimentos s\u00e3o promovidos. Isso poder\u00e1 transformar a nova sede em um ponto de encontro que inspira e une a popula\u00e7\u00e3o, refor\u00e7ando a ideia de que a cidade \u00e9 um espa\u00e7o de diversidade e cria\u00e7\u00e3o.<\/p>\n\n<div style=\"font-size: 0px; height: 0px; line-height: 0px; margin: 0; padding: 0; clear: both;\"><\/div>","protected":false},"excerpt":{"rendered":"<p>Nova sede de Tarc\u00edsio em SP promete restauro de im\u00f3veis hist\u00f3ricos.<\/p>\n","protected":false},"author":1,"featured_media":0,"comment_status":"open","ping_status":"closed","sticky":false,"template":"","format":"standard","meta":{"footnotes":""},"categories":[42],"tags":[],"class_list":["post-6286","post","type-post","status-publish","format-standard","hentry","category-lugares-para-comer-centro-sp"],"aioseo_notices":[],"_links":{"self":[{"href":"https:\/\/www.encontracentrosaopaulo.com.br\/sobre\/wp-json\/wp\/v2\/posts\/6286","targetHints":{"allow":["GET"]}}],"collection":[{"href":"https:\/\/www.encontracentrosaopaulo.com.br\/sobre\/wp-json\/wp\/v2\/posts"}],"about":[{"href":"https:\/\/www.encontracentrosaopaulo.com.br\/sobre\/wp-json\/wp\/v2\/types\/post"}],"author":[{"embeddable":true,"href":"https:\/\/www.encontracentrosaopaulo.com.br\/sobre\/wp-json\/wp\/v2\/users\/1"}],"replies":[{"embeddable":true,"href":"https:\/\/www.encontracentrosaopaulo.com.br\/sobre\/wp-json\/wp\/v2\/comments?post=6286"}],"version-history":[{"count":0,"href":"https:\/\/www.encontracentrosaopaulo.com.br\/sobre\/wp-json\/wp\/v2\/posts\/6286\/revisions"}],"wp:attachment":[{"href":"https:\/\/www.encontracentrosaopaulo.com.br\/sobre\/wp-json\/wp\/v2\/media?parent=6286"}],"wp:term":[{"taxonomy":"category","embeddable":true,"href":"https:\/\/www.encontracentrosaopaulo.com.br\/sobre\/wp-json\/wp\/v2\/categories?post=6286"},{"taxonomy":"post_tag","embeddable":true,"href":"https:\/\/www.encontracentrosaopaulo.com.br\/sobre\/wp-json\/wp\/v2\/tags?post=6286"}],"curies":[{"name":"wp","href":"https:\/\/api.w.org\/{rel}","templated":true}]}}