{"id":6298,"date":"2026-03-17T14:28:49","date_gmt":"2026-03-17T17:28:49","guid":{"rendered":"https:\/\/www.encontracentrosaopaulo.com.br\/sobre\/times-square-de-sao-paulo-centro-paulistano-tera-teloes-de-led-para-publicidade-e-programacao-cultural\/"},"modified":"2026-03-17T14:28:49","modified_gmt":"2026-03-17T17:28:49","slug":"times-square-de-sao-paulo-centro-paulistano-tera-teloes-de-led-para-publicidade-e-programacao-cultural","status":"publish","type":"post","link":"https:\/\/www.encontracentrosaopaulo.com.br\/sobre\/times-square-de-sao-paulo-centro-paulistano-tera-teloes-de-led-para-publicidade-e-programacao-cultural\/","title":{"rendered":"\u2018Times Square de S\u00e3o Paulo\u2019: centro paulistano ter\u00e1 tel\u00f5es de LED para publicidade e programa\u00e7\u00e3o cultural"},"content":{"rendered":"<div class=\"d6585b5127f45a35450431d0abc3f90c\" data-index=\"1\" style=\"float: none; margin:0px;\">\n<!-- Anuncio display - global -->\r\n<ins class=\"adsbygoogle\"\r\n     style=\"display:block\"\r\n     data-ad-client=\"ca-pub-8585364105181520\"\r\n     data-ad-slot=\"8789329856\"\r\n     data-ad-format=\"auto\"\r\n     data-full-width-responsive=\"true\"><\/ins>\r\n<script>\r\n     (adsbygoogle = window.adsbygoogle || []).push({});\r\n<\/script>\n<\/div>\n<h2>A Aprova\u00e7\u00e3o do Projeto Boulevard S\u00e3o Jo\u00e3o<\/h2>\n<p>O projeto conhecido como **Boulevard S\u00e3o Jo\u00e3o**, apelidado de \u2018**Times Square de S\u00e3o Paulo**\u2019, recebeu a aprova\u00e7\u00e3o na \u00faltima quarta-feira, 11, com um resultado de 8 votos a 6 na Comiss\u00e3o de Prote\u00e7\u00e3o \u00e0 Paisagem Urbana (CPPU), parte da Secretaria Municipal de Urbanismo e Licenciamento (SMUL) da prefeitura paulistana. Essa decis\u00e3o foi marcada por considera\u00e7\u00f5es rigorosas em rela\u00e7\u00e3o \u00e0s normas da **Lei Cidade Limpa**, que tem vigorado h\u00e1 aproximadamente 20 anos na cidade.<\/p>\n<p>A proposta incorpora a instala\u00e7\u00e3o de **quatro grandes pain\u00e9is de LED** de alta transpar\u00eancia e tecnologia avan\u00e7ada em edif\u00edcios hist\u00f3ricos localizados no centro de S\u00e3o Paulo: Cine Paris Rep\u00fablica, Edif\u00edcio Herculano de Almeida, Galeria Sampa e Edif\u00edcio New York. Al\u00e9m disso, uma proje\u00e7\u00e3o mapeada ser\u00e1 exibida no edif\u00edcio Independ\u00eancia II. O local abrange a \u00e1rea entre a Pra\u00e7a Ant\u00f4nio Prado, o Largo do Paissandu e a Pra\u00e7a J\u00falio Mesquita, destacando-se especialmente no cruzamento das avenidas S\u00e3o Jo\u00e3o e Ipiranga, famosa pela composi\u00e7\u00e3o musical de Caetano Veloso, _Sampa_.<\/p>\n<h2>Impacto dos Tel\u00f5es de LED no Centro de S\u00e3o Paulo<\/h2>\n<p>Os tel\u00f5es de LED introduzir\u00e3o uma nova era de modernidade na regi\u00e3o central da cidade. A proposta visa transformar a experi\u00eancia urbana dos cidad\u00e3os e visitantes, criando um ambiente visual din\u00e2mico que insere elementos contempor\u00e2neos na atmosfera hist\u00f3rica e cultural de S\u00e3o Paulo. Essa iniciativa pretende atrair um p\u00fablico diversificado, contribuindo para a revitaliza\u00e7\u00e3o e o aumento do fluxo de pessoas nessa \u00e1rea central.<\/p>\n<p>Com isso, espera-se n\u00e3o apenas otimizar a est\u00e9tica urbana, mas tamb\u00e9m promover o engajamento da popula\u00e7\u00e3o com a programa\u00e7\u00e3o cultural, uma vez que os pain\u00e9is veicular\u00e3o conte\u00fado cultural e art\u00edstico, al\u00e9m de publicidade. Essa combina\u00e7\u00e3o de modernidade e cultura \u00e9 vista como uma oportunidade de revitalizar o espa\u00e7o p\u00fablico e estimular a economia local.<\/p>\n<h2>Contrapartidas da Iniciativa Privada<\/h2>\n<p>Como parte do acordo relacionado \u00e0 implementa\u00e7\u00e3o dos pain\u00e9is, os empreendedores envolvidos est\u00e3o comprometidos com diversas **contrapartidas** voltadas para a requalifica\u00e7\u00e3o urbana da \u00e1rea. Estima-se que esse investimento atinja cerca de **6 milh\u00f5es de reais**, todos provenientes da iniciativa privada, sem nenhum custo adicional para o munic\u00edpio.<\/p>\n<p>Algumas das principais a\u00e7\u00f5es que est\u00e3o previstas incluem:<\/p>\n<ul>\n<li>Restaura\u00e7\u00e3o das fachadas da **Igreja Nossa Senhora do Ros\u00e1rio dos Homens Pretos** e da est\u00e1tua da **M\u00e3e Preta**, ambas localizadas no Largo do Paissandu.<\/li>\n<li>Restauro do hist\u00f3rico **Rel\u00f3gio de Nichile**, situado na Pra\u00e7a Ant\u00f4nio Prado.<\/li>\n<li>Instala\u00e7\u00e3o de novos bancos e lixeiras ao longo da **Avenida S\u00e3o Jo\u00e3o**.<\/li>\n<li>Requalifica\u00e7\u00e3o das cal\u00e7adas para garantir um melhor acesso e conforto aos pedestres.<\/li>\n<\/ul>\n<h2>Requalifica\u00e7\u00e3o Urbana e Patrimonial<\/h2>\n<p>A proposta \u00e9 destacada como uma estrat\u00e9gia inovadora de **requalifica\u00e7\u00e3o urbana**, buscando harmonizar a preserva\u00e7\u00e3o patrimonial com novas tecnologias e abordagens est\u00e9ticas. O objetivo \u00e9 garantir que a moderniza\u00e7\u00e3o n\u00e3o comprometa a mem\u00f3ria e a identidade arquitet\u00f4nica da cidade, mas sim enrique\u00e7a a intera\u00e7\u00e3o dos cidad\u00e3os com esses espa\u00e7os hist\u00f3ricos. A inten\u00e7\u00e3o \u00e9 fazer da \u00e1rea n\u00e3o apenas um polo de consumo, mas um espa\u00e7o onde a arte e a experi\u00eancia cultural possam florescer em meio ao urbanismo contempor\u00e2neo.<\/p>\n<h2>A Lei Cidade Limpa e suas Implica\u00e7\u00f5es<\/h2>\n<p>Desde sua implementa\u00e7\u00e3o em 2007, a **Lei Cidade Limpa** tem como foco a redu\u00e7\u00e3o da polui\u00e7\u00e3o visual em S\u00e3o Paulo, restringindo a instala\u00e7\u00e3o de pe\u00e7as publicit\u00e1rias em pr\u00e9dios e espa\u00e7os p\u00fablicos. A aprova\u00e7\u00e3o do projeto Boulevard S\u00e3o Jo\u00e3o se baseou em uma interpreta\u00e7\u00e3o de uma brecha na legisla\u00e7\u00e3o que permite a instala\u00e7\u00e3o de publicidade, desde que haja sinergia com a\u00e7\u00f5es que tragam benef\u00edcios \u00e0 cidade.<\/p>\n<p>Segundo as diretrizes estabelecidas, 70% do conte\u00fado a ser exibido nos pain\u00e9is ser\u00e1 voltado para atividades culturais e eventos, enquanto apenas 30% ficar\u00e1 dispon\u00edvel para publicidade comercial. Essa estrat\u00e9gia busca garantir que a arte e a cultura local sejam priorizadas na comunica\u00e7\u00e3o visual, promovendo um ambiente culturalmente rico.<\/p>\n<h2>Cultura e Publicidade em Harmonia<\/h2>\n<p>A intera\u00e7\u00e3o entre **cultura e publicidade** \u00e9 essencial para o sucesso do projeto. Ao focar a maior parte da programa\u00e7\u00e3o em conte\u00fado cultural, os pain\u00e9is de LED se transformam em plataformas que n\u00e3o apenas promovem marcas, mas tamb\u00e9m divulgam a rica cena cultural paulista. Eventos, exposi\u00e7\u00f5es de arte e performances art\u00edsticas estar\u00e3o entre os principais conte\u00fados apresentados, criando um ciclo de engajamento e valoriza\u00e7\u00e3o da identidade cultural da cidade.<\/p>\n<h2>Projetos de Conserva\u00e7\u00e3o de Patrim\u00f4nio<\/h2>\n<p>Al\u00e9m da requalifica\u00e7\u00e3o urbana imediata, o projeto relan\u00e7a a discuss\u00e3o sobre a import\u00e2ncia da **conserva\u00e7\u00e3o do patrim\u00f4nio hist\u00f3rico** em meio a um ambiente de moderniza\u00e7\u00e3o. Esse foco ressalta a necessidade de se conservar e valorizar a hist\u00f3ria da cidade, enquanto se acata as necessidades de um espa\u00e7o contempor\u00e2neo e urbano.<\/p>\n<h2>Os Edif\u00edcios que Abrigar\u00e3o os Tel\u00f5es<\/h2>\n<p>Os edif\u00edcios escolhidos para receber os tel\u00f5es de LED foram selecionados n\u00e3o apenas pela sua localiza\u00e7\u00e3o estrat\u00e9gica, mas tamb\u00e9m por sua import\u00e2ncia hist\u00f3rica. Al\u00e9m do **Cine Paris Rep\u00fablica** e da **Galeria Sampa**, que j\u00e1 s\u00e3o pontos de refer\u00eancia cultural, a **Edif\u00edcio Herculano de Almeida** e o **Edif\u00edcio New York** s\u00e3o representa\u00e7\u00f5es do patrim\u00f4nio arquitet\u00f4nico paulistano. Cada um desses espa\u00e7os traz seu pr\u00f3prio conjunto de caracter\u00edsticas que, junto aos novos elementos modernos, criar\u00e1 uma simbiose entre o novo e o antigo.<\/p>\n<h2>Mudan\u00e7as no Visual da Regi\u00e3o<\/h2>\n<p>A ado\u00e7\u00e3o dos tel\u00f5es de LED no centro paulistano certamente mudar\u00e1 o visual da regi\u00e3o. Ao adicionar um elemento tecnol\u00f3gico e vistoso ao espa\u00e7o urbano, cria-se uma nova narrativa visual que resgata a modernidade e a vanguarda que sempre foram caracter\u00edsticas de S\u00e3o Paulo. Isso pode tamb\u00e9m impactar a percep\u00e7\u00e3o da popula\u00e7\u00e3o sobre o centro da cidade, criando um ambiente mais atraente e vibrante.<\/p>\n<h2>Expectativas para o Futuro de S\u00e3o Paulo<\/h2>\n<p>As expectativas em torno do projeto Boulevard S\u00e3o Jo\u00e3o s\u00e3o altas, n\u00e3o apenas em rela\u00e7\u00e3o ao impacto imediato na revitaliza\u00e7\u00e3o da \u00e1rea central, mas tamb\u00e9m quanto ao seu potencial de inspirar novas propostas de integra\u00e7\u00e3o entre cultura e modernidade. A cidade de S\u00e3o Paulo poder\u00e1, portanto, experimentar uma fase de renova\u00e7\u00e3o e atra\u00e7\u00e3o de novos p\u00fablicos, impulsionando sua posi\u00e7\u00e3o como um importante centro cultural e econ\u00f4mico.<\/p>\n\n<div style=\"font-size: 0px; height: 0px; line-height: 0px; margin: 0; padding: 0; clear: both;\"><\/div>","protected":false},"excerpt":{"rendered":"<p>\u2018Times Square de S\u00e3o Paulo\u2019 traz tel\u00f5es de LED para publicidade cultural.<\/p>\n","protected":false},"author":1,"featured_media":0,"comment_status":"open","ping_status":"closed","sticky":false,"template":"","format":"standard","meta":{"footnotes":""},"categories":[20],"tags":[],"class_list":["post-6298","post","type-post","status-publish","format-standard","hentry","category-cultura-no-centro-sp"],"aioseo_notices":[],"_links":{"self":[{"href":"https:\/\/www.encontracentrosaopaulo.com.br\/sobre\/wp-json\/wp\/v2\/posts\/6298","targetHints":{"allow":["GET"]}}],"collection":[{"href":"https:\/\/www.encontracentrosaopaulo.com.br\/sobre\/wp-json\/wp\/v2\/posts"}],"about":[{"href":"https:\/\/www.encontracentrosaopaulo.com.br\/sobre\/wp-json\/wp\/v2\/types\/post"}],"author":[{"embeddable":true,"href":"https:\/\/www.encontracentrosaopaulo.com.br\/sobre\/wp-json\/wp\/v2\/users\/1"}],"replies":[{"embeddable":true,"href":"https:\/\/www.encontracentrosaopaulo.com.br\/sobre\/wp-json\/wp\/v2\/comments?post=6298"}],"version-history":[{"count":0,"href":"https:\/\/www.encontracentrosaopaulo.com.br\/sobre\/wp-json\/wp\/v2\/posts\/6298\/revisions"}],"wp:attachment":[{"href":"https:\/\/www.encontracentrosaopaulo.com.br\/sobre\/wp-json\/wp\/v2\/media?parent=6298"}],"wp:term":[{"taxonomy":"category","embeddable":true,"href":"https:\/\/www.encontracentrosaopaulo.com.br\/sobre\/wp-json\/wp\/v2\/categories?post=6298"},{"taxonomy":"post_tag","embeddable":true,"href":"https:\/\/www.encontracentrosaopaulo.com.br\/sobre\/wp-json\/wp\/v2\/tags?post=6298"}],"curies":[{"name":"wp","href":"https:\/\/api.w.org\/{rel}","templated":true}]}}