{"id":6300,"date":"2026-03-18T14:28:51","date_gmt":"2026-03-18T17:28:51","guid":{"rendered":"https:\/\/www.encontracentrosaopaulo.com.br\/sobre\/cineclube-espaco-cultural-elza-soares-no-centro-de-sao-paulo-realiza-sessao-dedicada-a-luta-por-terra-e-moradia-nesta-quinta-5\/"},"modified":"2026-03-18T14:28:51","modified_gmt":"2026-03-18T17:28:51","slug":"cineclube-espaco-cultural-elza-soares-no-centro-de-sao-paulo-realiza-sessao-dedicada-a-luta-por-terra-e-moradia-nesta-quinta-5","status":"publish","type":"post","link":"https:\/\/www.encontracentrosaopaulo.com.br\/sobre\/cineclube-espaco-cultural-elza-soares-no-centro-de-sao-paulo-realiza-sessao-dedicada-a-luta-por-terra-e-moradia-nesta-quinta-5\/","title":{"rendered":"Cineclube: Espa\u00e7o Cultural Elza Soares, no centro de S\u00e3o Paulo, realiza sess\u00e3o dedicada \u00e0 luta por terra e moradia nesta quinta (5)"},"content":{"rendered":"<div class=\"d6585b5127f45a35450431d0abc3f90c\" data-index=\"1\" style=\"float: none; margin:0px;\">\n<!-- Anuncio display - global -->\r\n<ins class=\"adsbygoogle\"\r\n     style=\"display:block\"\r\n     data-ad-client=\"ca-pub-8585364105181520\"\r\n     data-ad-slot=\"8789329856\"\r\n     data-ad-format=\"auto\"\r\n     data-full-width-responsive=\"true\"><\/ins>\r\n<script>\r\n     (adsbygoogle = window.adsbygoogle || []).push({});\r\n<\/script>\n<\/div>\n<h2>O que \u00e9 o Cineclube Disgra\u00e7a?<\/h2>\n<p>O <strong>Cineclube Disgra\u00e7a<\/strong> \u00e9 um espa\u00e7o dedicado \u00e0 promo\u00e7\u00e3o e discuss\u00e3o do cinema, com \u00eanfase em produ\u00e7\u00f5es que abordam tem\u00e1ticas sociais e pol\u00edticas relevantes. Este cineclube se destaca por criar um ambiente colaborativo onde filmes que refletem lutas sociais e quest\u00f5es contempor\u00e2neas s\u00e3o exibidos, incentivando debates cr\u00edticos entre os espectadores.<\/p>\n<h2>A import\u00e2ncia do cinema pol\u00edtico<\/h2>\n<p>O cinema pol\u00edtico desempenha um papel fundamental na forma\u00e7\u00e3o da consci\u00eancia social. Ele \u00e9 uma ferramenta poderosa que pode, atrav\u00e9s da arte, catalisar reflex\u00f5es e di\u00e1logos em torno de injusti\u00e7as e desigualdades. Al\u00e9m disso, filmes que tratam de quest\u00f5es sociais podem transformar a maneira como a sociedade v\u00ea problemas, promovendo uma maior empatia e compreens\u00e3o entre diferentes comunidades.<\/p>\n<h2>Detalhes da sess\u00e3o sobre moradia<\/h2>\n<p>A sess\u00e3o programada no Cineclube Disgra\u00e7a ocorre na <strong>quinta-feira (5)<\/strong>, \u00e0s 19h, no <strong>Espa\u00e7o Cultural Elza Soares<\/strong>, em S\u00e3o Paulo. Durante essa atividade, ser\u00e3o exibidos dois filmes que tratam da luta por moradia, temas que ressoam fortemente no contexto atual brasileiro. A entrada para o evento \u00e9 gratuita, proporcionando acesso para um p\u00fablico amplo interessado em entender mais sobre as desigualdades sociais.<\/p>\n<h2>Filmes em destaque: Fantasmas da Casa Pr\u00f3pria<\/h2>\n<p>O curta-metragem <em>Fantasmas da Casa Pr\u00f3pria<\/em>, produzido por Adirley Queir\u00f3s e C\u00e1ssio Oliveira, tem dura\u00e7\u00e3o de 26 minutos e foi lan\u00e7ado em 2018. O filme retrata a realidade de acampados do <a href=\"https:\/\/www.brasildefato.com.br\/2026\/02\/07\/muita-terra-sem-gente-muita-gente-sem-terra-academicos-do-tatuape-leva-reforma-agraria-e-mst-para-a-avenida-no-carnaval-de-sp\/\" rel=\"noopener\">Movimento dos Trabalhadores Rurais Sem Terra (MST)<\/a> que se deslocam de Goi\u00e1s a Bras\u00edlia, engajando-se em uma manifesta\u00e7\u00e3o. O document\u00e1rio visualiza a jornada desses militantes e as dificuldades enfrentadas, trazendo \u00e0 tona as complexas disputas em torno da terra.<\/p>\n<h2>Cad\u00ea Edson? e suas signific\u00e2ncias<\/h2>\n<p>O longa-metragem <em>Cad\u00ea Edson?<\/em>, de D\u00e1cia Ibiapina, lan\u00e7ado em 2019, segue a trajet\u00f3ria de Edson Francisco da Silva, um morador de periferia que se tornou uma importante lideran\u00e7a no <a href=\"https:\/\/www.brasildefato.com.br\/2025\/12\/04\/mulheres-do-mtst-ocupam-secretaria-de-politicas-para-a-mulher-de-sp-em-meio-a-casos-de-feminicidio\/\" rel=\"noopener\">Movimento dos Trabalhadores Sem Teto (MTST)<\/a>. Com uma dura\u00e7\u00e3o de 73 minutos, o filme mostra as mobiliza\u00e7\u00f5es por moradia popular no Distrito Federal desde 2012, destacando os desafios enfrentados pelos movimentos sociais e os impactos que esses conflitos t\u00eam na vida das comunidades. A hist\u00f3ria de Edson \u00e9 um microcosmo do ativismo por direitos sociais no Brasil.<\/p>\n<h2>Debate ap\u00f3s a exibi\u00e7\u00e3o<\/h2>\n<p>Ap\u00f3s a apresenta\u00e7\u00e3o dos filmes, haver\u00e1 um debate aberto com os integrantes do Cine Disgra\u00e7a e da <a href=\"https:\/\/www.brasildefato.com.br\/2025\/04\/30\/brasil-de-fato-e-mst-realizam-mostra-de-cinema-da-terra-na-feira-da-reforma-agraria-em-sp\/\" rel=\"noopener\">Brigada de Audiovisual Eduardo Coutinho do MST<\/a>. Essa intera\u00e7\u00e3o prop\u00f5e uma oportunidade para que o p\u00fablico fa\u00e7a perguntas e compartilhe suas opini\u00f5es, enriquecendo a experi\u00eancia da sess\u00e3o. Estimula-se um di\u00e1logo em que todos podem refletir sobre os temas abordados nos filmes e as realidades que eles representam.<\/p>\n<h2>Cine Elza: mais que um cinema<\/h2>\n<p>O <strong>Espa\u00e7o Cultural Elza Soares<\/strong> \u00e9 mais do que um mero cinema; \u00e9 um centro cultural que busca promover a arte e a cidadania. Localizado na Alameda Eduardo Prado, 474 em Campos El\u00edseos, em S\u00e3o Paulo, o espa\u00e7o serve como um ponto de encontro para a troca de conhecimentos e experi\u00eancias, al\u00e9m de abrigar uma programa\u00e7\u00e3o diversificada que inclui exibi\u00e7\u00f5es de filmes, debates, e outras atividades culturais.<\/p>\n<h2>Movimentos sociais e o cinema<\/h2>\n<p>Os movimentos sociais t\u00eam uma rela\u00e7\u00e3o intr\u00ednseca com o cinema, uma vez que a s\u00e9tima arte pode ser um meio eficaz de contar hist\u00f3rias e dar voz a quem muitas vezes \u00e9 silenciado. Atrav\u00e9s de document\u00e1rios e narrativas ficcionais, as realiza\u00e7\u00f5es cinematogr\u00e1ficas ajudam a trazer visibilidade para as lutas por direitos humanos, justi\u00e7a social e igualdade, sendo um agente de transforma\u00e7\u00e3o social.<\/p>\n<h2>Como participar do Cineclube<\/h2>\n<p>Para aqueles que desejam se envolver com o Cineclube Disgra\u00e7a, as op\u00e7\u00f5es s\u00e3o diversas. Al\u00e9m de participar das sess\u00f5es de cinema, o p\u00fablico pode se inscrever para receber informa\u00e7\u00f5es sobre eventos futuros e contribuir com discuss\u00f5es e sugest\u00f5es. O cineclube \u00e9 aberto a todos, o que incentiva a inclus\u00e3o e a diversidade de vozes dentro do espa\u00e7o cultural.<\/p>\n<h2>Pr\u00f3ximas atra\u00e7\u00f5es e eventos<\/h2>\n<p>O Cineclube Disgra\u00e7a tem uma programa\u00e7\u00e3o cont\u00ednua que varia a cada semana, com exibi\u00e7\u00f5es de filmes que exploram diferentes tem\u00e1ticas sociais. \u00c9 essencial acompanhar as redes sociais do cineclube para estar por dentro das pr\u00f3ximas atra\u00e7\u00f5es e a possibilidade de participar de novos debates, enriquecendo a experi\u00eancia cultural de cada envolvido. O cinema, ent\u00e3o, continua a ser uma ferramenta poderosa para fomentar discuss\u00f5es essenciais para a sociedade.<\/p>\n\n<div style=\"font-size: 0px; height: 0px; line-height: 0px; margin: 0; padding: 0; clear: both;\"><\/div>","protected":false},"excerpt":{"rendered":"<p>Cineclube Disgra\u00e7a exibe filmes sobre luta por terra e moradia.<\/p>\n","protected":false},"author":1,"featured_media":0,"comment_status":"open","ping_status":"closed","sticky":false,"template":"","format":"standard","meta":{"footnotes":""},"categories":[20],"tags":[],"class_list":["post-6300","post","type-post","status-publish","format-standard","hentry","category-cultura-no-centro-sp"],"aioseo_notices":[],"_links":{"self":[{"href":"https:\/\/www.encontracentrosaopaulo.com.br\/sobre\/wp-json\/wp\/v2\/posts\/6300","targetHints":{"allow":["GET"]}}],"collection":[{"href":"https:\/\/www.encontracentrosaopaulo.com.br\/sobre\/wp-json\/wp\/v2\/posts"}],"about":[{"href":"https:\/\/www.encontracentrosaopaulo.com.br\/sobre\/wp-json\/wp\/v2\/types\/post"}],"author":[{"embeddable":true,"href":"https:\/\/www.encontracentrosaopaulo.com.br\/sobre\/wp-json\/wp\/v2\/users\/1"}],"replies":[{"embeddable":true,"href":"https:\/\/www.encontracentrosaopaulo.com.br\/sobre\/wp-json\/wp\/v2\/comments?post=6300"}],"version-history":[{"count":0,"href":"https:\/\/www.encontracentrosaopaulo.com.br\/sobre\/wp-json\/wp\/v2\/posts\/6300\/revisions"}],"wp:attachment":[{"href":"https:\/\/www.encontracentrosaopaulo.com.br\/sobre\/wp-json\/wp\/v2\/media?parent=6300"}],"wp:term":[{"taxonomy":"category","embeddable":true,"href":"https:\/\/www.encontracentrosaopaulo.com.br\/sobre\/wp-json\/wp\/v2\/categories?post=6300"},{"taxonomy":"post_tag","embeddable":true,"href":"https:\/\/www.encontracentrosaopaulo.com.br\/sobre\/wp-json\/wp\/v2\/tags?post=6300"}],"curies":[{"name":"wp","href":"https:\/\/api.w.org\/{rel}","templated":true}]}}