{"id":6356,"date":"2026-04-01T14:41:22","date_gmt":"2026-04-01T17:41:22","guid":{"rendered":"https:\/\/www.encontracentrosaopaulo.com.br\/sobre\/governo-muda-a-sede-e-agora-ficara-oficialmente-no-centro-de-sao-paulo\/"},"modified":"2026-04-01T14:41:22","modified_gmt":"2026-04-01T17:41:22","slug":"governo-muda-a-sede-e-agora-ficara-oficialmente-no-centro-de-sao-paulo","status":"publish","type":"post","link":"https:\/\/www.encontracentrosaopaulo.com.br\/sobre\/governo-muda-a-sede-e-agora-ficara-oficialmente-no-centro-de-sao-paulo\/","title":{"rendered":"Governo muda a sede e agora ficar\u00e1 oficialmente no centro de S\u00e3o Paulo"},"content":{"rendered":"<div class=\"d6585b5127f45a35450431d0abc3f90c\" data-index=\"1\" style=\"float: none; margin:0px;\">\n<!-- Anuncio display - global -->\r\n<ins class=\"adsbygoogle\"\r\n     style=\"display:block\"\r\n     data-ad-client=\"ca-pub-8585364105181520\"\r\n     data-ad-slot=\"8789329856\"\r\n     data-ad-format=\"auto\"\r\n     data-full-width-responsive=\"true\"><\/ins>\r\n<script>\r\n     (adsbygoogle = window.adsbygoogle || []).push({});\r\n<\/script>\n<\/div>\n<h2>Mudan\u00e7a da Sede do Governo: Um Novo Cap\u00edtulo para S\u00e3o Paulo<\/h2>\n<p>A administra\u00e7\u00e3o p\u00fablica de S\u00e3o Paulo est\u00e1 prestes a passar por um significativo redesenho administrativo, com a recente decis\u00e3o de transferir a sede do governo para o cora\u00e7\u00e3o da cidade. Essa transforma\u00e7\u00e3o implica n\u00e3o apenas em um novo endere\u00e7o, mas numa reestrutura\u00e7\u00e3o que pode impactar diretamente a vida de milhares de servidores e da popula\u00e7\u00e3o em geral.<\/p>\n<h2>Impacto da Nova Sede no Funcionamento do Governo<\/h2>\n<p>A mudan\u00e7a para o centro da cidade \u00e9 parte de uma estrat\u00e9gia mais ampla que busca otimizar a gest\u00e3o p\u00fablica em S\u00e3o Paulo. Com a nova localiza\u00e7\u00e3o, espera-se uma integra\u00e7\u00e3o mais eficaz entre os diversos \u00f3rg\u00e3os do governo, que atualmente est\u00e3o dispersos por diversos pr\u00e9dios. Essa centraliza\u00e7\u00e3o pode facilitar o acesso aos servi\u00e7os p\u00fablicos e melhorar a comunica\u00e7\u00e3o entre as diversas esferas governamentais.<\/p>\n<h2>Custos e Economias com a Centraliza\u00e7\u00e3o de Servi\u00e7os<\/h2>\n<p>Uma das principais vantagens esperadas com a migra\u00e7\u00e3o para a nova sede \u00e9 a redu\u00e7\u00e3o de custos. Com um investimento estimado em cerca de R$ 6 bilh\u00f5es, a mudan\u00e7a promete gerar economias significativas em despesas com alugu\u00e9is, manuten\u00e7\u00e3o e log\u00edstica, \u00e1reas que t\u00eam consumido uma parte consider\u00e1vel do or\u00e7amento p\u00fablico.<br \/>Sendo assim, a administra\u00e7\u00e3o p\u00fablica poder\u00e1 concentrar seus esfor\u00e7os em investimentos que beneficiem diretamente a popula\u00e7\u00e3o, ao inv\u00e9s de arcar com custos elevados de opera\u00e7\u00e3o.<\/p>\n<p><img decoding=\"async\" src=\"https:\/\/www.encontracentrosaopaulo.com.br\/sobre\/wp-content\/uploads\/governo-muda-a-sede-e-agora-ficara-oficialmente-no-centro-de-sao-paulo.webp\" alt=\"mudan\u00e7a da sede do Governo de S\u00e3o Paulo\" loading=\"lazy\" \/><\/p>\n<h2>O Papel da Pra\u00e7a Princesa Isabel na Mudan\u00e7a<\/h2>\n<p>A nova estrutura governamental ser\u00e1 implantada nas proximidades da Pra\u00e7a Princesa Isabel, um local estrat\u00e9gico que deve atuar como um centro nevralgico de atividades administrativas. A escolha dessa \u00e1rea visa revitalizar a regi\u00e3o, promovendo maior intera\u00e7\u00e3o entre os cidad\u00e3os e o governo, ao mesmo tempo em que se transforma a pra\u00e7a em um espa\u00e7o mais acess\u00edvel e atraente.<\/p>\n<h2>Revitaliza\u00e7\u00e3o Urbana: O Que Esperar?<\/h2>\n<p>Al\u00e9m da mudan\u00e7a da sede, esta iniciativa est\u00e1 inserida em um projeto maior de revitaliza\u00e7\u00e3o do centro de S\u00e3o Paulo. O governador Tarc\u00edsio de Freitas lidera essa transforma\u00e7\u00e3o, que envolve a promo\u00e7\u00e3o de \u00e1reas verdes, a constru\u00e7\u00e3o de moradias e a cria\u00e7\u00e3o de novos espa\u00e7os para o com\u00e9rcio e a circula\u00e7\u00e3o de pedestres. O objetivo \u00e9 tornar o centro da cidade mais vibrante e din\u00e2mico, melhorando a qualidade de vida dos habitantes.<\/p>\n<h2>Concentra\u00e7\u00e3o de Funcion\u00e1rios: Vantagens e Desafios<\/h2>\n<p>Com a nova sede, espera-se reunir aproximadamente 22 mil servidores que atualmente est\u00e3o dispersos em mais de 40 locais diferentes. Essa concentra\u00e7\u00e3o de funcion\u00e1rios tem o potencial de aumentar a efici\u00eancia no trabalho e reduzir as dificuldades de comunica\u00e7\u00e3o. No entanto, esse movimento tamb\u00e9m pode apresentar desafios, como a gest\u00e3o de um grande contingente em um \u00fanico local, requerendo uma infraestrutura adequada e bem planejada.<\/p>\n<h2>Constru\u00e7\u00e3o de Novos Edif\u00edcios: O Que Estar\u00e1 em Jogo?<\/h2>\n<p>A constru\u00e7\u00e3o de novos edif\u00edcios \u00e9 uma parte crucial deste projeto. Sete modernas constru\u00e7\u00f5es est\u00e3o planejadas para acomodar a nova sede do governo, com espa\u00e7os administrativos, \u00e1reas comerciais e ambientes para uso p\u00fablico. Esses novos edif\u00edcios n\u00e3o apenas atender\u00e3o \u00e0s necessidades funcionais do governo, mas tamb\u00e9m devem ser planejados de forma a contribuir para a est\u00e9tica e funcionalidade da regi\u00e3o onde est\u00e3o localizados.<\/p>\n<h2>Manuten\u00e7\u00e3o do Pal\u00e1cio dos Bandeirantes<\/h2>\n<p>Apesar da mudan\u00e7a, o Pal\u00e1cio dos Bandeirantes, que atualmente serve como a sede do governo, n\u00e3o ser\u00e1 totalmente abandonado. O local continuar\u00e1 a ser utilizado como resid\u00eancia oficial e para eventos institucionais, al\u00e9m de manter uma importante cole\u00e7\u00e3o de obras de arte. Essa decis\u00e3o garante que a hist\u00f3ria e a cultura do governo paulista permane\u00e7am vivas, mesmo com a mudan\u00e7a de endere\u00e7o.<\/p>\n<h2>Reformas no Centro de S\u00e3o Paulo: Um Olhar Cr\u00edtico<\/h2>\n<p>A revitaliza\u00e7\u00e3o do centro de S\u00e3o Paulo traz oportunidades significativas, por\u00e9m tamb\u00e9m levanta quest\u00f5es cr\u00edticas sobre o gerenciamento do espa\u00e7o urbano. A implementa\u00e7\u00e3o de mudan\u00e7as efetivas requer planejamento cuidadoso e engajamento com a comunidade local para garantir que as novas instala\u00e7\u00f5es atendam \u00e0s reais necessidades da popula\u00e7\u00e3o, evitando que a revitaliza\u00e7\u00e3o resulte em gentrifica\u00e7\u00e3o ou no deslocamento de moradores tradicionais.<\/p>\n<h2>Expectativas da Popula\u00e7\u00e3o com a Nova Sede<\/h2>\n<p>A popula\u00e7\u00e3o paulista est\u00e1 ansiosa para compreender como essa mudan\u00e7a afetar\u00e1 sua intera\u00e7\u00e3o com o governo. Muitos esperam que a nova sede traga maior proximidade entre os cidad\u00e3os e suas representa\u00e7\u00f5es p\u00fablicas, facilitando o acesso aos servi\u00e7os. Al\u00e9m disso, h\u00e1 esperan\u00e7as de que as melhorias na infraestrutura da regi\u00e3o resultem em um ambiente mais seguro e acolhedor.<\/p>\n<h2>O Futuro da Administra\u00e7\u00e3o P\u00fablica em S\u00e3o Paulo<\/h2>\n<p>A mudan\u00e7a da sede do governo paulista pode sinalizar uma nova era na administra\u00e7\u00e3o p\u00fablica da cidade. Com a centraliza\u00e7\u00e3o de servi\u00e7os e a revitaliza\u00e7\u00e3o do centro, a expectativa \u00e9 que a gest\u00e3o p\u00fablica se torne mais eficiente e pr\u00f3xima da popula\u00e7\u00e3o. Com o cumprimento dessas promessas, S\u00e3o Paulo poder\u00e1 consolidar-se como uma refer\u00eancia em governan\u00e7a moderna, que prioriza o bem-estar de seus cidad\u00e3os.<\/p>\n\n<div style=\"font-size: 0px; height: 0px; line-height: 0px; margin: 0; padding: 0; clear: both;\"><\/div>","protected":false},"excerpt":{"rendered":"<p>Governo de SP muda sua sede para o centro, impactando a cidade.<\/p>\n","protected":false},"author":1,"featured_media":6355,"comment_status":"open","ping_status":"closed","sticky":false,"template":"","format":"standard","meta":{"footnotes":""},"categories":[6],"tags":[],"class_list":["post-6356","post","type-post","status-publish","format-standard","has-post-thumbnail","hentry","category-noticias-no-centro-sp","has_thumb"],"aioseo_notices":[],"aioseo_head":"\n\t\t<!-- All in One SEO 5.0.0.1 - aioseo.com -->\n\t<meta name=\"description\" content=\"Governo de SP muda sua sede para o centro, impactando a cidade.\" \/>\n\t<meta name=\"robots\" content=\"max-image-preview:large\" \/>\n\t<meta name=\"author\" content=\"Encontra Centro SP\"\/>\n\t<link rel=\"canonical\" href=\"https:\/\/www.encontracentrosaopaulo.com.br\/sobre\/governo-muda-a-sede-e-agora-ficara-oficialmente-no-centro-de-sao-paulo\/\" \/>\n\t<meta name=\"generator\" content=\"All in One SEO (AIOSEO) 5.0.0.1\" \/>\n\t\t<meta property=\"og:locale\" content=\"pt_BR\" \/>\n\t\t<meta property=\"og:site_name\" content=\"Encontra Centro SP | Not\u00edcias, eventos, informa\u00e7\u00f5es e dicas na cidade de Centro SP e regi\u00e3o.\" \/>\n\t\t<meta property=\"og:type\" content=\"article\" \/>\n\t\t<meta property=\"og:title\" content=\"Governo muda a sede e agora ficar\u00e1 oficialmente no centro de S\u00e3o Paulo | Encontra Centro SP\" \/>\n\t\t<meta property=\"og:description\" content=\"Governo de SP muda sua sede para o centro, impactando a cidade.\" \/>\n\t\t<meta property=\"og:url\" content=\"https:\/\/www.encontracentrosaopaulo.com.br\/sobre\/governo-muda-a-sede-e-agora-ficara-oficialmente-no-centro-de-sao-paulo\/\" \/>\n\t\t<meta property=\"article:published_time\" content=\"2026-04-01T17:41:22+00:00\" \/>\n\t\t<meta property=\"article:modified_time\" content=\"2026-04-01T17:41:22+00:00\" \/>\n\t\t<meta name=\"twitter:card\" content=\"summary\" \/>\n\t\t<meta name=\"twitter:title\" content=\"Governo muda a sede e agora ficar\u00e1 oficialmente no centro de S\u00e3o Paulo | Encontra Centro SP\" \/>\n\t\t<meta name=\"twitter:description\" content=\"Governo de SP muda sua sede para o centro, impactando a cidade.\" \/>\n\t\t<script type=\"application\/ld+json\" class=\"aioseo-schema\">\n\t\t\t{\"@context\":\"https:\\\/\\\/schema.org\",\"@graph\":[{\"@type\":\"Article\",\"@id\":\"https:\\\/\\\/www.encontracentrosaopaulo.com.br\\\/sobre\\\/governo-muda-a-sede-e-agora-ficara-oficialmente-no-centro-de-sao-paulo\\\/#article\",\"name\":\"Governo muda a sede e agora ficar\\u00e1 oficialmente no centro de S\\u00e3o Paulo | Encontra Centro SP\",\"headline\":\"Governo muda a sede e agora ficar\\u00e1 oficialmente no centro de S\\u00e3o Paulo\",\"author\":{\"@id\":\"https:\\\/\\\/www.encontracentrosaopaulo.com.br\\\/sobre\\\/author\\\/ecentrosaopaulo\\\/#author\"},\"publisher\":{\"@id\":\"https:\\\/\\\/www.encontracentrosaopaulo.com.br\\\/sobre\\\/#organization\"},\"image\":{\"@type\":\"ImageObject\",\"url\":\"https:\\\/\\\/www.encontracentrosaopaulo.com.br\\\/sobre\\\/wp-content\\\/uploads\\\/governo-muda-a-sede-e-agora-ficara-oficialmente-no-centro-de-sao-paulo.webp\",\"width\":280,\"height\":280,\"caption\":\"mudan\\u00e7a da sede do Governo de S\\u00e3o Paulo\"},\"datePublished\":\"2026-04-01T14:41:22-03:00\",\"dateModified\":\"2026-04-01T14:41:22-03:00\",\"inLanguage\":\"pt-BR\",\"mainEntityOfPage\":{\"@id\":\"https:\\\/\\\/www.encontracentrosaopaulo.com.br\\\/sobre\\\/governo-muda-a-sede-e-agora-ficara-oficialmente-no-centro-de-sao-paulo\\\/#webpage\"},\"isPartOf\":{\"@id\":\"https:\\\/\\\/www.encontracentrosaopaulo.com.br\\\/sobre\\\/governo-muda-a-sede-e-agora-ficara-oficialmente-no-centro-de-sao-paulo\\\/#webpage\"},\"articleSection\":\"Not\\u00edcias Centro SP\"},{\"@type\":\"BreadcrumbList\",\"@id\":\"https:\\\/\\\/www.encontracentrosaopaulo.com.br\\\/sobre\\\/governo-muda-a-sede-e-agora-ficara-oficialmente-no-centro-de-sao-paulo\\\/#breadcrumblist\",\"itemListElement\":[{\"@type\":\"ListItem\",\"@id\":\"https:\\\/\\\/www.encontracentrosaopaulo.com.br\\\/sobre#listItem\",\"position\":1,\"name\":\"In\\u00edcio\",\"item\":\"https:\\\/\\\/www.encontracentrosaopaulo.com.br\\\/sobre\",\"nextItem\":{\"@type\":\"ListItem\",\"@id\":\"https:\\\/\\\/www.encontracentrosaopaulo.com.br\\\/sobre\\\/noticias-no-centro-sp\\\/#listItem\",\"name\":\"Not\\u00edcias Centro SP\"}},{\"@type\":\"ListItem\",\"@id\":\"https:\\\/\\\/www.encontracentrosaopaulo.com.br\\\/sobre\\\/noticias-no-centro-sp\\\/#listItem\",\"position\":2,\"name\":\"Not\\u00edcias Centro SP\",\"item\":\"https:\\\/\\\/www.encontracentrosaopaulo.com.br\\\/sobre\\\/noticias-no-centro-sp\\\/\",\"nextItem\":{\"@type\":\"ListItem\",\"@id\":\"https:\\\/\\\/www.encontracentrosaopaulo.com.br\\\/sobre\\\/governo-muda-a-sede-e-agora-ficara-oficialmente-no-centro-de-sao-paulo\\\/#listItem\",\"name\":\"Governo muda a sede e agora ficar\\u00e1 oficialmente no centro de S\\u00e3o Paulo\"},\"previousItem\":{\"@type\":\"ListItem\",\"@id\":\"https:\\\/\\\/www.encontracentrosaopaulo.com.br\\\/sobre#listItem\",\"name\":\"In\\u00edcio\"}},{\"@type\":\"ListItem\",\"@id\":\"https:\\\/\\\/www.encontracentrosaopaulo.com.br\\\/sobre\\\/governo-muda-a-sede-e-agora-ficara-oficialmente-no-centro-de-sao-paulo\\\/#listItem\",\"position\":3,\"name\":\"Governo muda a sede e agora ficar\\u00e1 oficialmente no centro de S\\u00e3o Paulo\",\"previousItem\":{\"@type\":\"ListItem\",\"@id\":\"https:\\\/\\\/www.encontracentrosaopaulo.com.br\\\/sobre\\\/noticias-no-centro-sp\\\/#listItem\",\"name\":\"Not\\u00edcias Centro SP\"}}]},{\"@type\":\"Organization\",\"@id\":\"https:\\\/\\\/www.encontracentrosaopaulo.com.br\\\/sobre\\\/#organization\",\"name\":\"Encontra Centro SP\",\"description\":\"Not\\u00edcias, eventos, informa\\u00e7\\u00f5es e dicas na cidade de Centro SP e regi\\u00e3o.\",\"url\":\"https:\\\/\\\/www.encontracentrosaopaulo.com.br\\\/sobre\\\/\"},{\"@type\":\"Person\",\"@id\":\"https:\\\/\\\/www.encontracentrosaopaulo.com.br\\\/sobre\\\/author\\\/ecentrosaopaulo\\\/#author\",\"url\":\"https:\\\/\\\/www.encontracentrosaopaulo.com.br\\\/sobre\\\/author\\\/ecentrosaopaulo\\\/\",\"name\":\"Encontra Centro SP\",\"image\":{\"@type\":\"ImageObject\",\"@id\":\"https:\\\/\\\/www.encontracentrosaopaulo.com.br\\\/sobre\\\/governo-muda-a-sede-e-agora-ficara-oficialmente-no-centro-de-sao-paulo\\\/#authorImage\",\"url\":\"https:\\\/\\\/secure.gravatar.com\\\/avatar\\\/507340682b8270222e1f208e23198b6ae7e2c6a1033ae84e99bc6bce4f82a387?s=96&d=mm&r=g\",\"width\":96,\"height\":96,\"caption\":\"Encontra Centro SP\"}},{\"@type\":\"WebPage\",\"@id\":\"https:\\\/\\\/www.encontracentrosaopaulo.com.br\\\/sobre\\\/governo-muda-a-sede-e-agora-ficara-oficialmente-no-centro-de-sao-paulo\\\/#webpage\",\"url\":\"https:\\\/\\\/www.encontracentrosaopaulo.com.br\\\/sobre\\\/governo-muda-a-sede-e-agora-ficara-oficialmente-no-centro-de-sao-paulo\\\/\",\"name\":\"Governo muda a sede e agora ficar\\u00e1 oficialmente no centro de S\\u00e3o Paulo | Encontra Centro SP\",\"description\":\"Governo de SP muda sua sede para o centro, impactando a cidade.\",\"inLanguage\":\"pt-BR\",\"isPartOf\":{\"@id\":\"https:\\\/\\\/www.encontracentrosaopaulo.com.br\\\/sobre\\\/#website\"},\"breadcrumb\":{\"@id\":\"https:\\\/\\\/www.encontracentrosaopaulo.com.br\\\/sobre\\\/governo-muda-a-sede-e-agora-ficara-oficialmente-no-centro-de-sao-paulo\\\/#breadcrumblist\"},\"author\":{\"@id\":\"https:\\\/\\\/www.encontracentrosaopaulo.com.br\\\/sobre\\\/author\\\/ecentrosaopaulo\\\/#author\"},\"creator\":{\"@id\":\"https:\\\/\\\/www.encontracentrosaopaulo.com.br\\\/sobre\\\/author\\\/ecentrosaopaulo\\\/#author\"},\"image\":{\"@type\":\"ImageObject\",\"url\":\"https:\\\/\\\/www.encontracentrosaopaulo.com.br\\\/sobre\\\/wp-content\\\/uploads\\\/governo-muda-a-sede-e-agora-ficara-oficialmente-no-centro-de-sao-paulo.webp\",\"@id\":\"https:\\\/\\\/www.encontracentrosaopaulo.com.br\\\/sobre\\\/governo-muda-a-sede-e-agora-ficara-oficialmente-no-centro-de-sao-paulo\\\/#mainImage\",\"width\":280,\"height\":280,\"caption\":\"mudan\\u00e7a da sede do Governo de S\\u00e3o Paulo\"},\"primaryImageOfPage\":{\"@id\":\"https:\\\/\\\/www.encontracentrosaopaulo.com.br\\\/sobre\\\/governo-muda-a-sede-e-agora-ficara-oficialmente-no-centro-de-sao-paulo\\\/#mainImage\"},\"datePublished\":\"2026-04-01T14:41:22-03:00\",\"dateModified\":\"2026-04-01T14:41:22-03:00\"},{\"@type\":\"WebSite\",\"@id\":\"https:\\\/\\\/www.encontracentrosaopaulo.com.br\\\/sobre\\\/#website\",\"url\":\"https:\\\/\\\/www.encontracentrosaopaulo.com.br\\\/sobre\\\/\",\"name\":\"Encontra Centro SP\",\"description\":\"Not\\u00edcias, eventos, informa\\u00e7\\u00f5es e dicas na cidade de Centro SP e regi\\u00e3o.\",\"inLanguage\":\"pt-BR\",\"publisher\":{\"@id\":\"https:\\\/\\\/www.encontracentrosaopaulo.com.br\\\/sobre\\\/#organization\"}}]}\n\t\t<\/script>\n\t\t<!-- All in One SEO -->\n\n","aioseo_head_json":{"title":"Governo muda a sede e agora ficar\u00e1 oficialmente no centro de S\u00e3o Paulo | Encontra Centro SP","description":"Governo de SP muda sua sede para o centro, impactando a cidade.","canonical_url":"https:\/\/www.encontracentrosaopaulo.com.br\/sobre\/governo-muda-a-sede-e-agora-ficara-oficialmente-no-centro-de-sao-paulo\/","robots":"max-image-preview:large","keywords":"","webmasterTools":{"miscellaneous":""},"schema":{"@context":"https:\/\/schema.org","@graph":[{"@type":"Article","@id":"https:\/\/www.encontracentrosaopaulo.com.br\/sobre\/governo-muda-a-sede-e-agora-ficara-oficialmente-no-centro-de-sao-paulo\/#article","name":"Governo muda a sede e agora ficar\u00e1 oficialmente no centro de S\u00e3o Paulo | Encontra Centro SP","headline":"Governo muda a sede e agora ficar\u00e1 oficialmente no centro de S\u00e3o Paulo","author":{"@id":"https:\/\/www.encontracentrosaopaulo.com.br\/sobre\/author\/ecentrosaopaulo\/#author"},"publisher":{"@id":"https:\/\/www.encontracentrosaopaulo.com.br\/sobre\/#organization"},"image":{"@type":"ImageObject","url":"https:\/\/www.encontracentrosaopaulo.com.br\/sobre\/wp-content\/uploads\/governo-muda-a-sede-e-agora-ficara-oficialmente-no-centro-de-sao-paulo.webp","width":280,"height":280,"caption":"mudan\u00e7a da sede do Governo de S\u00e3o Paulo"},"datePublished":"2026-04-01T14:41:22-03:00","dateModified":"2026-04-01T14:41:22-03:00","inLanguage":"pt-BR","mainEntityOfPage":{"@id":"https:\/\/www.encontracentrosaopaulo.com.br\/sobre\/governo-muda-a-sede-e-agora-ficara-oficialmente-no-centro-de-sao-paulo\/#webpage"},"isPartOf":{"@id":"https:\/\/www.encontracentrosaopaulo.com.br\/sobre\/governo-muda-a-sede-e-agora-ficara-oficialmente-no-centro-de-sao-paulo\/#webpage"},"articleSection":"Not\u00edcias Centro SP"},{"@type":"BreadcrumbList","@id":"https:\/\/www.encontracentrosaopaulo.com.br\/sobre\/governo-muda-a-sede-e-agora-ficara-oficialmente-no-centro-de-sao-paulo\/#breadcrumblist","itemListElement":[{"@type":"ListItem","@id":"https:\/\/www.encontracentrosaopaulo.com.br\/sobre#listItem","position":1,"name":"In\u00edcio","item":"https:\/\/www.encontracentrosaopaulo.com.br\/sobre","nextItem":{"@type":"ListItem","@id":"https:\/\/www.encontracentrosaopaulo.com.br\/sobre\/noticias-no-centro-sp\/#listItem","name":"Not\u00edcias Centro SP"}},{"@type":"ListItem","@id":"https:\/\/www.encontracentrosaopaulo.com.br\/sobre\/noticias-no-centro-sp\/#listItem","position":2,"name":"Not\u00edcias Centro SP","item":"https:\/\/www.encontracentrosaopaulo.com.br\/sobre\/noticias-no-centro-sp\/","nextItem":{"@type":"ListItem","@id":"https:\/\/www.encontracentrosaopaulo.com.br\/sobre\/governo-muda-a-sede-e-agora-ficara-oficialmente-no-centro-de-sao-paulo\/#listItem","name":"Governo muda a sede e agora ficar\u00e1 oficialmente no centro de S\u00e3o Paulo"},"previousItem":{"@type":"ListItem","@id":"https:\/\/www.encontracentrosaopaulo.com.br\/sobre#listItem","name":"In\u00edcio"}},{"@type":"ListItem","@id":"https:\/\/www.encontracentrosaopaulo.com.br\/sobre\/governo-muda-a-sede-e-agora-ficara-oficialmente-no-centro-de-sao-paulo\/#listItem","position":3,"name":"Governo muda a sede e agora ficar\u00e1 oficialmente no centro de S\u00e3o Paulo","previousItem":{"@type":"ListItem","@id":"https:\/\/www.encontracentrosaopaulo.com.br\/sobre\/noticias-no-centro-sp\/#listItem","name":"Not\u00edcias Centro SP"}}]},{"@type":"Organization","@id":"https:\/\/www.encontracentrosaopaulo.com.br\/sobre\/#organization","name":"Encontra Centro SP","description":"Not\u00edcias, eventos, informa\u00e7\u00f5es e dicas na cidade de Centro SP e regi\u00e3o.","url":"https:\/\/www.encontracentrosaopaulo.com.br\/sobre\/"},{"@type":"Person","@id":"https:\/\/www.encontracentrosaopaulo.com.br\/sobre\/author\/ecentrosaopaulo\/#author","url":"https:\/\/www.encontracentrosaopaulo.com.br\/sobre\/author\/ecentrosaopaulo\/","name":"Encontra Centro SP","image":{"@type":"ImageObject","@id":"https:\/\/www.encontracentrosaopaulo.com.br\/sobre\/governo-muda-a-sede-e-agora-ficara-oficialmente-no-centro-de-sao-paulo\/#authorImage","url":"https:\/\/secure.gravatar.com\/avatar\/507340682b8270222e1f208e23198b6ae7e2c6a1033ae84e99bc6bce4f82a387?s=96&d=mm&r=g","width":96,"height":96,"caption":"Encontra Centro SP"}},{"@type":"WebPage","@id":"https:\/\/www.encontracentrosaopaulo.com.br\/sobre\/governo-muda-a-sede-e-agora-ficara-oficialmente-no-centro-de-sao-paulo\/#webpage","url":"https:\/\/www.encontracentrosaopaulo.com.br\/sobre\/governo-muda-a-sede-e-agora-ficara-oficialmente-no-centro-de-sao-paulo\/","name":"Governo muda a sede e agora ficar\u00e1 oficialmente no centro de S\u00e3o Paulo | Encontra Centro SP","description":"Governo de SP muda sua sede para o centro, impactando a cidade.","inLanguage":"pt-BR","isPartOf":{"@id":"https:\/\/www.encontracentrosaopaulo.com.br\/sobre\/#website"},"breadcrumb":{"@id":"https:\/\/www.encontracentrosaopaulo.com.br\/sobre\/governo-muda-a-sede-e-agora-ficara-oficialmente-no-centro-de-sao-paulo\/#breadcrumblist"},"author":{"@id":"https:\/\/www.encontracentrosaopaulo.com.br\/sobre\/author\/ecentrosaopaulo\/#author"},"creator":{"@id":"https:\/\/www.encontracentrosaopaulo.com.br\/sobre\/author\/ecentrosaopaulo\/#author"},"image":{"@type":"ImageObject","url":"https:\/\/www.encontracentrosaopaulo.com.br\/sobre\/wp-content\/uploads\/governo-muda-a-sede-e-agora-ficara-oficialmente-no-centro-de-sao-paulo.webp","@id":"https:\/\/www.encontracentrosaopaulo.com.br\/sobre\/governo-muda-a-sede-e-agora-ficara-oficialmente-no-centro-de-sao-paulo\/#mainImage","width":280,"height":280,"caption":"mudan\u00e7a da sede do Governo de S\u00e3o Paulo"},"primaryImageOfPage":{"@id":"https:\/\/www.encontracentrosaopaulo.com.br\/sobre\/governo-muda-a-sede-e-agora-ficara-oficialmente-no-centro-de-sao-paulo\/#mainImage"},"datePublished":"2026-04-01T14:41:22-03:00","dateModified":"2026-04-01T14:41:22-03:00"},{"@type":"WebSite","@id":"https:\/\/www.encontracentrosaopaulo.com.br\/sobre\/#website","url":"https:\/\/www.encontracentrosaopaulo.com.br\/sobre\/","name":"Encontra Centro SP","description":"Not\u00edcias, eventos, informa\u00e7\u00f5es e dicas na cidade de Centro SP e regi\u00e3o.","inLanguage":"pt-BR","publisher":{"@id":"https:\/\/www.encontracentrosaopaulo.com.br\/sobre\/#organization"}}]},"og:locale":"pt_BR","og:site_name":"Encontra Centro SP | Not\u00edcias, eventos, informa\u00e7\u00f5es e dicas na cidade de Centro SP e regi\u00e3o.","og:type":"article","og:title":"Governo muda a sede e agora ficar\u00e1 oficialmente no centro de S\u00e3o Paulo | Encontra Centro SP","og:description":"Governo de SP muda sua sede para o centro, impactando a cidade.","og:url":"https:\/\/www.encontracentrosaopaulo.com.br\/sobre\/governo-muda-a-sede-e-agora-ficara-oficialmente-no-centro-de-sao-paulo\/","article:published_time":"2026-04-01T17:41:22+00:00","article:modified_time":"2026-04-01T17:41:22+00:00","twitter:card":"summary","twitter:title":"Governo muda a sede e agora ficar\u00e1 oficialmente no centro de S\u00e3o Paulo | Encontra Centro SP","twitter:description":"Governo de SP muda sua sede para o centro, impactando a cidade."},"aioseo_meta_data":{"post_id":"6356","title":null,"description":null,"keywords":null,"keyphrases":null,"primary_term":null,"canonical_url":null,"og_title":null,"og_description":null,"og_object_type":"default","og_image_type":"default","og_image_url":null,"og_image_width":null,"og_image_height":null,"og_image_custom_url":null,"og_image_custom_fields":null,"og_video":null,"og_custom_url":null,"og_article_section":null,"og_article_tags":null,"twitter_use_og":false,"twitter_card":"default","twitter_image_type":"default","twitter_image_url":null,"twitter_image_custom_url":null,"twitter_image_custom_fields":null,"twitter_title":null,"twitter_description":null,"schema":{"blockGraphs":[],"customGraphs":[],"default":{"data":{"Article":[],"Course":[],"Dataset":[],"FAQPage":[],"Movie":[],"Person":[],"Product":[],"ProductReview":[],"Car":[],"Recipe":[],"Service":[],"SoftwareApplication":[],"WebPage":[]},"graphName":"Article","isEnabled":true},"graphs":[]},"schema_type":"default","schema_type_options":null,"pillar_content":false,"robots_default":true,"robots_noindex":false,"robots_noarchive":false,"robots_nosnippet":false,"robots_nofollow":false,"robots_noimageindex":false,"robots_noodp":false,"robots_notranslate":false,"robots_max_snippet":null,"robots_max_videopreview":null,"robots_max_imagepreview":"large","priority":null,"frequency":null,"local_seo":null,"breadcrumb_settings":null,"limit_modified_date":false,"ai":null,"created":"2026-04-01 20:25:21","updated":"2026-04-01 20:25:25","seo_analyzer_scan_date":null,"focus_keyword":null,"additional_keywords":null,"truseo_locale":null},"aioseo_breadcrumb":"<div class=\"aioseo-breadcrumbs\"><span class=\"aioseo-breadcrumb\">\n\t\t\t<a href=\"https:\/\/www.encontracentrosaopaulo.com.br\/sobre\" title=\"In\u00edcio\">In\u00edcio<\/a>\n\t\t<\/span><span class=\"aioseo-breadcrumb-separator\">&raquo;<\/span><span class=\"aioseo-breadcrumb\">\n\t\t\t<a href=\"https:\/\/www.encontracentrosaopaulo.com.br\/sobre\/noticias-no-centro-sp\/\" title=\"Not\u00edcias Centro SP\">Not\u00edcias Centro SP<\/a>\n\t\t<\/span><span class=\"aioseo-breadcrumb-separator\">&raquo;<\/span><span class=\"aioseo-breadcrumb\">\n\t\t\tGoverno muda a sede e agora ficar\u00e1 oficialmente no centro de S\u00e3o Paulo\n\t\t<\/span><\/div>","aioseo_breadcrumb_json":[{"label":"In\u00edcio","link":"https:\/\/www.encontracentrosaopaulo.com.br\/sobre"},{"label":"Not\u00edcias Centro SP","link":"https:\/\/www.encontracentrosaopaulo.com.br\/sobre\/noticias-no-centro-sp\/"},{"label":"Governo muda a sede e agora ficar\u00e1 oficialmente no centro de S\u00e3o Paulo","link":"https:\/\/www.encontracentrosaopaulo.com.br\/sobre\/governo-muda-a-sede-e-agora-ficara-oficialmente-no-centro-de-sao-paulo\/"}],"_links":{"self":[{"href":"https:\/\/www.encontracentrosaopaulo.com.br\/sobre\/wp-json\/wp\/v2\/posts\/6356","targetHints":{"allow":["GET"]}}],"collection":[{"href":"https:\/\/www.encontracentrosaopaulo.com.br\/sobre\/wp-json\/wp\/v2\/posts"}],"about":[{"href":"https:\/\/www.encontracentrosaopaulo.com.br\/sobre\/wp-json\/wp\/v2\/types\/post"}],"author":[{"embeddable":true,"href":"https:\/\/www.encontracentrosaopaulo.com.br\/sobre\/wp-json\/wp\/v2\/users\/1"}],"replies":[{"embeddable":true,"href":"https:\/\/www.encontracentrosaopaulo.com.br\/sobre\/wp-json\/wp\/v2\/comments?post=6356"}],"version-history":[{"count":0,"href":"https:\/\/www.encontracentrosaopaulo.com.br\/sobre\/wp-json\/wp\/v2\/posts\/6356\/revisions"}],"wp:featuredmedia":[{"embeddable":true,"href":"https:\/\/www.encontracentrosaopaulo.com.br\/sobre\/wp-json\/wp\/v2\/media\/6355"}],"wp:attachment":[{"href":"https:\/\/www.encontracentrosaopaulo.com.br\/sobre\/wp-json\/wp\/v2\/media?parent=6356"}],"wp:term":[{"taxonomy":"category","embeddable":true,"href":"https:\/\/www.encontracentrosaopaulo.com.br\/sobre\/wp-json\/wp\/v2\/categories?post=6356"},{"taxonomy":"post_tag","embeddable":true,"href":"https:\/\/www.encontracentrosaopaulo.com.br\/sobre\/wp-json\/wp\/v2\/tags?post=6356"}],"curies":[{"name":"wp","href":"https:\/\/api.w.org\/{rel}","templated":true}]}}