{"id":6371,"date":"2026-04-04T14:28:32","date_gmt":"2026-04-04T17:28:32","guid":{"rendered":"https:\/\/www.encontracentrosaopaulo.com.br\/sobre\/prefeitura-de-sao-paulo-da-inicio-a-mais-uma-etapa-do-programa-de-requalificacao-de-calcadas-na-capital\/"},"modified":"2026-04-04T14:28:32","modified_gmt":"2026-04-04T17:28:32","slug":"prefeitura-de-sao-paulo-da-inicio-a-mais-uma-etapa-do-programa-de-requalificacao-de-calcadas-na-capital","status":"publish","type":"post","link":"https:\/\/www.encontracentrosaopaulo.com.br\/sobre\/prefeitura-de-sao-paulo-da-inicio-a-mais-uma-etapa-do-programa-de-requalificacao-de-calcadas-na-capital\/","title":{"rendered":"Prefeitura de S\u00e3o Paulo d\u00e1 in\u00edcio a mais uma etapa do programa de requalifica\u00e7\u00e3o de cal\u00e7adas na capital"},"content":{"rendered":"<div class=\"d6585b5127f45a35450431d0abc3f90c\" data-index=\"1\" style=\"float: none; margin:0px;\">\n<!-- Anuncio display - global -->\r\n<ins class=\"adsbygoogle\"\r\n     style=\"display:block\"\r\n     data-ad-client=\"ca-pub-8585364105181520\"\r\n     data-ad-slot=\"8789329856\"\r\n     data-ad-format=\"auto\"\r\n     data-full-width-responsive=\"true\"><\/ins>\r\n<script>\r\n     (adsbygoogle = window.adsbygoogle || []).push({});\r\n<\/script>\n<\/div>\n<h2>O Que \u00e9 o Programa de Requalifica\u00e7\u00e3o de Cal\u00e7adas?<\/h2>\n<p>O Programa de Requalifica\u00e7\u00e3o de Cal\u00e7adas \u00e9 uma iniciativa da Prefeitura de S\u00e3o Paulo com o intuito de revitalizar a infraestrutura das cal\u00e7adas na cidade. Focado na melhoria das condi\u00e7\u00f5es de circula\u00e7\u00e3o para pedestres, o programa busca garantir acessibilidade, seguran\u00e7a e conforto para todos, especialmente pessoas com defici\u00eancia e mobilidade reduzida. Este programa \u00e9 uma manifesta\u00e7\u00e3o de compromisso com a mobilidade urbana e o bem-estar dos cidad\u00e3os.<\/p>\n<h2>Investimentos e Metas do Programa<\/h2>\n<p>Com um investimento total de R$ 64,8 milh\u00f5es, a etapa atual do programa abrange a requalifica\u00e7\u00e3o de aproximadamente 324 mil metros quadrados de cal\u00e7adas. As interven\u00e7\u00f5es s\u00e3o distribu\u00eddas em 28 lotes, cobrindo todas as regi\u00f5es da cidade ao longo de um per\u00edodo estimado de 12 meses. Desde o in\u00edcio do programa, entre 2021 e 2024, mais de 1 milh\u00e3o de metros quadrados j\u00e1 foram revitalizados, evidenciando o empenho da Prefeitura na melhoria cont\u00ednua da infraestrutura urbana.<\/p>\n<h2>Objetivos da Requalifica\u00e7\u00e3o nas Cal\u00e7adas<\/h2>\n<p>Os principais objetivos da requalifica\u00e7\u00e3o das cal\u00e7adas incluem:<\/p>\n<ul>\n<li><strong>Aumentar a seguran\u00e7a:<\/strong> Minimizar riscos de quedas e acidentes atrav\u00e9s da implementa\u00e7\u00e3o de pisos adequados e rampas.<\/li>\n<li><strong>Promover a acessibilidade:<\/strong> Colocar em pr\u00e1tica solu\u00e7\u00f5es que atendam \u00e0s normas de acessibilidade, facilitando a locomo\u00e7\u00e3o para todos.<\/li>\n<li><strong>Fomentar a mobilidade ativa:<\/strong> Incentivar o uso da caminhada como meio de transporte sustent\u00e1vel.<\/li>\n<li><strong>Aprimorar a est\u00e9tica urbana:<\/strong> Contribuir para a valoriza\u00e7\u00e3o do espa\u00e7o p\u00fablico com cal\u00e7adas mais organizadas e agrad\u00e1veis.<\/li>\n<\/ul>\n<h2>Vantagens da Infraestrutura Acess\u00edvel<\/h2>\n<p>A melhoria da infraestrutura das cal\u00e7adas traz diversas vantagens para a sociedade, tais como:<\/p>\n<ul>\n<li><strong>Inclus\u00e3o social:<\/strong> Cal\u00e7adas bem projetadas promovem uma cidade mais inclusiva, onde todos t\u00eam acesso facilitado aos espa\u00e7os p\u00fablicos.<\/li>\n<li><strong>Redu\u00e7\u00e3o de acidentes:<\/strong> Com melhorias nas cal\u00e7adas, os \u00edndices de acidentes envolvendo pedestres tender\u00e3o a diminuir, aumentando a seguran\u00e7a urbana.<\/li>\n<li><strong>Qualidade de vida:<\/strong> Cidad\u00e3os que podem transitar de forma segura e confort\u00e1vel em suas caminhadas desfrutam de uma qualidade de vida superior.<\/li>\n<\/ul>\n<h2>Detalhes das Interven\u00e7\u00f5es em 2026<\/h2>\n<p>Os trabalhos em andamento incluem diversas interven\u00e7\u00f5es estrat\u00e9gicas, como a requalifica\u00e7\u00e3o da Estrada de Itapecerica. Este trecho, que liga \u00e1reas de grande circula\u00e7\u00e3o como escolas e unidades de sa\u00fade, ser\u00e1 revitalizado em um espa\u00e7o de 650 m\u00b2, com um investimento de cerca de R$ 176.000,00. As obras s\u00e3o criteriosamente planejadas para atender \u00e0s necessidades da comunidade local e maximizar a seguran\u00e7a e o acesso.<\/p>\n<h2>Impacto na Mobilidade Pedestre<\/h2>\n<p>A requalifica\u00e7\u00e3o das cal\u00e7adas ter\u00e1 um impacto significativo nas condi\u00e7\u00f5es de mobilidade pedestre. Dados da Companhia de Engenharia de Tr\u00e1fego (CET) mostram que muitos deslocamentos na cidade s\u00e3o feitos a p\u00e9, especialmente em trechos curtos conectados ao transporte p\u00fablico. Com cal\u00e7adas mais seguras e acess\u00edveis, promove-se o aumento das caminhadas, contribuindo para uma cidade mais saud\u00e1vel e sustent\u00e1vel.<\/p>\n<h2>Como as Cal\u00e7adas Requalificadas Melhoram a Cidade<\/h2>\n<p>Cal\u00e7adas em boas condi\u00e7\u00f5es n\u00e3o s\u00f3 melhoram a acessibilidade, mas tamb\u00e9m tornam a cidade mais agrad\u00e1vel. Espa\u00e7os p\u00fablicos bem cuidados atraem mais pessoas, fomentando o conv\u00edvio social e atividades comerciais. Al\u00e9m disso, uma cal\u00e7ada revitalizada se traduz em mais seguran\u00e7a e conforto para todos os usu\u00e1rios, sejam eles pedestres, ciclistas ou motoristas.<\/p>\n<h2>Dados sobre Acessibilidade e Transporte P\u00fablico<\/h2>\n<p>De acordo com o IBGE, cerca de 8,4% da popula\u00e7\u00e3o brasileira possui algum tipo de defici\u00eancia, tornando essencial a cria\u00e7\u00e3o de uma infraestrutura urbana que atenda a essas demandas. A interliga\u00e7\u00e3o entre cal\u00e7adas de qualidade e pontos de transporte p\u00fablico \u00e9 vital para facilitar a mobilidade e independ\u00eancia dessas pessoas.<\/p>\n<h2>Como O Programa Afeta Comunidades Locais<\/h2>\n<p>As interven\u00e7\u00f5es realizadas pelo Programa de Requalifica\u00e7\u00e3o de Cal\u00e7adas impactam positivamente as comunidades locais ao proporcionar um ambiente mais seguro e acess\u00edvel. A revitaliza\u00e7\u00e3o das cal\u00e7adas contribui para o aumento do fluxo de pedestres, fomentando o com\u00e9rcio local e promovendo um maior envolvimento social entre os moradores.<\/p>\n<h2>Vis\u00e3o Geral da Execu\u00e7\u00e3o do Projeto<\/h2>\n<p>A execu\u00e7\u00e3o do programa segue diretrizes estabelecidas para garantir que todos os crit\u00e9rios de qualidade s\u00e3o atendidos. Normas da ABNT (NBR 9050) s\u00e3o seguidas rigorosamente para assegurar acessibilidade e seguran\u00e7a. A presen\u00e7a de piso t\u00e1til, rampas e sinaliza\u00e7\u00e3o adequada s\u00e3o algumas das implementa\u00e7\u00f5es previstas. Al\u00e9m disso, as obras s\u00e3o acompanhadas pela Secretaria Municipal das Subprefeituras que realiza licita\u00e7\u00f5es para contrata\u00e7\u00e3o dos servi\u00e7os, garantindo transpar\u00eancia e efici\u00eancia nas obras.<\/p>\n\n<div style=\"font-size: 0px; height: 0px; line-height: 0px; margin: 0; padding: 0; clear: both;\"><\/div>","protected":false},"excerpt":{"rendered":"<p>Requalifica\u00e7\u00e3o de cal\u00e7adas em S\u00e3o Paulo traz melhorias significativas para a mobilidade urbana.<\/p>\n","protected":false},"author":1,"featured_media":0,"comment_status":"open","ping_status":"closed","sticky":false,"template":"","format":"standard","meta":{"footnotes":""},"categories":[38],"tags":[],"class_list":["post-6371","post","type-post","status-publish","format-standard","hentry","category-construcao-no-centro-sp"],"aioseo_notices":[],"_links":{"self":[{"href":"https:\/\/www.encontracentrosaopaulo.com.br\/sobre\/wp-json\/wp\/v2\/posts\/6371","targetHints":{"allow":["GET"]}}],"collection":[{"href":"https:\/\/www.encontracentrosaopaulo.com.br\/sobre\/wp-json\/wp\/v2\/posts"}],"about":[{"href":"https:\/\/www.encontracentrosaopaulo.com.br\/sobre\/wp-json\/wp\/v2\/types\/post"}],"author":[{"embeddable":true,"href":"https:\/\/www.encontracentrosaopaulo.com.br\/sobre\/wp-json\/wp\/v2\/users\/1"}],"replies":[{"embeddable":true,"href":"https:\/\/www.encontracentrosaopaulo.com.br\/sobre\/wp-json\/wp\/v2\/comments?post=6371"}],"version-history":[{"count":0,"href":"https:\/\/www.encontracentrosaopaulo.com.br\/sobre\/wp-json\/wp\/v2\/posts\/6371\/revisions"}],"wp:attachment":[{"href":"https:\/\/www.encontracentrosaopaulo.com.br\/sobre\/wp-json\/wp\/v2\/media?parent=6371"}],"wp:term":[{"taxonomy":"category","embeddable":true,"href":"https:\/\/www.encontracentrosaopaulo.com.br\/sobre\/wp-json\/wp\/v2\/categories?post=6371"},{"taxonomy":"post_tag","embeddable":true,"href":"https:\/\/www.encontracentrosaopaulo.com.br\/sobre\/wp-json\/wp\/v2\/tags?post=6371"}],"curies":[{"name":"wp","href":"https:\/\/api.w.org\/{rel}","templated":true}]}}