{"id":6381,"date":"2026-04-06T14:18:19","date_gmt":"2026-04-06T17:18:19","guid":{"rendered":"https:\/\/www.encontracentrosaopaulo.com.br\/sobre\/rua-paim-volta-a-ficar-sem-energia-em-sp-e-falha-na-rede-afeta-comerciantes\/"},"modified":"2026-04-06T14:18:19","modified_gmt":"2026-04-06T17:18:19","slug":"rua-paim-volta-a-ficar-sem-energia-em-sp-e-falha-na-rede-afeta-comerciantes","status":"publish","type":"post","link":"https:\/\/www.encontracentrosaopaulo.com.br\/sobre\/rua-paim-volta-a-ficar-sem-energia-em-sp-e-falha-na-rede-afeta-comerciantes\/","title":{"rendered":"Rua Paim volta a ficar sem energia em SP e falha na rede afeta comerciantes"},"content":{"rendered":"<div class=\"d6585b5127f45a35450431d0abc3f90c\" data-index=\"1\" style=\"float: none; margin:0px;\">\n<!-- Anuncio display - global -->\r\n<ins class=\"adsbygoogle\"\r\n     style=\"display:block\"\r\n     data-ad-client=\"ca-pub-8585364105181520\"\r\n     data-ad-slot=\"8789329856\"\r\n     data-ad-format=\"auto\"\r\n     data-full-width-responsive=\"true\"><\/ins>\r\n<script>\r\n     (adsbygoogle = window.adsbygoogle || []).push({});\r\n<\/script>\n<\/div>\n<h2>A Rua Paim e a Recorrente Falta de Energia<\/h2>\n<p>A Rua Paim, localizada na Bela Vista em S\u00e3o Paulo, voltou a sofrer interrup\u00e7\u00f5es no fornecimento de energia el\u00e9trica na \u00faltima quarta-feira (18). O problema foi atribu\u00eddo a falhas na rede el\u00e9trica, que, devido \u00e0 sua infraestrutura subterr\u00e2nea, complicam as opera\u00e7\u00f5es de manuten\u00e7\u00e3o das equipes da <strong>Enel<\/strong>.<\/p>\n<h2>Impactos Diretos nos Neg\u00f3cios da Rua Paim<\/h2>\n<p>Esse desabastecimento afeta n\u00e3o apenas a vida cotidiana dos moradores, mas prejudica, de maneira significativa, os comerciantes da regi\u00e3o. V\u00e1rios estabelecimentos permanecem sem energia, for\u00e7ando-os a adotar solu\u00e7\u00f5es tempor\u00e1rias ou at\u00e9 mesmo fechar as portas, resultando em perdas financeiras consider\u00e1veis.<\/p>\n<h2>Reclama\u00e7\u00f5es de Clientes e Comerciantes<\/h2>\n<p>Os relatos de comerciantes que enfrentam a situa\u00e7\u00e3o s\u00e3o alarmantes. Um barbeiro local, Matheus Aparecido, relatou que foi obrigado a atender clientes na cal\u00e7ada devido \u00e0 falta de energia el\u00e9trica dentro do seu estabelecimento. &#8220;Ficar sem luz \u00e9 bem complicado, e isso afeta o atendimento aos clientes&#8221;, afirmou.<\/p>\n<p><img decoding=\"async\" src=\"https:\/\/www.encontracentrosaopaulo.com.br\/sobre\/wp-content\/uploads\/rua-paim-volta-a-ficar-sem-energia-em-sp-e-falha-na-rede-afeta-comerciantes.webp\" alt=\"Rua Paim energia S\u00e3o Paulo\" loading=\"lazy\" \/><\/p>\n<p>Outro comerciante, Jos\u00e9 Oliveira, teve que comprar gelo para evitar a perda de mercadorias, pois a falta de energia frequente j\u00e1 havia causado perdas em produtos anteriormente. Ele ressalta a necessidade de ter um gerador em funcionamento, mas teme a falta de garantias quanto \u00e0 regularidade no fornecimento de energia.<\/p>\n<h2>O Papel da Enel na Crise de Energia<\/h2>\n<p>Esse problema de fornecimento de energia n\u00e3o \u00e9 isolado. No m\u00eas passado, a Rua Paim e a Avenida Avanhandava enfrentaram uma interrup\u00e7\u00e3o que durou 48 horas, afetando mais de 20 mil clientes. \u00c0 \u00e9poca, a Enel foi fortemente criticada por suas respostas lentas e pela falta de um plano claro de recupera\u00e7\u00e3o dos servi\u00e7os.<\/p>\n<h2>Hist\u00f3rico de Falhas no Fornecimento El\u00e9trico<\/h2>\n<p>Os problemas de energia na Rua Paim n\u00e3o s\u00e3o novos. Existe um hist\u00f3rico de interrup\u00e7\u00f5es frequentes e prolongadas, que levantaram quest\u00f5es sobre a efic\u00e1cia e a capacidade da Enel em gerenciar a infraestrutura el\u00e9trica na regi\u00e3o. Residentes e comerciantes t\u00eam se reunido para discutir esses problemas e buscar solu\u00e7\u00f5es mais efetivas.<\/p>\n<h2>O Desastre da Manuten\u00e7\u00e3o da Rede A\u00e9rea<\/h2>\n<p>A quest\u00e3o se complica pelo fato de que grande parte da rede el\u00e9trica, embora enterrada, demanda uma manuten\u00e7\u00e3o complexa e demorada. A interdepend\u00eancia de equipamentos e a localiza\u00e7\u00e3o subterr\u00e2nea dificultam a identifica\u00e7\u00e3o r\u00e1pida de falhas.<\/p>\n<h2>Consequ\u00eancias Financeiras para os Comerciais<\/h2>\n<p>A falta de energia el\u00e9trica implica em perdas financeiras para os comerciantes. As vendas diminuem significativamente em dias de ocorr\u00eancias como esta, onde a energia \u00e9 vital para o funcionamento de equipamentos essenciais.<\/p>\n<h2>An\u00e1lises sobre a Infraestrutura El\u00e9trica<\/h2>\n<p>\u00c9 evidente que a infraestrutura el\u00e9trica atual n\u00e3o atende adequadamente as necessidades dos habitantes e empres\u00e1rios da Rua Paim. Um estudo mais detalhado sobre as condi\u00e7\u00f5es da rede \u00e9 necess\u00e1rio para propor a execu\u00e7\u00e3o de melhorias que garantam maior confiabilidade no fornecimento de energia.<\/p>\n<h2>A Import\u00e2ncia da Estabilidade Energ\u00e9tica<\/h2>\n<p>Manter a estabilidade energ\u00e9tica \u00e9 crucial para a sobreviv\u00eancia dos pequenos neg\u00f3cios. Contudo, a frequ\u00eancia das interrup\u00e7\u00f5es est\u00e1 criando um clima de inseguran\u00e7a e insatisfa\u00e7\u00e3o entre os comerciantes e a popula\u00e7\u00e3o local.<\/p>\n<h2>Futuro do Contrato da Enel em Debate<\/h2>\n<p>A situa\u00e7\u00e3o atual ocorre em um contexto de discuss\u00f5es sobre a renova\u00e7\u00e3o ou caducidade do contrato da Enel. A concession\u00e1ria j\u00e1 recorreu \u00e0 Justi\u00e7a Federal em um esfor\u00e7o para suspender a avalia\u00e7\u00e3o da sua performance, alegando falta de oportunidade para defesa e contradit\u00f3rio.<\/p>\n<h2>Considera\u00e7\u00f5es Finais<\/h2>\n<p>A crise de energia na Rua Paim ilustra uma s\u00e9rie de desafios que afetam diretamente a vida dos moradores e a rentabilidade dos comerciantes locais. Com a situa\u00e7\u00e3o indefinida e sem solu\u00e7\u00f5es concretas \u00e0 vista, a comunidade permanece em alerta, aguardando a\u00e7\u00f5es eficazes da Enel e das autoridades pertinentes.<\/p>\n\n<div style=\"font-size: 0px; height: 0px; line-height: 0px; margin: 0; padding: 0; clear: both;\"><\/div>","protected":false},"excerpt":{"rendered":"<p>Rua Paim em SP enfrenta mais uma falha na energia, afetando comerciantes e clientes.<\/p>\n","protected":false},"author":1,"featured_media":6380,"comment_status":"open","ping_status":"closed","sticky":false,"template":"","format":"standard","meta":{"footnotes":""},"categories":[6],"tags":[],"class_list":["post-6381","post","type-post","status-publish","format-standard","has-post-thumbnail","hentry","category-noticias-no-centro-sp","has_thumb"],"aioseo_notices":[],"aioseo_head":"\n\t\t<!-- All in One SEO 5.0.0.1 - aioseo.com -->\n\t<meta name=\"description\" content=\"Rua Paim em SP enfrenta mais uma falha na energia, afetando comerciantes e clientes.\" \/>\n\t<meta name=\"robots\" content=\"max-image-preview:large\" \/>\n\t<meta name=\"author\" content=\"Encontra Centro SP\"\/>\n\t<link rel=\"canonical\" href=\"https:\/\/www.encontracentrosaopaulo.com.br\/sobre\/rua-paim-volta-a-ficar-sem-energia-em-sp-e-falha-na-rede-afeta-comerciantes\/\" \/>\n\t<meta name=\"generator\" content=\"All in One SEO (AIOSEO) 5.0.0.1\" \/>\n\t\t<meta property=\"og:locale\" content=\"pt_BR\" \/>\n\t\t<meta property=\"og:site_name\" content=\"Encontra Centro SP | Not\u00edcias, eventos, informa\u00e7\u00f5es e dicas na cidade de Centro SP e regi\u00e3o.\" \/>\n\t\t<meta property=\"og:type\" content=\"article\" \/>\n\t\t<meta property=\"og:title\" content=\"Rua Paim volta a ficar sem energia em SP e falha na rede afeta comerciantes | Encontra Centro SP\" \/>\n\t\t<meta property=\"og:description\" content=\"Rua Paim em SP enfrenta mais uma falha na energia, afetando comerciantes e clientes.\" \/>\n\t\t<meta property=\"og:url\" content=\"https:\/\/www.encontracentrosaopaulo.com.br\/sobre\/rua-paim-volta-a-ficar-sem-energia-em-sp-e-falha-na-rede-afeta-comerciantes\/\" \/>\n\t\t<meta property=\"article:published_time\" content=\"2026-04-06T17:18:19+00:00\" \/>\n\t\t<meta property=\"article:modified_time\" content=\"2026-04-06T17:18:19+00:00\" \/>\n\t\t<meta name=\"twitter:card\" content=\"summary\" \/>\n\t\t<meta name=\"twitter:title\" content=\"Rua Paim volta a ficar sem energia em SP e falha na rede afeta comerciantes | Encontra Centro SP\" \/>\n\t\t<meta name=\"twitter:description\" content=\"Rua Paim em SP enfrenta mais uma falha na energia, afetando comerciantes e clientes.\" \/>\n\t\t<script type=\"application\/ld+json\" class=\"aioseo-schema\">\n\t\t\t{\"@context\":\"https:\\\/\\\/schema.org\",\"@graph\":[{\"@type\":\"Article\",\"@id\":\"https:\\\/\\\/www.encontracentrosaopaulo.com.br\\\/sobre\\\/rua-paim-volta-a-ficar-sem-energia-em-sp-e-falha-na-rede-afeta-comerciantes\\\/#article\",\"name\":\"Rua Paim volta a ficar sem energia em SP e falha na rede afeta comerciantes | Encontra Centro SP\",\"headline\":\"Rua Paim volta a ficar sem energia em SP e falha na rede afeta comerciantes\",\"author\":{\"@id\":\"https:\\\/\\\/www.encontracentrosaopaulo.com.br\\\/sobre\\\/author\\\/ecentrosaopaulo\\\/#author\"},\"publisher\":{\"@id\":\"https:\\\/\\\/www.encontracentrosaopaulo.com.br\\\/sobre\\\/#organization\"},\"image\":{\"@type\":\"ImageObject\",\"url\":\"https:\\\/\\\/www.encontracentrosaopaulo.com.br\\\/sobre\\\/wp-content\\\/uploads\\\/rua-paim-volta-a-ficar-sem-energia-em-sp-e-falha-na-rede-afeta-comerciantes.webp\",\"width\":280,\"height\":280,\"caption\":\"Rua Paim energia S\\u00e3o Paulo\"},\"datePublished\":\"2026-04-06T14:18:19-03:00\",\"dateModified\":\"2026-04-06T14:18:19-03:00\",\"inLanguage\":\"pt-BR\",\"mainEntityOfPage\":{\"@id\":\"https:\\\/\\\/www.encontracentrosaopaulo.com.br\\\/sobre\\\/rua-paim-volta-a-ficar-sem-energia-em-sp-e-falha-na-rede-afeta-comerciantes\\\/#webpage\"},\"isPartOf\":{\"@id\":\"https:\\\/\\\/www.encontracentrosaopaulo.com.br\\\/sobre\\\/rua-paim-volta-a-ficar-sem-energia-em-sp-e-falha-na-rede-afeta-comerciantes\\\/#webpage\"},\"articleSection\":\"Not\\u00edcias Centro SP\"},{\"@type\":\"BreadcrumbList\",\"@id\":\"https:\\\/\\\/www.encontracentrosaopaulo.com.br\\\/sobre\\\/rua-paim-volta-a-ficar-sem-energia-em-sp-e-falha-na-rede-afeta-comerciantes\\\/#breadcrumblist\",\"itemListElement\":[{\"@type\":\"ListItem\",\"@id\":\"https:\\\/\\\/www.encontracentrosaopaulo.com.br\\\/sobre#listItem\",\"position\":1,\"name\":\"In\\u00edcio\",\"item\":\"https:\\\/\\\/www.encontracentrosaopaulo.com.br\\\/sobre\",\"nextItem\":{\"@type\":\"ListItem\",\"@id\":\"https:\\\/\\\/www.encontracentrosaopaulo.com.br\\\/sobre\\\/noticias-no-centro-sp\\\/#listItem\",\"name\":\"Not\\u00edcias Centro SP\"}},{\"@type\":\"ListItem\",\"@id\":\"https:\\\/\\\/www.encontracentrosaopaulo.com.br\\\/sobre\\\/noticias-no-centro-sp\\\/#listItem\",\"position\":2,\"name\":\"Not\\u00edcias Centro SP\",\"item\":\"https:\\\/\\\/www.encontracentrosaopaulo.com.br\\\/sobre\\\/noticias-no-centro-sp\\\/\",\"nextItem\":{\"@type\":\"ListItem\",\"@id\":\"https:\\\/\\\/www.encontracentrosaopaulo.com.br\\\/sobre\\\/rua-paim-volta-a-ficar-sem-energia-em-sp-e-falha-na-rede-afeta-comerciantes\\\/#listItem\",\"name\":\"Rua Paim volta a ficar sem energia em SP e falha na rede afeta comerciantes\"},\"previousItem\":{\"@type\":\"ListItem\",\"@id\":\"https:\\\/\\\/www.encontracentrosaopaulo.com.br\\\/sobre#listItem\",\"name\":\"In\\u00edcio\"}},{\"@type\":\"ListItem\",\"@id\":\"https:\\\/\\\/www.encontracentrosaopaulo.com.br\\\/sobre\\\/rua-paim-volta-a-ficar-sem-energia-em-sp-e-falha-na-rede-afeta-comerciantes\\\/#listItem\",\"position\":3,\"name\":\"Rua Paim volta a ficar sem energia em SP e falha na rede afeta comerciantes\",\"previousItem\":{\"@type\":\"ListItem\",\"@id\":\"https:\\\/\\\/www.encontracentrosaopaulo.com.br\\\/sobre\\\/noticias-no-centro-sp\\\/#listItem\",\"name\":\"Not\\u00edcias Centro SP\"}}]},{\"@type\":\"Organization\",\"@id\":\"https:\\\/\\\/www.encontracentrosaopaulo.com.br\\\/sobre\\\/#organization\",\"name\":\"Encontra Centro SP\",\"description\":\"Not\\u00edcias, eventos, informa\\u00e7\\u00f5es e dicas na cidade de Centro SP e regi\\u00e3o.\",\"url\":\"https:\\\/\\\/www.encontracentrosaopaulo.com.br\\\/sobre\\\/\"},{\"@type\":\"Person\",\"@id\":\"https:\\\/\\\/www.encontracentrosaopaulo.com.br\\\/sobre\\\/author\\\/ecentrosaopaulo\\\/#author\",\"url\":\"https:\\\/\\\/www.encontracentrosaopaulo.com.br\\\/sobre\\\/author\\\/ecentrosaopaulo\\\/\",\"name\":\"Encontra Centro SP\",\"image\":{\"@type\":\"ImageObject\",\"@id\":\"https:\\\/\\\/www.encontracentrosaopaulo.com.br\\\/sobre\\\/rua-paim-volta-a-ficar-sem-energia-em-sp-e-falha-na-rede-afeta-comerciantes\\\/#authorImage\",\"url\":\"https:\\\/\\\/secure.gravatar.com\\\/avatar\\\/507340682b8270222e1f208e23198b6ae7e2c6a1033ae84e99bc6bce4f82a387?s=96&d=mm&r=g\",\"width\":96,\"height\":96,\"caption\":\"Encontra Centro SP\"}},{\"@type\":\"WebPage\",\"@id\":\"https:\\\/\\\/www.encontracentrosaopaulo.com.br\\\/sobre\\\/rua-paim-volta-a-ficar-sem-energia-em-sp-e-falha-na-rede-afeta-comerciantes\\\/#webpage\",\"url\":\"https:\\\/\\\/www.encontracentrosaopaulo.com.br\\\/sobre\\\/rua-paim-volta-a-ficar-sem-energia-em-sp-e-falha-na-rede-afeta-comerciantes\\\/\",\"name\":\"Rua Paim volta a ficar sem energia em SP e falha na rede afeta comerciantes | Encontra Centro SP\",\"description\":\"Rua Paim em SP enfrenta mais uma falha na energia, afetando comerciantes e clientes.\",\"inLanguage\":\"pt-BR\",\"isPartOf\":{\"@id\":\"https:\\\/\\\/www.encontracentrosaopaulo.com.br\\\/sobre\\\/#website\"},\"breadcrumb\":{\"@id\":\"https:\\\/\\\/www.encontracentrosaopaulo.com.br\\\/sobre\\\/rua-paim-volta-a-ficar-sem-energia-em-sp-e-falha-na-rede-afeta-comerciantes\\\/#breadcrumblist\"},\"author\":{\"@id\":\"https:\\\/\\\/www.encontracentrosaopaulo.com.br\\\/sobre\\\/author\\\/ecentrosaopaulo\\\/#author\"},\"creator\":{\"@id\":\"https:\\\/\\\/www.encontracentrosaopaulo.com.br\\\/sobre\\\/author\\\/ecentrosaopaulo\\\/#author\"},\"image\":{\"@type\":\"ImageObject\",\"url\":\"https:\\\/\\\/www.encontracentrosaopaulo.com.br\\\/sobre\\\/wp-content\\\/uploads\\\/rua-paim-volta-a-ficar-sem-energia-em-sp-e-falha-na-rede-afeta-comerciantes.webp\",\"@id\":\"https:\\\/\\\/www.encontracentrosaopaulo.com.br\\\/sobre\\\/rua-paim-volta-a-ficar-sem-energia-em-sp-e-falha-na-rede-afeta-comerciantes\\\/#mainImage\",\"width\":280,\"height\":280,\"caption\":\"Rua Paim energia S\\u00e3o Paulo\"},\"primaryImageOfPage\":{\"@id\":\"https:\\\/\\\/www.encontracentrosaopaulo.com.br\\\/sobre\\\/rua-paim-volta-a-ficar-sem-energia-em-sp-e-falha-na-rede-afeta-comerciantes\\\/#mainImage\"},\"datePublished\":\"2026-04-06T14:18:19-03:00\",\"dateModified\":\"2026-04-06T14:18:19-03:00\"},{\"@type\":\"WebSite\",\"@id\":\"https:\\\/\\\/www.encontracentrosaopaulo.com.br\\\/sobre\\\/#website\",\"url\":\"https:\\\/\\\/www.encontracentrosaopaulo.com.br\\\/sobre\\\/\",\"name\":\"Encontra Centro SP\",\"description\":\"Not\\u00edcias, eventos, informa\\u00e7\\u00f5es e dicas na cidade de Centro SP e regi\\u00e3o.\",\"inLanguage\":\"pt-BR\",\"publisher\":{\"@id\":\"https:\\\/\\\/www.encontracentrosaopaulo.com.br\\\/sobre\\\/#organization\"}}]}\n\t\t<\/script>\n\t\t<!-- All in One SEO -->\n\n","aioseo_head_json":{"title":"Rua Paim volta a ficar sem energia em SP e falha na rede afeta comerciantes | Encontra Centro SP","description":"Rua Paim em SP enfrenta mais uma falha na energia, afetando comerciantes e clientes.","canonical_url":"https:\/\/www.encontracentrosaopaulo.com.br\/sobre\/rua-paim-volta-a-ficar-sem-energia-em-sp-e-falha-na-rede-afeta-comerciantes\/","robots":"max-image-preview:large","keywords":"","webmasterTools":{"miscellaneous":""},"schema":{"@context":"https:\/\/schema.org","@graph":[{"@type":"Article","@id":"https:\/\/www.encontracentrosaopaulo.com.br\/sobre\/rua-paim-volta-a-ficar-sem-energia-em-sp-e-falha-na-rede-afeta-comerciantes\/#article","name":"Rua Paim volta a ficar sem energia em SP e falha na rede afeta comerciantes | Encontra Centro SP","headline":"Rua Paim volta a ficar sem energia em SP e falha na rede afeta comerciantes","author":{"@id":"https:\/\/www.encontracentrosaopaulo.com.br\/sobre\/author\/ecentrosaopaulo\/#author"},"publisher":{"@id":"https:\/\/www.encontracentrosaopaulo.com.br\/sobre\/#organization"},"image":{"@type":"ImageObject","url":"https:\/\/www.encontracentrosaopaulo.com.br\/sobre\/wp-content\/uploads\/rua-paim-volta-a-ficar-sem-energia-em-sp-e-falha-na-rede-afeta-comerciantes.webp","width":280,"height":280,"caption":"Rua Paim energia S\u00e3o Paulo"},"datePublished":"2026-04-06T14:18:19-03:00","dateModified":"2026-04-06T14:18:19-03:00","inLanguage":"pt-BR","mainEntityOfPage":{"@id":"https:\/\/www.encontracentrosaopaulo.com.br\/sobre\/rua-paim-volta-a-ficar-sem-energia-em-sp-e-falha-na-rede-afeta-comerciantes\/#webpage"},"isPartOf":{"@id":"https:\/\/www.encontracentrosaopaulo.com.br\/sobre\/rua-paim-volta-a-ficar-sem-energia-em-sp-e-falha-na-rede-afeta-comerciantes\/#webpage"},"articleSection":"Not\u00edcias Centro SP"},{"@type":"BreadcrumbList","@id":"https:\/\/www.encontracentrosaopaulo.com.br\/sobre\/rua-paim-volta-a-ficar-sem-energia-em-sp-e-falha-na-rede-afeta-comerciantes\/#breadcrumblist","itemListElement":[{"@type":"ListItem","@id":"https:\/\/www.encontracentrosaopaulo.com.br\/sobre#listItem","position":1,"name":"In\u00edcio","item":"https:\/\/www.encontracentrosaopaulo.com.br\/sobre","nextItem":{"@type":"ListItem","@id":"https:\/\/www.encontracentrosaopaulo.com.br\/sobre\/noticias-no-centro-sp\/#listItem","name":"Not\u00edcias Centro SP"}},{"@type":"ListItem","@id":"https:\/\/www.encontracentrosaopaulo.com.br\/sobre\/noticias-no-centro-sp\/#listItem","position":2,"name":"Not\u00edcias Centro SP","item":"https:\/\/www.encontracentrosaopaulo.com.br\/sobre\/noticias-no-centro-sp\/","nextItem":{"@type":"ListItem","@id":"https:\/\/www.encontracentrosaopaulo.com.br\/sobre\/rua-paim-volta-a-ficar-sem-energia-em-sp-e-falha-na-rede-afeta-comerciantes\/#listItem","name":"Rua Paim volta a ficar sem energia em SP e falha na rede afeta comerciantes"},"previousItem":{"@type":"ListItem","@id":"https:\/\/www.encontracentrosaopaulo.com.br\/sobre#listItem","name":"In\u00edcio"}},{"@type":"ListItem","@id":"https:\/\/www.encontracentrosaopaulo.com.br\/sobre\/rua-paim-volta-a-ficar-sem-energia-em-sp-e-falha-na-rede-afeta-comerciantes\/#listItem","position":3,"name":"Rua Paim volta a ficar sem energia em SP e falha na rede afeta comerciantes","previousItem":{"@type":"ListItem","@id":"https:\/\/www.encontracentrosaopaulo.com.br\/sobre\/noticias-no-centro-sp\/#listItem","name":"Not\u00edcias Centro SP"}}]},{"@type":"Organization","@id":"https:\/\/www.encontracentrosaopaulo.com.br\/sobre\/#organization","name":"Encontra Centro SP","description":"Not\u00edcias, eventos, informa\u00e7\u00f5es e dicas na cidade de Centro SP e regi\u00e3o.","url":"https:\/\/www.encontracentrosaopaulo.com.br\/sobre\/"},{"@type":"Person","@id":"https:\/\/www.encontracentrosaopaulo.com.br\/sobre\/author\/ecentrosaopaulo\/#author","url":"https:\/\/www.encontracentrosaopaulo.com.br\/sobre\/author\/ecentrosaopaulo\/","name":"Encontra Centro SP","image":{"@type":"ImageObject","@id":"https:\/\/www.encontracentrosaopaulo.com.br\/sobre\/rua-paim-volta-a-ficar-sem-energia-em-sp-e-falha-na-rede-afeta-comerciantes\/#authorImage","url":"https:\/\/secure.gravatar.com\/avatar\/507340682b8270222e1f208e23198b6ae7e2c6a1033ae84e99bc6bce4f82a387?s=96&d=mm&r=g","width":96,"height":96,"caption":"Encontra Centro SP"}},{"@type":"WebPage","@id":"https:\/\/www.encontracentrosaopaulo.com.br\/sobre\/rua-paim-volta-a-ficar-sem-energia-em-sp-e-falha-na-rede-afeta-comerciantes\/#webpage","url":"https:\/\/www.encontracentrosaopaulo.com.br\/sobre\/rua-paim-volta-a-ficar-sem-energia-em-sp-e-falha-na-rede-afeta-comerciantes\/","name":"Rua Paim volta a ficar sem energia em SP e falha na rede afeta comerciantes | Encontra Centro SP","description":"Rua Paim em SP enfrenta mais uma falha na energia, afetando comerciantes e clientes.","inLanguage":"pt-BR","isPartOf":{"@id":"https:\/\/www.encontracentrosaopaulo.com.br\/sobre\/#website"},"breadcrumb":{"@id":"https:\/\/www.encontracentrosaopaulo.com.br\/sobre\/rua-paim-volta-a-ficar-sem-energia-em-sp-e-falha-na-rede-afeta-comerciantes\/#breadcrumblist"},"author":{"@id":"https:\/\/www.encontracentrosaopaulo.com.br\/sobre\/author\/ecentrosaopaulo\/#author"},"creator":{"@id":"https:\/\/www.encontracentrosaopaulo.com.br\/sobre\/author\/ecentrosaopaulo\/#author"},"image":{"@type":"ImageObject","url":"https:\/\/www.encontracentrosaopaulo.com.br\/sobre\/wp-content\/uploads\/rua-paim-volta-a-ficar-sem-energia-em-sp-e-falha-na-rede-afeta-comerciantes.webp","@id":"https:\/\/www.encontracentrosaopaulo.com.br\/sobre\/rua-paim-volta-a-ficar-sem-energia-em-sp-e-falha-na-rede-afeta-comerciantes\/#mainImage","width":280,"height":280,"caption":"Rua Paim energia S\u00e3o Paulo"},"primaryImageOfPage":{"@id":"https:\/\/www.encontracentrosaopaulo.com.br\/sobre\/rua-paim-volta-a-ficar-sem-energia-em-sp-e-falha-na-rede-afeta-comerciantes\/#mainImage"},"datePublished":"2026-04-06T14:18:19-03:00","dateModified":"2026-04-06T14:18:19-03:00"},{"@type":"WebSite","@id":"https:\/\/www.encontracentrosaopaulo.com.br\/sobre\/#website","url":"https:\/\/www.encontracentrosaopaulo.com.br\/sobre\/","name":"Encontra Centro SP","description":"Not\u00edcias, eventos, informa\u00e7\u00f5es e dicas na cidade de Centro SP e regi\u00e3o.","inLanguage":"pt-BR","publisher":{"@id":"https:\/\/www.encontracentrosaopaulo.com.br\/sobre\/#organization"}}]},"og:locale":"pt_BR","og:site_name":"Encontra Centro SP | Not\u00edcias, eventos, informa\u00e7\u00f5es e dicas na cidade de Centro SP e regi\u00e3o.","og:type":"article","og:title":"Rua Paim volta a ficar sem energia em SP e falha na rede afeta comerciantes | Encontra Centro SP","og:description":"Rua Paim em SP enfrenta mais uma falha na energia, afetando comerciantes e clientes.","og:url":"https:\/\/www.encontracentrosaopaulo.com.br\/sobre\/rua-paim-volta-a-ficar-sem-energia-em-sp-e-falha-na-rede-afeta-comerciantes\/","article:published_time":"2026-04-06T17:18:19+00:00","article:modified_time":"2026-04-06T17:18:19+00:00","twitter:card":"summary","twitter:title":"Rua Paim volta a ficar sem energia em SP e falha na rede afeta comerciantes | Encontra Centro SP","twitter:description":"Rua Paim em SP enfrenta mais uma falha na energia, afetando comerciantes e clientes."},"aioseo_meta_data":{"post_id":"6381","title":null,"description":null,"keywords":null,"keyphrases":null,"primary_term":null,"canonical_url":null,"og_title":null,"og_description":null,"og_object_type":"default","og_image_type":"default","og_image_url":null,"og_image_width":null,"og_image_height":null,"og_image_custom_url":null,"og_image_custom_fields":null,"og_video":null,"og_custom_url":null,"og_article_section":null,"og_article_tags":null,"twitter_use_og":false,"twitter_card":"default","twitter_image_type":"default","twitter_image_url":null,"twitter_image_custom_url":null,"twitter_image_custom_fields":null,"twitter_title":null,"twitter_description":null,"schema":{"blockGraphs":[],"customGraphs":[],"default":{"data":{"Article":[],"Course":[],"Dataset":[],"FAQPage":[],"Movie":[],"Person":[],"Product":[],"ProductReview":[],"Car":[],"Recipe":[],"Service":[],"SoftwareApplication":[],"WebPage":[]},"graphName":"Article","isEnabled":true},"graphs":[]},"schema_type":"default","schema_type_options":null,"pillar_content":false,"robots_default":true,"robots_noindex":false,"robots_noarchive":false,"robots_nosnippet":false,"robots_nofollow":false,"robots_noimageindex":false,"robots_noodp":false,"robots_notranslate":false,"robots_max_snippet":null,"robots_max_videopreview":null,"robots_max_imagepreview":"large","priority":null,"frequency":null,"local_seo":null,"breadcrumb_settings":null,"limit_modified_date":false,"ai":null,"created":"2026-04-06 17:18:22","updated":"2026-04-06 18:21:04","seo_analyzer_scan_date":null,"focus_keyword":null,"additional_keywords":null,"truseo_locale":null},"aioseo_breadcrumb":"<div class=\"aioseo-breadcrumbs\"><span class=\"aioseo-breadcrumb\">\n\t\t\t<a href=\"https:\/\/www.encontracentrosaopaulo.com.br\/sobre\" title=\"In\u00edcio\">In\u00edcio<\/a>\n\t\t<\/span><span class=\"aioseo-breadcrumb-separator\">&raquo;<\/span><span class=\"aioseo-breadcrumb\">\n\t\t\t<a href=\"https:\/\/www.encontracentrosaopaulo.com.br\/sobre\/noticias-no-centro-sp\/\" title=\"Not\u00edcias Centro SP\">Not\u00edcias Centro SP<\/a>\n\t\t<\/span><span class=\"aioseo-breadcrumb-separator\">&raquo;<\/span><span class=\"aioseo-breadcrumb\">\n\t\t\tRua Paim volta a ficar sem energia em SP e falha na rede afeta comerciantes\n\t\t<\/span><\/div>","aioseo_breadcrumb_json":[{"label":"In\u00edcio","link":"https:\/\/www.encontracentrosaopaulo.com.br\/sobre"},{"label":"Not\u00edcias Centro SP","link":"https:\/\/www.encontracentrosaopaulo.com.br\/sobre\/noticias-no-centro-sp\/"},{"label":"Rua Paim volta a ficar sem energia em SP e falha na rede afeta comerciantes","link":"https:\/\/www.encontracentrosaopaulo.com.br\/sobre\/rua-paim-volta-a-ficar-sem-energia-em-sp-e-falha-na-rede-afeta-comerciantes\/"}],"_links":{"self":[{"href":"https:\/\/www.encontracentrosaopaulo.com.br\/sobre\/wp-json\/wp\/v2\/posts\/6381","targetHints":{"allow":["GET"]}}],"collection":[{"href":"https:\/\/www.encontracentrosaopaulo.com.br\/sobre\/wp-json\/wp\/v2\/posts"}],"about":[{"href":"https:\/\/www.encontracentrosaopaulo.com.br\/sobre\/wp-json\/wp\/v2\/types\/post"}],"author":[{"embeddable":true,"href":"https:\/\/www.encontracentrosaopaulo.com.br\/sobre\/wp-json\/wp\/v2\/users\/1"}],"replies":[{"embeddable":true,"href":"https:\/\/www.encontracentrosaopaulo.com.br\/sobre\/wp-json\/wp\/v2\/comments?post=6381"}],"version-history":[{"count":0,"href":"https:\/\/www.encontracentrosaopaulo.com.br\/sobre\/wp-json\/wp\/v2\/posts\/6381\/revisions"}],"wp:featuredmedia":[{"embeddable":true,"href":"https:\/\/www.encontracentrosaopaulo.com.br\/sobre\/wp-json\/wp\/v2\/media\/6380"}],"wp:attachment":[{"href":"https:\/\/www.encontracentrosaopaulo.com.br\/sobre\/wp-json\/wp\/v2\/media?parent=6381"}],"wp:term":[{"taxonomy":"category","embeddable":true,"href":"https:\/\/www.encontracentrosaopaulo.com.br\/sobre\/wp-json\/wp\/v2\/categories?post=6381"},{"taxonomy":"post_tag","embeddable":true,"href":"https:\/\/www.encontracentrosaopaulo.com.br\/sobre\/wp-json\/wp\/v2\/tags?post=6381"}],"curies":[{"name":"wp","href":"https:\/\/api.w.org\/{rel}","templated":true}]}}