{"id":6395,"date":"2026-04-10T14:31:11","date_gmt":"2026-04-10T17:31:11","guid":{"rendered":"https:\/\/www.encontracentrosaopaulo.com.br\/sobre\/operacao-em-sp-contra-quebra\/"},"modified":"2026-04-10T14:31:11","modified_gmt":"2026-04-10T17:31:11","slug":"operacao-em-sp-contra-quebra","status":"publish","type":"post","link":"https:\/\/www.encontracentrosaopaulo.com.br\/sobre\/operacao-em-sp-contra-quebra\/","title":{"rendered":"Opera\u00e7\u00e3o em SP contra &#8216;quebra"},"content":{"rendered":"<div class=\"d6585b5127f45a35450431d0abc3f90c\" data-index=\"1\" style=\"float: none; margin:0px;\">\n<!-- Anuncio display - global -->\r\n<ins class=\"adsbygoogle\"\r\n     style=\"display:block\"\r\n     data-ad-client=\"ca-pub-8585364105181520\"\r\n     data-ad-slot=\"8789329856\"\r\n     data-ad-format=\"auto\"\r\n     data-full-width-responsive=\"true\"><\/ins>\r\n<script>\r\n     (adsbygoogle = window.adsbygoogle || []).push({});\r\n<\/script>\n<\/div>\n<h2>O Que \u00e9 a Opera\u00e7\u00e3o Contra Quebra-Vidros?<\/h2>\n<p>A opera\u00e7\u00e3o contra os &#8220;quebra-vidros&#8221; refere-se a um esfor\u00e7o policial intensivo para combater a pr\u00e1tica criminosa em que indiv\u00edduos quebram as janelas de ve\u00edculos para furtar objetos deixados \u00e0 vista pelos motoristas. Essa atividade criminosa tem aumentado em grandes centros urbanos, causando impasse sobre a seguran\u00e7a p\u00fablica e gerando um ambiente de medo entre os cidad\u00e3os.<\/p>\n<h2>Motiva\u00e7\u00e3o por Tr\u00e1s da A\u00e7\u00e3o Policial<\/h2>\n<p>A motiva\u00e7\u00e3o para essa opera\u00e7\u00e3o \u00e9 a crescente preocupa\u00e7\u00e3o com a seguran\u00e7a dos motoristas que circulam em \u00e1reas urbanas. Os \u00edndices de roubo a ve\u00edculos aumentaram, e a pol\u00edcia tem a responsabilidade de proteger os cidad\u00e3os. Al\u00e9m disso, essa opera\u00e7\u00e3o busca n\u00e3o apenas deter os autores dos crimes, mas tamb\u00e9m recuperar os itens furtados, refor\u00e7ando a confian\u00e7a da popula\u00e7\u00e3o nas autoridades.<\/p>\n<h2>Impacto do Crime de Quebra-Vidros em SP<\/h2>\n<p>Os crimes de quebra-vidros t\u00eam um impacto significativo sobre a popula\u00e7\u00e3o. Al\u00e9m do aspecto financeiro que envolve a perda de bens, existe uma sensa\u00e7\u00e3o de inseguran\u00e7a que permeia as ruas de S\u00e3o Paulo. Motoristas se sentem vulner\u00e1veis e temem estacionar em locais p\u00fablicos, o que pode afetar o com\u00e9rcio local e contribuir para uma percep\u00e7\u00e3o negativa da seguran\u00e7a na cidade.<\/p>\n<p><img decoding=\"async\" src=\"https:\/\/www.encontracentrosaopaulo.com.br\/sobre\/wp-content\/uploads\/operacao-em-sp-contra-quebra.webp\" alt=\"quebra-vidros\" loading=\"lazy\" \/><\/p>\n<h2>Recursos Empregados na Opera\u00e7\u00e3o<\/h2>\n<p>A opera\u00e7\u00e3o mobiliza mais de 2.000 policiais, incluindo agentes da pol\u00edcia civil e militar, proporcionando uma presen\u00e7a significativa nas ruas. Isso \u00e9 complementado por suporte a\u00e9reo, como helic\u00f3pteros, e tecnologia moderna, como drones, que ajudam a monitorar as \u00e1reas mais afetadas por esse tipo de crime. Os recursos investidos demonstram a seriedade com que o governo estadual aborda esse problema.<\/p>\n<h2>Testemunhos de Cidad\u00e3os nas Ruas<\/h2>\n<p>Cidad\u00e3os que testemunharam os crimes frequentemente relatam experi\u00eancias perturbadoras. Um trabalhador, Ant\u00f4nio Ramalho, esteve presente durante um ataque onde indiv\u00edduos montados em uma moto quebraram a janela de um carro e roubaram uma bolsa e um celular. Outros, como Fernanda Castanheira, notaram padr\u00f5es nas abordagens dos criminosos, que atuam de forma r\u00e1pida e coordenada.<\/p>\n<h2>A Import\u00e2ncia da Mobiliza\u00e7\u00e3o Policial<\/h2>\n<p>A mobiliza\u00e7\u00e3o policial n\u00e3o apenas atua de forma reativa, mas tamb\u00e9m preventiva. Com o aumento da presen\u00e7a policial, a expectativa \u00e9 de que os criminosos sejam desencorajados a agir. A ideia \u00e9 mostrar que as for\u00e7as de seguran\u00e7a est\u00e3o atentas e prontas para intervir, o que pode contribuir para a redu\u00e7\u00e3o das ocorr\u00eancias e fortalecer a confian\u00e7a p\u00fablica.<\/p>\n<h2>Prendas e Apreens\u00f5es Durante a Opera\u00e7\u00e3o<\/h2>\n<p>Relatos indicam que ao menos 13 indiv\u00edduos foram detidos e outras 8 pessoas est\u00e3o sendo procuradas como parte da opera\u00e7\u00e3o. Al\u00e9m das deten\u00e7\u00f5es, foi poss\u00edvel recuperar 12 ve\u00edculos e 14 celulares, al\u00e9m da apreens\u00e3o de uma arma durante a a\u00e7\u00e3o. Esses dados destacam a efic\u00e1cia da opera\u00e7\u00e3o em combater n\u00e3o apenas os &#8220;quebra-vidros&#8221;, mas a criminalidade de uma forma mais ampla.<\/p>\n<h2>Medidas Preventivas Contra Crimes Urbanos<\/h2>\n<p>Al\u00e9m das opera\u00e7\u00f5es de combate, \u00e9 crucial implementar medidas preventivas. Isso inclui campanhas educativas para motoristas sobre precau\u00e7\u00f5es a serem tomadas, como n\u00e3o deixar objetos vis\u00edveis no interior do ve\u00edculo e estacionar em locais bem iluminados e movimentados. A colabora\u00e7\u00e3o da comunidade com a pol\u00edcia tamb\u00e9m \u00e9 vital, pois informa\u00e7\u00f5es sobre suspeitos podem ajudar nas investiga\u00e7\u00f5es.<\/p>\n<h2>A Rea\u00e7\u00e3o da Popula\u00e7\u00e3o \u00e0 Seguran\u00e7a Aumentada<\/h2>\n<p>A opera\u00e7\u00e3o gerou rea\u00e7\u00f5es mistas entre a popula\u00e7\u00e3o. Enquanto muitos apoiam a a\u00e7\u00e3o policial e se sentem mais seguros, outros questionam a efic\u00e1cia a longo prazo e a possibilidade de retorno aos n\u00edveis de criminalidade anteriores. O di\u00e1logo cont\u00ednuo entre as autoridades e os cidad\u00e3os \u00e9 essencial para encontrar solu\u00e7\u00f5es que sejam realmente eficazes no combate ao crime.<\/p>\n<h2>Pr\u00f3ximos Passos na Luta Contra o Crime<\/h2>\n<p>Os pr\u00f3ximos passos envolver\u00e3o a continuidade da opera\u00e7\u00e3o, bem como avalia\u00e7\u00f5es peri\u00f3dicas para analisar a efic\u00e1cia das estrat\u00e9gias adotadas. \u00c9 imprescind\u00edvel que as for\u00e7as de seguran\u00e7a n\u00e3o apenas respondam a crimes j\u00e1 ocorridos, mas tamb\u00e9m elaborem um plano de a\u00e7\u00e3o que previna novos incidentes. A colabora\u00e7\u00e3o entre a popula\u00e7\u00e3o e as autoridades pode criar um ambiente mais seguro e reduzir as chances de delitos como os &#8220;quebra-vidros&#8221; se tornarem comuns novamente.<\/p>\n\n<div style=\"font-size: 0px; height: 0px; line-height: 0px; margin: 0; padding: 0; clear: both;\"><\/div>","protected":false},"excerpt":{"rendered":"<p>Opera\u00e7\u00e3o contra quebra-vidros em SP resulta na pris\u00e3o de 13 pessoas.<\/p>\n","protected":false},"author":1,"featured_media":6394,"comment_status":"open","ping_status":"closed","sticky":false,"template":"","format":"standard","meta":{"footnotes":""},"categories":[6],"tags":[],"class_list":["post-6395","post","type-post","status-publish","format-standard","has-post-thumbnail","hentry","category-noticias-no-centro-sp","has_thumb"],"aioseo_notices":[],"aioseo_head":"\n\t\t<!-- All in One SEO 5.0.0.1 - aioseo.com -->\n\t<meta name=\"description\" content=\"Opera\u00e7\u00e3o contra quebra-vidros em SP resulta na pris\u00e3o de 13 pessoas.\" \/>\n\t<meta name=\"robots\" content=\"max-image-preview:large\" \/>\n\t<meta name=\"author\" content=\"Encontra Centro SP\"\/>\n\t<link rel=\"canonical\" href=\"https:\/\/www.encontracentrosaopaulo.com.br\/sobre\/operacao-em-sp-contra-quebra\/\" \/>\n\t<meta name=\"generator\" content=\"All in One SEO (AIOSEO) 5.0.0.1\" \/>\n\t\t<meta property=\"og:locale\" content=\"pt_BR\" \/>\n\t\t<meta property=\"og:site_name\" content=\"Encontra Centro SP | Not\u00edcias, eventos, informa\u00e7\u00f5es e dicas na cidade de Centro SP e regi\u00e3o.\" \/>\n\t\t<meta property=\"og:type\" content=\"article\" \/>\n\t\t<meta property=\"og:title\" content=\"Opera\u00e7\u00e3o em SP contra \u2018quebra | Encontra Centro SP\" \/>\n\t\t<meta property=\"og:description\" content=\"Opera\u00e7\u00e3o contra quebra-vidros em SP resulta na pris\u00e3o de 13 pessoas.\" \/>\n\t\t<meta property=\"og:url\" content=\"https:\/\/www.encontracentrosaopaulo.com.br\/sobre\/operacao-em-sp-contra-quebra\/\" \/>\n\t\t<meta property=\"article:published_time\" content=\"2026-04-10T17:31:11+00:00\" \/>\n\t\t<meta property=\"article:modified_time\" content=\"2026-04-10T17:31:11+00:00\" \/>\n\t\t<meta name=\"twitter:card\" content=\"summary\" \/>\n\t\t<meta name=\"twitter:title\" content=\"Opera\u00e7\u00e3o em SP contra \u2018quebra | Encontra Centro SP\" \/>\n\t\t<meta name=\"twitter:description\" content=\"Opera\u00e7\u00e3o contra quebra-vidros em SP resulta na pris\u00e3o de 13 pessoas.\" \/>\n\t\t<script type=\"application\/ld+json\" class=\"aioseo-schema\">\n\t\t\t{\"@context\":\"https:\\\/\\\/schema.org\",\"@graph\":[{\"@type\":\"Article\",\"@id\":\"https:\\\/\\\/www.encontracentrosaopaulo.com.br\\\/sobre\\\/operacao-em-sp-contra-quebra\\\/#article\",\"name\":\"Opera\\u00e7\\u00e3o em SP contra \\u2018quebra | Encontra Centro SP\",\"headline\":\"Opera\\u00e7\\u00e3o em SP contra &#8216;quebra\",\"author\":{\"@id\":\"https:\\\/\\\/www.encontracentrosaopaulo.com.br\\\/sobre\\\/author\\\/ecentrosaopaulo\\\/#author\"},\"publisher\":{\"@id\":\"https:\\\/\\\/www.encontracentrosaopaulo.com.br\\\/sobre\\\/#organization\"},\"image\":{\"@type\":\"ImageObject\",\"url\":\"https:\\\/\\\/www.encontracentrosaopaulo.com.br\\\/sobre\\\/wp-content\\\/uploads\\\/operacao-em-sp-contra-quebra.webp\",\"width\":280,\"height\":280,\"caption\":\"quebra-vidros\"},\"datePublished\":\"2026-04-10T14:31:11-03:00\",\"dateModified\":\"2026-04-10T14:31:11-03:00\",\"inLanguage\":\"pt-BR\",\"mainEntityOfPage\":{\"@id\":\"https:\\\/\\\/www.encontracentrosaopaulo.com.br\\\/sobre\\\/operacao-em-sp-contra-quebra\\\/#webpage\"},\"isPartOf\":{\"@id\":\"https:\\\/\\\/www.encontracentrosaopaulo.com.br\\\/sobre\\\/operacao-em-sp-contra-quebra\\\/#webpage\"},\"articleSection\":\"Not\\u00edcias Centro SP\"},{\"@type\":\"BreadcrumbList\",\"@id\":\"https:\\\/\\\/www.encontracentrosaopaulo.com.br\\\/sobre\\\/operacao-em-sp-contra-quebra\\\/#breadcrumblist\",\"itemListElement\":[{\"@type\":\"ListItem\",\"@id\":\"https:\\\/\\\/www.encontracentrosaopaulo.com.br\\\/sobre#listItem\",\"position\":1,\"name\":\"In\\u00edcio\",\"item\":\"https:\\\/\\\/www.encontracentrosaopaulo.com.br\\\/sobre\",\"nextItem\":{\"@type\":\"ListItem\",\"@id\":\"https:\\\/\\\/www.encontracentrosaopaulo.com.br\\\/sobre\\\/noticias-no-centro-sp\\\/#listItem\",\"name\":\"Not\\u00edcias Centro SP\"}},{\"@type\":\"ListItem\",\"@id\":\"https:\\\/\\\/www.encontracentrosaopaulo.com.br\\\/sobre\\\/noticias-no-centro-sp\\\/#listItem\",\"position\":2,\"name\":\"Not\\u00edcias Centro SP\",\"item\":\"https:\\\/\\\/www.encontracentrosaopaulo.com.br\\\/sobre\\\/noticias-no-centro-sp\\\/\",\"nextItem\":{\"@type\":\"ListItem\",\"@id\":\"https:\\\/\\\/www.encontracentrosaopaulo.com.br\\\/sobre\\\/operacao-em-sp-contra-quebra\\\/#listItem\",\"name\":\"Opera\\u00e7\\u00e3o em SP contra &#8216;quebra\"},\"previousItem\":{\"@type\":\"ListItem\",\"@id\":\"https:\\\/\\\/www.encontracentrosaopaulo.com.br\\\/sobre#listItem\",\"name\":\"In\\u00edcio\"}},{\"@type\":\"ListItem\",\"@id\":\"https:\\\/\\\/www.encontracentrosaopaulo.com.br\\\/sobre\\\/operacao-em-sp-contra-quebra\\\/#listItem\",\"position\":3,\"name\":\"Opera\\u00e7\\u00e3o em SP contra &#8216;quebra\",\"previousItem\":{\"@type\":\"ListItem\",\"@id\":\"https:\\\/\\\/www.encontracentrosaopaulo.com.br\\\/sobre\\\/noticias-no-centro-sp\\\/#listItem\",\"name\":\"Not\\u00edcias Centro SP\"}}]},{\"@type\":\"Organization\",\"@id\":\"https:\\\/\\\/www.encontracentrosaopaulo.com.br\\\/sobre\\\/#organization\",\"name\":\"Encontra Centro SP\",\"description\":\"Not\\u00edcias, eventos, informa\\u00e7\\u00f5es e dicas na cidade de Centro SP e regi\\u00e3o.\",\"url\":\"https:\\\/\\\/www.encontracentrosaopaulo.com.br\\\/sobre\\\/\"},{\"@type\":\"Person\",\"@id\":\"https:\\\/\\\/www.encontracentrosaopaulo.com.br\\\/sobre\\\/author\\\/ecentrosaopaulo\\\/#author\",\"url\":\"https:\\\/\\\/www.encontracentrosaopaulo.com.br\\\/sobre\\\/author\\\/ecentrosaopaulo\\\/\",\"name\":\"Encontra Centro SP\",\"image\":{\"@type\":\"ImageObject\",\"@id\":\"https:\\\/\\\/www.encontracentrosaopaulo.com.br\\\/sobre\\\/operacao-em-sp-contra-quebra\\\/#authorImage\",\"url\":\"https:\\\/\\\/secure.gravatar.com\\\/avatar\\\/507340682b8270222e1f208e23198b6ae7e2c6a1033ae84e99bc6bce4f82a387?s=96&d=mm&r=g\",\"width\":96,\"height\":96,\"caption\":\"Encontra Centro SP\"}},{\"@type\":\"WebPage\",\"@id\":\"https:\\\/\\\/www.encontracentrosaopaulo.com.br\\\/sobre\\\/operacao-em-sp-contra-quebra\\\/#webpage\",\"url\":\"https:\\\/\\\/www.encontracentrosaopaulo.com.br\\\/sobre\\\/operacao-em-sp-contra-quebra\\\/\",\"name\":\"Opera\\u00e7\\u00e3o em SP contra \\u2018quebra | Encontra Centro SP\",\"description\":\"Opera\\u00e7\\u00e3o contra quebra-vidros em SP resulta na pris\\u00e3o de 13 pessoas.\",\"inLanguage\":\"pt-BR\",\"isPartOf\":{\"@id\":\"https:\\\/\\\/www.encontracentrosaopaulo.com.br\\\/sobre\\\/#website\"},\"breadcrumb\":{\"@id\":\"https:\\\/\\\/www.encontracentrosaopaulo.com.br\\\/sobre\\\/operacao-em-sp-contra-quebra\\\/#breadcrumblist\"},\"author\":{\"@id\":\"https:\\\/\\\/www.encontracentrosaopaulo.com.br\\\/sobre\\\/author\\\/ecentrosaopaulo\\\/#author\"},\"creator\":{\"@id\":\"https:\\\/\\\/www.encontracentrosaopaulo.com.br\\\/sobre\\\/author\\\/ecentrosaopaulo\\\/#author\"},\"image\":{\"@type\":\"ImageObject\",\"url\":\"https:\\\/\\\/www.encontracentrosaopaulo.com.br\\\/sobre\\\/wp-content\\\/uploads\\\/operacao-em-sp-contra-quebra.webp\",\"@id\":\"https:\\\/\\\/www.encontracentrosaopaulo.com.br\\\/sobre\\\/operacao-em-sp-contra-quebra\\\/#mainImage\",\"width\":280,\"height\":280,\"caption\":\"quebra-vidros\"},\"primaryImageOfPage\":{\"@id\":\"https:\\\/\\\/www.encontracentrosaopaulo.com.br\\\/sobre\\\/operacao-em-sp-contra-quebra\\\/#mainImage\"},\"datePublished\":\"2026-04-10T14:31:11-03:00\",\"dateModified\":\"2026-04-10T14:31:11-03:00\"},{\"@type\":\"WebSite\",\"@id\":\"https:\\\/\\\/www.encontracentrosaopaulo.com.br\\\/sobre\\\/#website\",\"url\":\"https:\\\/\\\/www.encontracentrosaopaulo.com.br\\\/sobre\\\/\",\"name\":\"Encontra Centro SP\",\"description\":\"Not\\u00edcias, eventos, informa\\u00e7\\u00f5es e dicas na cidade de Centro SP e regi\\u00e3o.\",\"inLanguage\":\"pt-BR\",\"publisher\":{\"@id\":\"https:\\\/\\\/www.encontracentrosaopaulo.com.br\\\/sobre\\\/#organization\"}}]}\n\t\t<\/script>\n\t\t<!-- All in One SEO -->\n\n","aioseo_head_json":{"title":"Opera\u00e7\u00e3o em SP contra \u2018quebra | Encontra Centro SP","description":"Opera\u00e7\u00e3o contra quebra-vidros em SP resulta na pris\u00e3o de 13 pessoas.","canonical_url":"https:\/\/www.encontracentrosaopaulo.com.br\/sobre\/operacao-em-sp-contra-quebra\/","robots":"max-image-preview:large","keywords":"","webmasterTools":{"miscellaneous":""},"schema":{"@context":"https:\/\/schema.org","@graph":[{"@type":"Article","@id":"https:\/\/www.encontracentrosaopaulo.com.br\/sobre\/operacao-em-sp-contra-quebra\/#article","name":"Opera\u00e7\u00e3o em SP contra \u2018quebra | Encontra Centro SP","headline":"Opera\u00e7\u00e3o em SP contra &#8216;quebra","author":{"@id":"https:\/\/www.encontracentrosaopaulo.com.br\/sobre\/author\/ecentrosaopaulo\/#author"},"publisher":{"@id":"https:\/\/www.encontracentrosaopaulo.com.br\/sobre\/#organization"},"image":{"@type":"ImageObject","url":"https:\/\/www.encontracentrosaopaulo.com.br\/sobre\/wp-content\/uploads\/operacao-em-sp-contra-quebra.webp","width":280,"height":280,"caption":"quebra-vidros"},"datePublished":"2026-04-10T14:31:11-03:00","dateModified":"2026-04-10T14:31:11-03:00","inLanguage":"pt-BR","mainEntityOfPage":{"@id":"https:\/\/www.encontracentrosaopaulo.com.br\/sobre\/operacao-em-sp-contra-quebra\/#webpage"},"isPartOf":{"@id":"https:\/\/www.encontracentrosaopaulo.com.br\/sobre\/operacao-em-sp-contra-quebra\/#webpage"},"articleSection":"Not\u00edcias Centro SP"},{"@type":"BreadcrumbList","@id":"https:\/\/www.encontracentrosaopaulo.com.br\/sobre\/operacao-em-sp-contra-quebra\/#breadcrumblist","itemListElement":[{"@type":"ListItem","@id":"https:\/\/www.encontracentrosaopaulo.com.br\/sobre#listItem","position":1,"name":"In\u00edcio","item":"https:\/\/www.encontracentrosaopaulo.com.br\/sobre","nextItem":{"@type":"ListItem","@id":"https:\/\/www.encontracentrosaopaulo.com.br\/sobre\/noticias-no-centro-sp\/#listItem","name":"Not\u00edcias Centro SP"}},{"@type":"ListItem","@id":"https:\/\/www.encontracentrosaopaulo.com.br\/sobre\/noticias-no-centro-sp\/#listItem","position":2,"name":"Not\u00edcias Centro SP","item":"https:\/\/www.encontracentrosaopaulo.com.br\/sobre\/noticias-no-centro-sp\/","nextItem":{"@type":"ListItem","@id":"https:\/\/www.encontracentrosaopaulo.com.br\/sobre\/operacao-em-sp-contra-quebra\/#listItem","name":"Opera\u00e7\u00e3o em SP contra &#8216;quebra"},"previousItem":{"@type":"ListItem","@id":"https:\/\/www.encontracentrosaopaulo.com.br\/sobre#listItem","name":"In\u00edcio"}},{"@type":"ListItem","@id":"https:\/\/www.encontracentrosaopaulo.com.br\/sobre\/operacao-em-sp-contra-quebra\/#listItem","position":3,"name":"Opera\u00e7\u00e3o em SP contra &#8216;quebra","previousItem":{"@type":"ListItem","@id":"https:\/\/www.encontracentrosaopaulo.com.br\/sobre\/noticias-no-centro-sp\/#listItem","name":"Not\u00edcias Centro SP"}}]},{"@type":"Organization","@id":"https:\/\/www.encontracentrosaopaulo.com.br\/sobre\/#organization","name":"Encontra Centro SP","description":"Not\u00edcias, eventos, informa\u00e7\u00f5es e dicas na cidade de Centro SP e regi\u00e3o.","url":"https:\/\/www.encontracentrosaopaulo.com.br\/sobre\/"},{"@type":"Person","@id":"https:\/\/www.encontracentrosaopaulo.com.br\/sobre\/author\/ecentrosaopaulo\/#author","url":"https:\/\/www.encontracentrosaopaulo.com.br\/sobre\/author\/ecentrosaopaulo\/","name":"Encontra Centro SP","image":{"@type":"ImageObject","@id":"https:\/\/www.encontracentrosaopaulo.com.br\/sobre\/operacao-em-sp-contra-quebra\/#authorImage","url":"https:\/\/secure.gravatar.com\/avatar\/507340682b8270222e1f208e23198b6ae7e2c6a1033ae84e99bc6bce4f82a387?s=96&d=mm&r=g","width":96,"height":96,"caption":"Encontra Centro SP"}},{"@type":"WebPage","@id":"https:\/\/www.encontracentrosaopaulo.com.br\/sobre\/operacao-em-sp-contra-quebra\/#webpage","url":"https:\/\/www.encontracentrosaopaulo.com.br\/sobre\/operacao-em-sp-contra-quebra\/","name":"Opera\u00e7\u00e3o em SP contra \u2018quebra | Encontra Centro SP","description":"Opera\u00e7\u00e3o contra quebra-vidros em SP resulta na pris\u00e3o de 13 pessoas.","inLanguage":"pt-BR","isPartOf":{"@id":"https:\/\/www.encontracentrosaopaulo.com.br\/sobre\/#website"},"breadcrumb":{"@id":"https:\/\/www.encontracentrosaopaulo.com.br\/sobre\/operacao-em-sp-contra-quebra\/#breadcrumblist"},"author":{"@id":"https:\/\/www.encontracentrosaopaulo.com.br\/sobre\/author\/ecentrosaopaulo\/#author"},"creator":{"@id":"https:\/\/www.encontracentrosaopaulo.com.br\/sobre\/author\/ecentrosaopaulo\/#author"},"image":{"@type":"ImageObject","url":"https:\/\/www.encontracentrosaopaulo.com.br\/sobre\/wp-content\/uploads\/operacao-em-sp-contra-quebra.webp","@id":"https:\/\/www.encontracentrosaopaulo.com.br\/sobre\/operacao-em-sp-contra-quebra\/#mainImage","width":280,"height":280,"caption":"quebra-vidros"},"primaryImageOfPage":{"@id":"https:\/\/www.encontracentrosaopaulo.com.br\/sobre\/operacao-em-sp-contra-quebra\/#mainImage"},"datePublished":"2026-04-10T14:31:11-03:00","dateModified":"2026-04-10T14:31:11-03:00"},{"@type":"WebSite","@id":"https:\/\/www.encontracentrosaopaulo.com.br\/sobre\/#website","url":"https:\/\/www.encontracentrosaopaulo.com.br\/sobre\/","name":"Encontra Centro SP","description":"Not\u00edcias, eventos, informa\u00e7\u00f5es e dicas na cidade de Centro SP e regi\u00e3o.","inLanguage":"pt-BR","publisher":{"@id":"https:\/\/www.encontracentrosaopaulo.com.br\/sobre\/#organization"}}]},"og:locale":"pt_BR","og:site_name":"Encontra Centro SP | Not\u00edcias, eventos, informa\u00e7\u00f5es e dicas na cidade de Centro SP e regi\u00e3o.","og:type":"article","og:title":"Opera\u00e7\u00e3o em SP contra \u2018quebra | Encontra Centro SP","og:description":"Opera\u00e7\u00e3o contra quebra-vidros em SP resulta na pris\u00e3o de 13 pessoas.","og:url":"https:\/\/www.encontracentrosaopaulo.com.br\/sobre\/operacao-em-sp-contra-quebra\/","article:published_time":"2026-04-10T17:31:11+00:00","article:modified_time":"2026-04-10T17:31:11+00:00","twitter:card":"summary","twitter:title":"Opera\u00e7\u00e3o em SP contra \u2018quebra | Encontra Centro SP","twitter:description":"Opera\u00e7\u00e3o contra quebra-vidros em SP resulta na pris\u00e3o de 13 pessoas."},"aioseo_meta_data":{"post_id":"6395","title":null,"description":null,"keywords":null,"keyphrases":null,"primary_term":null,"canonical_url":null,"og_title":null,"og_description":null,"og_object_type":"default","og_image_type":"default","og_image_url":null,"og_image_width":null,"og_image_height":null,"og_image_custom_url":null,"og_image_custom_fields":null,"og_video":null,"og_custom_url":null,"og_article_section":null,"og_article_tags":null,"twitter_use_og":false,"twitter_card":"default","twitter_image_type":"default","twitter_image_url":null,"twitter_image_custom_url":null,"twitter_image_custom_fields":null,"twitter_title":null,"twitter_description":null,"schema":{"blockGraphs":[],"customGraphs":[],"default":{"data":{"Article":[],"Course":[],"Dataset":[],"FAQPage":[],"Movie":[],"Person":[],"Product":[],"ProductReview":[],"Car":[],"Recipe":[],"Service":[],"SoftwareApplication":[],"WebPage":[]},"graphName":"Article","isEnabled":true},"graphs":[]},"schema_type":"default","schema_type_options":null,"pillar_content":false,"robots_default":true,"robots_noindex":false,"robots_noarchive":false,"robots_nosnippet":false,"robots_nofollow":false,"robots_noimageindex":false,"robots_noodp":false,"robots_notranslate":false,"robots_max_snippet":null,"robots_max_videopreview":null,"robots_max_imagepreview":"large","priority":null,"frequency":null,"local_seo":null,"breadcrumb_settings":null,"limit_modified_date":false,"ai":null,"created":"2026-04-10 17:31:15","updated":"2026-04-10 17:34:07","seo_analyzer_scan_date":null,"focus_keyword":null,"additional_keywords":null,"truseo_locale":null},"aioseo_breadcrumb":"<div class=\"aioseo-breadcrumbs\"><span class=\"aioseo-breadcrumb\">\n\t\t\t<a href=\"https:\/\/www.encontracentrosaopaulo.com.br\/sobre\" title=\"In\u00edcio\">In\u00edcio<\/a>\n\t\t<\/span><span class=\"aioseo-breadcrumb-separator\">&raquo;<\/span><span class=\"aioseo-breadcrumb\">\n\t\t\t<a href=\"https:\/\/www.encontracentrosaopaulo.com.br\/sobre\/noticias-no-centro-sp\/\" title=\"Not\u00edcias Centro SP\">Not\u00edcias Centro SP<\/a>\n\t\t<\/span><span class=\"aioseo-breadcrumb-separator\">&raquo;<\/span><span class=\"aioseo-breadcrumb\">\n\t\t\tOpera\u00e7\u00e3o em SP contra \u2018quebra\n\t\t<\/span><\/div>","aioseo_breadcrumb_json":[{"label":"In\u00edcio","link":"https:\/\/www.encontracentrosaopaulo.com.br\/sobre"},{"label":"Not\u00edcias Centro SP","link":"https:\/\/www.encontracentrosaopaulo.com.br\/sobre\/noticias-no-centro-sp\/"},{"label":"Opera\u00e7\u00e3o em SP contra &#8216;quebra","link":"https:\/\/www.encontracentrosaopaulo.com.br\/sobre\/operacao-em-sp-contra-quebra\/"}],"_links":{"self":[{"href":"https:\/\/www.encontracentrosaopaulo.com.br\/sobre\/wp-json\/wp\/v2\/posts\/6395","targetHints":{"allow":["GET"]}}],"collection":[{"href":"https:\/\/www.encontracentrosaopaulo.com.br\/sobre\/wp-json\/wp\/v2\/posts"}],"about":[{"href":"https:\/\/www.encontracentrosaopaulo.com.br\/sobre\/wp-json\/wp\/v2\/types\/post"}],"author":[{"embeddable":true,"href":"https:\/\/www.encontracentrosaopaulo.com.br\/sobre\/wp-json\/wp\/v2\/users\/1"}],"replies":[{"embeddable":true,"href":"https:\/\/www.encontracentrosaopaulo.com.br\/sobre\/wp-json\/wp\/v2\/comments?post=6395"}],"version-history":[{"count":0,"href":"https:\/\/www.encontracentrosaopaulo.com.br\/sobre\/wp-json\/wp\/v2\/posts\/6395\/revisions"}],"wp:featuredmedia":[{"embeddable":true,"href":"https:\/\/www.encontracentrosaopaulo.com.br\/sobre\/wp-json\/wp\/v2\/media\/6394"}],"wp:attachment":[{"href":"https:\/\/www.encontracentrosaopaulo.com.br\/sobre\/wp-json\/wp\/v2\/media?parent=6395"}],"wp:term":[{"taxonomy":"category","embeddable":true,"href":"https:\/\/www.encontracentrosaopaulo.com.br\/sobre\/wp-json\/wp\/v2\/categories?post=6395"},{"taxonomy":"post_tag","embeddable":true,"href":"https:\/\/www.encontracentrosaopaulo.com.br\/sobre\/wp-json\/wp\/v2\/tags?post=6395"}],"curies":[{"name":"wp","href":"https:\/\/api.w.org\/{rel}","templated":true}]}}