{"id":6400,"date":"2026-04-12T14:44:16","date_gmt":"2026-04-12T17:44:16","guid":{"rendered":"https:\/\/www.encontracentrosaopaulo.com.br\/sobre\/inocentes\/"},"modified":"2026-04-12T14:44:16","modified_gmt":"2026-04-12T17:44:16","slug":"inocentes","status":"publish","type":"post","link":"https:\/\/www.encontracentrosaopaulo.com.br\/sobre\/inocentes\/","title":{"rendered":"\u201cInocentes"},"content":{"rendered":"<div class=\"d6585b5127f45a35450431d0abc3f90c\" data-index=\"1\" style=\"float: none; margin:0px;\">\n<!-- Anuncio display - global -->\r\n<ins class=\"adsbygoogle\"\r\n     style=\"display:block\"\r\n     data-ad-client=\"ca-pub-8585364105181520\"\r\n     data-ad-slot=\"8789329856\"\r\n     data-ad-format=\"auto\"\r\n     data-full-width-responsive=\"true\"><\/ins>\r\n<script>\r\n     (adsbygoogle = window.adsbygoogle || []).push({});\r\n<\/script>\n<\/div>\n<h2>O Legado Inocentes na M\u00fasica Brasileira<\/h2>\n<p>A banda Inocentes \u00e9 um \u00edcone no cen\u00e1rio musical brasileiro, especialmente dentro do movimento punk. Desde sua forma\u00e7\u00e3o, a banda n\u00e3o apenas influenciou novos artistas, mas tamb\u00e9m deixou uma marca indel\u00e9vel na cultura musical do Brasil. Tendo superado v\u00e1rias adversidades, seu legado se estende por quatro d\u00e9cadas, mostrando como a ambi\u00e7\u00e3o e a sincera entrega \u00e0 m\u00fasica podem transformar o panorama cultural de um pa\u00eds.<\/p>\n<h2>Hist\u00f3ria da Banda e Suas Influ\u00eancias<\/h2>\n<p>Originada na d\u00e9cada de 1970, a trajet\u00f3ria da Inocentes come\u00e7a com Clemente Nascimento, que se destacou inicialmente como baixista na banda Restos de Nada. A forma\u00e7\u00e3o da Inocentes se concretiza quando outros m\u00fasicos, tamb\u00e9m vindos de influ\u00eancias semelhantes, se juntam a ele para criar uma sonoridade \u00fanica que ressoaria com o cen\u00e1rio punk brasileiro. O esp\u00edrito rebelde refletido nas letras e performances da banda fez com que rapidamente se tornassem uma refer\u00eancia para muitos outros grupos e f\u00e3s do g\u00eanero.<\/p>\n<h2>A Jornada Musical de 40 anos<\/h2>\n<p>Com o lan\u00e7amento do \u00e1lbum <\/p>\n\n<div style=\"font-size: 0px; height: 0px; line-height: 0px; margin: 0; padding: 0; clear: both;\"><\/div>","protected":false},"excerpt":{"rendered":"<p>Inocentes \u2013 P\u00e2nico em SP 40 anos: Reviva uma hist\u00f3ria musical incr\u00edvel!<\/p>\n","protected":false},"author":1,"featured_media":0,"comment_status":"open","ping_status":"closed","sticky":false,"template":"","format":"standard","meta":{"footnotes":""},"categories":[20],"tags":[],"class_list":["post-6400","post","type-post","status-publish","format-standard","hentry","category-cultura-no-centro-sp"],"aioseo_notices":[],"_links":{"self":[{"href":"https:\/\/www.encontracentrosaopaulo.com.br\/sobre\/wp-json\/wp\/v2\/posts\/6400","targetHints":{"allow":["GET"]}}],"collection":[{"href":"https:\/\/www.encontracentrosaopaulo.com.br\/sobre\/wp-json\/wp\/v2\/posts"}],"about":[{"href":"https:\/\/www.encontracentrosaopaulo.com.br\/sobre\/wp-json\/wp\/v2\/types\/post"}],"author":[{"embeddable":true,"href":"https:\/\/www.encontracentrosaopaulo.com.br\/sobre\/wp-json\/wp\/v2\/users\/1"}],"replies":[{"embeddable":true,"href":"https:\/\/www.encontracentrosaopaulo.com.br\/sobre\/wp-json\/wp\/v2\/comments?post=6400"}],"version-history":[{"count":0,"href":"https:\/\/www.encontracentrosaopaulo.com.br\/sobre\/wp-json\/wp\/v2\/posts\/6400\/revisions"}],"wp:attachment":[{"href":"https:\/\/www.encontracentrosaopaulo.com.br\/sobre\/wp-json\/wp\/v2\/media?parent=6400"}],"wp:term":[{"taxonomy":"category","embeddable":true,"href":"https:\/\/www.encontracentrosaopaulo.com.br\/sobre\/wp-json\/wp\/v2\/categories?post=6400"},{"taxonomy":"post_tag","embeddable":true,"href":"https:\/\/www.encontracentrosaopaulo.com.br\/sobre\/wp-json\/wp\/v2\/tags?post=6400"}],"curies":[{"name":"wp","href":"https:\/\/api.w.org\/{rel}","templated":true}]}}