{"id":6416,"date":"2026-04-16T14:15:21","date_gmt":"2026-04-16T17:15:21","guid":{"rendered":"https:\/\/www.encontracentrosaopaulo.com.br\/sobre\/cidade-de-sao-paulo-entra-em-estado-de-atencao-para-alagamentos-em-razao-da-chuva-desta-quinta\/"},"modified":"2026-04-16T14:15:21","modified_gmt":"2026-04-16T17:15:21","slug":"cidade-de-sao-paulo-entra-em-estado-de-atencao-para-alagamentos-em-razao-da-chuva-desta-quinta","status":"publish","type":"post","link":"https:\/\/www.encontracentrosaopaulo.com.br\/sobre\/cidade-de-sao-paulo-entra-em-estado-de-atencao-para-alagamentos-em-razao-da-chuva-desta-quinta\/","title":{"rendered":"Cidade de S\u00e3o Paulo entra em estado de aten\u00e7\u00e3o para alagamentos em raz\u00e3o da chuva desta quinta"},"content":{"rendered":"<div class=\"d6585b5127f45a35450431d0abc3f90c\" data-index=\"1\" style=\"float: none; margin:0px;\">\n<!-- Anuncio display - global -->\r\n<ins class=\"adsbygoogle\"\r\n     style=\"display:block\"\r\n     data-ad-client=\"ca-pub-8585364105181520\"\r\n     data-ad-slot=\"8789329856\"\r\n     data-ad-format=\"auto\"\r\n     data-full-width-responsive=\"true\"><\/ins>\r\n<script>\r\n     (adsbygoogle = window.adsbygoogle || []).push({});\r\n<\/script>\n<\/div>\n<h2>Previs\u00e3o do Tempo e Impactos na Capital<\/h2>\n<p>Na tarde de quinta-feira, a capital paulista enfrentou um cen\u00e1rio preocupante com a intensifica\u00e7\u00e3o das chuvas. De acordo com o Centro de Gerenciamento de Emerg\u00eancias (CGE), as regi\u00f5es Norte, Leste e Central est\u00e3o sob alerta de alagamentos, o que reflete os altos \u00edndices de precipita\u00e7\u00e3o neste per\u00edodo. O clima inst\u00e1vel se deve a uma combina\u00e7\u00e3o de calor excessivo e umidade elevada que tem causado chuvas intensas, podendo resultar em alagamentos significativos.<\/p>\n<p>As previs\u00f5es meteorol\u00f3gicas indicam que as chuvas podem persistir, com varia\u00e7\u00f5es em sua intensidade ao longo do dia. As equipes de monitoramento da Prefeitura est\u00e3o atentas e seguem as diretrizes de seguran\u00e7a para minimizar riscos \u00e0 popula\u00e7\u00e3o, especialmente em \u00e1reas mais vulner\u00e1veis.<\/p>\n<h2>O Que Provoca os Alagamentos em SP<\/h2>\n<p>Os alagamentos em S\u00e3o Paulo podem ser atribu\u00eddos a diversos fatores, como:<\/p>\n<p><img decoding=\"async\" src=\"https:\/\/www.encontracentrosaopaulo.com.br\/sobre\/wp-content\/uploads\/cidade-de-sao-paulo-entra-em-estado-de-atencao-para-alagamentos-em-razao-da-chuva-desta-quinta.webp\" alt=\"alagamentos em S\u00e3o Paulo\" loading=\"lazy\" \/><\/p>\n<ul>\n<li><strong>Urbaniza\u00e7\u00e3o R\u00e1pida:<\/strong> O crescimento urbano desordenado e a impermeabiliza\u00e7\u00e3o do solo dificultam a absor\u00e7\u00e3o da \u00e1gua da chuva.<\/li>\n<li><strong>Falta de Drenagem Adequada:<\/strong> Muitas \u00e1reas da cidade n\u00e3o possuem sistemas de drenagem adequados, levando a ac\u00famulos de \u00e1gua.<\/li>\n<li><strong>Desmatamento:<\/strong> A remo\u00e7\u00e3o de \u00e1reas verdes contribui para o aumento do escoamento da \u00e1gua.<\/li>\n<li><strong>Mudan\u00e7as Clim\u00e1ticas:<\/strong> Fen\u00f4menos atmosf\u00e9ricos e varia\u00e7\u00f5es clim\u00e1ticas t\u00eam intensificado as chuvas, tornando as tempestades mais frequentes e severas.<\/li>\n<\/ul>\n<h2>\u00c1reas Mais Afetadas: Um Mapa de Alerta<\/h2>\n<p>Entre as regi\u00f5es em estado de aten\u00e7\u00e3o, algumas est\u00e3o mais vulner\u00e1veis a alagamentos, com destaque para:<\/p>\n<ul>\n<li><strong>Zona Norte:<\/strong> As subprefeituras de Casa Verde e Santana s\u00e3o frequentemente afetadas.<\/li>\n<li><strong>Zona Leste:<\/strong> Bairros como Itaim Paulista e Cidade Tiradentes est\u00e3o no foco das preocupa\u00e7\u00f5es.<\/li>\n<li><strong>Centro:<\/strong> O cora\u00e7\u00e3o da cidade, onde a infraestrutura tamb\u00e9m se mostra insuficiente em dias de forte chuva.<\/li>\n<\/ul>\n<p>Mapas de alerta emitidos pelo CGE demonstram essas \u00e1reas, permitindo que a popula\u00e7\u00e3o se mantenha informada e precavida diante das condi\u00e7\u00f5es clim\u00e1ticas e dos riscos de alagamentos.<\/p>\n<h2>Dicas de Seguran\u00e7a Durante as Chuvas<\/h2>\n<p>Para garantir a seguran\u00e7a durante per\u00edodos de chuva intensa em S\u00e3o Paulo, algumas precau\u00e7\u00f5es s\u00e3o essenciais:<\/p>\n<ul>\n<li><strong>Evitar Sa\u00eddas Desnecess\u00e1rias:<\/strong> Permane\u00e7a em casa durante as tempestades, especialmente em \u00e1reas conhecidas por problemas de alagamento.<\/li>\n<li><strong>Monitorar Alertas:<\/strong> Fique atento \u00e0s informa\u00e7\u00f5es do CGE e utilize aplicativos de monitoramento do clima.<\/li>\n<li><strong>Preparar a Casa:<\/strong> Verifique se as calhas e ralos est\u00e3o desobstru\u00eddos para facilitar a drenagem da \u00e1gua.<\/li>\n<li><strong>Tenha um Plano de Emerg\u00eancia:<\/strong> Esteja preparado para eventuais evacua\u00e7\u00f5es, tendo sempre um local seguro em mente.<\/li>\n<\/ul>\n<h2>Como o CGE Avalia a Situa\u00e7\u00e3o<\/h2>\n<p>O Centro de Gerenciamento de Emerg\u00eancias (CGE) desempenha um papel vital no monitoramento e na gest\u00e3o das emerg\u00eancias clim\u00e1ticas em S\u00e3o Paulo. S\u00e3o utilizados radares para detectar a intensidade e a movimenta\u00e7\u00e3o das chuvas, possibilitando previs\u00f5es precisas e alertas r\u00e1pidos. Al\u00e9m disso, os dados s\u00e3o coletados em tempo real para fornecer informa\u00e7\u00f5es atualizadas \u00e0 popula\u00e7\u00e3o e \u00e0s autoridades.<\/p>\n<h2>Consequ\u00eancias Econ\u00f4micas dos Alagamentos<\/h2>\n<p>Os alagamentos em S\u00e3o Paulo t\u00eam consequ\u00eancias variadas, impactando n\u00e3o apenas a vida cotidiana dos cidad\u00e3os, mas tamb\u00e9m a economia local:<\/p>\n<ul>\n<li><strong>Interrup\u00e7\u00e3o do Com\u00e9rcio:<\/strong> Muitos estabelecimentos enfrentam preju\u00edzos devido \u00e0 impossibilidade de funcionamento durante ou ap\u00f3s as chuvas.<\/li>\n<li><strong>Custos de Reparos:<\/strong> As empresas e o governo precisam investir consider\u00e1veis quantias em reparos de infraestrutura e em servi\u00e7os de emerg\u00eancia.<\/li>\n<li><strong>Impactos no Transporte:<\/strong> A mobilidade \u00e9 severamente afetada, gerando atrasos e complica\u00e7\u00f5es para o transporte p\u00fablico e particular.<\/li>\n<li><strong>Perda de Produtos:<\/strong> Estoques danificados devido a inunda\u00e7\u00f5es acarretam perdas significativas para comerciantes e ind\u00fastrias.<\/li>\n<\/ul>\n<h2>Hist\u00f3rico de Alagamentos em S\u00e3o Paulo<\/h2>\n<p>A hist\u00f3ria de S\u00e3o Paulo \u00e9 marcada por epis\u00f3dios recorrentes de alagamentos. Eventos extremos, como as chuvas do ver\u00e3o, t\u00eam causado repetidos transtornos. No passado, registros mostram que grandes enchentes levaram a mudan\u00e7as significativas nas pol\u00edticas de urbaniza\u00e7\u00e3o e drenagem.<\/p>\n<p>O aumento da urbaniza\u00e7\u00e3o nas \u00faltimas d\u00e9cadas trouxe \u00e0 tona a necessidade de uma abordagem mais eficaz para a gest\u00e3o das \u00e1guas pluviais. Mudan\u00e7as estruturais t\u00eam sido propostas, mas a implementa\u00e7\u00e3o ainda encontra barreiras significativas.<\/p>\n<h2>Import\u00e2ncia do Monitoramento Clim\u00e1tico<\/h2>\n<p>O monitoramento clim\u00e1tico \u00e9 crucial para a preven\u00e7\u00e3o de desastres em S\u00e3o Paulo. Com tecnologia avan\u00e7ada, ferramentas de previs\u00e3o do tempo conseguem modelar fen\u00f4menos clim\u00e1ticos e alertar sobre a chegada de chuvas intensas. Esse tipo de vigil\u00e2ncia permite que os cidad\u00e3os se preparem e que as autoridades realizem a\u00e7\u00f5es preventivas para mitigar os efeitos das inunda\u00e7\u00f5es.<\/p>\n<h2>A\u00e7\u00f5es do Governo em Situa\u00e7\u00f5es Cr\u00edticas<\/h2>\n<p>Em casos de emerg\u00eancia, medidas imediatas s\u00e3o necess\u00e1rias. O governo de S\u00e3o Paulo, por meio de suas secretarias, deve estar preparado para agir rapidamente, utilizando:<\/p>\n<ul>\n<li><strong>Unidade de Resposta R\u00e1pida:<\/strong> Mobiliza\u00e7\u00e3o de equipes para avaliar a situa\u00e7\u00e3o e iniciar a\u00e7\u00f5es de emerg\u00eancia.<\/li>\n<li><strong>Transporte P\u00fablico:<\/strong> Implementa\u00e7\u00e3o de alternativas para evitar que a popula\u00e7\u00e3o fique presa em \u00e1reas alagadas.<\/li>\n<li><strong>Assist\u00eancia a V\u00edtimas:<\/strong> Oferecimento de abrigo e suporte psicol\u00f3gico \u00e0s pessoas deslocadas por desastres.<\/li>\n<\/ul>\n<h2>Opini\u00e3o da Popula\u00e7\u00e3o sobre Alagamentos<\/h2>\n<p>A percep\u00e7\u00e3o da popula\u00e7\u00e3o sobre os alagamentos em S\u00e3o Paulo \u00e9 de grande preocupa\u00e7\u00e3o. Cidad\u00e3os frequentemente expressam frustra\u00e7\u00e3o com a lentid\u00e3o das respostas do governo e a inefic\u00e1cia nas obras de infraestrutura. Este cen\u00e1rio reflete um clamor por melhorias na drenagem e gest\u00e3o das \u00e1guas pluviais, com a expectativa de que a\u00e7\u00f5es mais eficazes sejam implementadas para prevenir futuras crises.<\/p>\n<p>De forma geral, o tema dos alagamentos levanta quest\u00f5es sobre sustentabilidade e urbaniza\u00e7\u00e3o, exigindo a colabora\u00e7\u00e3o entre a administra\u00e7\u00e3o p\u00fablica e a sociedade civil para buscar solu\u00e7\u00f5es duradouras e eficazes.<\/p>\n\n<div style=\"font-size: 0px; height: 0px; line-height: 0px; margin: 0; padding: 0; clear: both;\"><\/div>","protected":false},"excerpt":{"rendered":"<p>SP entra em estado de aten\u00e7\u00e3o por alagamentos devido \u00e0 chuva intensa na capital.<\/p>\n","protected":false},"author":1,"featured_media":6415,"comment_status":"open","ping_status":"closed","sticky":false,"template":"","format":"standard","meta":{"footnotes":""},"categories":[6],"tags":[],"class_list":["post-6416","post","type-post","status-publish","format-standard","has-post-thumbnail","hentry","category-noticias-no-centro-sp","has_thumb"],"aioseo_notices":[],"aioseo_head":"\n\t\t<!-- All in One SEO 5.0.0.1 - aioseo.com -->\n\t<meta name=\"description\" content=\"SP entra em estado de aten\u00e7\u00e3o por alagamentos devido \u00e0 chuva intensa na capital.\" \/>\n\t<meta name=\"robots\" content=\"max-image-preview:large\" \/>\n\t<meta name=\"author\" content=\"Encontra Centro SP\"\/>\n\t<link rel=\"canonical\" href=\"https:\/\/www.encontracentrosaopaulo.com.br\/sobre\/cidade-de-sao-paulo-entra-em-estado-de-atencao-para-alagamentos-em-razao-da-chuva-desta-quinta\/\" \/>\n\t<meta name=\"generator\" content=\"All in One SEO (AIOSEO) 5.0.0.1\" \/>\n\t\t<meta property=\"og:locale\" content=\"pt_BR\" \/>\n\t\t<meta property=\"og:site_name\" content=\"Encontra Centro SP | Not\u00edcias, eventos, informa\u00e7\u00f5es e dicas na cidade de Centro SP e regi\u00e3o.\" \/>\n\t\t<meta property=\"og:type\" content=\"article\" \/>\n\t\t<meta property=\"og:title\" content=\"Cidade de S\u00e3o Paulo entra em estado de aten\u00e7\u00e3o para alagamentos em raz\u00e3o da chuva desta quinta | Encontra Centro SP\" \/>\n\t\t<meta property=\"og:description\" content=\"SP entra em estado de aten\u00e7\u00e3o por alagamentos devido \u00e0 chuva intensa na capital.\" \/>\n\t\t<meta property=\"og:url\" content=\"https:\/\/www.encontracentrosaopaulo.com.br\/sobre\/cidade-de-sao-paulo-entra-em-estado-de-atencao-para-alagamentos-em-razao-da-chuva-desta-quinta\/\" \/>\n\t\t<meta property=\"article:published_time\" content=\"2026-04-16T17:15:21+00:00\" \/>\n\t\t<meta property=\"article:modified_time\" content=\"2026-04-16T17:15:21+00:00\" \/>\n\t\t<meta name=\"twitter:card\" content=\"summary\" \/>\n\t\t<meta name=\"twitter:title\" content=\"Cidade de S\u00e3o Paulo entra em estado de aten\u00e7\u00e3o para alagamentos em raz\u00e3o da chuva desta quinta | Encontra Centro SP\" \/>\n\t\t<meta name=\"twitter:description\" content=\"SP entra em estado de aten\u00e7\u00e3o por alagamentos devido \u00e0 chuva intensa na capital.\" \/>\n\t\t<script type=\"application\/ld+json\" class=\"aioseo-schema\">\n\t\t\t{\"@context\":\"https:\\\/\\\/schema.org\",\"@graph\":[{\"@type\":\"Article\",\"@id\":\"https:\\\/\\\/www.encontracentrosaopaulo.com.br\\\/sobre\\\/cidade-de-sao-paulo-entra-em-estado-de-atencao-para-alagamentos-em-razao-da-chuva-desta-quinta\\\/#article\",\"name\":\"Cidade de S\\u00e3o Paulo entra em estado de aten\\u00e7\\u00e3o para alagamentos em raz\\u00e3o da chuva desta quinta | Encontra Centro SP\",\"headline\":\"Cidade de S\\u00e3o Paulo entra em estado de aten\\u00e7\\u00e3o para alagamentos em raz\\u00e3o da chuva desta quinta\",\"author\":{\"@id\":\"https:\\\/\\\/www.encontracentrosaopaulo.com.br\\\/sobre\\\/author\\\/ecentrosaopaulo\\\/#author\"},\"publisher\":{\"@id\":\"https:\\\/\\\/www.encontracentrosaopaulo.com.br\\\/sobre\\\/#organization\"},\"image\":{\"@type\":\"ImageObject\",\"url\":\"https:\\\/\\\/www.encontracentrosaopaulo.com.br\\\/sobre\\\/wp-content\\\/uploads\\\/cidade-de-sao-paulo-entra-em-estado-de-atencao-para-alagamentos-em-razao-da-chuva-desta-quinta.webp\",\"width\":280,\"height\":280,\"caption\":\"alagamentos em S\\u00e3o Paulo\"},\"datePublished\":\"2026-04-16T14:15:21-03:00\",\"dateModified\":\"2026-04-16T14:15:21-03:00\",\"inLanguage\":\"pt-BR\",\"mainEntityOfPage\":{\"@id\":\"https:\\\/\\\/www.encontracentrosaopaulo.com.br\\\/sobre\\\/cidade-de-sao-paulo-entra-em-estado-de-atencao-para-alagamentos-em-razao-da-chuva-desta-quinta\\\/#webpage\"},\"isPartOf\":{\"@id\":\"https:\\\/\\\/www.encontracentrosaopaulo.com.br\\\/sobre\\\/cidade-de-sao-paulo-entra-em-estado-de-atencao-para-alagamentos-em-razao-da-chuva-desta-quinta\\\/#webpage\"},\"articleSection\":\"Not\\u00edcias Centro SP\"},{\"@type\":\"BreadcrumbList\",\"@id\":\"https:\\\/\\\/www.encontracentrosaopaulo.com.br\\\/sobre\\\/cidade-de-sao-paulo-entra-em-estado-de-atencao-para-alagamentos-em-razao-da-chuva-desta-quinta\\\/#breadcrumblist\",\"itemListElement\":[{\"@type\":\"ListItem\",\"@id\":\"https:\\\/\\\/www.encontracentrosaopaulo.com.br\\\/sobre#listItem\",\"position\":1,\"name\":\"In\\u00edcio\",\"item\":\"https:\\\/\\\/www.encontracentrosaopaulo.com.br\\\/sobre\",\"nextItem\":{\"@type\":\"ListItem\",\"@id\":\"https:\\\/\\\/www.encontracentrosaopaulo.com.br\\\/sobre\\\/noticias-no-centro-sp\\\/#listItem\",\"name\":\"Not\\u00edcias Centro SP\"}},{\"@type\":\"ListItem\",\"@id\":\"https:\\\/\\\/www.encontracentrosaopaulo.com.br\\\/sobre\\\/noticias-no-centro-sp\\\/#listItem\",\"position\":2,\"name\":\"Not\\u00edcias Centro SP\",\"item\":\"https:\\\/\\\/www.encontracentrosaopaulo.com.br\\\/sobre\\\/noticias-no-centro-sp\\\/\",\"nextItem\":{\"@type\":\"ListItem\",\"@id\":\"https:\\\/\\\/www.encontracentrosaopaulo.com.br\\\/sobre\\\/cidade-de-sao-paulo-entra-em-estado-de-atencao-para-alagamentos-em-razao-da-chuva-desta-quinta\\\/#listItem\",\"name\":\"Cidade de S\\u00e3o Paulo entra em estado de aten\\u00e7\\u00e3o para alagamentos em raz\\u00e3o da chuva desta quinta\"},\"previousItem\":{\"@type\":\"ListItem\",\"@id\":\"https:\\\/\\\/www.encontracentrosaopaulo.com.br\\\/sobre#listItem\",\"name\":\"In\\u00edcio\"}},{\"@type\":\"ListItem\",\"@id\":\"https:\\\/\\\/www.encontracentrosaopaulo.com.br\\\/sobre\\\/cidade-de-sao-paulo-entra-em-estado-de-atencao-para-alagamentos-em-razao-da-chuva-desta-quinta\\\/#listItem\",\"position\":3,\"name\":\"Cidade de S\\u00e3o Paulo entra em estado de aten\\u00e7\\u00e3o para alagamentos em raz\\u00e3o da chuva desta quinta\",\"previousItem\":{\"@type\":\"ListItem\",\"@id\":\"https:\\\/\\\/www.encontracentrosaopaulo.com.br\\\/sobre\\\/noticias-no-centro-sp\\\/#listItem\",\"name\":\"Not\\u00edcias Centro SP\"}}]},{\"@type\":\"Organization\",\"@id\":\"https:\\\/\\\/www.encontracentrosaopaulo.com.br\\\/sobre\\\/#organization\",\"name\":\"Encontra Centro SP\",\"description\":\"Not\\u00edcias, eventos, informa\\u00e7\\u00f5es e dicas na cidade de Centro SP e regi\\u00e3o.\",\"url\":\"https:\\\/\\\/www.encontracentrosaopaulo.com.br\\\/sobre\\\/\"},{\"@type\":\"Person\",\"@id\":\"https:\\\/\\\/www.encontracentrosaopaulo.com.br\\\/sobre\\\/author\\\/ecentrosaopaulo\\\/#author\",\"url\":\"https:\\\/\\\/www.encontracentrosaopaulo.com.br\\\/sobre\\\/author\\\/ecentrosaopaulo\\\/\",\"name\":\"Encontra Centro SP\",\"image\":{\"@type\":\"ImageObject\",\"@id\":\"https:\\\/\\\/www.encontracentrosaopaulo.com.br\\\/sobre\\\/cidade-de-sao-paulo-entra-em-estado-de-atencao-para-alagamentos-em-razao-da-chuva-desta-quinta\\\/#authorImage\",\"url\":\"https:\\\/\\\/secure.gravatar.com\\\/avatar\\\/507340682b8270222e1f208e23198b6ae7e2c6a1033ae84e99bc6bce4f82a387?s=96&d=mm&r=g\",\"width\":96,\"height\":96,\"caption\":\"Encontra Centro SP\"}},{\"@type\":\"WebPage\",\"@id\":\"https:\\\/\\\/www.encontracentrosaopaulo.com.br\\\/sobre\\\/cidade-de-sao-paulo-entra-em-estado-de-atencao-para-alagamentos-em-razao-da-chuva-desta-quinta\\\/#webpage\",\"url\":\"https:\\\/\\\/www.encontracentrosaopaulo.com.br\\\/sobre\\\/cidade-de-sao-paulo-entra-em-estado-de-atencao-para-alagamentos-em-razao-da-chuva-desta-quinta\\\/\",\"name\":\"Cidade de S\\u00e3o Paulo entra em estado de aten\\u00e7\\u00e3o para alagamentos em raz\\u00e3o da chuva desta quinta | Encontra Centro SP\",\"description\":\"SP entra em estado de aten\\u00e7\\u00e3o por alagamentos devido \\u00e0 chuva intensa na capital.\",\"inLanguage\":\"pt-BR\",\"isPartOf\":{\"@id\":\"https:\\\/\\\/www.encontracentrosaopaulo.com.br\\\/sobre\\\/#website\"},\"breadcrumb\":{\"@id\":\"https:\\\/\\\/www.encontracentrosaopaulo.com.br\\\/sobre\\\/cidade-de-sao-paulo-entra-em-estado-de-atencao-para-alagamentos-em-razao-da-chuva-desta-quinta\\\/#breadcrumblist\"},\"author\":{\"@id\":\"https:\\\/\\\/www.encontracentrosaopaulo.com.br\\\/sobre\\\/author\\\/ecentrosaopaulo\\\/#author\"},\"creator\":{\"@id\":\"https:\\\/\\\/www.encontracentrosaopaulo.com.br\\\/sobre\\\/author\\\/ecentrosaopaulo\\\/#author\"},\"image\":{\"@type\":\"ImageObject\",\"url\":\"https:\\\/\\\/www.encontracentrosaopaulo.com.br\\\/sobre\\\/wp-content\\\/uploads\\\/cidade-de-sao-paulo-entra-em-estado-de-atencao-para-alagamentos-em-razao-da-chuva-desta-quinta.webp\",\"@id\":\"https:\\\/\\\/www.encontracentrosaopaulo.com.br\\\/sobre\\\/cidade-de-sao-paulo-entra-em-estado-de-atencao-para-alagamentos-em-razao-da-chuva-desta-quinta\\\/#mainImage\",\"width\":280,\"height\":280,\"caption\":\"alagamentos em S\\u00e3o Paulo\"},\"primaryImageOfPage\":{\"@id\":\"https:\\\/\\\/www.encontracentrosaopaulo.com.br\\\/sobre\\\/cidade-de-sao-paulo-entra-em-estado-de-atencao-para-alagamentos-em-razao-da-chuva-desta-quinta\\\/#mainImage\"},\"datePublished\":\"2026-04-16T14:15:21-03:00\",\"dateModified\":\"2026-04-16T14:15:21-03:00\"},{\"@type\":\"WebSite\",\"@id\":\"https:\\\/\\\/www.encontracentrosaopaulo.com.br\\\/sobre\\\/#website\",\"url\":\"https:\\\/\\\/www.encontracentrosaopaulo.com.br\\\/sobre\\\/\",\"name\":\"Encontra Centro SP\",\"description\":\"Not\\u00edcias, eventos, informa\\u00e7\\u00f5es e dicas na cidade de Centro SP e regi\\u00e3o.\",\"inLanguage\":\"pt-BR\",\"publisher\":{\"@id\":\"https:\\\/\\\/www.encontracentrosaopaulo.com.br\\\/sobre\\\/#organization\"}}]}\n\t\t<\/script>\n\t\t<!-- All in One SEO -->\n\n","aioseo_head_json":{"title":"Cidade de S\u00e3o Paulo entra em estado de aten\u00e7\u00e3o para alagamentos em raz\u00e3o da chuva desta quinta | Encontra Centro SP","description":"SP entra em estado de aten\u00e7\u00e3o por alagamentos devido \u00e0 chuva intensa na capital.","canonical_url":"https:\/\/www.encontracentrosaopaulo.com.br\/sobre\/cidade-de-sao-paulo-entra-em-estado-de-atencao-para-alagamentos-em-razao-da-chuva-desta-quinta\/","robots":"max-image-preview:large","keywords":"","webmasterTools":{"miscellaneous":""},"schema":{"@context":"https:\/\/schema.org","@graph":[{"@type":"Article","@id":"https:\/\/www.encontracentrosaopaulo.com.br\/sobre\/cidade-de-sao-paulo-entra-em-estado-de-atencao-para-alagamentos-em-razao-da-chuva-desta-quinta\/#article","name":"Cidade de S\u00e3o Paulo entra em estado de aten\u00e7\u00e3o para alagamentos em raz\u00e3o da chuva desta quinta | Encontra Centro SP","headline":"Cidade de S\u00e3o Paulo entra em estado de aten\u00e7\u00e3o para alagamentos em raz\u00e3o da chuva desta quinta","author":{"@id":"https:\/\/www.encontracentrosaopaulo.com.br\/sobre\/author\/ecentrosaopaulo\/#author"},"publisher":{"@id":"https:\/\/www.encontracentrosaopaulo.com.br\/sobre\/#organization"},"image":{"@type":"ImageObject","url":"https:\/\/www.encontracentrosaopaulo.com.br\/sobre\/wp-content\/uploads\/cidade-de-sao-paulo-entra-em-estado-de-atencao-para-alagamentos-em-razao-da-chuva-desta-quinta.webp","width":280,"height":280,"caption":"alagamentos em S\u00e3o Paulo"},"datePublished":"2026-04-16T14:15:21-03:00","dateModified":"2026-04-16T14:15:21-03:00","inLanguage":"pt-BR","mainEntityOfPage":{"@id":"https:\/\/www.encontracentrosaopaulo.com.br\/sobre\/cidade-de-sao-paulo-entra-em-estado-de-atencao-para-alagamentos-em-razao-da-chuva-desta-quinta\/#webpage"},"isPartOf":{"@id":"https:\/\/www.encontracentrosaopaulo.com.br\/sobre\/cidade-de-sao-paulo-entra-em-estado-de-atencao-para-alagamentos-em-razao-da-chuva-desta-quinta\/#webpage"},"articleSection":"Not\u00edcias Centro SP"},{"@type":"BreadcrumbList","@id":"https:\/\/www.encontracentrosaopaulo.com.br\/sobre\/cidade-de-sao-paulo-entra-em-estado-de-atencao-para-alagamentos-em-razao-da-chuva-desta-quinta\/#breadcrumblist","itemListElement":[{"@type":"ListItem","@id":"https:\/\/www.encontracentrosaopaulo.com.br\/sobre#listItem","position":1,"name":"In\u00edcio","item":"https:\/\/www.encontracentrosaopaulo.com.br\/sobre","nextItem":{"@type":"ListItem","@id":"https:\/\/www.encontracentrosaopaulo.com.br\/sobre\/noticias-no-centro-sp\/#listItem","name":"Not\u00edcias Centro SP"}},{"@type":"ListItem","@id":"https:\/\/www.encontracentrosaopaulo.com.br\/sobre\/noticias-no-centro-sp\/#listItem","position":2,"name":"Not\u00edcias Centro SP","item":"https:\/\/www.encontracentrosaopaulo.com.br\/sobre\/noticias-no-centro-sp\/","nextItem":{"@type":"ListItem","@id":"https:\/\/www.encontracentrosaopaulo.com.br\/sobre\/cidade-de-sao-paulo-entra-em-estado-de-atencao-para-alagamentos-em-razao-da-chuva-desta-quinta\/#listItem","name":"Cidade de S\u00e3o Paulo entra em estado de aten\u00e7\u00e3o para alagamentos em raz\u00e3o da chuva desta quinta"},"previousItem":{"@type":"ListItem","@id":"https:\/\/www.encontracentrosaopaulo.com.br\/sobre#listItem","name":"In\u00edcio"}},{"@type":"ListItem","@id":"https:\/\/www.encontracentrosaopaulo.com.br\/sobre\/cidade-de-sao-paulo-entra-em-estado-de-atencao-para-alagamentos-em-razao-da-chuva-desta-quinta\/#listItem","position":3,"name":"Cidade de S\u00e3o Paulo entra em estado de aten\u00e7\u00e3o para alagamentos em raz\u00e3o da chuva desta quinta","previousItem":{"@type":"ListItem","@id":"https:\/\/www.encontracentrosaopaulo.com.br\/sobre\/noticias-no-centro-sp\/#listItem","name":"Not\u00edcias Centro SP"}}]},{"@type":"Organization","@id":"https:\/\/www.encontracentrosaopaulo.com.br\/sobre\/#organization","name":"Encontra Centro SP","description":"Not\u00edcias, eventos, informa\u00e7\u00f5es e dicas na cidade de Centro SP e regi\u00e3o.","url":"https:\/\/www.encontracentrosaopaulo.com.br\/sobre\/"},{"@type":"Person","@id":"https:\/\/www.encontracentrosaopaulo.com.br\/sobre\/author\/ecentrosaopaulo\/#author","url":"https:\/\/www.encontracentrosaopaulo.com.br\/sobre\/author\/ecentrosaopaulo\/","name":"Encontra Centro SP","image":{"@type":"ImageObject","@id":"https:\/\/www.encontracentrosaopaulo.com.br\/sobre\/cidade-de-sao-paulo-entra-em-estado-de-atencao-para-alagamentos-em-razao-da-chuva-desta-quinta\/#authorImage","url":"https:\/\/secure.gravatar.com\/avatar\/507340682b8270222e1f208e23198b6ae7e2c6a1033ae84e99bc6bce4f82a387?s=96&d=mm&r=g","width":96,"height":96,"caption":"Encontra Centro SP"}},{"@type":"WebPage","@id":"https:\/\/www.encontracentrosaopaulo.com.br\/sobre\/cidade-de-sao-paulo-entra-em-estado-de-atencao-para-alagamentos-em-razao-da-chuva-desta-quinta\/#webpage","url":"https:\/\/www.encontracentrosaopaulo.com.br\/sobre\/cidade-de-sao-paulo-entra-em-estado-de-atencao-para-alagamentos-em-razao-da-chuva-desta-quinta\/","name":"Cidade de S\u00e3o Paulo entra em estado de aten\u00e7\u00e3o para alagamentos em raz\u00e3o da chuva desta quinta | Encontra Centro SP","description":"SP entra em estado de aten\u00e7\u00e3o por alagamentos devido \u00e0 chuva intensa na capital.","inLanguage":"pt-BR","isPartOf":{"@id":"https:\/\/www.encontracentrosaopaulo.com.br\/sobre\/#website"},"breadcrumb":{"@id":"https:\/\/www.encontracentrosaopaulo.com.br\/sobre\/cidade-de-sao-paulo-entra-em-estado-de-atencao-para-alagamentos-em-razao-da-chuva-desta-quinta\/#breadcrumblist"},"author":{"@id":"https:\/\/www.encontracentrosaopaulo.com.br\/sobre\/author\/ecentrosaopaulo\/#author"},"creator":{"@id":"https:\/\/www.encontracentrosaopaulo.com.br\/sobre\/author\/ecentrosaopaulo\/#author"},"image":{"@type":"ImageObject","url":"https:\/\/www.encontracentrosaopaulo.com.br\/sobre\/wp-content\/uploads\/cidade-de-sao-paulo-entra-em-estado-de-atencao-para-alagamentos-em-razao-da-chuva-desta-quinta.webp","@id":"https:\/\/www.encontracentrosaopaulo.com.br\/sobre\/cidade-de-sao-paulo-entra-em-estado-de-atencao-para-alagamentos-em-razao-da-chuva-desta-quinta\/#mainImage","width":280,"height":280,"caption":"alagamentos em S\u00e3o Paulo"},"primaryImageOfPage":{"@id":"https:\/\/www.encontracentrosaopaulo.com.br\/sobre\/cidade-de-sao-paulo-entra-em-estado-de-atencao-para-alagamentos-em-razao-da-chuva-desta-quinta\/#mainImage"},"datePublished":"2026-04-16T14:15:21-03:00","dateModified":"2026-04-16T14:15:21-03:00"},{"@type":"WebSite","@id":"https:\/\/www.encontracentrosaopaulo.com.br\/sobre\/#website","url":"https:\/\/www.encontracentrosaopaulo.com.br\/sobre\/","name":"Encontra Centro SP","description":"Not\u00edcias, eventos, informa\u00e7\u00f5es e dicas na cidade de Centro SP e regi\u00e3o.","inLanguage":"pt-BR","publisher":{"@id":"https:\/\/www.encontracentrosaopaulo.com.br\/sobre\/#organization"}}]},"og:locale":"pt_BR","og:site_name":"Encontra Centro SP | Not\u00edcias, eventos, informa\u00e7\u00f5es e dicas na cidade de Centro SP e regi\u00e3o.","og:type":"article","og:title":"Cidade de S\u00e3o Paulo entra em estado de aten\u00e7\u00e3o para alagamentos em raz\u00e3o da chuva desta quinta | Encontra Centro SP","og:description":"SP entra em estado de aten\u00e7\u00e3o por alagamentos devido \u00e0 chuva intensa na capital.","og:url":"https:\/\/www.encontracentrosaopaulo.com.br\/sobre\/cidade-de-sao-paulo-entra-em-estado-de-atencao-para-alagamentos-em-razao-da-chuva-desta-quinta\/","article:published_time":"2026-04-16T17:15:21+00:00","article:modified_time":"2026-04-16T17:15:21+00:00","twitter:card":"summary","twitter:title":"Cidade de S\u00e3o Paulo entra em estado de aten\u00e7\u00e3o para alagamentos em raz\u00e3o da chuva desta quinta | Encontra Centro SP","twitter:description":"SP entra em estado de aten\u00e7\u00e3o por alagamentos devido \u00e0 chuva intensa na capital."},"aioseo_meta_data":{"post_id":"6416","title":null,"description":null,"keywords":null,"keyphrases":null,"primary_term":null,"canonical_url":null,"og_title":null,"og_description":null,"og_object_type":"default","og_image_type":"default","og_image_url":null,"og_image_width":null,"og_image_height":null,"og_image_custom_url":null,"og_image_custom_fields":null,"og_video":null,"og_custom_url":null,"og_article_section":null,"og_article_tags":null,"twitter_use_og":false,"twitter_card":"default","twitter_image_type":"default","twitter_image_url":null,"twitter_image_custom_url":null,"twitter_image_custom_fields":null,"twitter_title":null,"twitter_description":null,"schema":{"blockGraphs":[],"customGraphs":[],"default":{"data":{"Article":[],"Course":[],"Dataset":[],"FAQPage":[],"Movie":[],"Person":[],"Product":[],"ProductReview":[],"Car":[],"Recipe":[],"Service":[],"SoftwareApplication":[],"WebPage":[]},"graphName":"Article","isEnabled":true},"graphs":[]},"schema_type":"default","schema_type_options":null,"pillar_content":false,"robots_default":true,"robots_noindex":false,"robots_noarchive":false,"robots_nosnippet":false,"robots_nofollow":false,"robots_noimageindex":false,"robots_noodp":false,"robots_notranslate":false,"robots_max_snippet":null,"robots_max_videopreview":null,"robots_max_imagepreview":"large","priority":null,"frequency":null,"local_seo":null,"breadcrumb_settings":null,"limit_modified_date":false,"ai":null,"created":"2026-04-16 17:15:25","updated":"2026-04-16 20:36:01","seo_analyzer_scan_date":null,"focus_keyword":null,"additional_keywords":null,"truseo_locale":null},"aioseo_breadcrumb":"<div class=\"aioseo-breadcrumbs\"><span class=\"aioseo-breadcrumb\">\n\t\t\t<a href=\"https:\/\/www.encontracentrosaopaulo.com.br\/sobre\" title=\"In\u00edcio\">In\u00edcio<\/a>\n\t\t<\/span><span class=\"aioseo-breadcrumb-separator\">&raquo;<\/span><span class=\"aioseo-breadcrumb\">\n\t\t\t<a href=\"https:\/\/www.encontracentrosaopaulo.com.br\/sobre\/noticias-no-centro-sp\/\" title=\"Not\u00edcias Centro SP\">Not\u00edcias Centro SP<\/a>\n\t\t<\/span><span class=\"aioseo-breadcrumb-separator\">&raquo;<\/span><span class=\"aioseo-breadcrumb\">\n\t\t\tCidade de S\u00e3o Paulo entra em estado de aten\u00e7\u00e3o para alagamentos em raz\u00e3o da chuva desta quinta\n\t\t<\/span><\/div>","aioseo_breadcrumb_json":[{"label":"In\u00edcio","link":"https:\/\/www.encontracentrosaopaulo.com.br\/sobre"},{"label":"Not\u00edcias Centro SP","link":"https:\/\/www.encontracentrosaopaulo.com.br\/sobre\/noticias-no-centro-sp\/"},{"label":"Cidade de S\u00e3o Paulo entra em estado de aten\u00e7\u00e3o para alagamentos em raz\u00e3o da chuva desta quinta","link":"https:\/\/www.encontracentrosaopaulo.com.br\/sobre\/cidade-de-sao-paulo-entra-em-estado-de-atencao-para-alagamentos-em-razao-da-chuva-desta-quinta\/"}],"_links":{"self":[{"href":"https:\/\/www.encontracentrosaopaulo.com.br\/sobre\/wp-json\/wp\/v2\/posts\/6416","targetHints":{"allow":["GET"]}}],"collection":[{"href":"https:\/\/www.encontracentrosaopaulo.com.br\/sobre\/wp-json\/wp\/v2\/posts"}],"about":[{"href":"https:\/\/www.encontracentrosaopaulo.com.br\/sobre\/wp-json\/wp\/v2\/types\/post"}],"author":[{"embeddable":true,"href":"https:\/\/www.encontracentrosaopaulo.com.br\/sobre\/wp-json\/wp\/v2\/users\/1"}],"replies":[{"embeddable":true,"href":"https:\/\/www.encontracentrosaopaulo.com.br\/sobre\/wp-json\/wp\/v2\/comments?post=6416"}],"version-history":[{"count":0,"href":"https:\/\/www.encontracentrosaopaulo.com.br\/sobre\/wp-json\/wp\/v2\/posts\/6416\/revisions"}],"wp:featuredmedia":[{"embeddable":true,"href":"https:\/\/www.encontracentrosaopaulo.com.br\/sobre\/wp-json\/wp\/v2\/media\/6415"}],"wp:attachment":[{"href":"https:\/\/www.encontracentrosaopaulo.com.br\/sobre\/wp-json\/wp\/v2\/media?parent=6416"}],"wp:term":[{"taxonomy":"category","embeddable":true,"href":"https:\/\/www.encontracentrosaopaulo.com.br\/sobre\/wp-json\/wp\/v2\/categories?post=6416"},{"taxonomy":"post_tag","embeddable":true,"href":"https:\/\/www.encontracentrosaopaulo.com.br\/sobre\/wp-json\/wp\/v2\/tags?post=6416"}],"curies":[{"name":"wp","href":"https:\/\/api.w.org\/{rel}","templated":true}]}}