{"id":6468,"date":"2026-04-26T14:28:20","date_gmt":"2026-04-26T17:28:20","guid":{"rendered":"https:\/\/www.encontracentrosaopaulo.com.br\/sobre\/centro-de-pesquisa-e-formacao-do-sesc-sao-paulo-realiza-a-5a-edicao-do-curso-direitos-humanos-para-gestao-cultural-teorias-e-praticas-antidiscriminatoria\/"},"modified":"2026-04-26T14:28:20","modified_gmt":"2026-04-26T17:28:20","slug":"centro-de-pesquisa-e-formacao-do-sesc-sao-paulo-realiza-a-5a-edicao-do-curso-direitos-humanos-para-gestao-cultural-teorias-e-praticas-antidiscriminatoria","status":"publish","type":"post","link":"https:\/\/www.encontracentrosaopaulo.com.br\/sobre\/centro-de-pesquisa-e-formacao-do-sesc-sao-paulo-realiza-a-5a-edicao-do-curso-direitos-humanos-para-gestao-cultural-teorias-e-praticas-antidiscriminatoria\/","title":{"rendered":"Centro de Pesquisa e Forma\u00e7\u00e3o do Sesc S\u00e3o Paulo realiza a 5\u00aa edi\u00e7\u00e3o do curso Direitos Humanos para Gest\u00e3o Cultural: Teorias e pr\u00e1ticas antidiscriminat\u00f3ria"},"content":{"rendered":"<div class=\"d6585b5127f45a35450431d0abc3f90c\" data-index=\"1\" style=\"float: none; margin:0px;\">\n<!-- Anuncio display - global -->\r\n<ins class=\"adsbygoogle\"\r\n     style=\"display:block\"\r\n     data-ad-client=\"ca-pub-8585364105181520\"\r\n     data-ad-slot=\"8789329856\"\r\n     data-ad-format=\"auto\"\r\n     data-full-width-responsive=\"true\"><\/ins>\r\n<script>\r\n     (adsbygoogle = window.adsbygoogle || []).push({});\r\n<\/script>\n<\/div>\n<h2>Objetivos do Curso<\/h2>\n<p>O curso &#8220;Direitos Humanos para Gest\u00e3o Cultural: Teorias e pr\u00e1ticas antidiscriminat\u00f3ria&#8221; visa fornecer uma base s\u00f3lida tanto te\u00f3rica quanto pr\u00e1tica aos gestores e profissionais do setor cultural. O objetivo central \u00e9 fomentar a capacidade de reconhecer e agir em prol das diversidades presentes na sociedade, integrando direitos humanos em todas as suas a\u00e7\u00f5es e eventos na \u00e1rea cultural.<\/p>\n<h2>Metodologia e Estrutura<\/h2>\n<p>Este curso estruturado pelo Centro de Pesquisa e Forma\u00e7\u00e3o (CPF) do Sesc S\u00e3o Paulo \u00e9 composto por uma combina\u00e7\u00e3o de aulas te\u00f3ricas, exposi\u00e7\u00f5es pr\u00e1ticas em s\u00edtios culturais e a elabora\u00e7\u00e3o de um projeto final. Ser\u00e3o realizados encontros presenciais semanais, proporcionando um espa\u00e7o para o interc\u00e2mbio de ideias e enriquecimento das discuss\u00f5es sobre temas relevantes. A abordagem inclui:<\/p>\n<ul>\n<li>Aulas te\u00f3ricas com pesquisadores e profissionais experientes.<\/li>\n<li>Visitas de campo a diferentes locais culturais.<\/li>\n<li>Trabalho pr\u00e1tico de conclus\u00e3o, aplicando os conceitos aprendidos.<\/li>\n<\/ul>\n<h2>P\u00fablico-Alvo<\/h2>\n<p>O curso \u00e9 destinado a gestores culturais, produtores e outros profissionais do setor que desejam aprofundar seus conhecimentos sobre direitos humanos e suas implica\u00e7\u00f5es na gest\u00e3o cultural. Neste contexto, procuramos atender pessoas que atuam em uma variedade de cen\u00e1rios culturais e que est\u00e3o comprometidas em promover a inclus\u00e3o e a diversidade nas suas pr\u00e1ticas.<\/p>\n<p><img decoding=\"async\" src=\"https:\/\/www.encontracentrosaopaulo.com.br\/sobre\/wp-content\/uploads\/centro-de-pesquisa-e-formacao-do-sesc-sao-paulo-realiza-a-5-edicao-do-curso-direitos-humanos-para-ge.webp\" alt=\"Direitos Humanos para Gest\u00e3o Cultural\" loading=\"lazy\" \/><\/p>\n<h2>Eixos Tem\u00e1ticos<\/h2>\n<p>A forma\u00e7\u00e3o abrange diversos eixos tem\u00e1ticos relevantes para a discuss\u00e3o de direitos humanos no campo cultural. Alguns dos t\u00f3picos centrais s\u00e3o:<\/p>\n<ul>\n<li><strong>A cultura \u00e9 um direito humano:<\/strong> Compreender a cultura como um elemento essencial do exerc\u00edcio dos direitos humanos.<\/li>\n<li><strong>A fal\u00e1cia da neutralidade da cultura:<\/strong> An\u00e1lise das narrativas hegem\u00f4nicas que influenciam a produ\u00e7\u00e3o cultural e seus impactos sociais.<\/li>\n<li><strong>Pode o subalterno falar?<\/strong> Reflex\u00f5es sobre vozes marginalizadas e a representa\u00e7\u00e3o no espa\u00e7o cultural.<\/li>\n<li><strong>Um outro museu \u00e9 poss\u00edvel:<\/strong> Discuss\u00e3o sobre alternativas e novas pr\u00e1ticas museol\u00f3gicas que desafiem o status quo.<\/li>\n<\/ul>\n<h2>Cronograma das Aulas<\/h2>\n<p>As aulas do curso acontecer\u00e3o entre 13 de maio e 15 de julho de 2026, com encontros presenciais programados para as quartas-feiras e sextas-feiras, das 10h30 \u00e0s 13h30. S\u00e1bados tamb\u00e9m incluir\u00e3o viv\u00eancias espec\u00edficas, agendadas para os dias 23\/5, 13\/6 e 27\/6, com hor\u00e1rios a serem definidos.<\/p>\n<h2>Processo Seletivo<\/h2>\n<p>O processo de sele\u00e7\u00e3o para o curso ocorrer\u00e1 conforme as seguintes etapas:<\/p>\n<ul>\n<li><strong>Inscri\u00e7\u00f5es:<\/strong> De 6 a 17 de abril de 2026, atrav\u00e9s do formul\u00e1rio online acess\u00edvel pelo link fornecido.<\/li>\n<li><strong>Divulga\u00e7\u00e3o dos selecionados:<\/strong> Os candidatos aprovados ser\u00e3o informados por e-mail no dia 30 de abril de 2026.<\/li>\n<li><strong>Entrevistas:<\/strong> Estas ocorrer\u00e3o de 29 de janeiro a 13 de fevereiro de 2026.<\/li>\n<li><strong>Matr\u00edculas:<\/strong> Per\u00edodo de 2 a 8 de maio de 2026.<\/li>\n<li><strong>In\u00edcio do curso:<\/strong> As aulas come\u00e7am em 13 de maio de 2026.<\/li>\n<\/ul>\n<h2>Valores das Inscri\u00e7\u00f5es<\/h2>\n<p>Os valores das inscri\u00e7\u00f5es para participar do curso s\u00e3o escalonados conforme a situa\u00e7\u00e3o financeira dos candidatos, com op\u00e7\u00f5es de:<\/p>\n<ul>\n<li>R$150,00 para inscritos em geral;<\/li>\n<li>R$75,00 para estudantes e idosos;<\/li>\n<li>R$45,00 para aqueles que comprovem baixo rendimento.<\/li>\n<\/ul>\n<h2>Docentes do Curso<\/h2>\n<p>O corpo docente \u00e9 composto por uma equipe diversa e altamente qualificada, composta por pesquisadores, gestores e ativistas de diferentes movimentos e organiza\u00e7\u00f5es sociais e culturais. Esses profissionais trazem experi\u00eancias pr\u00e1ticas e te\u00f3ricas que enriquecem as aulas, proporcionando uma forma\u00e7\u00e3o abrangente e em sintonia com as necessidades contempor\u00e2neas.<\/p>\n<h2>Benef\u00edcios da Forma\u00e7\u00e3o<\/h2>\n<p>A participa\u00e7\u00e3o neste curso oferece uma s\u00e9rie de vantagens:<\/p>\n<ul>\n<li>Aprofundar os conhecimentos em direitos humanos aplicados \u00e0 cultura;<\/li>\n<li>Interagir com profissionais renomados e colegas de diferentes \u00e1reas;<\/li>\n<li>Desenvolver um projeto final que pode fortalecer seu portf\u00f3lio profissional;<\/li>\n<li>Possibilidade de colabora\u00e7\u00e3o em futuras iniciativas culturais e sociais.<\/li>\n<\/ul>\n<h2>Contacte o Centro de Pesquisa<\/h2>\n<p>Para mais informa\u00e7\u00f5es, d\u00favidas ou orienta\u00e7\u00f5es sobre o curso, entre em contato com o Centro de Pesquisa e Forma\u00e7\u00e3o do Sesc:<\/p>\n<ul>\n<li><strong>Endere\u00e7o:<\/strong> Rua Dr. Pl\u00ednio Barreto, 28, 4\u00ba andar.<\/li>\n<li><strong>Hor\u00e1rio de Funcionamento:<\/strong> De ter\u00e7a a sexta, das 10h \u00e0s 21h; s\u00e1bados, das 10h \u00e0s 18h30.<\/li>\n<li><strong>Transporte:<\/strong> H\u00e1 transporte gratuito dispon\u00edvel para participantes, com sa\u00edda para o Metr\u00f4 Trianon-MASP, de ter\u00e7a a s\u00e1bado, das 18h10 \u00e0s 22h45, com intervalos de 20 a 30 minutos.<\/li>\n<\/ul>\n\n<div style=\"font-size: 0px; height: 0px; line-height: 0px; margin: 0; padding: 0; clear: both;\"><\/div>","protected":false},"excerpt":{"rendered":"<p>Direitos Humanos para Gest\u00e3o Cultural tem inscri\u00e7\u00f5es abertas de 6 a 17 de abril.<\/p>\n","protected":false},"author":1,"featured_media":6467,"comment_status":"open","ping_status":"closed","sticky":false,"template":"","format":"standard","meta":{"footnotes":""},"categories":[6],"tags":[],"class_list":["post-6468","post","type-post","status-publish","format-standard","has-post-thumbnail","hentry","category-noticias-no-centro-sp","has_thumb"],"aioseo_notices":[],"_links":{"self":[{"href":"https:\/\/www.encontracentrosaopaulo.com.br\/sobre\/wp-json\/wp\/v2\/posts\/6468","targetHints":{"allow":["GET"]}}],"collection":[{"href":"https:\/\/www.encontracentrosaopaulo.com.br\/sobre\/wp-json\/wp\/v2\/posts"}],"about":[{"href":"https:\/\/www.encontracentrosaopaulo.com.br\/sobre\/wp-json\/wp\/v2\/types\/post"}],"author":[{"embeddable":true,"href":"https:\/\/www.encontracentrosaopaulo.com.br\/sobre\/wp-json\/wp\/v2\/users\/1"}],"replies":[{"embeddable":true,"href":"https:\/\/www.encontracentrosaopaulo.com.br\/sobre\/wp-json\/wp\/v2\/comments?post=6468"}],"version-history":[{"count":0,"href":"https:\/\/www.encontracentrosaopaulo.com.br\/sobre\/wp-json\/wp\/v2\/posts\/6468\/revisions"}],"wp:featuredmedia":[{"embeddable":true,"href":"https:\/\/www.encontracentrosaopaulo.com.br\/sobre\/wp-json\/wp\/v2\/media\/6467"}],"wp:attachment":[{"href":"https:\/\/www.encontracentrosaopaulo.com.br\/sobre\/wp-json\/wp\/v2\/media?parent=6468"}],"wp:term":[{"taxonomy":"category","embeddable":true,"href":"https:\/\/www.encontracentrosaopaulo.com.br\/sobre\/wp-json\/wp\/v2\/categories?post=6468"},{"taxonomy":"post_tag","embeddable":true,"href":"https:\/\/www.encontracentrosaopaulo.com.br\/sobre\/wp-json\/wp\/v2\/tags?post=6468"}],"curies":[{"name":"wp","href":"https:\/\/api.w.org\/{rel}","templated":true}]}}