{"id":6470,"date":"2026-04-26T14:29:32","date_gmt":"2026-04-26T17:29:32","guid":{"rendered":"https:\/\/www.encontracentrosaopaulo.com.br\/sobre\/corredores-ocupam-ruas-do-centro-de-sp-para-comemorar-105-anos-da-folha\/"},"modified":"2026-04-26T14:29:32","modified_gmt":"2026-04-26T17:29:32","slug":"corredores-ocupam-ruas-do-centro-de-sp-para-comemorar-105-anos-da-folha","status":"publish","type":"post","link":"https:\/\/www.encontracentrosaopaulo.com.br\/sobre\/corredores-ocupam-ruas-do-centro-de-sp-para-comemorar-105-anos-da-folha\/","title":{"rendered":"Corredores ocupam ruas do centro de SP para comemorar 105 anos da Folha"},"content":{"rendered":"<div class=\"d6585b5127f45a35450431d0abc3f90c\" data-index=\"1\" style=\"float: none; margin:0px;\">\n<!-- Anuncio display - global -->\r\n<ins class=\"adsbygoogle\"\r\n     style=\"display:block\"\r\n     data-ad-client=\"ca-pub-8585364105181520\"\r\n     data-ad-slot=\"8789329856\"\r\n     data-ad-format=\"auto\"\r\n     data-full-width-responsive=\"true\"><\/ins>\r\n<script>\r\n     (adsbygoogle = window.adsbygoogle || []).push({});\r\n<\/script>\n<\/div>\n<h2>Um evento que resgata a hist\u00f3ria de S\u00e3o Paulo<\/h2>\n<p>Na manh\u00e3 do \u00faltimo domingo, o centro de S\u00e3o Paulo se transformou em um local de celebra\u00e7\u00e3o e sa\u00fade, acolhendo uma multid\u00e3o de corredores e caminhantes. O evento, intitulado Corrida Folha 105, foi uma homenagem aos 105 anos do renomado jornal Folha de S.Paulo. Com percursos de 3 km, 5 km e 10 km, a corrida n\u00e3o apenas promoveu a pr\u00e1tica esportiva, mas tamb\u00e9m convidou os participantes a redescobrir as ruas e marcos hist\u00f3ricos da cidade.<\/p>\n<h2>Corrida pela hist\u00f3ria: marcos hist\u00f3ricos do percurso<\/h2>\n<p>O trajeto da corrida foi cuidadosamente planejado para incluir alguns dos principais marcos hist\u00f3ricos da capital paulista. Os participantes come\u00e7aram e terminaram no Vale do Anhangaba\u00fa, percorrendo ruas que levam \u00e0 ic\u00f4nica Avenida S\u00e3o Jo\u00e3o e ao Largo do Pai\u00e7andu. Durante o percurso, corredores passaram pelo edificante Pal\u00e1cio dos Correios, pelo Edif\u00edcio Martinelli e pelo famoso Theatro Municipal de S\u00e3o Paulo.<\/p>\n<p>Segundo participantes, a experi\u00eancia de correr nesse cen\u00e1rio hist\u00f3rico foi motivadora. Por exemplo, a arquiteta Lara Regina, 69 anos, comentou: &#8220;O centro hist\u00f3rico \u00e9 ic\u00f4nico porque ele resiste, e a Folha faz parte dessa hist\u00f3ria \u2014 e faz parte da minha tamb\u00e9m&#8221;.<\/p>\n<p><img decoding=\"async\" src=\"https:\/\/www.encontracentrosaopaulo.com.br\/sobre\/wp-content\/uploads\/corredores-ocupam-ruas-do-centro-de-sp-para-comemorar-105-anos-da-folha.webp\" alt=\"105 anos da Folha\" loading=\"lazy\" \/><\/p>\n<h2>A experi\u00eancia \u00fanica de correr pelo centro da cidade<\/h2>\n<p>Correr pelas ruas centrais de S\u00e3o Paulo proporciona uma perspectiva in\u00e9dita dos edif\u00edcios e da arquitetura que muitas vezes passam despercebidos no dia a dia. Vict\u00f3ria Sp\u00ednola, 30 anos, ressaltou a import\u00e2ncia de eventos como esse, afirmando: &#8220;Havia outros eventos em que eu poderia me inscrever, mas me animei para correr pelo centro. \u00c9 a chance de olharmos para c\u00e1 com mais cuidado&#8221;.<\/p>\n<h2>Depoimentos de participantes e suas hist\u00f3rias<\/h2>\n<p>Os relatos dos corredores foram diversos, cada um trazendo suas pr\u00f3prias hist\u00f3rias e motiva\u00e7\u00f5es. Jos\u00e9 Tom\u00e1s, 69, se juntou \u00e0 corrida para relembrar sua juventude passada na regi\u00e3o como office boy. Outros, como a biom\u00e9dica Michele Rodrigues, 39, encontraram uma conex\u00e3o emocional com o evento por conta das mem\u00f3rias afetivas associadas \u00e0 leitura da Folha na inf\u00e2ncia.<\/p>\n<h2>O impacto social e cultural da corrida<\/h2>\n<p>Al\u00e9m de ser uma celebra\u00e7\u00e3o esportiva, a corrida teve um impacto significativo na promo\u00e7\u00e3o do bem-estar e da sa\u00fade entre os cidad\u00e3os. O diretor de mercado leitor da Folha, Anderson Demian, afirmou que eventos desse tipo t\u00eam o papel de unir pessoas em torno de uma causa comum e incentivar a explora\u00e7\u00e3o do centro de S\u00e3o Paulo.<\/p>\n<p>&#8220;A corrida \u00e9 um convite para conhecer melhor esse lugar que faz parte da hist\u00f3ria da Folha e, ao mesmo tempo, se movimentar&#8221;, complementou Demian.<\/p>\n<h2>A organiza\u00e7\u00e3o por tr\u00e1s do evento e seus desafios<\/h2>\n<p>O evento foi organizado pela Folha em parceria com grupos locais de corrida, como o Corre Kilombo, que visa promover a inclus\u00e3o e a transforma\u00e7\u00e3o social por meio do esporte. O atleta Augusto Rocha, fundador do Corre Kilombo, destacou a import\u00e2ncia da prepara\u00e7\u00e3o e da log\u00edstica para que a corrida acontecesse de forma segura e prazerosa para todos os participantes.<\/p>\n<p>Gerenciar quase 4.000 inscritos \u00e9 um desafio consider\u00e1vel, mas a equipe organizadora conseguiu estruturar uma corrida que atendesse a todos os p\u00fablicos, desde iniciantes at\u00e9 corredores experientes.<\/p>\n<h2>Premia\u00e7\u00f5es e conquistas: destaque para os vencedores<\/h2>\n<p>Os vencedores da prova de 10 km foram o educador esportivo Luiz Ferreira de Mesquita e a recepcionista Neiriani Costa Pereira, que se destacaram entre os homens e mulheres, respectivamente. A premia\u00e7\u00e3o n\u00e3o se limitou apenas aos primeiros lugares: as categorias para pessoas com defici\u00eancia tamb\u00e9m receberam aten\u00e7\u00e3o especial durante o evento, promovendo a inclus\u00e3o e a celebra\u00e7\u00e3o da diversidade.<\/p>\n<p>Ao longo da corrida, o p\u00f3dio reconheceu o esfor\u00e7o de diversos atletas, refor\u00e7ando a ideia de que o esporte \u00e9 para todos.<\/p>\n<h2>A import\u00e2ncia do esporte na vida dos paulistanos<\/h2>\n<p>Eventos como a Corrida Folha 105 n\u00e3o apenas promovem a pr\u00e1tica de esportes, mas tamb\u00e9m ajudam a transformar a percep\u00e7\u00e3o das pessoas sobre suas cidades. A pr\u00e1tica esportiva no espa\u00e7o urbano \u00e9 uma forma de aproveitar bem as \u00e1reas p\u00fablicas e de valorizar o patrim\u00f4nio hist\u00f3rico e cultural presente em cada esquina, algo que, muitas vezes, \u00e9 ignorado na rotina di\u00e1ria. Correr pelo centro de S\u00e3o Paulo \u00e9 mais do que um exerc\u00edcio f\u00edsico, \u00e9 um reencontro com a cidade.<\/p>\n<h2>Um convite \u00e0 explora\u00e7\u00e3o da cidade<\/h2>\n<p>Encerrado o evento, muitos participantes relataram que a experi\u00eancia os incentivou a explorar mais a cidade que amam. Corridas urbanas como essa revelam a ess\u00eancia de S\u00e3o Paulo, suas ruas, sua hist\u00f3ria e sua cultura. Geralmente, os corredores permanecem na regi\u00e3o ap\u00f3s o evento, aproveitando a chance de conhecer novos lugares e redescobrir as belezas que a cidade tem a oferecer.<\/p>\n<h2>Perspectivas para futuras edi\u00e7\u00f5es da corrida<\/h2>\n<p>A Corrida Folha 105 deve se tornar uma tradi\u00e7\u00e3o na cidade, de acordo com a opini\u00e3o de v\u00e1rios participantes e organizadores. A ideia \u00e9 instaurar um evento anual que n\u00e3o s\u00f3 promova sa\u00fade e at\u00e9 mesmo uma competi\u00e7\u00e3o saud\u00e1vel, mas que tamb\u00e9m envolva mais fam\u00edlias e grupos sociais no futuro. Ao convidar pessoas a correr e se movimentar, o evento se estabelece como uma ponte para discuss\u00f5es sobre sa\u00fade, cultura e a import\u00e2ncia de se relacionar com o espa\u00e7o urbano.<\/p>\n<p>Como muitos participantes expressaram, a corrida n\u00e3o foi apenas uma prova atl\u00e9tica &#8211; foi um dia de mem\u00f3ria afetiva, aprendizado, e uma celebra\u00e7\u00e3o da cidade como um todo.<\/p>\n\n<div style=\"font-size: 0px; height: 0px; line-height: 0px; margin: 0; padding: 0; clear: both;\"><\/div>","protected":false},"excerpt":{"rendered":"<p>Corredores e caminhantes se re\u00fanem na celebra\u00e7\u00e3o dos 105 anos da Folha em SP.<\/p>\n","protected":false},"author":1,"featured_media":6469,"comment_status":"open","ping_status":"closed","sticky":false,"template":"","format":"standard","meta":{"footnotes":""},"categories":[6],"tags":[],"class_list":["post-6470","post","type-post","status-publish","format-standard","has-post-thumbnail","hentry","category-noticias-no-centro-sp","has_thumb"],"aioseo_notices":[],"_links":{"self":[{"href":"https:\/\/www.encontracentrosaopaulo.com.br\/sobre\/wp-json\/wp\/v2\/posts\/6470","targetHints":{"allow":["GET"]}}],"collection":[{"href":"https:\/\/www.encontracentrosaopaulo.com.br\/sobre\/wp-json\/wp\/v2\/posts"}],"about":[{"href":"https:\/\/www.encontracentrosaopaulo.com.br\/sobre\/wp-json\/wp\/v2\/types\/post"}],"author":[{"embeddable":true,"href":"https:\/\/www.encontracentrosaopaulo.com.br\/sobre\/wp-json\/wp\/v2\/users\/1"}],"replies":[{"embeddable":true,"href":"https:\/\/www.encontracentrosaopaulo.com.br\/sobre\/wp-json\/wp\/v2\/comments?post=6470"}],"version-history":[{"count":0,"href":"https:\/\/www.encontracentrosaopaulo.com.br\/sobre\/wp-json\/wp\/v2\/posts\/6470\/revisions"}],"wp:featuredmedia":[{"embeddable":true,"href":"https:\/\/www.encontracentrosaopaulo.com.br\/sobre\/wp-json\/wp\/v2\/media\/6469"}],"wp:attachment":[{"href":"https:\/\/www.encontracentrosaopaulo.com.br\/sobre\/wp-json\/wp\/v2\/media?parent=6470"}],"wp:term":[{"taxonomy":"category","embeddable":true,"href":"https:\/\/www.encontracentrosaopaulo.com.br\/sobre\/wp-json\/wp\/v2\/categories?post=6470"},{"taxonomy":"post_tag","embeddable":true,"href":"https:\/\/www.encontracentrosaopaulo.com.br\/sobre\/wp-json\/wp\/v2\/tags?post=6470"}],"curies":[{"name":"wp","href":"https:\/\/api.w.org\/{rel}","templated":true}]}}