{"id":6472,"date":"2026-04-27T14:05:59","date_gmt":"2026-04-27T17:05:59","guid":{"rendered":"https:\/\/www.encontracentrosaopaulo.com.br\/sobre\/tres-avenidas-concentram-os-negocios-em-sao-paulo\/"},"modified":"2026-04-27T14:05:59","modified_gmt":"2026-04-27T17:05:59","slug":"tres-avenidas-concentram-os-negocios-em-sao-paulo","status":"publish","type":"post","link":"https:\/\/www.encontracentrosaopaulo.com.br\/sobre\/tres-avenidas-concentram-os-negocios-em-sao-paulo\/","title":{"rendered":"Tr\u00eas avenidas concentram os neg\u00f3cios em S\u00e3o Paulo"},"content":{"rendered":"<div class=\"d6585b5127f45a35450431d0abc3f90c\" data-index=\"1\" style=\"float: none; margin:0px;\">\n<!-- Anuncio display - global -->\r\n<ins class=\"adsbygoogle\"\r\n     style=\"display:block\"\r\n     data-ad-client=\"ca-pub-8585364105181520\"\r\n     data-ad-slot=\"8789329856\"\r\n     data-ad-format=\"auto\"\r\n     data-full-width-responsive=\"true\"><\/ins>\r\n<script>\r\n     (adsbygoogle = window.adsbygoogle || []).push({});\r\n<\/script>\n<\/div>\n<h2>Avenida Paulista: O Cora\u00e7\u00e3o Financeiro de S\u00e3o Paulo<\/h2>\n<p>A Avenida Paulista \u00e9 sem d\u00favida um dos \u00edcones mais reconhec\u00edveis de S\u00e3o Paulo, servindo como um vibrante cora\u00e7\u00e3o financeiro da metr\u00f3pole. Desde sua funda\u00e7\u00e3o em 1891, essa via foi projetada com inspira\u00e7\u00e3o nas grandes avenidas da Europa, criando um espa\u00e7o que, nas \u00faltimas d\u00e9cadas, se tornou o lar de diversas institui\u00e7\u00f5es banc\u00e1rias e multinacionais. O significado hist\u00f3rico e econ\u00f4mico da Avenida Paulista a transforma em um lugar essencial para neg\u00f3cios e cultura na cidade.<\/p>\n<h2>Hist\u00f3ria e Evolu\u00e7\u00e3o da Avenida Paulista<\/h2>\n<p>A avenida come\u00e7ou a ganhar notoriedade em 1950, quando diversos pr\u00e9dios ic\u00f4nicos come\u00e7aram a aparecer, hospedando n\u00e3o apenas bancos, mas tamb\u00e9m escrit\u00f3rios de empresas renomadas que decidiram investir no potencial da cidade. Entre os pontos de destaque, encontra-se a sede da <strong>Federa\u00e7\u00e3o das Ind\u00fastrias do Estado de S\u00e3o Paulo (Fiesp)<\/strong>, um marco inaugurado em 1979, que abriga m\u00faltiplas entidades que promovem a ind\u00fastria e a educa\u00e7\u00e3o profissional.<\/p>\n<h2>A Revolu\u00e7\u00e3o da Avenida Faria Lima<\/h2>\n<p>A Avenida Brigadeiro Faria Lima, que ganhou destaque na d\u00e9cada de 1960, estabeleceu-se como um importante centro comercial de S\u00e3o Paulo. A constru\u00e7\u00e3o do primeiro shopping center do Brasil nesta avenida proporcionou uma verdadeira revolu\u00e7\u00e3o no h\u00e1bito de consumo dos paulistanos e estabeleceu um novo modelo de neg\u00f3cios na cidade. Desde ent\u00e3o, Faria Lima se caracteriza por sua modernidade e dinamismo, consolidando-se como um ponto de encontro para empreendedores e investidores.<\/p>\n<p><img decoding=\"async\" src=\"https:\/\/www.encontracentrosaopaulo.com.br\/sobre\/wp-content\/uploads\/tres-avenidas-concentram-os-negocios-em-sao-paulo.webp\" alt=\"tr\u00eas avenidas em S\u00e3o Paulo\" loading=\"lazy\" \/><\/p>\n<h2>Faria Lima: Onde a Modernidade Encontra o Neg\u00f3cio<\/h2>\n<p>A Avenida Faria Lima se estende do bairro de Pinheiros at\u00e9 o Itaim Bibi, formando um eixo comercial estrat\u00e9gico. Essa avenida interage com movimentos intensos de tr\u00e1fego, conectando-se com outras vias movimentadas como as avenidas Rebou\u00e7as e Cidade Jardim. As constru\u00e7\u00f5es contempor\u00e2neas, com fachadas de vidro e infraestrutura moderna, fazem da Faria Lima um local ideal para startups e grandes corpora\u00e7\u00f5es, refletindo o crescimento econ\u00f4mico da cidade.<\/p>\n<h2>Engenheiro Lu\u00eds Carlos Berrini: Um Novo Polo Comercial<\/h2>\n<p>Planejada no final da d\u00e9cada de 1970, a Avenida Engenheiro Lu\u00eds Carlos Berrini surgiu como uma alternativa para aqueles que buscavam escapar dos altos custos de aluguel da Avenida Paulista. Atualmente, a Berrini se transformou em um importante centro de servi\u00e7os e com\u00e9rcio, com shoppings e restaurantes que atraem tanto trabalhadores quanto visitantes. A proximidade da Ponte Octavio Frias de Oliveira e da Marginal Pinheiros aumentou ainda mais seu valor estrat\u00e9gico.<\/p>\n<h2>A Import\u00e2ncia Cultural do Conjunto Nacional<\/h2>\n<p>Um dos marcos mais significativos na Avenida Paulista \u00e9 o Conjunto Nacional, um centro de compras e cultura que tem mais de 50 anos de hist\u00f3ria. Com uma variedade de lojas, restaurantes, cinemas e livrarias, o conjunto \u00e9 um espa\u00e7o que promove a intera\u00e7\u00e3o social e cultural, atraindo tanto locais quanto turistas. Este local \u00e9 uma vitrine para a cultura paulista, oferecendo eventos e lan\u00e7amentos liter\u00e1rios.<\/p>\n<h2>Infraestrutura e Mobilidade nas Principais Avenidas<\/h2>\n<p>As avenidas Paulista, Faria Lima e Berrini s\u00e3o dotadas de uma infraestrutura robusta que busca facilitar a locomo\u00e7\u00e3o no centro da cidade. Transporte p\u00fablico eficiente, como \u00f4nibus e o metr\u00f4, interconectam esses importantes centros comerciais, permitindo que os profissionais se desloquem com mais facilidade. A moderniza\u00e7\u00e3o cont\u00ednua do espa\u00e7o urbano \u00e9 crucial para atender \u00e0 demanda crescente por mobilidade nas \u00e1reas empresariais.<\/p>\n<h2>Os Desafios do Tr\u00e1fego em S\u00e3o Paulo<\/h2>\n<p>Contudo, a agita\u00e7\u00e3o financeira das avenidas tamb\u00e9m traz desafios, especialmente no que diz respeito ao tr\u00e1fego intenso. O aumento no n\u00famero de ve\u00edculos nas ruas, aliado \u00e0 limitada capacidade de infraestrutura, resulta em congestionamentos frequentes. Os planejadores urbanos t\u00eam buscado solu\u00e7\u00f5es vi\u00e1veis para aprimorar a fluidez no tr\u00e2nsito, incluindo investimentos em ciclovias e melhorias no transporte p\u00fablico.<\/p>\n<h2>Empreendendo nas Avenidas: Casos de Sucesso<\/h2>\n<p>Nas \u00faltimas d\u00e9cadas, v\u00e1rias startups e empresas inovadoras emergiram nesse ambiente din\u00e2mico. O ecossistema de neg\u00f3cios alimentado pela diversidade de setores em S\u00e3o Paulo transformou a Avenida Paulista em um local de crescimento e sucesso. Casos de companhias que come\u00e7aram em pequenos escrit\u00f3rios e se tornaram l\u00edderes de mercado ilustram o potencial que essas avenidas oferecem. O compartilhamento de espa\u00e7os e a colabora\u00e7\u00e3o entre empresas t\u00eam se intensificado, criando uma rede de apoio entre os empreendedores.<\/p>\n<h2>O Futuro das Avenidas e suas Potencialidades<\/h2>\n<p>O futuro das avenidas Paulista, Faria Lima e Berrini promete ser ainda mais promissor, com a crescente tend\u00eancia de inova\u00e7\u00e3o e sustentabilidade. Espera-se que o investimento em tecnologia e infraestrutura continue a transformar esses espa\u00e7os em centros ainda mais atrativos para empresas e talentos. A cidade de S\u00e3o Paulo est\u00e1 sempre em evolu\u00e7\u00e3o, e as principais avenidas continuar\u00e3o a desempenhar um papel central em sua hist\u00f3ria econ\u00f4mica e cultural.<\/p>\n\n<div style=\"font-size: 0px; height: 0px; line-height: 0px; margin: 0; padding: 0; clear: both;\"><\/div>","protected":false},"excerpt":{"rendered":"<p>Tr\u00eas avenidas em S\u00e3o Paulo moldam o futuro dos neg\u00f3cios na cidade.<\/p>\n","protected":false},"author":1,"featured_media":6471,"comment_status":"open","ping_status":"closed","sticky":false,"template":"","format":"standard","meta":{"footnotes":""},"categories":[6],"tags":[],"class_list":["post-6472","post","type-post","status-publish","format-standard","has-post-thumbnail","hentry","category-noticias-no-centro-sp","has_thumb"],"aioseo_notices":[],"_links":{"self":[{"href":"https:\/\/www.encontracentrosaopaulo.com.br\/sobre\/wp-json\/wp\/v2\/posts\/6472","targetHints":{"allow":["GET"]}}],"collection":[{"href":"https:\/\/www.encontracentrosaopaulo.com.br\/sobre\/wp-json\/wp\/v2\/posts"}],"about":[{"href":"https:\/\/www.encontracentrosaopaulo.com.br\/sobre\/wp-json\/wp\/v2\/types\/post"}],"author":[{"embeddable":true,"href":"https:\/\/www.encontracentrosaopaulo.com.br\/sobre\/wp-json\/wp\/v2\/users\/1"}],"replies":[{"embeddable":true,"href":"https:\/\/www.encontracentrosaopaulo.com.br\/sobre\/wp-json\/wp\/v2\/comments?post=6472"}],"version-history":[{"count":0,"href":"https:\/\/www.encontracentrosaopaulo.com.br\/sobre\/wp-json\/wp\/v2\/posts\/6472\/revisions"}],"wp:featuredmedia":[{"embeddable":true,"href":"https:\/\/www.encontracentrosaopaulo.com.br\/sobre\/wp-json\/wp\/v2\/media\/6471"}],"wp:attachment":[{"href":"https:\/\/www.encontracentrosaopaulo.com.br\/sobre\/wp-json\/wp\/v2\/media?parent=6472"}],"wp:term":[{"taxonomy":"category","embeddable":true,"href":"https:\/\/www.encontracentrosaopaulo.com.br\/sobre\/wp-json\/wp\/v2\/categories?post=6472"},{"taxonomy":"post_tag","embeddable":true,"href":"https:\/\/www.encontracentrosaopaulo.com.br\/sobre\/wp-json\/wp\/v2\/tags?post=6472"}],"curies":[{"name":"wp","href":"https:\/\/api.w.org\/{rel}","templated":true}]}}