{"id":6478,"date":"2026-04-28T13:54:54","date_gmt":"2026-04-28T16:54:54","guid":{"rendered":"https:\/\/www.encontracentrosaopaulo.com.br\/sobre\/nova-falta-de-energia-afeta-68-mil-casas-no-centro-de-sp-enel-culpa-sabesp\/"},"modified":"2026-04-28T13:54:54","modified_gmt":"2026-04-28T16:54:54","slug":"nova-falta-de-energia-afeta-68-mil-casas-no-centro-de-sp-enel-culpa-sabesp","status":"publish","type":"post","link":"https:\/\/www.encontracentrosaopaulo.com.br\/sobre\/nova-falta-de-energia-afeta-68-mil-casas-no-centro-de-sp-enel-culpa-sabesp\/","title":{"rendered":"Nova falta de energia afeta 6,8 mil casas no centro de SP; Enel culpa Sabesp"},"content":{"rendered":"<div class=\"d6585b5127f45a35450431d0abc3f90c\" data-index=\"1\" style=\"float: none; margin:0px;\">\n<!-- Anuncio display - global -->\r\n<ins class=\"adsbygoogle\"\r\n     style=\"display:block\"\r\n     data-ad-client=\"ca-pub-8585364105181520\"\r\n     data-ad-slot=\"8789329856\"\r\n     data-ad-format=\"auto\"\r\n     data-full-width-responsive=\"true\"><\/ins>\r\n<script>\r\n     (adsbygoogle = window.adsbygoogle || []).push({});\r\n<\/script>\n<\/div>\n<h2>Contexto do Apag\u00e3o em S\u00e3o Paulo<\/h2>\n<p>No in\u00edcio da manh\u00e3 do dia 28 de abril de 2026, uma falha no fornecimento de energia afetou cerca de 6.800 resid\u00eancias na regi\u00e3o central de S\u00e3o Paulo, especialmente nas ruas Paim, Frei Caneca e Augusta. Essa interrup\u00e7\u00e3o n\u00e3o \u00e9 um incidente isolado, pois a \u00e1rea j\u00e1 havia enfrentado apag\u00f5es anteriormente. O evento mais recente levanta preocupa\u00e7\u00f5es sobre a continuidade do servi\u00e7o el\u00e9trico e a confiabilidade das infraestruturas na cidade, especialmente em uma das \u00e1reas mais movimentadas e densamente povoadas.<\/p>\n<h2>Causas do Apag\u00e3o: Enel e Sabesp<\/h2>\n<p>Segundo a companhia de energia Enel, a causa da falta de energia foi uma escava\u00e7\u00e3o realizada pela Sabesp, a companhia de saneamento b\u00e1sico. A obra estava localizada na rua Itacolomi, nas proximidades da rua Higien\u00f3polis, e afetou diretamente a rede el\u00e9trica local. A Enel destacou que estava investigando a fundo o caso e reitera seu compromisso em restaurar o fornecimento de energia o mais r\u00e1pido poss\u00edvel, utilizando geradores tempor\u00e1rios para minimizar os impactos na vida dos moradores.<\/p>\n<h2>Impacto da Falta de Energia<\/h2>\n<p>A interrup\u00e7\u00e3o no fornecimento de energia el\u00e9trica trouxe uma s\u00e9rie de complica\u00e7\u00f5es para os moradores da regi\u00e3o afetada. Muitas resid\u00eancias e estabelecimentos comerciais ficaram sem eletricidade, impactando a rotina di\u00e1ria e o funcionamento de neg\u00f3cios locais. A falta de energia provocou desconforto, perda de produtos perec\u00edveis e inconvenientes para quem dependia de servi\u00e7os el\u00e9tricos para trabalhar ou estudar.<\/p>\n<p><img decoding=\"async\" src=\"https:\/\/www.encontracentrosaopaulo.com.br\/sobre\/wp-content\/uploads\/nova-falta-de-energia-afeta-6-8-mil-casas-no-centro-de-sp-enel-culpa-sabesp.webp\" alt=\"Falta de energia em S\u00e3o Paulo\" loading=\"lazy\" \/><\/p>\n<h2>Regi\u00f5es Afetadas e Seus Moradores<\/h2>\n<p>A \u00e1rea central de S\u00e3o Paulo, particularmente as ruas e bairros mencionados, observa um padr\u00e3o frequente de apag\u00f5es. Os moradores relataram que, al\u00e9m de n\u00e3o receberem informa\u00e7\u00f5es claras sobre a situa\u00e7\u00e3o do fornecimento, os geradores que foram instalados n\u00e3o eram suficientes para atender \u00e0 demanda completa. Isso gerou frustra\u00e7\u00e3o e descontentamento com as prestadoras de servi\u00e7o, fazendo com que muitos questionassem a efici\u00eancia no gerenciamento dessas crises.<\/p>\n<h2>Medidas Provis\u00f3rias da Enel<\/h2>\n<p>Para enfrentar o problema imediato, a Enel estabeleceu medidas provis\u00f3rias, como a distribui\u00e7\u00e3o de eletricidade por meio de geradores. Contudo, este \u00e9 principalmente um paliativo e n\u00e3o resolve o problema de fundo das frequentes falhas no fornecimento. Os representantes da empresa afirmaram que equipes de t\u00e9cnicos est\u00e3o no local trabalhando para reintegrar a energia e que est\u00e3o preparando um plano para evitar que situa\u00e7\u00f5es semelhantes se repetam no futuro.<\/p>\n<h2>Rea\u00e7\u00e3o dos Moradores ao Apag\u00e3o<\/h2>\n<p>A rea\u00e7\u00e3o dos residentes em rela\u00e7\u00e3o ao apag\u00e3o foi de indigna\u00e7\u00e3o e desespero, uma vez que muitos j\u00e1 passaram por experi\u00eancias semelhantes. Moradores relataram no\u00e7\u00f5es de inseguran\u00e7a e um forte desejo de que as companhias respons\u00e1veis tomem medidas mais decisivas para evitar novos apuros. A falta de comunica\u00e7\u00e3o efetiva por parte das concession\u00e1rias tamb\u00e9m causou desconforto, uma vez que muitos cidad\u00e3os estavam sem informa\u00e7\u00f5es claras sobre quando o fornecimento seria normalizado.<\/p>\n<h2>Hist\u00f3rico de Falta de Energia na Regi\u00e3o<\/h2>\n<p>A regi\u00e3o onde ocorreu o apag\u00e3o n\u00e3o \u00e9 estranha a interrup\u00e7\u00f5es de energia, j\u00e1 que, apenas no primeiro semestre de 2026, os residentes passaram por incidentes semelhantes. Em fevereiro do mesmo ano, cerca de 20 mil pessoas sofreram com um apag\u00e3o decorrente de problemas em instala\u00e7\u00f5es subterr\u00e2neas. Os moradores j\u00e1 est\u00e3o cientes de que essa n\u00e3o \u00e9 uma situa\u00e7\u00e3o nova e lutam por uma solu\u00e7\u00e3o de longo prazo que evite futuras interrup\u00e7\u00f5es.<\/p>\n<h2>An\u00e1lise da Responsabilidade<\/h2>\n<p>A responsabilidade pelo incidente atual foi disputada entre a Enel e a Sabesp, com a Enel atribuindo a falha \u00e0 escava\u00e7\u00e3o da Sabesp. A disputa entre essas duas grandes empresas de servi\u00e7os p\u00fablicos levanta quest\u00f5es sobre a coordena\u00e7\u00e3o entre elas durante obras que podem impactar o fornecimento de energia. Enquanto a Enel busca solu\u00e7\u00f5es r\u00e1pidas, a Sabesp precisa oferecer garantias de que seu trabalho n\u00e3o prejudica os servi\u00e7os el\u00e9tricos locais.<\/p>\n<h2>Como Funciona o Sistema de Energia em SP<\/h2>\n<p>O sistema el\u00e9trico de S\u00e3o Paulo depende de uma rede sofisticada de gera\u00e7\u00e3o, transmiss\u00e3o e distribui\u00e7\u00e3o de energia. A Enel \u00e9 uma das principais operadoras, encarregada de fornecer eletricidade a milh\u00f5es de resid\u00eancias e empresas na regi\u00e3o. A infraestrutura, no entanto, pode ser suscet\u00edvel a falhas, especialmente em \u00e1reas urbanas densas, onde as obras de manuten\u00e7\u00e3o ocorrem frequentemente e impactam a rede el\u00e9trica. A necessidade de uma colabora\u00e7\u00e3o efetiva entre diferentes servi\u00e7os p\u00fablicos \u00e9 vital para uma gest\u00e3o mais eficiente.<\/p>\n<h2>Poss\u00edveis Solu\u00e7\u00f5es para o Problema Energ\u00e9tico<\/h2>\n<p>Para evitar futuras interrup\u00e7\u00f5es de energia, algumas solu\u00e7\u00f5es poderiam ser implementadas: <\/p>\n<ul>\n<li><strong>Melhorias na Infraestrutura:<\/strong> Investir na moderniza\u00e7\u00e3o da infraestrutura el\u00e9trica para garantir maior resist\u00eancia a falhas.<\/li>\n<li><strong>Planejamento Conjunto:<\/strong> Estabelecer protocolos de trabalho em conjunto entre a Enel e a Sabesp antes de qualquer obra que possa interferir nos servi\u00e7os.<\/li>\n<li><strong>Informa\u00e7\u00e3o ao Cliente:<\/strong> Melhorar a comunica\u00e7\u00e3o com os clientes sobre incidentes e solu\u00e7\u00f5es em andamento.<\/li>\n<li><strong>Gerenciamento de Crises:<\/strong> Criar um plano de gerenciamento de crises que atue rapidamente para restabelecer os servi\u00e7os e fornecer informa\u00e7\u00f5es claras durante incidentes similares.<\/li>\n<\/ul>\n<p>Essas medidas s\u00e3o essenciais para que a popula\u00e7\u00e3o da regi\u00e3o central de S\u00e3o Paulo possa contar com um fornecimento de energia el\u00e9trica mais seguro e confi\u00e1vel.<\/p>\n\n<div style=\"font-size: 0px; height: 0px; line-height: 0px; margin: 0; padding: 0; clear: both;\"><\/div>","protected":false},"excerpt":{"rendered":"<p>Falta de energia impacta 6.800 casas no centro de SP; descubra por qu\u00ea.<\/p>\n","protected":false},"author":1,"featured_media":6477,"comment_status":"open","ping_status":"closed","sticky":false,"template":"","format":"standard","meta":{"footnotes":""},"categories":[6],"tags":[],"class_list":["post-6478","post","type-post","status-publish","format-standard","has-post-thumbnail","hentry","category-noticias-no-centro-sp","has_thumb"],"aioseo_notices":[],"_links":{"self":[{"href":"https:\/\/www.encontracentrosaopaulo.com.br\/sobre\/wp-json\/wp\/v2\/posts\/6478","targetHints":{"allow":["GET"]}}],"collection":[{"href":"https:\/\/www.encontracentrosaopaulo.com.br\/sobre\/wp-json\/wp\/v2\/posts"}],"about":[{"href":"https:\/\/www.encontracentrosaopaulo.com.br\/sobre\/wp-json\/wp\/v2\/types\/post"}],"author":[{"embeddable":true,"href":"https:\/\/www.encontracentrosaopaulo.com.br\/sobre\/wp-json\/wp\/v2\/users\/1"}],"replies":[{"embeddable":true,"href":"https:\/\/www.encontracentrosaopaulo.com.br\/sobre\/wp-json\/wp\/v2\/comments?post=6478"}],"version-history":[{"count":0,"href":"https:\/\/www.encontracentrosaopaulo.com.br\/sobre\/wp-json\/wp\/v2\/posts\/6478\/revisions"}],"wp:featuredmedia":[{"embeddable":true,"href":"https:\/\/www.encontracentrosaopaulo.com.br\/sobre\/wp-json\/wp\/v2\/media\/6477"}],"wp:attachment":[{"href":"https:\/\/www.encontracentrosaopaulo.com.br\/sobre\/wp-json\/wp\/v2\/media?parent=6478"}],"wp:term":[{"taxonomy":"category","embeddable":true,"href":"https:\/\/www.encontracentrosaopaulo.com.br\/sobre\/wp-json\/wp\/v2\/categories?post=6478"},{"taxonomy":"post_tag","embeddable":true,"href":"https:\/\/www.encontracentrosaopaulo.com.br\/sobre\/wp-json\/wp\/v2\/tags?post=6478"}],"curies":[{"name":"wp","href":"https:\/\/api.w.org\/{rel}","templated":true}]}}