{"id":6484,"date":"2026-04-29T14:41:35","date_gmt":"2026-04-29T17:41:35","guid":{"rendered":"https:\/\/www.encontracentrosaopaulo.com.br\/sobre\/times-square-paulistana-projeto-preve-teloes-de-led-no-centro-de-sao-paulo\/"},"modified":"2026-04-29T14:41:35","modified_gmt":"2026-04-29T17:41:35","slug":"times-square-paulistana-projeto-preve-teloes-de-led-no-centro-de-sao-paulo","status":"publish","type":"post","link":"https:\/\/www.encontracentrosaopaulo.com.br\/sobre\/times-square-paulistana-projeto-preve-teloes-de-led-no-centro-de-sao-paulo\/","title":{"rendered":"\u201cTimes Square paulistana\u201d: projeto prev\u00ea tel\u00f5es de LED no Centro de S\u00e3o Paulo"},"content":{"rendered":"<div class=\"d6585b5127f45a35450431d0abc3f90c\" data-index=\"1\" style=\"float: none; margin:0px;\">\n<!-- Anuncio display - global -->\r\n<ins class=\"adsbygoogle\"\r\n     style=\"display:block\"\r\n     data-ad-client=\"ca-pub-8585364105181520\"\r\n     data-ad-slot=\"8789329856\"\r\n     data-ad-format=\"auto\"\r\n     data-full-width-responsive=\"true\"><\/ins>\r\n<script>\r\n     (adsbygoogle = window.adsbygoogle || []).push({});\r\n<\/script>\n<\/div>\n<h2>O que \u00e9 a &#8220;Times Square Paulistana&#8221;?<\/h2>\n<p>A &#8220;Times Square Paulistana&#8221; \u00e9 um projeto inovador proposto pela prefeitura de S\u00e3o Paulo, batizado de <strong>Boulevard S\u00e3o Jo\u00e3o<\/strong>. Esta iniciativa visa revitalizar a \u00e1rea do cruzamento das avenidas <strong>Ipiranga<\/strong> e <strong>S\u00e3o Jo\u00e3o<\/strong>, transformando-a em um espa\u00e7o cultural vibrante. Com a instala\u00e7\u00e3o de tel\u00f5es de LED, a proposta tem o intuito de criar um ambiente din\u00e2mico, semelhante ao famoso distrito nova-iorquino, promovendo eventos e atividades culturais que atraiam tanto residentes quanto turistas.<\/p>\n<h2>Interven\u00e7\u00f5es Urbanas no Centro de S\u00e3o Paulo<\/h2>\n<p>This initiative marks a significant turning point for urban planning in S\u00e3o Paulo. O projeto contempla tamb\u00e9m mudan\u00e7as estruturais na \u00e1rea, incluindo o fechamento tempor\u00e1rio das vias durante os finais de semana. Com essa medida, espera-se transformar a regi\u00e3o em um espa\u00e7o mais acolhedor e acess\u00edvel, especialmente para atividades culturais.<\/p>\n<h2>Pain\u00e9is de LED e Sua Instala\u00e7\u00e3o<\/h2>\n<p>Ser\u00e3o instalados quatro grandes pain\u00e9is de LED em pr\u00e9dios ao redor do cruzamento, destacando-se o <strong>Edif\u00edcio New York<\/strong>, que ter\u00e1 o maior painel, com dimens\u00f5es impressionantes de <strong>40 metros de largura<\/strong> por <strong>25 de altura<\/strong>. As demais estruturas incluir\u00e3o lugares como o <strong>Cine Paris Rep\u00fablica<\/strong> e a <strong>Galeria Sampa<\/strong>. Essas instala\u00e7\u00f5es prometem n\u00e3o apenas iluminar a \u00e1rea, mas tamb\u00e9m oferecer um espa\u00e7o para que artistas locais possam expor seu trabalho ao longo da semana.<\/p>\n<p><img decoding=\"async\" src=\"https:\/\/www.encontracentrosaopaulo.com.br\/sobre\/wp-content\/uploads\/times-square-paulistana-projeto-preve-teloes-de-led-no-centro-de-sao-paulo.webp\" alt=\"\"Times Square paulistana\"\" loading=\"lazy\" \/><\/p>\n<h2>Fechamento da Via para Eventos Culturais<\/h2>\n<p>O projeto prev\u00ea o fechamento da Avenida S\u00e3o Jo\u00e3o para ve\u00edculos aos s\u00e1bados e domingos, das 18h de s\u00e1bado at\u00e9 as 23h de domingo. Durante esse per\u00edodo, a regi\u00e3o ser\u00e1 transformada em um espa\u00e7o para a realiza\u00e7\u00e3o de shows musicais, feiras de artesanato e a\u00e7\u00f5es culturais que buscam incentivar a participa\u00e7\u00e3o comunit\u00e1ria. Essa mudan\u00e7a favorecer\u00e1 um ambiente mais vivo e interativo, com m\u00faltiplas atividades ocorrendo simultaneamente.<\/p>\n<h2>A Import\u00e2ncia da Coopera\u00e7\u00e3o P\u00fablica-Privada<\/h2>\n<p>O sucesso do Boulevard S\u00e3o Jo\u00e3o \u00e9 tamb\u00e9m fruto de uma colabora\u00e7\u00e3o entre a <strong>gest\u00e3o municipal<\/strong> e a iniciativa privada, com o grupo <strong>F\u00e1brica de Bares<\/strong> liderando a execu\u00e7\u00e3o do projeto. Este tipo de parceria \u00e9 fundamental para a viabiliza\u00e7\u00e3o de obras desse porte, permitindo a capta\u00e7\u00e3o de investimentos que totalizam cerca de <strong>R$ 42 milh\u00f5es<\/strong>. Em contrapartida, a empresa respons\u00e1vel se compromete a realizar investimentos adicionais em melhorias urbanas, beneficiando a comunidade ao redor.<\/p>\n<h2>Investimentos e Melhoria Urbana na Regi\u00e3o<\/h2>\n<p>Os recursos destinados ao projeto n\u00e3o se limitam apenas \u00e0 instala\u00e7\u00e3o dos pain\u00e9is e estrutura\u00e7\u00e3o do Boulevard. Aproximadamente <strong>R$ 8 milh\u00f5es<\/strong> ser\u00e3o aplicados em melhorias em um per\u00edmetro de <strong>42 mil m\u00b2<\/strong> ao longo da Avenida S\u00e3o Jo\u00e3o, o que inclui o restauro de patrim\u00f4nios hist\u00f3ricos e melhorias na infraestrutura urbana, como a instala\u00e7\u00e3o de novos bancos e lixeiras e o plantio de \u00e1rvores. Essas a\u00e7\u00f5es visam garantir que a revitaliza\u00e7\u00e3o traga benef\u00edcios n\u00e3o s\u00f3 est\u00e9ticos, mas tamb\u00e9m sociais e ambientais.<\/p>\n<h2>Cr\u00edticas sobre Polui\u00e7\u00e3o Visual e Lei Cidade Limpa<\/h2>\n<p>O projeto, no entanto, n\u00e3o est\u00e1 isento de controv\u00e9rsias. Alguns cr\u00edticos apontam para a possibilidade de aumento da polui\u00e7\u00e3o visual na regi\u00e3o, sugirindo que a instala\u00e7\u00e3o dos tel\u00f5es contradiz as diretrizes da <strong>Lei Cidade Limpa<\/strong>, uma legisla\u00e7\u00e3o que tem como objetivo reduzir a polui\u00e7\u00e3o visual na cidade. Este debate \u00e9 especialmente relevante em uma metr\u00f3pole que j\u00e1 enfrenta desafios s\u00e9rios relacionados \u00e0 visibilidade p\u00fablica e \u00e0 qualidade da vida urbana.<\/p>\n<h2>Proje\u00e7\u00f5es em Patrim\u00f4nios Hist\u00f3ricos<\/h2>\n<p>Embora nem todas as estruturas ao redor do Boulevard possam exibir tel\u00f5es, algumas, como o <strong>Edif\u00edcio Independ\u00eancia<\/strong>, que abriga o Bar Brahma, participar\u00e3o do projeto atrav\u00e9s de proje\u00e7\u00f5es mapeadas em suas fachadas. Essas proje\u00e7\u00f5es t\u00eam como objetivo valorizar o patrim\u00f4nio hist\u00f3rico, permitindo que a arquitetura da cidade se integre \u00e0s atividades culturais modernas.<\/p>\n<h2>A Repercuss\u00e3o nas Redes Sociais<\/h2>\n<p>A discuss\u00e3o em torno do Boulevard S\u00e3o Jo\u00e3o tem gerado um intenso debate nas redes sociais, com usu\u00e1rios expressando tanto apoio quanto oposi\u00e7\u00e3o ao projeto. Cr\u00edticas surgem frequentemente sobre a adequa\u00e7\u00e3o da proposta em um contexto urbano que j\u00e1 apresenta m\u00faltiplas demandas n\u00e3o atendidas, como a falta de moradia e quest\u00f5es de seguran\u00e7a. Alguns internautas sugerem que recursos poderiam ser mais bem utilizados em melhorias diretas na infraestrutura e em pol\u00edticas sociais.<\/p>\n<h2>Benef\u00edcios e Cr\u00edticas ao Projeto<\/h2>\n<p>Enquanto a iniciativa \u00e9 vista por muitos como uma oportunidade para revigorar o Centro de S\u00e3o Paulo, promovendo a cultura e o entretenimento, h\u00e1 uma preocupa\u00e7\u00e3o constante com seu impacto visual e o respeito \u00e0s legisla\u00e7\u00f5es existentes. O sucesso do projeto depender\u00e1, em \u00faltima an\u00e1lise, da capacidade de equilibrar inova\u00e7\u00e3o e tradi\u00e7\u00e3o, utilizando as contribui\u00e7\u00f5es da comunidade na formula\u00e7\u00e3o e implementa\u00e7\u00e3o de solu\u00e7\u00f5es que atendam \u00e0s necessidades de todos.<\/p>\n\n<div style=\"font-size: 0px; height: 0px; line-height: 0px; margin: 0; padding: 0; clear: both;\"><\/div>","protected":false},"excerpt":{"rendered":"<p>A &#8220;Times Square paulistana&#8221; promete transformar o Centro de S\u00e3o Paulo!<\/p>\n","protected":false},"author":1,"featured_media":6483,"comment_status":"open","ping_status":"closed","sticky":false,"template":"","format":"standard","meta":{"footnotes":""},"categories":[6],"tags":[],"class_list":["post-6484","post","type-post","status-publish","format-standard","has-post-thumbnail","hentry","category-noticias-no-centro-sp","has_thumb"],"aioseo_notices":[],"_links":{"self":[{"href":"https:\/\/www.encontracentrosaopaulo.com.br\/sobre\/wp-json\/wp\/v2\/posts\/6484","targetHints":{"allow":["GET"]}}],"collection":[{"href":"https:\/\/www.encontracentrosaopaulo.com.br\/sobre\/wp-json\/wp\/v2\/posts"}],"about":[{"href":"https:\/\/www.encontracentrosaopaulo.com.br\/sobre\/wp-json\/wp\/v2\/types\/post"}],"author":[{"embeddable":true,"href":"https:\/\/www.encontracentrosaopaulo.com.br\/sobre\/wp-json\/wp\/v2\/users\/1"}],"replies":[{"embeddable":true,"href":"https:\/\/www.encontracentrosaopaulo.com.br\/sobre\/wp-json\/wp\/v2\/comments?post=6484"}],"version-history":[{"count":0,"href":"https:\/\/www.encontracentrosaopaulo.com.br\/sobre\/wp-json\/wp\/v2\/posts\/6484\/revisions"}],"wp:featuredmedia":[{"embeddable":true,"href":"https:\/\/www.encontracentrosaopaulo.com.br\/sobre\/wp-json\/wp\/v2\/media\/6483"}],"wp:attachment":[{"href":"https:\/\/www.encontracentrosaopaulo.com.br\/sobre\/wp-json\/wp\/v2\/media?parent=6484"}],"wp:term":[{"taxonomy":"category","embeddable":true,"href":"https:\/\/www.encontracentrosaopaulo.com.br\/sobre\/wp-json\/wp\/v2\/categories?post=6484"},{"taxonomy":"post_tag","embeddable":true,"href":"https:\/\/www.encontracentrosaopaulo.com.br\/sobre\/wp-json\/wp\/v2\/tags?post=6484"}],"curies":[{"name":"wp","href":"https:\/\/api.w.org\/{rel}","templated":true}]}}