{"id":6486,"date":"2026-04-29T14:43:09","date_gmt":"2026-04-29T17:43:09","guid":{"rendered":"https:\/\/www.encontracentrosaopaulo.com.br\/sobre\/frente-fria-provoca-chuvas-e-queda-de-temperatura-no-centro\/"},"modified":"2026-04-29T14:43:09","modified_gmt":"2026-04-29T17:43:09","slug":"frente-fria-provoca-chuvas-e-queda-de-temperatura-no-centro","status":"publish","type":"post","link":"https:\/\/www.encontracentrosaopaulo.com.br\/sobre\/frente-fria-provoca-chuvas-e-queda-de-temperatura-no-centro\/","title":{"rendered":"Frente fria provoca chuvas e queda de temperatura no centro"},"content":{"rendered":"<div class=\"d6585b5127f45a35450431d0abc3f90c\" data-index=\"1\" style=\"float: none; margin:0px;\">\n<!-- Anuncio display - global -->\r\n<ins class=\"adsbygoogle\"\r\n     style=\"display:block\"\r\n     data-ad-client=\"ca-pub-8585364105181520\"\r\n     data-ad-slot=\"8789329856\"\r\n     data-ad-format=\"auto\"\r\n     data-full-width-responsive=\"true\"><\/ins>\r\n<script>\r\n     (adsbygoogle = window.adsbygoogle || []).push({});\r\n<\/script>\n<\/div>\n<h2>O que \u00e9 uma frente fria?<\/h2>\n<p>Uma <strong>frente fria<\/strong> \u00e9 um fen\u00f4meno meteorol\u00f3gico que ocorre quando uma massa de ar mais fria se desloca para substituir uma massa de ar mais quente. Esse movimento provoca diversas altera\u00e7\u00f5es no clima, como <strong>chuvas intensas<\/strong> e <strong>queda de temperatura<\/strong>. Normalmente, essas frentes podem causar tamb\u00e9m ventos fortes, mudan\u00e7as na umidade do ar e at\u00e9 mesmo fen\u00f4menos como geadas.<\/p>\n<h2>Previs\u00e3o do tempo para o centro-sul<\/h2>\n<p>A chegada da frente fria ao centro-sul do Brasil traz uma <strong>previs\u00e3o de chuvas<\/strong> que poder\u00e1 se estender por v\u00e1rios dias, afetando diversas regi\u00f5es. O Instituto Nacional de Meteorologia (Inmet) prev\u00ea que essas chuvas se concentrem particularmente nas \u00e1reas de S\u00e3o Paulo, Paran\u00e1 e parte do Centro-Oeste. A expectativa \u00e9 que as precipita\u00e7\u00f5es sejam mais intensas entre os dias 27 e 28 de abril de 2026 e continuem de forma irregular, mas ainda significativa.<\/p>\n<h2>Efeitos das chuvas intensas<\/h2>\n<p>As chuvas causadas pela frente fria t\u00eam repercuss\u00f5es em v\u00e1rias esferas, desde o aumento da umidade at\u00e9 a possibilidade de alagamentos em algumas localidades. No estado de S\u00e3o Paulo, por exemplo, regi\u00f5es como o litoral sul experimentaram acumulados de at\u00e9 <strong>46 mm<\/strong> de chuva em um \u00fanico dia. Esse volume de chuva \u00e9 suficiente para provocar transtornos, especialmente em cidades com drenagem insuficiente ou em \u00e1reas propensas a deslizamentos de terra.<\/p>\n<p><img decoding=\"async\" src=\"https:\/\/www.encontracentrosaopaulo.com.br\/sobre\/wp-content\/uploads\/frente-fria-provoca-chuvas-e-queda-de-temperatura-no-centro.webp\" alt=\"frente fria\" loading=\"lazy\" \/><\/p>\n<h2>Consequ\u00eancias para a agricultura<\/h2>\n<p>As chuvas intensas trazidas pela frente fria tamb\u00e9m t\u00eam um impacto direto sobre a agricultura. Por um lado, a umidade pode beneficiar algumas culturas, proporcionando hidrata\u00e7\u00e3o essencial para as plantas. Por outro lado, o excesso de \u00e1gua pode levar a <strong>inunda\u00e7\u00f5es<\/strong>, o que prejudica colheitas e pode provocar doen\u00e7as nas plantas. \u00c9 fundamental que os agricultores estejam atentos \u00e0s previs\u00f5es e fa\u00e7am o monitoramento das condi\u00e7\u00f5es de seus cultivos para um manejo mais eficiente.<\/p>\n<h2>Orienta\u00e7\u00f5es de seguran\u00e7a para a popula\u00e7\u00e3o<\/h2>\n<p>Diante da expectativa de ventos fortes e chuvas intensas, as autoridades locais recomendam a popula\u00e7\u00e3o que tome algumas precau\u00e7\u00f5es:<\/p>\n<ul>\n<li><strong>Evitar deslocamentos desnecess\u00e1rios:<\/strong> Nas horas de chuvas fortes, \u00e9 mais seguro ficar em casa.<\/li>\n<li><strong>Analisar o estado das vias:<\/strong> Aten\u00e7\u00e3o para estradas e ruas que possam estar inundadas.<\/li>\n<li><strong>Seguir as orienta\u00e7\u00f5es da Defesa Civil:<\/strong> Informa\u00e7\u00f5es de alerta podem ajudar a mitigar riscos.<\/li>\n<li><strong>Preparar para poss\u00edveis quedas de energia:<\/strong> Estoque de velas e lanternas podem ser \u00fateis.<\/li>\n<\/ul>\n<h2>Impactos nas rodovias e transporte<\/h2>\n<p>As condi\u00e7\u00f5es clim\u00e1ticas severas tamb\u00e9m afetam o tr\u00e1fego nas rodovias. Chuva intensa pode causar <strong>acarretamentos de lentid\u00e3o<\/strong> e interrup\u00e7\u00f5es tempor\u00e1rias. Motoristas s\u00e3o aconselhados a redobrar a aten\u00e7\u00e3o e a revisar seus ve\u00edculos para garantir a seguran\u00e7a durante a viagem. Al\u00e9m disso, o transporte p\u00fablico pode sofrer interrup\u00e7\u00f5es, ent\u00e3o \u00e9 essencial verificar os hor\u00e1rios e itiner\u00e1rios antes de sair.<\/p>\n<h2>Mudan\u00e7as clim\u00e1ticas e fen\u00f4menos associados<\/h2>\n<p>As mudan\u00e7as clim\u00e1ticas s\u00e3o um fator que tem intensificado eventos como as frentes frias. O aquecimento global tem provocado altera\u00e7\u00f5es nos padr\u00f5es clim\u00e1ticos, resultando em fen\u00f4menos que antes n\u00e3o eram t\u00e3o comuns. Isso \u00e9 um alerta para que a sociedade se prepare para eventos extremos, desenvolvendo planos de a\u00e7\u00e3o para as diversas \u00e1reas afetadas.<\/p>\n<h2>O papel dos institutos meteorol\u00f3gicos<\/h2>\n<p>Institui\u00e7\u00f5es como o Inmet desempenham um papel crucial na previs\u00e3o e monitoramento do clima. Por meio de <strong>modelos meteorol\u00f3gicos<\/strong> e tecnologias avan\u00e7adas, esses institutos conseguem prever com mais precis\u00e3o a chegada de frentes frias e os impactos associados. O acompanhamento das previs\u00f5es \u00e9 fundamental para que a popula\u00e7\u00e3o se prepare adequadamente e tome as medidas de seguran\u00e7a necess\u00e1rias.<\/p>\n<h2>Como se preparar para o frio intenso<\/h2>\n<p>O frio intenso que acompanha a chegada de uma frente fria exige que as pessoas se preparem para condi\u00e7\u00f5es adversas. Aqui est\u00e3o algumas dicas:<\/p>\n<ul>\n<li><strong>Use roupas adequadas:<\/strong> Mantenha-se aquecido com v\u00e1rias camadas de roupas. <\/li>\n<li><strong>Cuide da sa\u00fade:<\/strong> Evite o choque t\u00e9rmico, se aquecendo de forma gradual.<\/li>\n<li><strong>Proteja os animais:<\/strong> Garanta que pets e animais de fazenda estejam protegidos do frio.<\/li>\n<\/ul>\n<h2>Expectativas futuras para o clima na regi\u00e3o<\/h2>\n<p>Com a passagem da frente fria, as expectativas para o clima nas pr\u00f3ximas semanas incluem a continuidade das chuvas, mas com uma tend\u00eancia de redu\u00e7\u00e3o no volume, permitindo um pouco mais de sol. Contudo, a previs\u00e3o deve ser monitorada, pois novas frentes podem surgir, trazendo novas mudan\u00e7as nas condi\u00e7\u00f5es clim\u00e1ticas. O acompanhamento di\u00e1rio \u00e9 essencial para se adaptar e se preparar adequadamente.<\/p>\n\n<div style=\"font-size: 0px; height: 0px; line-height: 0px; margin: 0; padding: 0; clear: both;\"><\/div>","protected":false},"excerpt":{"rendered":"<p>Frente fria traz chuvas e queda de temperatura no centro-sul do Brasil, alterando o clima da regi\u00e3o.<\/p>\n","protected":false},"author":1,"featured_media":6485,"comment_status":"open","ping_status":"closed","sticky":false,"template":"","format":"standard","meta":{"footnotes":""},"categories":[6],"tags":[],"class_list":["post-6486","post","type-post","status-publish","format-standard","has-post-thumbnail","hentry","category-noticias-no-centro-sp","has_thumb"],"aioseo_notices":[],"_links":{"self":[{"href":"https:\/\/www.encontracentrosaopaulo.com.br\/sobre\/wp-json\/wp\/v2\/posts\/6486","targetHints":{"allow":["GET"]}}],"collection":[{"href":"https:\/\/www.encontracentrosaopaulo.com.br\/sobre\/wp-json\/wp\/v2\/posts"}],"about":[{"href":"https:\/\/www.encontracentrosaopaulo.com.br\/sobre\/wp-json\/wp\/v2\/types\/post"}],"author":[{"embeddable":true,"href":"https:\/\/www.encontracentrosaopaulo.com.br\/sobre\/wp-json\/wp\/v2\/users\/1"}],"replies":[{"embeddable":true,"href":"https:\/\/www.encontracentrosaopaulo.com.br\/sobre\/wp-json\/wp\/v2\/comments?post=6486"}],"version-history":[{"count":0,"href":"https:\/\/www.encontracentrosaopaulo.com.br\/sobre\/wp-json\/wp\/v2\/posts\/6486\/revisions"}],"wp:featuredmedia":[{"embeddable":true,"href":"https:\/\/www.encontracentrosaopaulo.com.br\/sobre\/wp-json\/wp\/v2\/media\/6485"}],"wp:attachment":[{"href":"https:\/\/www.encontracentrosaopaulo.com.br\/sobre\/wp-json\/wp\/v2\/media?parent=6486"}],"wp:term":[{"taxonomy":"category","embeddable":true,"href":"https:\/\/www.encontracentrosaopaulo.com.br\/sobre\/wp-json\/wp\/v2\/categories?post=6486"},{"taxonomy":"post_tag","embeddable":true,"href":"https:\/\/www.encontracentrosaopaulo.com.br\/sobre\/wp-json\/wp\/v2\/tags?post=6486"}],"curies":[{"name":"wp","href":"https:\/\/api.w.org\/{rel}","templated":true}]}}