{"id":6488,"date":"2026-04-30T14:16:07","date_gmt":"2026-04-30T17:16:07","guid":{"rendered":"https:\/\/www.encontracentrosaopaulo.com.br\/sobre\/demolicao-do-caveirao-predio-no-centro-de-sp-comeca-apos-seis-decadas-de-abandono-terreno-e-destinado-a-habitacao-popular\/"},"modified":"2026-04-30T14:16:07","modified_gmt":"2026-04-30T17:16:07","slug":"demolicao-do-caveirao-predio-no-centro-de-sp-comeca-apos-seis-decadas-de-abandono-terreno-e-destinado-a-habitacao-popular","status":"publish","type":"post","link":"https:\/\/www.encontracentrosaopaulo.com.br\/sobre\/demolicao-do-caveirao-predio-no-centro-de-sp-comeca-apos-seis-decadas-de-abandono-terreno-e-destinado-a-habitacao-popular\/","title":{"rendered":"Demoli\u00e7\u00e3o do &#8216;Caveir\u00e3o&#8217;, pr\u00e9dio no Centro de SP, come\u00e7a ap\u00f3s seis d\u00e9cadas de abandono; terreno \u00e9 destinado a habita\u00e7\u00e3o popular"},"content":{"rendered":"<div class=\"d6585b5127f45a35450431d0abc3f90c\" data-index=\"1\" style=\"float: none; margin:0px;\">\n<!-- Anuncio display - global -->\r\n<ins class=\"adsbygoogle\"\r\n     style=\"display:block\"\r\n     data-ad-client=\"ca-pub-8585364105181520\"\r\n     data-ad-slot=\"8789329856\"\r\n     data-ad-format=\"auto\"\r\n     data-full-width-responsive=\"true\"><\/ins>\r\n<script>\r\n     (adsbygoogle = window.adsbygoogle || []).push({});\r\n<\/script>\n<\/div>\n<h2>A Hist\u00f3ria do &#8216;Caveir\u00e3o&#8217; no Centro de SP<\/h2>\n<p>O pr\u00e9dio conhecido como &#8216;Caveir\u00e3o&#8217; tem uma trajet\u00f3ria marcada pela incompletude e abandono desde o in\u00edcio de sua constru\u00e7\u00e3o em 1964. Localizado na Rua do Carmo, pr\u00f3ximo \u00e0 Pra\u00e7a da S\u00e9, sua estrutura imponente de 25 andares deixou uma marca indel\u00e9vel na paisagem urbana, parecendo um gigante de concreto inacabado. O pr\u00e9dio, apelidado de &#8216;Caveir\u00e3o&#8217; devido ao seu aspecto esquel\u00e9tico, foi sempre visto como um s\u00edmbolo do descaso e da falta de progresso na regi\u00e3o. O sonho de completar as obras rapidamente se desfez, dando lugar a um cen\u00e1rio de degrada\u00e7\u00e3o urbana onde ocorreram constantes invas\u00f5es e problemas de seguran\u00e7a.<\/p>\n<h2>Impactos da Demoli\u00e7\u00e3o na Comunidade<\/h2>\n<p>A demoli\u00e7\u00e3o do &#8216;Caveir\u00e3o&#8217; representa um ponto de virada significativo para a comunidade local. Embora algumas pessoas temam que a destrui\u00e7\u00e3o de um pr\u00e9dio t\u00e3o ic\u00f4nico possa resultar em perda cultural, muitos habitantes celebram a a\u00e7\u00e3o como um passo necess\u00e1rio para a revitaliza\u00e7\u00e3o do Centro de S\u00e3o Paulo. A expectativa \u00e9 de que a remo\u00e7\u00e3o da estrutura inacabada abra caminho para novos projetos de habita\u00e7\u00e3o e desenvolvimento urbano, trazendo vida nova \u00e0 regi\u00e3o e potencialmente reduzindo os problemas associados a ocupa\u00e7\u00f5es irregulares.<\/p>\n<h2>Investimentos P\u00fablicos em Habita\u00e7\u00e3o Popular<\/h2>\n<p>Conforme as pol\u00edticas de habita\u00e7\u00e3o popular se tornam cada vez mais relevantes, o terreno ocupado pelo &#8216;Caveir\u00e3o&#8217; est\u00e1 classificado como uma Zona Especial de Interesse Social (ZEIS-3). Isso significa que a \u00e1rea deve ser destinada \u00e0 constru\u00e7\u00e3o de habita\u00e7\u00e3o acess\u00edvel. O investimento p\u00fablico contemplado para a demoli\u00e7\u00e3o e a transforma\u00e7\u00e3o do espa\u00e7o \u00e9 estimado em cerca de R$ 6 milh\u00f5es, que tamb\u00e9m \u00e9 parte de um plano maior da prefeitura para conter as necessidades habitacionais crescentes na capital paulista.<\/p>\n<p><img decoding=\"async\" src=\"https:\/\/www.encontracentrosaopaulo.com.br\/sobre\/wp-content\/uploads\/demolicao-do-caveirao-predio-no-centro-de-sp-comeca-apos-seis-decadas-de-abandono-terreno-e-destinad.webp\" alt=\"\" loading=\"lazy\" \/><\/p>\n<h2>Processo de Demoli\u00e7\u00e3o sem Explosivos<\/h2>\n<p>Para garantir a seguran\u00e7a e a integridade das edifica\u00e7\u00f5es vizinhas &#8211; muitas das quais s\u00e3o patrim\u00f4nio hist\u00f3rico &#8211; a demoli\u00e7\u00e3o do &#8216;Caveir\u00e3o&#8217; est\u00e1 sendo realizada de forma manual, sem o uso de explosivos. Essa abordagem minimiza o risco de danos aos pr\u00e9dios adjacentes e ainda proporciona um controle mais cuidadoso do processo, permitindo que os escombros sejam removidos de maneira organizada e segura. O servi\u00e7o deve prosseguir at\u00e9 alcan\u00e7ar o segundo andar, seguindo t\u00e9cnicas que priorizam a seguran\u00e7a dos trabalhadores e da comunidade local.<\/p>\n<h2>Preocupa\u00e7\u00f5es com a Seguran\u00e7a e Patrim\u00f4nio<\/h2>\n<p>A situa\u00e7\u00e3o do &#8216;Caveir\u00e3o&#8217; envolveu diversas preocupa\u00e7\u00f5es relacionadas \u00e0 seguran\u00e7a p\u00fablica. Nos \u00faltimos anos, o pr\u00e9dio tornou-se alvo de invas\u00f5es regulares, atraindo usu\u00e1rios de drogas e contribuindo para um ambiente insalubre. Com o avan\u00e7o da demoli\u00e7\u00e3o, espera-se que a comunidade usufrua de um espa\u00e7o mais seguro, reduzindo a criminalidade e melhorando a qualidade de vida para quem reside e trabalha nas redondezas. Al\u00e9m disso, as autoridades est\u00e3o focadas em preservar os bens culturais circunvizinhos, respeitando as normas de conserva\u00e7\u00e3o.<\/p>\n<h2>D\u00edvidas Milion\u00e1rias do Propriet\u00e1rio<\/h2>\n<p>O propriet\u00e1rio do edif\u00edcio acumula uma d\u00edvida que ultrapassa os R$ 4,1 milh\u00f5es em impostos, com valores referentes ao Imposto Predial e Territorial Urbano (IPTU) que datam de 1977. Esse montante foi inscrito em d\u00edvida ativa, e a prefeitura est\u00e1 buscando formas de reaver este valor \u00e0 medida que a demoli\u00e7\u00e3o avan\u00e7a. Al\u00e9m disso, a situa\u00e7\u00e3o financeira do propriet\u00e1rio pode complicar ainda mais o futuro do terreno, caso ele decida n\u00e3o cooperar com as iniciativas da administra\u00e7\u00e3o municipal.<\/p>\n<h2>Expectativas para o Novo Terreno<\/h2>\n<p>Com a demoli\u00e7\u00e3o do &#8216;Caveir\u00e3o&#8217;, surgem novas expectativas para a \u00e1rea. O espa\u00e7o vazio pode ser transformado em um projeto de habita\u00e7\u00e3o popular que atenda \u00e0 demanda crescente na cidade. A prefeitura ainda n\u00e3o tomou uma decis\u00e3o definitiva sobre como proceder com a desapropria\u00e7\u00e3o do terreno, mas a inten\u00e7\u00e3o \u00e9 claro: transformar um s\u00edmbolo de abandono em uma oportunidade para fornecer moradia acess\u00edvel, melhorando a infraestrutura da regi\u00e3o e incentivando um fluxo maior de moradores e visitantes.<\/p>\n<h2>A Necessidade de Habita\u00e7\u00e3o em SP<\/h2>\n<p>A quest\u00e3o da habita\u00e7\u00e3o \u00e9 uma preocupa\u00e7\u00e3o central em S\u00e3o Paulo, especialmente em \u00e1reas centrais onde a press\u00e3o por moradias de baixo custo \u00e9 intensa. A demoli\u00e7\u00e3o do &#8216;Caveir\u00e3o&#8217; reflete um movimento mais amplo em dire\u00e7\u00e3o \u00e0 realoca\u00e7\u00e3o de fam\u00edlias em situa\u00e7\u00f5es vulner\u00e1veis e \u00e0 promo\u00e7\u00e3o de projetos habitacionais que possam fornecer abrigo digno. Essa necessidade de habita\u00e7\u00e3o \u00e9 um fen\u00f4meno complicado por fatores que incluem a especula\u00e7\u00e3o imobili\u00e1ria crescente e o aumento da desigualdade social.<\/p>\n<h2>A Rea\u00e7\u00e3o dos Moradores da Regi\u00e3o<\/h2>\n<p>Os residentes dos arredores reagem de formas diversas \u00e0 not\u00edcia da demoli\u00e7\u00e3o. Enquanto muitos expressam otimismo e entusiasmo com a remo\u00e7\u00e3o de um elemento de degrada\u00e7\u00e3o, h\u00e1 aqueles que temem a gentrifica\u00e7\u00e3o e a subsequente eleva\u00e7\u00e3o dos custos de vida. A consulta ativa \u00e0 comunidade durante o planejamento de novos projetos habitacionais \u00e9 vital para garantir que as solu\u00e7\u00f5es adotadas atendam \u00e0s necessidades de todos os moradores, especialmente os de baixa renda.<\/p>\n<h2>O Papel da Prefeitura na Transforma\u00e7\u00e3o<\/h2>\n<p>A prefeitura desempenha um papel crucial na transforma\u00e7\u00e3o do espa\u00e7o antes ocupado pelo &#8216;Caveir\u00e3o&#8217;. Com uma abordagem focada na inclus\u00e3o social e no desenvolvimento sustent\u00e1vel, a administra\u00e7\u00e3o municipal pode facilitar a cria\u00e7\u00e3o de um ambiente urbano mais equilibrado. O gerenciamento eficaz do novo projeto habitacional ser\u00e1 fundamental para garantir a sustentabilidade a longo prazo e a felicidade da comunidade.<\/p>\n\n<div style=\"font-size: 0px; height: 0px; line-height: 0px; margin: 0; padding: 0; clear: both;\"><\/div>","protected":false},"excerpt":{"rendered":"<p>Demoli\u00e7\u00e3o do &#8216;Caveir\u00e3o&#8217; transforma \u00e1rea em habita\u00e7\u00e3o popular em SP.<\/p>\n","protected":false},"author":1,"featured_media":6487,"comment_status":"open","ping_status":"closed","sticky":false,"template":"","format":"standard","meta":{"footnotes":""},"categories":[6],"tags":[],"class_list":["post-6488","post","type-post","status-publish","format-standard","has-post-thumbnail","hentry","category-noticias-no-centro-sp","has_thumb"],"aioseo_notices":[],"_links":{"self":[{"href":"https:\/\/www.encontracentrosaopaulo.com.br\/sobre\/wp-json\/wp\/v2\/posts\/6488","targetHints":{"allow":["GET"]}}],"collection":[{"href":"https:\/\/www.encontracentrosaopaulo.com.br\/sobre\/wp-json\/wp\/v2\/posts"}],"about":[{"href":"https:\/\/www.encontracentrosaopaulo.com.br\/sobre\/wp-json\/wp\/v2\/types\/post"}],"author":[{"embeddable":true,"href":"https:\/\/www.encontracentrosaopaulo.com.br\/sobre\/wp-json\/wp\/v2\/users\/1"}],"replies":[{"embeddable":true,"href":"https:\/\/www.encontracentrosaopaulo.com.br\/sobre\/wp-json\/wp\/v2\/comments?post=6488"}],"version-history":[{"count":0,"href":"https:\/\/www.encontracentrosaopaulo.com.br\/sobre\/wp-json\/wp\/v2\/posts\/6488\/revisions"}],"wp:featuredmedia":[{"embeddable":true,"href":"https:\/\/www.encontracentrosaopaulo.com.br\/sobre\/wp-json\/wp\/v2\/media\/6487"}],"wp:attachment":[{"href":"https:\/\/www.encontracentrosaopaulo.com.br\/sobre\/wp-json\/wp\/v2\/media?parent=6488"}],"wp:term":[{"taxonomy":"category","embeddable":true,"href":"https:\/\/www.encontracentrosaopaulo.com.br\/sobre\/wp-json\/wp\/v2\/categories?post=6488"},{"taxonomy":"post_tag","embeddable":true,"href":"https:\/\/www.encontracentrosaopaulo.com.br\/sobre\/wp-json\/wp\/v2\/tags?post=6488"}],"curies":[{"name":"wp","href":"https:\/\/api.w.org\/{rel}","templated":true}]}}