{"id":6490,"date":"2026-04-30T14:18:11","date_gmt":"2026-04-30T17:18:11","guid":{"rendered":"https:\/\/www.encontracentrosaopaulo.com.br\/sobre\/demolicao-do-caveirao-comeca-no-centro-de-sp-apos-mais-de-60-anos\/"},"modified":"2026-04-30T14:18:11","modified_gmt":"2026-04-30T17:18:11","slug":"demolicao-do-caveirao-comeca-no-centro-de-sp-apos-mais-de-60-anos","status":"publish","type":"post","link":"https:\/\/www.encontracentrosaopaulo.com.br\/sobre\/demolicao-do-caveirao-comeca-no-centro-de-sp-apos-mais-de-60-anos\/","title":{"rendered":"Demoli\u00e7\u00e3o do &#8216;Caveir\u00e3o&#8217; come\u00e7a no centro de SP ap\u00f3s mais de 60 anos"},"content":{"rendered":"<div class=\"d6585b5127f45a35450431d0abc3f90c\" data-index=\"1\" style=\"float: none; margin:0px;\">\n<!-- Anuncio display - global -->\r\n<ins class=\"adsbygoogle\"\r\n     style=\"display:block\"\r\n     data-ad-client=\"ca-pub-8585364105181520\"\r\n     data-ad-slot=\"8789329856\"\r\n     data-ad-format=\"auto\"\r\n     data-full-width-responsive=\"true\"><\/ins>\r\n<script>\r\n     (adsbygoogle = window.adsbygoogle || []).push({});\r\n<\/script>\n<\/div>\n<h2>Hist\u00f3ria do &#8216;Caveir\u00e3o&#8217; e Seu Abandono<\/h2>\n<p>O famoso edif\u00edcio conhecido como &#8220;Caveir\u00e3o&#8221; foi projetado em 1964 e se tornou um \u00edcone da arquitetura inacabada na cidade de S\u00e3o Paulo. Com 25 andares, a estrutura nunca chegou a ser finalizada e, com o passar do tempo, se transformou em um s\u00edmbolo de abandono e descaso. Desde sua constru\u00e7\u00e3o, o pr\u00e9dio ficou vago e sem uso, acumulando um hist\u00f3rico de deteriora\u00e7\u00e3o que durou mais de seis d\u00e9cadas. T\u00e9cnicas de constru\u00e7\u00e3o de sua \u00e9poca permitiram que a estrutura resistisse ao tempo, mas o isolamento e a falta de manuten\u00e7\u00e3o fizeram com que o lugar se tornasse um ponto de refer\u00eancia para atividades il\u00edcitas, como o tr\u00e1fico de drogas.<\/p>\n<h2>O Processo de Demoli\u00e7\u00e3o Manual<\/h2>\n<p>A demoli\u00e7\u00e3o do Caveir\u00e3o come\u00e7ou recentemente e \u00e9 realizada de forma manual. Essa abordagem foi escolhida para que a estrutura pudesse ser degradada com seguran\u00e7a, evitando o uso de explosivos que poderiam danificar os im\u00f3veis tombados nas proximidades. As obras s\u00e3o realizadas de cima para baixo. Para garantir a seguran\u00e7a dos trabalhadores e da vizinhan\u00e7a, uma vasta rede de prote\u00e7\u00e3o foi instalada ao redor do pr\u00e9dio. Al\u00e9m disso, a remo\u00e7\u00e3o dos entulhos \u00e9 feita atrav\u00e9s de tubos espec\u00edficos que transportam os detritos para o solo, minimizando assim a desordem na \u00e1rea e qualquer risco adicional.<\/p>\n<h2>Impacto da Demoli\u00e7\u00e3o na Regi\u00e3o<\/h2>\n<p>A demoli\u00e7\u00e3o do Caveir\u00e3o \u00e9 vista como um marco na revitaliza\u00e7\u00e3o do Centro de S\u00e3o Paulo. Sua presen\u00e7a, que por d\u00e9cadas foi associada ao crime e ao abandono, est\u00e1 sendo substitu\u00edda por uma expectativa de renova\u00e7\u00e3o urbana. A remo\u00e7\u00e3o da edifica\u00e7\u00e3o deve abrir caminho para novos projetos que visem habita\u00e7\u00e3o social, j\u00e1 que o terreno est\u00e1 classificado como uma Zona Especial de Interesse Social, segundo a legisla\u00e7\u00e3o de zoneamento da cidade. Isso poder\u00e1 trazer um impacto positivo, criando um espa\u00e7o mais seguro e agrad\u00e1vel para os moradores e visitantes da regi\u00e3o.<\/p>\n<p><img decoding=\"async\" src=\"https:\/\/www.encontracentrosaopaulo.com.br\/sobre\/wp-content\/uploads\/demolicao-do-caveirao-comeca-no-centro-de-sp-apos-mais-de-60-anos.webp\" alt=\"\" loading=\"lazy\" \/><\/p>\n<h2>Desafios Enfrentados Durante a Demoli\u00e7\u00e3o<\/h2>\n<p>A demoli\u00e7\u00e3o n\u00e3o \u00e9 isenta de desafios. Um dos principais obst\u00e1culos tem sido manter a seguran\u00e7a no local. A equipe respons\u00e1vel pela obra precisa estar atenta a poss\u00edveis protestos e \u00e0 presen\u00e7a de indiv\u00edduos que costumavam frequentar a \u00e1rea. Al\u00e9m disso, o trabalho \u00e9 complexo devido \u00e0 necessidade de respeitar as normas ambientais e as diretrizes de seguran\u00e7a trabalhista. O monitoramento cont\u00ednuo da estrutura e da vizinhan\u00e7a \u00e9 crucial para evitar acidentes durante o processo de demoli\u00e7\u00e3o, garantindo que nada e nem ningu\u00e9m seja prejudicado.<\/p>\n<h2>Expectativas da Comunidade Local<\/h2>\n<p>Os moradores da regi\u00e3o t\u00eam opini\u00f5es mistas sobre a demoli\u00e7\u00e3o do Caveir\u00e3o. Muitos expressam esperan\u00e7a de que a remo\u00e7\u00e3o do edif\u00edcio traga melhorias para a seguran\u00e7a e a qualidade de vida nas proximidades. H\u00e1 um desejo coletivo de ver a \u00e1rea revitalizada, com novos servi\u00e7os, com\u00e9rcio e talvez at\u00e9 espa\u00e7os culturais. Contudo, h\u00e1 tamb\u00e9m uma preocupa\u00e7\u00e3o de que a desapropria\u00e7\u00e3o do espa\u00e7o possa levar \u00e0 gentrifica\u00e7\u00e3o, onde os pre\u00e7os altos podem deslocar moradores de longa data. O apoio da comunidade \u00e9 vital para moldar o futuro do local.<\/p>\n<h2>Planos para o Terreno Ap\u00f3s a Demoli\u00e7\u00e3o<\/h2>\n<p>Ap\u00f3s a demoli\u00e7\u00e3o do Caveir\u00e3o, pretende-se utilizar o terreno para criar habita\u00e7\u00e3o de interesse social. O plano \u00e9 assegurar que a \u00e1rea se torne um local acess\u00edvel, promovendo um ambiente seguro e diversificado, onde diferentes grupos demogr\u00e1ficos possam coexistir. As autoridades municipais ainda est\u00e3o planejando a melhor utiliza\u00e7\u00e3o do espa\u00e7o, levando em considera\u00e7\u00e3o as necessidades da comunidade e a import\u00e2ncia da preserva\u00e7\u00e3o do patrim\u00f4nio hist\u00f3rico da \u00e1rea. O desafio ser\u00e1 equilibrar as demandas de novos moradores e comerciantes com a prote\u00e7\u00e3o de residentes tradicionais.<\/p>\n<h2>Aspectos Legais Envolvidos na Demoli\u00e7\u00e3o<\/h2>\n<p>O processo de demolir o Caveir\u00e3o envolveu v\u00e1rias quest\u00f5es legais, especialmente considerando a sua hist\u00f3ria de abandono, com d\u00e9bitos acumulados desde 1977. O tribunal autorizou a prefeitura a proceder com a demoli\u00e7\u00e3o em 2024, ap\u00f3s um processo judicial que garantiu que o custo da remo\u00e7\u00e3o seria cobrado do propriet\u00e1rio, que j\u00e1 deve mais de R$ 4,1 milh\u00f5es ao munic\u00edpio. Esse processo legal demonstra a import\u00e2ncia de seguir as diretrizes e regulamenta\u00e7\u00f5es urbanas, principalmente em atividades que afetam a integridade e seguran\u00e7a p\u00fablica.<\/p>\n<h2>Custos Estimados e Quem Paga<\/h2>\n<p>Os custos para demolir o Caveir\u00e3o est\u00e3o estimados em cerca de R$ 6 milh\u00f5es. A responsabilidade financeira por essa opera\u00e7\u00e3o recai sobre o propriet\u00e1rio do pr\u00e9dio. A cidade espera recuperar o investimento por meio da cobran\u00e7a de d\u00edvidas do propriet\u00e1rio relacionadas a impostos n\u00e3o pagos. Essa abordagem legal \u00e9 uma tentativa de evitar que a cidade arcasse com os custos da demoli\u00e7\u00e3o enquanto estimula a regulariza\u00e7\u00e3o de propriedades abandonadas.<\/p>\n<h2>Rea\u00e7\u00e3o da M\u00eddia \u00e0 Demoli\u00e7\u00e3o<\/h2>\n<p>A demoli\u00e7\u00e3o do Caveir\u00e3o foi amplamente noticiada, recebendo aten\u00e7\u00e3o significativa da m\u00eddia. Reportagens abordam n\u00e3o apenas o ato de demolir a estrutura, mas tamb\u00e9m suas implica\u00e7\u00f5es sociais e urban\u00edsticas. Os meios de comunica\u00e7\u00e3o est\u00e3o destacando a transforma\u00e7\u00e3o esperada na \u00e1rea e o potencial impacto positivo que a remo\u00e7\u00e3o de uma estrutura deste tipo pode ter na vida dos moradores locais. O efeito simb\u00f3lico da demoli\u00e7\u00e3o \u00e9 visto como um passo em dire\u00e7\u00e3o a uma S\u00e3o Paulo mais segura e revitalizada.<\/p>\n<h2>A Import\u00e2ncia de Preservar o Patrim\u00f4nio<\/h2>\n<p>Embora a demoli\u00e7\u00e3o do Caveir\u00e3o represente um passo necess\u00e1rio para o desenvolvimento urbano, \u00e9 fundamental que os respons\u00e1veis pela cidade considerem a preserva\u00e7\u00e3o de outros marcos hist\u00f3ricos. A revitaliza\u00e7\u00e3o n\u00e3o deve ocorrer \u00e0 custa da hist\u00f3ria da cidade, e sim integr\u00e1-la nas novas estruturas. A preserva\u00e7\u00e3o do patrim\u00f4nio \u00e9 uma parte essencial da constru\u00e7\u00e3o de uma cidade que respeita suas ra\u00edzes enquanto avan\u00e7a para o futuro. Assim, o foco deve ser n\u00e3o apenas na elimina\u00e7\u00e3o do que \u00e9 indesejado, mas tamb\u00e9m na valoriza\u00e7\u00e3o e prote\u00e7\u00e3o do que define a identidade cultural de S\u00e3o Paulo.<\/p>\n\n<div style=\"font-size: 0px; height: 0px; line-height: 0px; margin: 0; padding: 0; clear: both;\"><\/div>","protected":false},"excerpt":{"rendered":"<p>Demoli\u00e7\u00e3o do &#8216;Caveir\u00e3o&#8217; come\u00e7a ap\u00f3s mais de 60 anos de abandono.<\/p>\n","protected":false},"author":1,"featured_media":6489,"comment_status":"open","ping_status":"closed","sticky":false,"template":"","format":"standard","meta":{"footnotes":""},"categories":[6],"tags":[],"class_list":["post-6490","post","type-post","status-publish","format-standard","has-post-thumbnail","hentry","category-noticias-no-centro-sp","has_thumb"],"aioseo_notices":[],"_links":{"self":[{"href":"https:\/\/www.encontracentrosaopaulo.com.br\/sobre\/wp-json\/wp\/v2\/posts\/6490","targetHints":{"allow":["GET"]}}],"collection":[{"href":"https:\/\/www.encontracentrosaopaulo.com.br\/sobre\/wp-json\/wp\/v2\/posts"}],"about":[{"href":"https:\/\/www.encontracentrosaopaulo.com.br\/sobre\/wp-json\/wp\/v2\/types\/post"}],"author":[{"embeddable":true,"href":"https:\/\/www.encontracentrosaopaulo.com.br\/sobre\/wp-json\/wp\/v2\/users\/1"}],"replies":[{"embeddable":true,"href":"https:\/\/www.encontracentrosaopaulo.com.br\/sobre\/wp-json\/wp\/v2\/comments?post=6490"}],"version-history":[{"count":0,"href":"https:\/\/www.encontracentrosaopaulo.com.br\/sobre\/wp-json\/wp\/v2\/posts\/6490\/revisions"}],"wp:featuredmedia":[{"embeddable":true,"href":"https:\/\/www.encontracentrosaopaulo.com.br\/sobre\/wp-json\/wp\/v2\/media\/6489"}],"wp:attachment":[{"href":"https:\/\/www.encontracentrosaopaulo.com.br\/sobre\/wp-json\/wp\/v2\/media?parent=6490"}],"wp:term":[{"taxonomy":"category","embeddable":true,"href":"https:\/\/www.encontracentrosaopaulo.com.br\/sobre\/wp-json\/wp\/v2\/categories?post=6490"},{"taxonomy":"post_tag","embeddable":true,"href":"https:\/\/www.encontracentrosaopaulo.com.br\/sobre\/wp-json\/wp\/v2\/tags?post=6490"}],"curies":[{"name":"wp","href":"https:\/\/api.w.org\/{rel}","templated":true}]}}