{"id":6492,"date":"2026-04-30T14:19:41","date_gmt":"2026-04-30T17:19:41","guid":{"rendered":"https:\/\/www.encontracentrosaopaulo.com.br\/sobre\/edificio-conhecido-como-caveirao-no-centro-de-sao-paulo\/"},"modified":"2026-04-30T14:19:41","modified_gmt":"2026-04-30T17:19:41","slug":"edificio-conhecido-como-caveirao-no-centro-de-sao-paulo","status":"publish","type":"post","link":"https:\/\/www.encontracentrosaopaulo.com.br\/sobre\/edificio-conhecido-como-caveirao-no-centro-de-sao-paulo\/","title":{"rendered":"Edif\u00edcio conhecido como &#8216;Caveir\u00e3o&#8217;, no Centro de S\u00e3o Paulo"},"content":{"rendered":"<div class=\"d6585b5127f45a35450431d0abc3f90c\" data-index=\"1\" style=\"float: none; margin:0px;\">\n<!-- Anuncio display - global -->\r\n<ins class=\"adsbygoogle\"\r\n     style=\"display:block\"\r\n     data-ad-client=\"ca-pub-8585364105181520\"\r\n     data-ad-slot=\"8789329856\"\r\n     data-ad-format=\"auto\"\r\n     data-full-width-responsive=\"true\"><\/ins>\r\n<script>\r\n     (adsbygoogle = window.adsbygoogle || []).push({});\r\n<\/script>\n<\/div>\n<h2>A Hist\u00f3ria por Tr\u00e1s do Caveir\u00e3o<\/h2>\n<p>O edif\u00edcio conhecido popularmente como <strong>Caveir\u00e3o<\/strong> possui uma rica hist\u00f3ria que remonta \u00e0 sua constru\u00e7\u00e3o, marcada por eventos que moldaram n\u00e3o apenas sua estrutura, mas tamb\u00e9m a vida ao seu redor. Inaugurado na d\u00e9cada de 1970, o <strong>Caveir\u00e3o<\/strong> foi projetado para ser um marco no urbanismo da regi\u00e3o central de S\u00e3o Paulo. Sua constru\u00e7\u00e3o promoveu a ideia de revitaliza\u00e7\u00e3o urbana, prometendo transformar a paisagem da cidade.<\/p>\n<p>Inicialmente, o edif\u00edcio atraiu moradores interessados em sua localiza\u00e7\u00e3o estrat\u00e9gica. Com o passar do tempo, seus habitantes se tornaram parte de uma comunidade que vivenciou tanto os altos quanto os baixos da vida na metr\u00f3pole. Ao longo dos anos, o <strong>Caveir\u00e3o<\/strong> passou a simbolizar a luta e a resist\u00eancia de suas comunidades, refletindo n\u00e3o apenas um espa\u00e7o f\u00edsico, mas tamb\u00e9m um espa\u00e7o social.<\/p>\n<h2>Arquitetura do Edif\u00edcio Caveir\u00e3o<\/h2>\n<p>A arquitetura do <strong>Caveir\u00e3o<\/strong> apresenta um design imponente, caracterizado por suas linhas retas e fachada robusta. O projeto arquitet\u00f4nico reflete os estilos predominantes da \u00e9poca em que foi constru\u00eddo, mesclando elementos modernos com toques do brutalismo. Este estilo se destaca pelo uso de concreto exposto e grandes volumes, criando uma presen\u00e7a marcante no skyline de S\u00e3o Paulo.<\/p>\n<p><img decoding=\"async\" src=\"https:\/\/www.encontracentrosaopaulo.com.br\/sobre\/wp-content\/uploads\/edificio-conhecido-como-caveirao-no-centro-de-sao-paulo.webp\" alt=\"edif\u00edcio Caveir\u00e3o\" loading=\"lazy\" \/><\/p>\n<p>Al\u00e9m disso, o edif\u00edcio \u00e9 composto por v\u00e1rios andares, com uma disposi\u00e7\u00e3o interna que tem o intuito de maximizar a utiliza\u00e7\u00e3o do espa\u00e7o. As janelas grandes n\u00e3o apenas oferecem vistas panor\u00e2micas da cidade, mas tamb\u00e9m permitem a entrada de luz natural, promovendo um ambiente mais acolhedor para os moradores e visitantes.<\/p>\n<h2>Cultural e Social: O Impacto do Caveir\u00e3o<\/h2>\n<p>O <strong>Caveir\u00e3o<\/strong> n\u00e3o \u00e9 apenas uma constru\u00e7\u00e3o; ele desempenha um papel crucial na cultura e na vida social da regi\u00e3o. Ao longo dos anos, o edif\u00edcio se tornou um ponto de encontro para diversas atividades culturais e sociais. V\u00e1rias iniciativas, como exposi\u00e7\u00f5es de arte e eventos comunit\u00e1rios, t\u00eam sido realizadas em sua proximidade, promovendo a intera\u00e7\u00e3o entre os moradores.<\/p>\n<p>Esse ambiente de colabora\u00e7\u00e3o fortaleceu os la\u00e7os comunit\u00e1rios e deu espa\u00e7o para o surgimento de novas vozes art\u00edsticas na regi\u00e3o. A diversidade cultural do <strong>Caveir\u00e3o<\/strong> reflete a pluralidade de S\u00e3o Paulo, tornando-se um verdadeiro microcosmo das experi\u00eancias urbanas.<\/p>\n<h2>Visitas e Atra\u00e7\u00f5es ao Redor do Caveir\u00e3o<\/h2>\n<p>O <strong>Caveir\u00e3o<\/strong> est\u00e1 localizado em uma \u00e1rea repleta de atra\u00e7\u00f5es, tornando-se um ponto de interesse tanto para moradores quanto para turistas. As redondezas contam com uma variedade de restaurantes, caf\u00e9s e lojas que oferecem um mix de sabores e experi\u00eancias.<\/p>\n<p>Algumas das principais atra\u00e7\u00f5es incluem:<\/p>\n<ul>\n<li><strong>Centro Cultural S\u00e3o Paulo:<\/strong> Um espa\u00e7o dedicado a atividades culturais e art\u00edsticas, ideal para quem gosta de arte.<\/li>\n<li><strong>Teatro Municipal de S\u00e3o Paulo:<\/strong> Um marco da arquitetura teatral, oferecendo uma programa\u00e7\u00e3o diversificada de espet\u00e1culos.<\/li>\n<li><strong>Pra\u00e7a da Rep\u00fablica:<\/strong> Um ponto de encontro popular, onde frequentemente ocorrem feiras e eventos.<\/li>\n<\/ul>\n<h2>Controv\u00e9rsias Associadas ao Caveir\u00e3o<\/h2>\n<p>Como muitas constru\u00e7\u00f5es na cidade, o <strong>Caveir\u00e3o<\/strong> est\u00e1 envolto em controv\u00e9rsias. Quest\u00f5es relativas \u00e0 seguran\u00e7a, inclus\u00e3o social e a gentrifica\u00e7\u00e3o s\u00e3o frequentemente discutidas. A crescente valoriza\u00e7\u00e3o da regi\u00e3o trouxe melhorias, mas tamb\u00e9m provocou o deslocamento de alguns moradores de longa data.<\/p>\n<p>A luta por direitos habitacionais e a preserva\u00e7\u00e3o da comunidade s\u00e3o temas que frequentemente aparecem nas conversas sobre a import\u00e2ncia do <strong>Caveir\u00e3o<\/strong>. A tens\u00e3o entre desenvolvimento e preserva\u00e7\u00e3o cultural \u00e9 um dilema que continua a ser debatido entre os habitantes e as autoridades locais.<\/p>\n<h2>A Import\u00e2ncia Hist\u00f3rica do Caveir\u00e3o<\/h2>\n<p>O <strong>Caveir\u00e3o<\/strong> representa n\u00e3o apenas uma estrutura f\u00edsica, mas tamb\u00e9m uma pe\u00e7a chave na narrativa hist\u00f3rica da cidade de S\u00e3o Paulo. Ele \u00e9 um testemunho de um per\u00edodo espec\u00edfico do desenvolvimento urbano, refletindo os desafios e as conquistas da popula\u00e7\u00e3o local ao longo das d\u00e9cadas.<\/p>\n<p>Al\u00e9m disso, o <strong>Caveir\u00e3o<\/strong> \u00e9 frequentemente mencionado em estudos sociais e urban\u00edsticos, servindo de exemplo para discuss\u00f5es sobre habita\u00e7\u00e3o e valor cultural em \u00e1reas metropolitanas. Sua relev\u00e2ncia hist\u00f3rica vai al\u00e9m da arquitetura, tocando aspectos sociais e econ\u00f4micos que moldaram a cidade.<\/p>\n<h2>Caveir\u00e3o na M\u00eddia: Como \u00e9 Retratado<\/h2>\n<p>A representa\u00e7\u00e3o do <strong>Caveir\u00e3o<\/strong> na m\u00eddia \u00e9 um aspecto que influencia sua percep\u00e7\u00e3o p\u00fablica. Frequentemente destacado em reportagens e document\u00e1rios, ele \u00e9, por vezes, associado a temas de seguran\u00e7a e qualidade de vida. No entanto, tamb\u00e9m existem produ\u00e7\u00f5es que enfatizam seu valor cultural e social.<\/p>\n<p>Document\u00e1rios e programas de televis\u00e3o t\u00eam explorado a vida dos moradores e a din\u00e2mica comunit\u00e1ria do <strong>Caveir\u00e3o<\/strong>, proporcionando uma vis\u00e3o mais abrangente que vai al\u00e9m das estat\u00edsticas. Tal representa\u00e7\u00e3o busca mostrar a verdadeira ess\u00eancia do edif\u00edcio e sua import\u00e2ncia para o tecido urbano de S\u00e3o Paulo.<\/p>\n<h2>Futuro do Edif\u00edcio Caveir\u00e3o<\/h2>\n<p>O futuro do <strong>Caveir\u00e3o<\/strong> esbo\u00e7a-se com promessas e desafios. Com os constantes avan\u00e7os na urbaniza\u00e7\u00e3o e investimentos no desenvolvimento da \u00e1rea, o edif\u00edcio pode passar por melhorias significativas. A preserva\u00e7\u00e3o de sua estrutura hist\u00f3rica, ao mesmo tempo que se promove a moderniza\u00e7\u00e3o, poder\u00e1 ser o caminho ideal para garantir que o <strong>Caveir\u00e3o<\/strong> continue a ser um espa\u00e7o relevante e seguro para as pr\u00f3ximas gera\u00e7\u00f5es.<\/p>\n<h2>Comparativos com Outros Edif\u00edcios Ic\u00f4nicos<\/h2>\n<p>Ao comparar o <strong>Caveir\u00e3o<\/strong> com outros edif\u00edcios ic\u00f4nicos de S\u00e3o Paulo, como o <strong>Edif\u00edcio Copan<\/strong> e o <strong>Pal\u00e1cio das Ind\u00fastrias<\/strong>, notamos que cada um possui caracter\u00edsticas singulares que os definem. Enquanto o <strong>Copan<\/strong> \u00e9 conhecido por sua arquitetura curva e modernista, o <strong>Caveir\u00e3o<\/strong> se destaca pela robustez e pela funcionalidade.<\/p>\n<p>Esses edif\u00edcios refletem a evolu\u00e7\u00e3o arquitet\u00f4nica e as diversas \u00eanfases que cada era trouxe ao desenvolvimento urbano da cidade. O <strong>Caveir\u00e3o<\/strong>, embora diferente, tamb\u00e9m \u00e9 uma parte integral dessa diversidade arquitet\u00f4nica que comp\u00f5e a paisagem paulistana.<\/p>\n<h2>Dicas Para Visitar o Caveir\u00e3o<\/h2>\n<p>Para quem deseja explorar o <strong>Caveir\u00e3o<\/strong> e sua regi\u00e3o, aqui est\u00e3o algumas dicas valiosas:<\/p>\n<ul>\n<li><strong>Planeje sua Visita:<\/strong> Antes de ir, pesquise sobre os eventos que est\u00e3o ocorrendo na regi\u00e3o, pois isso pode enriquecer sua experi\u00eancia.<\/li>\n<li><strong>Use Transporte P\u00fablico:<\/strong> O acesso ao <strong>Caveir\u00e3o<\/strong> \u00e9 facilitado por diversas linhas de metr\u00f4 e \u00f4nibus, evitando problemas com estacionamento.<\/li>\n<li><strong>Explore a Cultura Local:<\/strong> Aproveite para visitar o Centro Cultural e outros espa\u00e7os que promovem a arte e a cultura local.<\/li>\n<li><strong>Interaja com os Moradores:<\/strong> Conversar com moradores pode oferecer uma perspectiva aut\u00eantica sobre a vida no <strong>Caveir\u00e3o<\/strong>.<\/li>\n<\/ul>\n\n<div style=\"font-size: 0px; height: 0px; line-height: 0px; margin: 0; padding: 0; clear: both;\"><\/div>","protected":false},"excerpt":{"rendered":"<p>O edif\u00edcio &#8216;Caveir\u00e3o&#8217; se destaca no Centro de S\u00e3o Paulo. Vamos explorar sua hist\u00f3ria.<\/p>\n","protected":false},"author":1,"featured_media":6491,"comment_status":"open","ping_status":"closed","sticky":false,"template":"","format":"standard","meta":{"footnotes":""},"categories":[6],"tags":[],"class_list":["post-6492","post","type-post","status-publish","format-standard","has-post-thumbnail","hentry","category-noticias-no-centro-sp","has_thumb"],"aioseo_notices":[],"_links":{"self":[{"href":"https:\/\/www.encontracentrosaopaulo.com.br\/sobre\/wp-json\/wp\/v2\/posts\/6492","targetHints":{"allow":["GET"]}}],"collection":[{"href":"https:\/\/www.encontracentrosaopaulo.com.br\/sobre\/wp-json\/wp\/v2\/posts"}],"about":[{"href":"https:\/\/www.encontracentrosaopaulo.com.br\/sobre\/wp-json\/wp\/v2\/types\/post"}],"author":[{"embeddable":true,"href":"https:\/\/www.encontracentrosaopaulo.com.br\/sobre\/wp-json\/wp\/v2\/users\/1"}],"replies":[{"embeddable":true,"href":"https:\/\/www.encontracentrosaopaulo.com.br\/sobre\/wp-json\/wp\/v2\/comments?post=6492"}],"version-history":[{"count":0,"href":"https:\/\/www.encontracentrosaopaulo.com.br\/sobre\/wp-json\/wp\/v2\/posts\/6492\/revisions"}],"wp:featuredmedia":[{"embeddable":true,"href":"https:\/\/www.encontracentrosaopaulo.com.br\/sobre\/wp-json\/wp\/v2\/media\/6491"}],"wp:attachment":[{"href":"https:\/\/www.encontracentrosaopaulo.com.br\/sobre\/wp-json\/wp\/v2\/media?parent=6492"}],"wp:term":[{"taxonomy":"category","embeddable":true,"href":"https:\/\/www.encontracentrosaopaulo.com.br\/sobre\/wp-json\/wp\/v2\/categories?post=6492"},{"taxonomy":"post_tag","embeddable":true,"href":"https:\/\/www.encontracentrosaopaulo.com.br\/sobre\/wp-json\/wp\/v2\/tags?post=6492"}],"curies":[{"name":"wp","href":"https:\/\/api.w.org\/{rel}","templated":true}]}}